{"id":21633,"date":"2026-01-23T15:22:23","date_gmt":"2026-01-23T13:22:23","guid":{"rendered":"https:\/\/revistacultura.ro\/agenda\/?p=21633"},"modified":"2026-01-23T15:22:51","modified_gmt":"2026-01-23T13:22:51","slug":"in-febr-mart-seria-de-concerte-shes-in-control","status":"publish","type":"post","link":"https:\/\/revistacultura.ro\/agenda\/2026\/01\/in-febr-mart-seria-de-concerte-shes-in-control\/","title":{"rendered":"\u00cen febr. &amp; mart.: seria de concerte \u201eShe\u2019s in Control\u201d"},"content":{"rendered":"\n<p>Women in Music lanseaz\u0103 seria de concerte \u201eShe&#8217;s in Control\u201d, un proiect dedicat sus\u021binerii femeilor din industria muzical\u0103 rom\u00e2neasc\u0103. Evenimentul reune\u0219te opt artiste talentate \u00een patru concerte duble g\u0103zduite de Club Control din Bucure\u0219ti, pe parcursul lunilor februarie \u0219i martie 2026.<\/p>\n\n\n\n<ul class=\"wp-block-list\">\n<li>04 februarie &#8211; ILINCA &amp; Eligarf<\/li>\n\n\n\n<li>18 februarie &#8211; Luana Genevieve &amp; Alduts Sherdley<\/li>\n\n\n\n<li>08 martie &#8211; Andra Andriuc\u0103 &amp; Valeria Stoica<\/li>\n\n\n\n<li>22 martie &#8211; Villia &amp; Holy Molly<\/li>\n<\/ul>\n\n\n\n<p>Proiectul porne\u0219te de la motto-ul \u201eStrong women build each other up\u201d, cre\u00e2nd un spa\u021biu \u00een care muzica \u0219i pove\u0219tile personale ale artistelor se \u00eent\u00e2lnesc armonios, promov\u00e2nd colaborarea autentic\u0103 \u0219i vizibilitatea vocii feminine. Primele concerte \u00eei vor aduce pe scen\u0103 pe ILINCA \u0219i Eligarf pe 4 februarie, urmate de Luana Genevieve \u0219i Alduts Sherdley pe 18 februarie, Andra Andriuc\u0103 \u0219i Valeria Stoica pe 8 martie, iar pe 22 martie vor c\u00e2nta Villia \u0219i Holy Molly.<\/p>\n\n\n\n<p>Ini\u021biativa, creat\u0103 \u00een parteneriat cu Watermelon Agency, celebreaz\u0103 universuri artistice diverse, de la influen\u021be balcanice \u0219i R&amp;B la indie-pop sensibil, invit\u00e2nd publicul s\u0103 descopere pove\u0219ti inspiratoare prin prisma muzicii contemporane rom\u00e2ne\u0219ti.<\/p>\n\n\n\n<h2 class=\"wp-block-heading\"><strong>Despre artiste<\/strong><\/h2>\n\n\n\n<h3 class=\"wp-block-heading\"><strong>ILINCA &amp; Eligarf<\/strong><\/h3>\n\n\n\n<p><strong><em>ILINCA<\/em><\/strong> este una dintre vocile care au redefinit pop-ul contemporan prin explorarea unui sound cu influen\u021be balcanice.<\/p>\n\n\n\n<p><strong><em>Eligarf<\/em><\/strong> este o artist\u0103 a c\u0103rei muzic\u0103 \u00eembin\u0103 pove\u0219ti personale \u0219i vulnerabile cu influen\u021be balcanice \u0219i un sound contemporan.<\/p>\n\n\n\n<h3 class=\"wp-block-heading\"><strong>Luana Genevieve &amp; Alduts Sherdley<\/strong><\/h3>\n\n\n\n<p><strong><em>Luana Genevieve<\/em><\/strong> o artist\u0103 cu un background rom\u00e2nesc \u0219i zimbabwean, a c\u0103rei muzic\u0103 \u00eembin\u0103 influen\u021be R&amp;B, pop, soul \u0219i hip-hop, \u00eentr-un stil personal, emo\u021bionant \u0219i provocator.<\/p>\n\n\n\n<p><strong><em>ALDUTS<\/em><\/strong> este una dintre artistele care au readus \u00een prim-plan R&amp;B-ul feminin \u00een muzica rom\u00e2neasc\u0103, cu influen\u021be puternice din hip-hop \u0219i un sound personal profund.<\/p>\n\n\n\n<h3 class=\"wp-block-heading\"><strong>Andra Andriuc\u0103 &amp; Valeria Stoica<\/strong><\/h3>\n\n\n\n<p><strong><em>Andra Andriuc\u0103<\/em><\/strong> este o artist\u0103 indie care transform\u0103 pove\u0219ti pentru suflet \u0219i pentru oameni \u00een versuri \u0219i acorduri, cre\u00e2nd prin muzica ei un spa\u021biu de lini\u0219te, reflec\u021bie \u0219i apropiere.<\/p>\n\n\n\n<p><strong><em>Valeria Stoica <\/em><\/strong>este o artist\u0103 indie-pop originar\u0103 din Republica Moldova, a c\u0103rei muzic\u0103 adun\u0103 emo\u021bii fragile \u0219i versuri sensibile, inspirate de o leg\u0103tur\u0103 profund\u0103 cu natura.<\/p>\n\n\n\n<h4 class=\"wp-block-heading\"><strong>Villia &amp; Holy Molly<\/strong><\/h4>\n\n\n\n<p><strong><em>Villia<\/em><\/strong> este una dintre noile voci a muzicii pop din Rom\u00e2nia, cu o muzic\u0103 ce \u00eembin\u0103 sensibilitatea \u0219i vulnerabilitatea \u00eentr-un mod profund personal.<\/p>\n\n\n\n<p><strong><em>Holy Molly<\/em><\/strong> este una dintre cele mai dinamice artiste din pop\u2011ul rom\u00e2nesc contemporan, cunoscut\u0103 pentru hituri dance\u2011pop \u0219i colabor\u0103ri ce au traversat grani\u021bele scenei locale.<\/p>\n\n\n\n<figure class=\"wp-block-image size-large\"><img loading=\"lazy\" decoding=\"async\" width=\"760\" height=\"428\" data-attachment-id=\"21634\" data-permalink=\"https:\/\/revistacultura.ro\/agenda\/2026\/01\/in-febr-mart-seria-de-concerte-shes-in-control\/she-is-in-control\/\" data-orig-file=\"https:\/\/revistacultura.ro\/agenda\/wp-content\/uploads\/2026\/01\/she-is-in-control.webp\" data-orig-size=\"900,507\" data-comments-opened=\"1\" data-image-meta=\"{&quot;aperture&quot;:&quot;0&quot;,&quot;credit&quot;:&quot;&quot;,&quot;camera&quot;:&quot;&quot;,&quot;caption&quot;:&quot;&quot;,&quot;created_timestamp&quot;:&quot;0&quot;,&quot;copyright&quot;:&quot;&quot;,&quot;focal_length&quot;:&quot;0&quot;,&quot;iso&quot;:&quot;0&quot;,&quot;shutter_speed&quot;:&quot;0&quot;,&quot;title&quot;:&quot;&quot;,&quot;orientation&quot;:&quot;0&quot;}\" data-image-title=\"she-is-in-control\" data-image-description=\"\" data-image-caption=\"\" data-large-file=\"https:\/\/revistacultura.ro\/agenda\/wp-content\/uploads\/2026\/01\/she-is-in-control-760x428.webp\" src=\"https:\/\/revistacultura.ro\/agenda\/wp-content\/uploads\/2026\/01\/she-is-in-control-760x428.webp\" alt=\"\" class=\"wp-image-21634\" srcset=\"https:\/\/revistacultura.ro\/agenda\/wp-content\/uploads\/2026\/01\/she-is-in-control-760x428.webp 760w, https:\/\/revistacultura.ro\/agenda\/wp-content\/uploads\/2026\/01\/she-is-in-control-400x225.webp 400w, https:\/\/revistacultura.ro\/agenda\/wp-content\/uploads\/2026\/01\/she-is-in-control-768x433.webp 768w, https:\/\/revistacultura.ro\/agenda\/wp-content\/uploads\/2026\/01\/she-is-in-control-200x113.webp 200w, https:\/\/revistacultura.ro\/agenda\/wp-content\/uploads\/2026\/01\/she-is-in-control.webp 900w\" sizes=\"auto, (max-width: 760px) 100vw, 760px\" \/><\/figure>\n","protected":false},"excerpt":{"rendered":"<p>Women in Music lanseaz\u0103 seria de concerte \u201eShe&#8217;s in Control\u201d, un proiect dedicat sus\u021binerii femeilor din industria muzical\u0103 rom\u00e2neasc\u0103. Evenimentul reune\u0219te opt artiste talentate \u00een patru concerte duble g\u0103zduite de Club Control din Bucure\u0219ti, pe parcursul lunilor februarie \u0219i martie 2026. Proiectul porne\u0219te de la motto-ul \u201eStrong women build each other up\u201d, cre\u00e2nd un spa\u021biu&hellip;&nbsp;<a href=\"https:\/\/revistacultura.ro\/agenda\/2026\/01\/in-febr-mart-seria-de-concerte-shes-in-control\/\" rel=\"bookmark\">Cite\u0219te mai mult &raquo;<span class=\"screen-reader-text\">\u00cen febr. &amp; mart.: seria de concerte \u201eShe\u2019s in Control\u201d<\/span><\/a><\/p>\n","protected":false},"author":1,"featured_media":21634,"comment_status":"open","ping_status":"open","sticky":false,"template":"","format":"standard","meta":{"neve_meta_sidebar":"","neve_meta_container":"","neve_meta_enable_content_width":"","neve_meta_content_width":0,"neve_meta_title_alignment":"","neve_meta_author_avatar":"","neve_post_elements_order":"","neve_meta_disable_header":"","neve_meta_disable_footer":"","neve_meta_disable_title":"","jetpack_post_was_ever_published":false,"_jetpack_newsletter_access":"","_jetpack_dont_email_post_to_subs":false,"_jetpack_newsletter_tier_id":0,"_jetpack_memberships_contains_paywalled_content":false,"_jetpack_memberships_contains_paid_content":false,"footnotes":"","jetpack_publicize_message":"","jetpack_publicize_feature_enabled":true,"jetpack_social_post_already_shared":true,"jetpack_social_options":{"image_generator_settings":{"template":"highway","default_image_id":0,"font":"","enabled":false},"version":2}},"categories":[885],"tags":[],"class_list":["post-21633","post","type-post","status-publish","format-standard","has-post-thumbnail","hentry","category-semnal"],"jetpack_publicize_connections":[],"jetpack_featured_media_url":"https:\/\/revistacultura.ro\/agenda\/wp-content\/uploads\/2026\/01\/she-is-in-control.webp","jetpack_sharing_enabled":true,"jetpack-related-posts":[{"id":20410,"url":"https:\/\/revistacultura.ro\/agenda\/2020\/02\/zilele-artistilor-independenti-la-teatrul-dramaturgilor-romani\/","url_meta":{"origin":21633,"position":0},"title":"Zilele Arti\u0219tilor Independen\u021bi la Teatrul Dramaturgilor Rom\u00e2ni","author":"redactia","date":"19 februarie 2020","format":false,"excerpt":"Ieri s-a dat startul proiectului dedicat arti\u0219tilor independen\u021bi, organizat de Prim\u0103ria Municipiului Bucure\u0219ti, prin Teatrul Dramaturgilor Rom\u00e2ni.\u00a0 P\u00e2n\u0103 pe 10 martie, Teatrul Dramaturgilor Rom\u00e2ni devine spa\u021biu de \u00eent\u00e2lnire \u00eentre iubitorii de teatru \u0219i cei mai \u00eendr\u0103gi\u021bi arti\u0219ti care activeaz\u0103 \u00een zona teatrului independent. Implementat ca parte a programului Teatrul Deschis\u2026","rel":"","context":"\u00cen \u201eAgenda culturala\u201d","block_context":{"text":"Agenda culturala","link":"https:\/\/revistacultura.ro\/agenda\/category\/agenda-cultura\/"},"img":{"alt_text":"","src":"https:\/\/i0.wp.com\/revistacultura.ro\/agenda\/wp-content\/uploads\/2020\/02\/BeFunky-collage-5-scaled-e1582120469614.jpg?resize=350%2C200&ssl=1","width":350,"height":200,"srcset":"https:\/\/i0.wp.com\/revistacultura.ro\/agenda\/wp-content\/uploads\/2020\/02\/BeFunky-collage-5-scaled-e1582120469614.jpg?resize=350%2C200&ssl=1 1x, https:\/\/i0.wp.com\/revistacultura.ro\/agenda\/wp-content\/uploads\/2020\/02\/BeFunky-collage-5-scaled-e1582120469614.jpg?resize=525%2C300&ssl=1 1.5x, https:\/\/i0.wp.com\/revistacultura.ro\/agenda\/wp-content\/uploads\/2020\/02\/BeFunky-collage-5-scaled-e1582120469614.jpg?resize=700%2C400&ssl=1 2x"},"classes":[]},{"id":20123,"url":"https:\/\/revistacultura.ro\/agenda\/2019\/09\/marti-17-septembrie-concerte-din-cadrul-festivalului-international-george-enescu-la-muzeul-national-cotroceni\/","url_meta":{"origin":21633,"position":1},"title":"Mar\u021bi, 17 septembrie. Concerte din cadrul Festivalului Interna\u021bional George Enescu, la Muzeul Na\u021bional Cotroceni","author":"Cultura","date":"16 septembrie 2019","format":false,"excerpt":"Muzeul Na\u0163ional Cotroceni va fi gazd\u0103 a dou\u0103 concerte extraordinare \u00een cadrul celei de-a XXIV-a edi\u021bii a Festivalului Interna\u021bional George Enescu, eveniment muzical de prestigiu interna\u021bional, care se desf\u0103\u0219oar\u0103 sub \u00cenaltul Patronaj al Pre\u0219edintelui Rom\u00e2niei. mar\u021bi, 17 septembrie 2019, ora 19.00, \u00een Salonul Cerchez \u2013\u00a0Concert sus\u021binut de Corul Regal \u0219i\u2026","rel":"","context":"\u00cen \u201eAgenda culturala\u201d","block_context":{"text":"Agenda culturala","link":"https:\/\/revistacultura.ro\/agenda\/category\/agenda-cultura\/"},"img":{"alt_text":"","src":"https:\/\/i0.wp.com\/revistacultura.ro\/agenda\/wp-content\/uploads\/2019\/09\/afis-A4-17-septembrie-mic.png?resize=350%2C200&ssl=1","width":350,"height":200,"srcset":"https:\/\/i0.wp.com\/revistacultura.ro\/agenda\/wp-content\/uploads\/2019\/09\/afis-A4-17-septembrie-mic.png?resize=350%2C200&ssl=1 1x, https:\/\/i0.wp.com\/revistacultura.ro\/agenda\/wp-content\/uploads\/2019\/09\/afis-A4-17-septembrie-mic.png?resize=525%2C300&ssl=1 1.5x, https:\/\/i0.wp.com\/revistacultura.ro\/agenda\/wp-content\/uploads\/2019\/09\/afis-A4-17-septembrie-mic.png?resize=700%2C400&ssl=1 2x"},"classes":[]},{"id":18999,"url":"https:\/\/revistacultura.ro\/agenda\/2014\/05\/trei-concerte-speciale-la-sala-radio\/","url_meta":{"origin":21633,"position":2},"title":"Trei concerte speciale la Sala Radio","author":"Revista","date":"30 mai 2014","format":false,"excerpt":"Pentru iubitorii muzicii, luna mai este dedicat\u0103 crea\u0163iilor recente. S\u0103pt\u0103m\u00e2na Interna\u0163ional\u0103 a Muzicii Noi a ajuns la cea de-a dou\u00e3zeci si patra edi\u0163ie! P\u00e2n\u0103 pe 30 mai, compozi\u0163ii contemporane, concepute \u00een mare parte din 1950 p\u00e2n\u0103 \u00een prezent (cu accent pe crea\u0163iile din ultimii dou\u0103zeci de ani), lucr\u0103ri marcate de\u2026","rel":"","context":"\u00cen \u201eAgenda culturala\u201d","block_context":{"text":"Agenda culturala","link":"https:\/\/revistacultura.ro\/agenda\/category\/agenda-cultura\/"},"img":{"alt_text":"","src":"","width":0,"height":0},"classes":[]},{"id":20130,"url":"https:\/\/revistacultura.ro\/agenda\/2019\/09\/vineri-20-septembrie-concerte-din-cadrul-festivalului-international-george-enescu-la-muzeul-national-cotroceni\/","url_meta":{"origin":21633,"position":3},"title":"Vineri, 20 septembrie. Concerte din cadrul Festivalului Interna\u021bional George Enescu, la Muzeul Na\u021bional Cotroceni","author":"Cultura","date":"16 septembrie 2019","format":false,"excerpt":"Muzeul Na\u0163ional Cotroceni va fi gazd\u0103 a dou\u0103 concerte extraordinare \u00een cadrul celei de-a XXIV-a edi\u021bii a Festivalului Interna\u021bional George Enescu, eveniment muzical de prestigiu interna\u021bional, care se desf\u0103\u0219oar\u0103 sub \u00cenaltul Patronaj al Pre\u0219edintelui Rom\u00e2niei. vineri, 20 septembrie 2019, ora 19.00 \u2013 Concertul extraordinar \u201eMuzica Palatelor Voievodale Rom\u00e2ne\u0219ti\u201d sus\u021binut de\u2026","rel":"","context":"\u00cen \u201eAgenda culturala\u201d","block_context":{"text":"Agenda culturala","link":"https:\/\/revistacultura.ro\/agenda\/category\/agenda-cultura\/"},"img":{"alt_text":"","src":"https:\/\/i0.wp.com\/revistacultura.ro\/agenda\/wp-content\/uploads\/2019\/09\/afis-A4-20-septembrie-mic.png?resize=350%2C200&ssl=1","width":350,"height":200,"srcset":"https:\/\/i0.wp.com\/revistacultura.ro\/agenda\/wp-content\/uploads\/2019\/09\/afis-A4-20-septembrie-mic.png?resize=350%2C200&ssl=1 1x, https:\/\/i0.wp.com\/revistacultura.ro\/agenda\/wp-content\/uploads\/2019\/09\/afis-A4-20-septembrie-mic.png?resize=525%2C300&ssl=1 1.5x, https:\/\/i0.wp.com\/revistacultura.ro\/agenda\/wp-content\/uploads\/2019\/09\/afis-A4-20-septembrie-mic.png?resize=700%2C400&ssl=1 2x"},"classes":[]},{"id":21091,"url":"https:\/\/revistacultura.ro\/agenda\/2024\/03\/invitatie-la-cursul-de-estetica-jazzului\/","url_meta":{"origin":21633,"position":4},"title":"Invita\u021bie la Cursul de Estetica Jazzului","author":"Cultura","date":"6 martie 2024","format":false,"excerpt":"joi 7 martie, h. 19, \u00een Sala 11 (parter st\u00e2nga) a ANMGD, str. I.C. Br\u0103tianu nr. 25, Cluj-Napoca. Cursul de estetica jazzului, sus\u021binut de Virgil Mihaiu \u00eel are ca invitat special pe C\u0103t\u0103lin \u0218tef\u0103nescu, realizator al emisiunii Garantat 100%, difuzat\u0103 la TVR 1. Va fi o binevenit\u0103 ocazie de a\u2026","rel":"","context":"\u00cen \u201eRecomand\u0103ri\u201d","block_context":{"text":"Recomand\u0103ri","link":"https:\/\/revistacultura.ro\/agenda\/category\/recomandarile-cultura\/"},"img":{"alt_text":"","src":"https:\/\/i0.wp.com\/revistacultura.ro\/agenda\/wp-content\/uploads\/2024\/03\/catalin_stefanescu.webp?resize=350%2C200&ssl=1","width":350,"height":200,"srcset":"https:\/\/i0.wp.com\/revistacultura.ro\/agenda\/wp-content\/uploads\/2024\/03\/catalin_stefanescu.webp?resize=350%2C200&ssl=1 1x, https:\/\/i0.wp.com\/revistacultura.ro\/agenda\/wp-content\/uploads\/2024\/03\/catalin_stefanescu.webp?resize=525%2C300&ssl=1 1.5x, https:\/\/i0.wp.com\/revistacultura.ro\/agenda\/wp-content\/uploads\/2024\/03\/catalin_stefanescu.webp?resize=700%2C400&ssl=1 2x"},"classes":[]},{"id":20508,"url":"https:\/\/revistacultura.ro\/agenda\/2020\/02\/saptamana-sunetului-la-bucuresti-2-8-martie-2020\/","url_meta":{"origin":21633,"position":5},"title":"S\u0102PT\u0102M\u00c2NA SUNETULUI la Bucure\u0219ti, 2-8 martie 2020","author":"redactia","date":"24 februarie 2020","format":false,"excerpt":"\u00centre 2 \u0219i 8 martie are loc a 5-a edi\u021bie a S\u0103pt\u0103m\u00e2nii Sunetului la Bucure\u0219ti, organizat\u0103 de Asocia\u021bia Jum\u0103tatea plin\u0103, ca prilej de s\u0103rb\u0103torire a sunetului prin concerte, expozi\u021bii, ateliere \u0219i plimb\u0103ri sonore. Creat\u0103 \u00een Fran\u021ba \u00een urm\u0103 cu 17 ani, S\u0103pt\u0103m\u00e2na Sunetului (La Semaine du Son) exist\u0103 ast\u0103zi \u00een\u2026","rel":"","context":"\u00cen \u201eAgenda culturala\u201d","block_context":{"text":"Agenda culturala","link":"https:\/\/revistacultura.ro\/agenda\/category\/agenda-cultura\/"},"img":{"alt_text":"","src":"https:\/\/i0.wp.com\/revistacultura.ro\/agenda\/wp-content\/uploads\/2020\/02\/86969548_2556201584662378_5142543903198543872_o.jpg?resize=350%2C200&ssl=1","width":350,"height":200,"srcset":"https:\/\/i0.wp.com\/revistacultura.ro\/agenda\/wp-content\/uploads\/2020\/02\/86969548_2556201584662378_5142543903198543872_o.jpg?resize=350%2C200&ssl=1 1x, https:\/\/i0.wp.com\/revistacultura.ro\/agenda\/wp-content\/uploads\/2020\/02\/86969548_2556201584662378_5142543903198543872_o.jpg?resize=525%2C300&ssl=1 1.5x, https:\/\/i0.wp.com\/revistacultura.ro\/agenda\/wp-content\/uploads\/2020\/02\/86969548_2556201584662378_5142543903198543872_o.jpg?resize=700%2C400&ssl=1 2x, https:\/\/i0.wp.com\/revistacultura.ro\/agenda\/wp-content\/uploads\/2020\/02\/86969548_2556201584662378_5142543903198543872_o.jpg?resize=1050%2C600&ssl=1 3x, https:\/\/i0.wp.com\/revistacultura.ro\/agenda\/wp-content\/uploads\/2020\/02\/86969548_2556201584662378_5142543903198543872_o.jpg?resize=1400%2C800&ssl=1 4x"},"classes":[]}],"_links":{"self":[{"href":"https:\/\/revistacultura.ro\/agenda\/wp-json\/wp\/v2\/posts\/21633","targetHints":{"allow":["GET"]}}],"collection":[{"href":"https:\/\/revistacultura.ro\/agenda\/wp-json\/wp\/v2\/posts"}],"about":[{"href":"https:\/\/revistacultura.ro\/agenda\/wp-json\/wp\/v2\/types\/post"}],"author":[{"embeddable":true,"href":"https:\/\/revistacultura.ro\/agenda\/wp-json\/wp\/v2\/users\/1"}],"replies":[{"embeddable":true,"href":"https:\/\/revistacultura.ro\/agenda\/wp-json\/wp\/v2\/comments?post=21633"}],"version-history":[{"count":2,"href":"https:\/\/revistacultura.ro\/agenda\/wp-json\/wp\/v2\/posts\/21633\/revisions"}],"predecessor-version":[{"id":21636,"href":"https:\/\/revistacultura.ro\/agenda\/wp-json\/wp\/v2\/posts\/21633\/revisions\/21636"}],"wp:featuredmedia":[{"embeddable":true,"href":"https:\/\/revistacultura.ro\/agenda\/wp-json\/wp\/v2\/media\/21634"}],"wp:attachment":[{"href":"https:\/\/revistacultura.ro\/agenda\/wp-json\/wp\/v2\/media?parent=21633"}],"wp:term":[{"taxonomy":"category","embeddable":true,"href":"https:\/\/revistacultura.ro\/agenda\/wp-json\/wp\/v2\/categories?post=21633"},{"taxonomy":"post_tag","embeddable":true,"href":"https:\/\/revistacultura.ro\/agenda\/wp-json\/wp\/v2\/tags?post=21633"}],"curies":[{"name":"wp","href":"https:\/\/api.w.org\/{rel}","templated":true}]}}