{"id":21619,"date":"2026-03-02T14:41:00","date_gmt":"2026-03-02T12:41:00","guid":{"rendered":"https:\/\/revistacultura.ro\/agenda\/?p=21619"},"modified":"2026-02-11T14:09:19","modified_gmt":"2026-02-11T12:09:19","slug":"berlinul-il-descopera-pe-brancusi","status":"publish","type":"post","link":"https:\/\/revistacultura.ro\/agenda\/2026\/03\/berlinul-il-descopera-pe-brancusi\/","title":{"rendered":"\u00cen sf\u00e2r\u0219it, Berlinul \u00eel descoper\u0103 pe Br\u00e2ncu\u0219i"},"content":{"rendered":"\n<p class=\"wp-block-paragraph\">\u00cen perioada 20 martie \u2013 9 august 2026, Neue Nationalgalerie din Berlin va g\u0103zdui o retrospectiv\u0103 major\u0103 dedicat\u0103 lui Constantin Br\u00e2ncu\u0219i, organizat\u0103 \u00een colaborare cu Centrul Pompidou din Paris. Evenimentul marcheaz\u0103 150 de ani de la na\u0219terea sculptorului \u0219i se desf\u0103\u0219oar\u0103 sub patronajul comun al pre\u0219edin\u021bilor Frank-Walter Steinmeier \u0219i Emmanuel Macron. De\u0219i Br\u00e2ncu\u0219i este extrem de apreciat \u00een Fran\u021ba, organizatorii germani subliniaz\u0103 c\u0103 acesta este aproape necunoscut publicului larg din Germania, motiv pentru care expozi\u021bia dore\u0219te s\u0103 \u00eei aduc\u0103 recunoa\u0219terea meritat\u0103. Aceasta reprezint\u0103 prima prezentare cuprinz\u0103toare a operei sale pe teritoriul german din ultimii 50 de ani.<\/p>\n\n\n\n<p class=\"wp-block-paragraph\">Vizitatorii vor putea admira peste 150 de exponate, printre care se num\u0103r\u0103 sculpturi emblematice precum <em>S\u0103rutul<\/em>, <em>Muza adormit\u0103<\/em> \u0219i <em>Pas\u0103rea \u00een v\u0103zduh<\/em>, al\u0103turi de fotografii \u0219i filme realizate de artist. Un punct central al evenimentului este reconstruc\u021bia par\u021bial\u0103 a atelierului s\u0103u legendar din Paris, prezentat\u0103 pentru prima dat\u0103 \u00een afara Fran\u021bei dup\u0103 anul 1957. Expozi\u021bia eviden\u021biaz\u0103 rolul lui Br\u00e2ncu\u0219i de pionier al abstrac\u021bionismului sculptural prin forme organice reduse la esen\u021b\u0103. Aceast\u0103 incursiune \u00een universul s\u0103u creativ este completat\u0103 de documente de arhiv\u0103 rar expuse, oferind o perspectiv\u0103 vast\u0103 asupra unuia dintre cei mai importan\u021bi arti\u0219ti ai secolului XX.<\/p>\n\n\n<figure class=\"wp-block-post-featured-image\"><img loading=\"lazy\" decoding=\"async\" width=\"700\" height=\"728\" src=\"https:\/\/revistacultura.ro\/agenda\/wp-content\/uploads\/2026\/01\/brancusi_berlin.webp\" class=\"attachment-post-thumbnail size-post-thumbnail wp-post-image\" alt=\"\" style=\"object-fit:cover;\" srcset=\"https:\/\/revistacultura.ro\/agenda\/wp-content\/uploads\/2026\/01\/brancusi_berlin.webp 700w, https:\/\/revistacultura.ro\/agenda\/wp-content\/uploads\/2026\/01\/brancusi_berlin-288x300.webp 288w, https:\/\/revistacultura.ro\/agenda\/wp-content\/uploads\/2026\/01\/brancusi_berlin-192x200.webp 192w\" sizes=\"auto, (max-width: 700px) 100vw, 700px\" data-attachment-id=\"21620\" data-permalink=\"https:\/\/revistacultura.ro\/agenda\/2026\/03\/berlinul-il-descopera-pe-brancusi\/brancusi_berlin\/\" data-orig-file=\"https:\/\/revistacultura.ro\/agenda\/wp-content\/uploads\/2026\/01\/brancusi_berlin.webp\" data-orig-size=\"700,728\" data-comments-opened=\"1\" data-image-meta=\"{&quot;aperture&quot;:&quot;0&quot;,&quot;credit&quot;:&quot;&quot;,&quot;camera&quot;:&quot;&quot;,&quot;caption&quot;:&quot;&quot;,&quot;created_timestamp&quot;:&quot;0&quot;,&quot;copyright&quot;:&quot;&quot;,&quot;focal_length&quot;:&quot;0&quot;,&quot;iso&quot;:&quot;0&quot;,&quot;shutter_speed&quot;:&quot;0&quot;,&quot;title&quot;:&quot;&quot;,&quot;orientation&quot;:&quot;0&quot;}\" data-image-title=\"brancusi_berlin\" data-image-description=\"\" data-image-caption=\"\" data-large-file=\"https:\/\/revistacultura.ro\/agenda\/wp-content\/uploads\/2026\/01\/brancusi_berlin.webp\" \/><\/figure>","protected":false},"excerpt":{"rendered":"<p>\u00cen perioada 20 martie \u2013 9 august 2026, Neue Nationalgalerie din Berlin va g\u0103zdui o retrospectiv\u0103 major\u0103 dedicat\u0103 lui Constantin Br\u00e2ncu\u0219i, organizat\u0103 \u00een colaborare cu Centrul Pompidou din Paris. Evenimentul marcheaz\u0103 150 de ani de la na\u0219terea sculptorului \u0219i se desf\u0103\u0219oar\u0103 sub patronajul comun al pre\u0219edin\u021bilor Frank-Walter Steinmeier \u0219i Emmanuel Macron. De\u0219i Br\u00e2ncu\u0219i este extrem&hellip;&nbsp;<a href=\"https:\/\/revistacultura.ro\/agenda\/2026\/03\/berlinul-il-descopera-pe-brancusi\/\" rel=\"bookmark\">Cite\u0219te mai mult &raquo;<span class=\"screen-reader-text\">\u00cen sf\u00e2r\u0219it, Berlinul \u00eel descoper\u0103 pe Br\u00e2ncu\u0219i<\/span><\/a><\/p>\n","protected":false},"author":1,"featured_media":21620,"comment_status":"open","ping_status":"open","sticky":false,"template":"","format":"standard","meta":{"neve_meta_sidebar":"","neve_meta_container":"","neve_meta_enable_content_width":"","neve_meta_content_width":0,"neve_meta_title_alignment":"","neve_meta_author_avatar":"","neve_post_elements_order":"","neve_meta_disable_header":"","neve_meta_disable_footer":"","neve_meta_disable_title":"","_jetpack_newsletter_access":"","_jetpack_dont_email_post_to_subs":false,"_jetpack_newsletter_tier_id":0,"_jetpack_memberships_contains_paywalled_content":false,"_jetpack_feature_clip_id":0,"_jetpack_memberships_contains_paid_content":false,"footnotes":"","jetpack_publicize_message":"","jetpack_publicize_feature_enabled":true,"jetpack_social_post_already_shared":true,"jetpack_social_options":{"image_generator_settings":{"template":"highway","default_image_id":0,"font":"","enabled":false},"version":2},"jetpack_post_was_ever_published":false},"categories":[22],"tags":[],"class_list":["post-21619","post","type-post","status-publish","format-standard","has-post-thumbnail","hentry","category-recomandarile-cultura"],"jetpack_publicize_connections":[],"jetpack_sharing_enabled":true,"jetpack-related-posts":[{"id":21689,"url":"https:\/\/revistacultura.ro\/agenda\/2026\/02\/azi-mega-expozitie-brancusi-in-21-de-tari-simultan\/","url_meta":{"origin":21619,"position":0},"title":"Mega-expozi\u021bie Br\u00e2ncu\u0219i \u00een 21 de \u021b\u0103ri simultan","author":"Cultura","date":"19 februarie 2026","format":false,"excerpt":"Proiectul \u201eBr\u00e2ncu\u0219i 150 Worldwide\u201d marcheaz\u0103 150 de ani de la na\u0219terea marelui sculptor printr-o expozi\u021bie global\u0103 de art\u0103 grafic\u0103 Un proiect cultural de anvergur\u0103 interna\u021bional\u0103, intitulat \u201eBr\u00e2ncu\u0219i 150 Worldwide\u201d, este inaugurat ast\u0103zi, 19 februarie 2026, simultan \u00een 21 de \u021b\u0103ri de pe \u0219ase continente. Evenimentul este dedicat exclusiv celebr\u0103rii a\u2026","rel":"","context":"\u00cen \u201eAgenda culturala\u201d","block_context":{"text":"Agenda culturala","link":"https:\/\/revistacultura.ro\/agenda\/category\/agenda-cultura\/"},"img":{"alt_text":"","src":"https:\/\/i0.wp.com\/revistacultura.ro\/agenda\/wp-content\/uploads\/2026\/02\/expo-brancusi-general-v3b.jpg?resize=350%2C200&ssl=1","width":350,"height":200,"srcset":"https:\/\/i0.wp.com\/revistacultura.ro\/agenda\/wp-content\/uploads\/2026\/02\/expo-brancusi-general-v3b.jpg?resize=350%2C200&ssl=1 1x, https:\/\/i0.wp.com\/revistacultura.ro\/agenda\/wp-content\/uploads\/2026\/02\/expo-brancusi-general-v3b.jpg?resize=525%2C300&ssl=1 1.5x, https:\/\/i0.wp.com\/revistacultura.ro\/agenda\/wp-content\/uploads\/2026\/02\/expo-brancusi-general-v3b.jpg?resize=700%2C400&ssl=1 2x, https:\/\/i0.wp.com\/revistacultura.ro\/agenda\/wp-content\/uploads\/2026\/02\/expo-brancusi-general-v3b.jpg?resize=1050%2C600&ssl=1 3x"},"classes":[]},{"id":21900,"url":"https:\/\/revistacultura.ro\/agenda\/2026\/05\/conferinte-internationale-despre-sculptura-romaneasca-la-institutul-de-istoria-artei\/","url_meta":{"origin":21619,"position":1},"title":"Conferin\u021be interna\u021bionale despre sculptura rom\u00e2neasc\u0103 la Institutul de Istoria Artei","author":"Cultura","date":"7 mai 2026","format":false,"excerpt":"Institutul de Istoria Artei \u201eG. Oprescu\u201d are pl\u0103cerea de a anun\u021ba cele trei conferin\u021be plenare care vor fi sus\u021binute \u00een cadrul conferin\u021bei interna\u021bionale Horizons of Modern Romanian Sculpture: from Karl Storck to Constantin Brancusi (Muzeul Na\u021bional de Art\u0103 al Rom\u00e2niei, Bucure\u0219ti, 28-29 mai 2026): Doina Lemny \u2013 Un dar pentru\u2026","rel":"","context":"\u00cen \u201eProiecte sus\u021binute de revista CULTURA\u201d","block_context":{"text":"Proiecte sus\u021binute de revista CULTURA","link":"https:\/\/revistacultura.ro\/agenda\/category\/parteneriate\/"},"img":{"alt_text":"","src":"https:\/\/i0.wp.com\/revistacultura.ro\/agenda\/wp-content\/uploads\/2026\/05\/brancusi-institutul-istoria-artei.webp?resize=350%2C200&ssl=1","width":350,"height":200,"srcset":"https:\/\/i0.wp.com\/revistacultura.ro\/agenda\/wp-content\/uploads\/2026\/05\/brancusi-institutul-istoria-artei.webp?resize=350%2C200&ssl=1 1x, https:\/\/i0.wp.com\/revistacultura.ro\/agenda\/wp-content\/uploads\/2026\/05\/brancusi-institutul-istoria-artei.webp?resize=525%2C300&ssl=1 1.5x, https:\/\/i0.wp.com\/revistacultura.ro\/agenda\/wp-content\/uploads\/2026\/05\/brancusi-institutul-istoria-artei.webp?resize=700%2C400&ssl=1 2x"},"classes":[]},{"id":22169,"url":"https:\/\/revistacultura.ro\/agenda\/2026\/08\/de-la-brancusi-la-scenografie-contemporana-la-siutghiol\/","url_meta":{"origin":21619,"position":2},"title":"De la Br\u00e2ncu\u0219i la Scenografie Contemporan\u0103: la Siutghiol","author":"Cultura","date":"24 august 2026","format":false,"excerpt":"\u00centre 24 august \u0219i 6 septembrie 2026, faleza lacului Siutghiol \u0219i situl arheologic al Castrului Roman din ora\u0219ul Ovidiu devin din nou un laborator creativ \u00een aer liber, \u00een cea de-a cincea edi\u021bie a International Program in Scenography (IPS). Singura reziden\u021b\u0103 artistic\u0103 interna\u021bional\u0103 din Rom\u00e2nia dedicat\u0103 scenografiei \u0219i instala\u021biilor site-specific\u2026","rel":"","context":"\u00cen \u201eAgenda culturala\u201d","block_context":{"text":"Agenda culturala","link":"https:\/\/revistacultura.ro\/agenda\/category\/agenda-cultura\/"},"img":{"alt_text":"","src":"https:\/\/i0.wp.com\/revistacultura.ro\/agenda\/wp-content\/uploads\/2026\/08\/scenografie_siutghiol.webp?resize=350%2C200&ssl=1","width":350,"height":200,"srcset":"https:\/\/i0.wp.com\/revistacultura.ro\/agenda\/wp-content\/uploads\/2026\/08\/scenografie_siutghiol.webp?resize=350%2C200&ssl=1 1x, https:\/\/i0.wp.com\/revistacultura.ro\/agenda\/wp-content\/uploads\/2026\/08\/scenografie_siutghiol.webp?resize=525%2C300&ssl=1 1.5x, https:\/\/i0.wp.com\/revistacultura.ro\/agenda\/wp-content\/uploads\/2026\/08\/scenografie_siutghiol.webp?resize=700%2C400&ssl=1 2x"},"classes":[]},{"id":22142,"url":"https:\/\/revistacultura.ro\/agenda\/2026\/07\/brancusi-nocturn-la-bucuresti-si-targu-jiu\/","url_meta":{"origin":21619,"position":3},"title":"Br\u00e2ncu\u0219i nocturn &#8211; la Bucure\u0219ti \u0219i T\u00e2rgu Jiu","author":"Cultura","date":"28 iulie 2026","format":false,"excerpt":"6-9 august; 26-29 august Proiec\u021bii de film \u0219i \u00eent\u00e2lniri \u00een aer liber Br\u00e2ncu\u0219i Nocturn 2026 este o edi\u021bie desf\u0103\u0219urat\u0103 \u00een trei etape \u0219i dou\u0103 ora\u0219e, \u00een contextul \u00een care 2026 este Anul Br\u00e2ncu\u0219i. Evenimentul are a debutat la Bucure\u0219ti pe 30 iunie, \u0219i va continua la T\u00e2rgu Jiu \u00eentre 6\u2026","rel":"","context":"\u00cen \u201eAgenda culturala\u201d","block_context":{"text":"Agenda culturala","link":"https:\/\/revistacultura.ro\/agenda\/category\/agenda-cultura\/"},"img":{"alt_text":"","src":"https:\/\/i0.wp.com\/revistacultura.ro\/agenda\/wp-content\/uploads\/2026\/07\/brancusi_nocturn.webp?resize=350%2C200&ssl=1","width":350,"height":200,"srcset":"https:\/\/i0.wp.com\/revistacultura.ro\/agenda\/wp-content\/uploads\/2026\/07\/brancusi_nocturn.webp?resize=350%2C200&ssl=1 1x, https:\/\/i0.wp.com\/revistacultura.ro\/agenda\/wp-content\/uploads\/2026\/07\/brancusi_nocturn.webp?resize=525%2C300&ssl=1 1.5x, https:\/\/i0.wp.com\/revistacultura.ro\/agenda\/wp-content\/uploads\/2026\/07\/brancusi_nocturn.webp?resize=700%2C400&ssl=1 2x"},"classes":[]},{"id":21984,"url":"https:\/\/revistacultura.ro\/agenda\/2026\/05\/tripla-celebrare-pentru-sculptura-romaneasca-la-institutul-de-istoria-artei\/","url_meta":{"origin":21619,"position":4},"title":"Tripl\u0103 celebrare pentru sculptura rom\u00e2neasc\u0103 la Institutul de Istoria Artei","author":"Cultura","date":"25 mai 2026","format":false,"excerpt":"Conferin\u021b\u0103 interna\u021bional\u0103 Horizons of Modern Romanian Sculpture: from Karl Storck to Constantin Brancusi \u2013 reuniune de prestigiu a speciali\u0219tilor din \u00eentreaga lume, la Bucure\u0219ti Institutul de Istoria Artei \u201eG. Oprescu\u201d are onoarea de a anun\u021ba organizarea conferin\u021bei interna\u021bionale Orizonturi ale sculpturii rom\u00e2ne\u0219ti moderne: de la Karl Storck la Constantin Br\u00e2ncu\u0219i.\u2026","rel":"","context":"\u00cen \u201eProiecte sus\u021binute de revista CULTURA\u201d","block_context":{"text":"Proiecte sus\u021binute de revista CULTURA","link":"https:\/\/revistacultura.ro\/agenda\/category\/parteneriate\/"},"img":{"alt_text":"","src":"https:\/\/i0.wp.com\/revistacultura.ro\/agenda\/wp-content\/uploads\/2026\/05\/brancusi-institutul-istoria-artei.webp?resize=350%2C200&ssl=1","width":350,"height":200,"srcset":"https:\/\/i0.wp.com\/revistacultura.ro\/agenda\/wp-content\/uploads\/2026\/05\/brancusi-institutul-istoria-artei.webp?resize=350%2C200&ssl=1 1x, https:\/\/i0.wp.com\/revistacultura.ro\/agenda\/wp-content\/uploads\/2026\/05\/brancusi-institutul-istoria-artei.webp?resize=525%2C300&ssl=1 1.5x, https:\/\/i0.wp.com\/revistacultura.ro\/agenda\/wp-content\/uploads\/2026\/05\/brancusi-institutul-istoria-artei.webp?resize=700%2C400&ssl=1 2x"},"classes":[]},{"id":21947,"url":"https:\/\/revistacultura.ro\/agenda\/2026\/05\/recomandari-din-programul-conferintei-orizonturi-ale-sculpturii-romanesti-moderne\/","url_meta":{"origin":21619,"position":5},"title":"Recomand\u0103ri din programul conferin\u021bei \u201eOrizonturi ale sculpturii rom\u00e2ne\u0219ti moderne\u201d","author":"Cultura","date":"18 mai 2026","format":false,"excerpt":"28-29 mai, Muzeul Na\u021bional de Art\u0103 al Rom\u00e2niei Organizator: Academia Rom\u00e2n\u0103, Institutul de Istoria Artei \u201eGeorge Oprescu\u201d Conferin\u021ba interna\u021bional\u0103 \u201eHorizons of Modern Romanian Sculpture: From Karl Storck to Constantin Brancusi\u201d reune\u0219te, \u00een 28\u201329 mai 2026, la Muzeul Na\u021bional de Art\u0103 al Rom\u00e2niei, un program dens de comunic\u0103ri care dep\u0103\u0219e\u0219te clar\u2026","rel":"","context":"\u00cen \u201eProiecte sus\u021binute de revista CULTURA\u201d","block_context":{"text":"Proiecte sus\u021binute de revista CULTURA","link":"https:\/\/revistacultura.ro\/agenda\/category\/parteneriate\/"},"img":{"alt_text":"","src":"https:\/\/i0.wp.com\/revistacultura.ro\/agenda\/wp-content\/uploads\/2026\/05\/brancusi-institutul-istoria-artei.webp?resize=350%2C200&ssl=1","width":350,"height":200,"srcset":"https:\/\/i0.wp.com\/revistacultura.ro\/agenda\/wp-content\/uploads\/2026\/05\/brancusi-institutul-istoria-artei.webp?resize=350%2C200&ssl=1 1x, https:\/\/i0.wp.com\/revistacultura.ro\/agenda\/wp-content\/uploads\/2026\/05\/brancusi-institutul-istoria-artei.webp?resize=525%2C300&ssl=1 1.5x, https:\/\/i0.wp.com\/revistacultura.ro\/agenda\/wp-content\/uploads\/2026\/05\/brancusi-institutul-istoria-artei.webp?resize=700%2C400&ssl=1 2x"},"classes":[]}],"jetpack_featured_media_url":"https:\/\/revistacultura.ro\/agenda\/wp-content\/uploads\/2026\/01\/brancusi_berlin.webp","_links":{"self":[{"href":"https:\/\/revistacultura.ro\/agenda\/wp-json\/wp\/v2\/posts\/21619","targetHints":{"allow":["GET"]}}],"collection":[{"href":"https:\/\/revistacultura.ro\/agenda\/wp-json\/wp\/v2\/posts"}],"about":[{"href":"https:\/\/revistacultura.ro\/agenda\/wp-json\/wp\/v2\/types\/post"}],"author":[{"embeddable":true,"href":"https:\/\/revistacultura.ro\/agenda\/wp-json\/wp\/v2\/users\/1"}],"replies":[{"embeddable":true,"href":"https:\/\/revistacultura.ro\/agenda\/wp-json\/wp\/v2\/comments?post=21619"}],"version-history":[{"count":2,"href":"https:\/\/revistacultura.ro\/agenda\/wp-json\/wp\/v2\/posts\/21619\/revisions"}],"predecessor-version":[{"id":21674,"href":"https:\/\/revistacultura.ro\/agenda\/wp-json\/wp\/v2\/posts\/21619\/revisions\/21674"}],"wp:featuredmedia":[{"embeddable":true,"href":"https:\/\/revistacultura.ro\/agenda\/wp-json\/wp\/v2\/media\/21620"}],"wp:attachment":[{"href":"https:\/\/revistacultura.ro\/agenda\/wp-json\/wp\/v2\/media?parent=21619"}],"wp:term":[{"taxonomy":"category","embeddable":true,"href":"https:\/\/revistacultura.ro\/agenda\/wp-json\/wp\/v2\/categories?post=21619"},{"taxonomy":"post_tag","embeddable":true,"href":"https:\/\/revistacultura.ro\/agenda\/wp-json\/wp\/v2\/tags?post=21619"}],"curies":[{"name":"wp","href":"https:\/\/api.w.org\/{rel}","templated":true}]}}