{"id":21524,"date":"2025-11-01T10:22:44","date_gmt":"2025-11-01T08:22:44","guid":{"rendered":"https:\/\/revistacultura.ro\/agenda\/?p=21524"},"modified":"2025-11-01T10:24:41","modified_gmt":"2025-11-01T08:24:41","slug":"urbaneye-festival-cu-documentare-si-teatru-despre-comunitati-si-locuire","status":"publish","type":"post","link":"https:\/\/revistacultura.ro\/agenda\/2025\/11\/urbaneye-festival-cu-documentare-si-teatru-despre-comunitati-si-locuire\/","title":{"rendered":"UrbanEye &#8211; festival cu documentare \u0219i teatru despre comunit\u0103\u021bi \u0219i locuire"},"content":{"rendered":"\n<h4 class=\"wp-block-heading\">30 octombrie \u2014 9 noiembrie 2025, Bucure\u0219ti<\/h4>\n\n\n\n<p>UrbanEye Film Festival revine la Bucure\u0219ti \u00eentre 30 octombrie \u0219i 9 noiembrie 2025 pentru a douasprezecea edi\u021bie, dedicat\u0103 explor\u0103rii conceptului de gol, care simbolizeaz\u0103 at\u00e2t absen\u021ba, c\u00e2t \u0219i posibilitatea reconstruc\u021biei. Festivalul aduce \u00een fa\u021ba publicului documentare despre arhitectur\u0103, ora\u0219e, comunit\u0103\u021bi \u0219i locuire, oferind o perspectiv\u0103 asupra modului \u00een care spa\u021biile fizice \u0219i emo\u021bionale se refac dup\u0103 pierderi \u0219i crize.<\/p>\n\n\n\n<p>Edi\u021bia din acest an este un omagiu adus celor afecta\u021bi de incendiul din Clubul Colectiv, la zece ani de la tragedie, \u0219i \u00een special co-fondatorilor UrbanEye, C\u0103t\u0103lina Ioni\u021b\u0103 \u0219i Mihai Alexandru. Programul include o selec\u021bie de filme documentare care povestesc despre comunit\u0103\u021bi ce \u00eenfrunt\u0103 provoc\u0103ri \u0219i reconstruiesc ora\u0219e \u0219i vie\u021bi, al\u0103turi de discu\u021bii cu invita\u021bi speciali din domeniul arhitecturii \u0219i cinematografiei.<\/p>\n\n\n\n<p>Festivalul g\u0103zduie\u0219te \u0219i spectacole de teatru ca \u201e153 de secunde\u201d\ufeff, care aduce \u00een prim-plan m\u0103rturii despre incendiul din Colectiv, precum \u0219i ateliere de prim ajutor \u00een colaborare cu Crucea Ro\u0219ie Rom\u00e2n\u0103, deschise at\u00e2t adul\u021bilor, c\u00e2t \u0219i copiilor.<\/p>\n\n\n\n<p>\u00cen cadrul evenimentelor conexe, la Universitatea de Arhitectur\u0103 \u0219i Urbanism \u201eIon Mincu\u201d sunt programate mese rotunde \u0219i dialoguri dedicate memoriei colective \u0219i reprezent\u0103rii ora\u0219ului prin film \u0219i cercetare, cu accent pe modul \u00een care experien\u021bele comune modeleaz\u0103 spa\u021biul urban \u0219i identitatea comunit\u0103\u021bilor.<\/p>\n\n\n\n<p>UrbanEye este realizat de asocia\u021bia ARTA \u00een dialog, cu sprijinul Ordinului Arhitec\u021bilor din Rom\u00e2nia \u0219i Administra\u021biei Fondului Cultural Na\u021bional, \u0219i \u00een parteneriat cu Institutul Francez, Cinema Elvire Popesco, universit\u0103\u021bi \u0219i alte institu\u021bii culturale din Bucure\u0219ti.<\/p>\n\n\n\n<figure class=\"wp-block-image size-full\"><img loading=\"lazy\" decoding=\"async\" width=\"526\" height=\"275\" data-attachment-id=\"21525\" data-permalink=\"https:\/\/revistacultura.ro\/agenda\/2025\/11\/urbaneye-festival-cu-documentare-si-teatru-despre-comunitati-si-locuire\/urbaneye_2025\/\" data-orig-file=\"https:\/\/revistacultura.ro\/agenda\/wp-content\/uploads\/2025\/11\/urbaneye_2025.jpg\" data-orig-size=\"526,275\" data-comments-opened=\"1\" data-image-meta=\"{&quot;aperture&quot;:&quot;0&quot;,&quot;credit&quot;:&quot;&quot;,&quot;camera&quot;:&quot;&quot;,&quot;caption&quot;:&quot;&quot;,&quot;created_timestamp&quot;:&quot;0&quot;,&quot;copyright&quot;:&quot;&quot;,&quot;focal_length&quot;:&quot;0&quot;,&quot;iso&quot;:&quot;0&quot;,&quot;shutter_speed&quot;:&quot;0&quot;,&quot;title&quot;:&quot;&quot;,&quot;orientation&quot;:&quot;0&quot;}\" data-image-title=\"urbaneye_2025\" data-image-description=\"\" data-image-caption=\"\" data-large-file=\"https:\/\/revistacultura.ro\/agenda\/wp-content\/uploads\/2025\/11\/urbaneye_2025.jpg\" src=\"https:\/\/revistacultura.ro\/agenda\/wp-content\/uploads\/2025\/11\/urbaneye_2025.jpg\" alt=\"\" class=\"wp-image-21525\" srcset=\"https:\/\/revistacultura.ro\/agenda\/wp-content\/uploads\/2025\/11\/urbaneye_2025.jpg 526w, https:\/\/revistacultura.ro\/agenda\/wp-content\/uploads\/2025\/11\/urbaneye_2025-400x209.jpg 400w, https:\/\/revistacultura.ro\/agenda\/wp-content\/uploads\/2025\/11\/urbaneye_2025-200x105.jpg 200w\" sizes=\"auto, (max-width: 526px) 100vw, 526px\" \/><\/figure>\n\n\n\n<p>vezi \u0219i<\/p>\n\n\n\n<figure class=\"wp-block-embed is-type-wp-embed is-provider-blogul-revistei-cultura wp-block-embed-blogul-revistei-cultura\"><div class=\"wp-block-embed__wrapper\">\n<blockquote class=\"wp-embedded-content\" data-secret=\"EwLXsp1leO\"><a href=\"https:\/\/blog.revistacultura.ro\/2025\/10\/30\/dosarul-revistei-urbanitas-migratia-si-diversitatea-culturala-in-perioadele-vechi\/\">Dosarul revistei Urbanitas: migra\u021bia \u0219i diversitatea cultural\u0103 \u00een perioadele vechi<\/a><\/blockquote><iframe loading=\"lazy\" class=\"wp-embedded-content\" sandbox=\"allow-scripts\" security=\"restricted\" style=\"position: absolute; visibility: hidden;\" title=\"&#8222;Dosarul revistei Urbanitas: migra\u021bia \u0219i diversitatea cultural\u0103 \u00een perioadele vechi&#8221; &#8211; Blogul revistei Cultura\" src=\"https:\/\/blog.revistacultura.ro\/2025\/10\/30\/dosarul-revistei-urbanitas-migratia-si-diversitatea-culturala-in-perioadele-vechi\/embed\/#?secret=D9baWOmItu#?secret=EwLXsp1leO\" data-secret=\"EwLXsp1leO\" width=\"600\" height=\"338\" frameborder=\"0\" marginwidth=\"0\" marginheight=\"0\" scrolling=\"no\"><\/iframe>\n<\/div><\/figure>\n","protected":false},"excerpt":{"rendered":"<p>30 octombrie \u2014 9 noiembrie 2025, Bucure\u0219ti UrbanEye Film Festival revine la Bucure\u0219ti \u00eentre 30 octombrie \u0219i 9 noiembrie 2025 pentru a douasprezecea edi\u021bie, dedicat\u0103 explor\u0103rii conceptului de gol, care simbolizeaz\u0103 at\u00e2t absen\u021ba, c\u00e2t \u0219i posibilitatea reconstruc\u021biei. Festivalul aduce \u00een fa\u021ba publicului documentare despre arhitectur\u0103, ora\u0219e, comunit\u0103\u021bi \u0219i locuire, oferind o perspectiv\u0103 asupra modului \u00een&hellip;&nbsp;<a href=\"https:\/\/revistacultura.ro\/agenda\/2025\/11\/urbaneye-festival-cu-documentare-si-teatru-despre-comunitati-si-locuire\/\" rel=\"bookmark\">Cite\u0219te mai mult &raquo;<span class=\"screen-reader-text\">UrbanEye &#8211; festival cu documentare \u0219i teatru despre comunit\u0103\u021bi \u0219i locuire<\/span><\/a><\/p>\n","protected":false},"author":1,"featured_media":21525,"comment_status":"open","ping_status":"open","sticky":false,"template":"","format":"standard","meta":{"neve_meta_sidebar":"","neve_meta_container":"","neve_meta_enable_content_width":"","neve_meta_content_width":0,"neve_meta_title_alignment":"","neve_meta_author_avatar":"","neve_post_elements_order":"","neve_meta_disable_header":"","neve_meta_disable_footer":"","neve_meta_disable_title":"","jetpack_post_was_ever_published":false,"_jetpack_newsletter_access":"","_jetpack_dont_email_post_to_subs":false,"_jetpack_newsletter_tier_id":0,"_jetpack_memberships_contains_paywalled_content":false,"_jetpack_memberships_contains_paid_content":false,"footnotes":"","jetpack_publicize_message":"","jetpack_publicize_feature_enabled":true,"jetpack_social_post_already_shared":true,"jetpack_social_options":{"image_generator_settings":{"template":"highway","default_image_id":0,"font":"","enabled":false},"version":2}},"categories":[152],"tags":[],"class_list":["post-21524","post","type-post","status-publish","format-standard","has-post-thumbnail","hentry","category-agenda-cultura"],"jetpack_publicize_connections":[],"jetpack_featured_media_url":"https:\/\/revistacultura.ro\/agenda\/wp-content\/uploads\/2025\/11\/urbaneye_2025.jpg","jetpack_sharing_enabled":true,"jetpack-related-posts":[{"id":21534,"url":"https:\/\/revistacultura.ro\/agenda\/2025\/11\/timisoara-expozitia-atlasul-singuratatii\/","url_meta":{"origin":21524,"position":0},"title":"Timi\u0219oara: expozi\u021bia Atlasul Singur\u0103t\u0103\u021bii","author":"Cultura","date":"3 noiembrie 2025","format":false,"excerpt":"Atlasul Singur\u0103t\u0103\u021bii @GenZ:TM \u2013 o expozi\u021bie despre cum tr\u0103iesc tinerii singur\u0103tatea \u00een era conexiunilor permanenteC\u00e2t de aproape suntem unii de al\u021bii \u00eentr-o lume mereu conectat\u0103? Expozi\u021bia \u201eAtlasul Singur\u0103t\u0103\u021bii @GenZ:TM\u201d, care va putea fi vizitat\u0103 \u00eentre 30 octombrie \u0219i 9 noiembrie \u00een Timi\u0219oara, la Ambasada (Splaiul Pene\u0219 Curcanul nr. 4-5), exploreaz\u0103\u2026","rel":"","context":"\u00cen \u201ecomunicate\u201d","block_context":{"text":"comunicate","link":"https:\/\/revistacultura.ro\/agenda\/category\/comunicate\/"},"img":{"alt_text":"","src":"https:\/\/i0.wp.com\/revistacultura.ro\/agenda\/wp-content\/uploads\/2025\/11\/Atlasul-singuratatii_2.webp?resize=350%2C200&ssl=1","width":350,"height":200,"srcset":"https:\/\/i0.wp.com\/revistacultura.ro\/agenda\/wp-content\/uploads\/2025\/11\/Atlasul-singuratatii_2.webp?resize=350%2C200&ssl=1 1x, https:\/\/i0.wp.com\/revistacultura.ro\/agenda\/wp-content\/uploads\/2025\/11\/Atlasul-singuratatii_2.webp?resize=525%2C300&ssl=1 1.5x, https:\/\/i0.wp.com\/revistacultura.ro\/agenda\/wp-content\/uploads\/2025\/11\/Atlasul-singuratatii_2.webp?resize=700%2C400&ssl=1 2x"},"classes":[]},{"id":21425,"url":"https:\/\/revistacultura.ro\/agenda\/2025\/09\/relatopia-o-experienta-artistica-interactiva-despre-convietuire-bucuresti-iasi-katerini\/","url_meta":{"origin":21524,"position":1},"title":"RELATOPIA \u2013 O experien\u021b\u0103 artistic\u0103 interactiv\u0103 despre convie\u021buire: Bucure\u0219ti, Ia\u0219i, Katerini","author":"Cultura","date":"25 septembrie 2025","format":false,"excerpt":"RELATOPIA este un amplu proiect investigativ \u0219i artistic care exploreaz\u0103 complexitatea rela\u021biilor de cuplu - \u00een societatea contemporan\u0103, dar \u0219i \u00een deceniile trecute. Proiectul, ini\u021biat de Asocia\u021bia VAR Cultural, aduce \u00een prim-plan m\u0103rturii autentice, crea\u021bii interdisciplinare \u0219i o arhiv\u0103 digital\u0103 extins\u0103, oferind vizitatorilor o experien\u021b\u0103 senzorial\u0103 profund\u0103 \u0219i provocatoare. Avataruri\u2026","rel":"","context":"\u00cen \u201eProiecte sus\u021binute de revista CULTURA\u201d","block_context":{"text":"Proiecte sus\u021binute de revista CULTURA","link":"https:\/\/revistacultura.ro\/agenda\/category\/parteneriate\/"},"img":{"alt_text":"","src":"https:\/\/i0.wp.com\/revistacultura.ro\/agenda\/wp-content\/uploads\/2025\/09\/afis-relatopia-var-cultural.webp?resize=350%2C200&ssl=1","width":350,"height":200,"srcset":"https:\/\/i0.wp.com\/revistacultura.ro\/agenda\/wp-content\/uploads\/2025\/09\/afis-relatopia-var-cultural.webp?resize=350%2C200&ssl=1 1x, https:\/\/i0.wp.com\/revistacultura.ro\/agenda\/wp-content\/uploads\/2025\/09\/afis-relatopia-var-cultural.webp?resize=525%2C300&ssl=1 1.5x, https:\/\/i0.wp.com\/revistacultura.ro\/agenda\/wp-content\/uploads\/2025\/09\/afis-relatopia-var-cultural.webp?resize=700%2C400&ssl=1 2x"},"classes":[]},{"id":20988,"url":"https:\/\/revistacultura.ro\/agenda\/2023\/06\/timisoara-capitala-culturala-europeana-selectii-din-programe\/","url_meta":{"origin":21524,"position":2},"title":"Timi\u0219oara, Capital\u0103 Cultural\u0103 European\u0103 &#8211; selec\u021bii din programe","author":"Cultura","date":"4 iunie 2023","format":false,"excerpt":"Cu \u00eent\u00e2rzierea datorat\u0103 pandemiei, Timi\u0219oara este \u00een acest an capital\u0103 cultural\u0103 european\u0103. Unele programe legate de acest eveniment au \u00eenceput de anul trecut. Lansarea oficial\u0103 a fost \u00een februarie 2023. Prima parte a anului a dus mari evenimente \u0219i a constituit debutul pentru majoritatea programelor \u00eenscrise \u00een calendar. \u00cen perioada\u2026","rel":"","context":"\u00cen \u201eAgenda culturala\u201d","block_context":{"text":"Agenda culturala","link":"https:\/\/revistacultura.ro\/agenda\/category\/agenda-cultura\/"},"img":{"alt_text":"","src":"https:\/\/i0.wp.com\/revistacultura.ro\/agenda\/wp-content\/uploads\/2022\/02\/Teatrul_National_Timisoara.jpg?resize=350%2C200&ssl=1","width":350,"height":200,"srcset":"https:\/\/i0.wp.com\/revistacultura.ro\/agenda\/wp-content\/uploads\/2022\/02\/Teatrul_National_Timisoara.jpg?resize=350%2C200&ssl=1 1x, https:\/\/i0.wp.com\/revistacultura.ro\/agenda\/wp-content\/uploads\/2022\/02\/Teatrul_National_Timisoara.jpg?resize=525%2C300&ssl=1 1.5x, https:\/\/i0.wp.com\/revistacultura.ro\/agenda\/wp-content\/uploads\/2022\/02\/Teatrul_National_Timisoara.jpg?resize=700%2C400&ssl=1 2x"},"classes":[]},{"id":21879,"url":"https:\/\/revistacultura.ro\/agenda\/2026\/04\/teatru-documentar-despre-nostalgia-comunista-etapa-1-concurs-pentru-tinerii-dramaturgi\/","url_meta":{"origin":21524,"position":3},"title":"Teatru documentar despre nostalgia comunist\u0103. Etapa 1: concurs pentru tinerii dramaturgi","author":"Cultura","date":"30 aprilie 2026","format":false,"excerpt":"29 aprilie \u2013 12 mai 2026 Compania de teatru Vanner Collective lanseaz\u0103 un proiect multianual despre memorie, nostalgie \u0219i dezinformare \u0219i invit\u0103 dramaturgii din Bucure\u0219ti s\u0103 se al\u0103ture Vanner Collective lanseaz\u0103 proiectul multianual Truth Reframed. Re\u021bele de rezilien\u021b\u0103 cultural\u0103 prin art\u0103, istorie \u0219i dialog, care exploreaz\u0103 rela\u021bia dintre memorie, nostalgia\u2026","rel":"","context":"\u00cen \u201ecomunicate\u201d","block_context":{"text":"comunicate","link":"https:\/\/revistacultura.ro\/agenda\/category\/comunicate\/"},"img":{"alt_text":"","src":"https:\/\/i0.wp.com\/revistacultura.ro\/agenda\/wp-content\/uploads\/2026\/04\/Vizual-Vanner-Collective.webp?resize=350%2C200&ssl=1","width":350,"height":200,"srcset":"https:\/\/i0.wp.com\/revistacultura.ro\/agenda\/wp-content\/uploads\/2026\/04\/Vizual-Vanner-Collective.webp?resize=350%2C200&ssl=1 1x, https:\/\/i0.wp.com\/revistacultura.ro\/agenda\/wp-content\/uploads\/2026\/04\/Vizual-Vanner-Collective.webp?resize=525%2C300&ssl=1 1.5x, https:\/\/i0.wp.com\/revistacultura.ro\/agenda\/wp-content\/uploads\/2026\/04\/Vizual-Vanner-Collective.webp?resize=700%2C400&ssl=1 2x"},"classes":[]},{"id":21758,"url":"https:\/\/revistacultura.ro\/agenda\/2026\/03\/expozitie-eveniment-la-mnac-plecat-fotografii-din-emigratia-romaneasca\/","url_meta":{"origin":21524,"position":4},"title":"Expozi\u021bie-eveniment la MNAC. \u201ePlecat\u201d &#8211; fotografii din emigra\u021bia rom\u00e2neasc\u0103","author":"Cultura","date":"15 martie 2026","format":false,"excerpt":"Muzeul Na\u021bional de Art\u0103 Contemporan\u0103 (MNAC) din Bucure\u0219ti a programat expozi\u021bia de fotografie documentar\u0103 \u00abPlecat\u00bb, semnat\u0103 de fotograful Cosmin Bumbu\u021b \u0219i jurnalista Elena Stancu. Evenimentul va avea loc \u00eentre 19 martie \u0219i 19 aprilie 2026, cu un vernisaj programat pentru 19 martie, ora 18:30. Expozi\u021bia exploreaz\u0103 tema migra\u021biei rom\u00e2ne\u0219ti \u00een\u2026","rel":"","context":"\u00cen \u201eAgenda culturala\u201d","block_context":{"text":"Agenda culturala","link":"https:\/\/revistacultura.ro\/agenda\/category\/agenda-cultura\/"},"img":{"alt_text":"","src":"https:\/\/i0.wp.com\/revistacultura.ro\/agenda\/wp-content\/uploads\/2026\/03\/002_Foto_Cosmin-Bumbut_Teleleu.webp?resize=350%2C200&ssl=1","width":350,"height":200,"srcset":"https:\/\/i0.wp.com\/revistacultura.ro\/agenda\/wp-content\/uploads\/2026\/03\/002_Foto_Cosmin-Bumbut_Teleleu.webp?resize=350%2C200&ssl=1 1x, https:\/\/i0.wp.com\/revistacultura.ro\/agenda\/wp-content\/uploads\/2026\/03\/002_Foto_Cosmin-Bumbut_Teleleu.webp?resize=525%2C300&ssl=1 1.5x, https:\/\/i0.wp.com\/revistacultura.ro\/agenda\/wp-content\/uploads\/2026\/03\/002_Foto_Cosmin-Bumbut_Teleleu.webp?resize=700%2C400&ssl=1 2x"},"classes":[]},{"id":21496,"url":"https:\/\/revistacultura.ro\/agenda\/2025\/10\/astra-film-va-continua-in-online\/","url_meta":{"origin":21524,"position":5},"title":"Astra Film va continua \u00een online","author":"Cultura","date":"23 octombrie 2025","format":false,"excerpt":"Festivalul dedicat filmelor documentare, Astra Film, va continua \u00een online, \u00een perioada 26 octombrie - 9 noiembrie, cu acces VoD pentru cei care nu au reu\u0219it s\u0103 ajung\u0103 la Sibiu pe durata festivalului. Din selec\u021bia care va fi disponibil\u0103 online, pe baz\u0103 de abonament, fac parte 34 de filme, grupate\u2026","rel":"","context":"\u00cen \u201eRecomand\u0103ri\u201d","block_context":{"text":"Recomand\u0103ri","link":"https:\/\/revistacultura.ro\/agenda\/category\/recomandarile-cultura\/"},"img":{"alt_text":"","src":"https:\/\/i0.wp.com\/revistacultura.ro\/agenda\/wp-content\/uploads\/2025\/10\/astra-film-online.webp?resize=350%2C200&ssl=1","width":350,"height":200,"srcset":"https:\/\/i0.wp.com\/revistacultura.ro\/agenda\/wp-content\/uploads\/2025\/10\/astra-film-online.webp?resize=350%2C200&ssl=1 1x, https:\/\/i0.wp.com\/revistacultura.ro\/agenda\/wp-content\/uploads\/2025\/10\/astra-film-online.webp?resize=525%2C300&ssl=1 1.5x"},"classes":[]}],"_links":{"self":[{"href":"https:\/\/revistacultura.ro\/agenda\/wp-json\/wp\/v2\/posts\/21524","targetHints":{"allow":["GET"]}}],"collection":[{"href":"https:\/\/revistacultura.ro\/agenda\/wp-json\/wp\/v2\/posts"}],"about":[{"href":"https:\/\/revistacultura.ro\/agenda\/wp-json\/wp\/v2\/types\/post"}],"author":[{"embeddable":true,"href":"https:\/\/revistacultura.ro\/agenda\/wp-json\/wp\/v2\/users\/1"}],"replies":[{"embeddable":true,"href":"https:\/\/revistacultura.ro\/agenda\/wp-json\/wp\/v2\/comments?post=21524"}],"version-history":[{"count":4,"href":"https:\/\/revistacultura.ro\/agenda\/wp-json\/wp\/v2\/posts\/21524\/revisions"}],"predecessor-version":[{"id":21530,"href":"https:\/\/revistacultura.ro\/agenda\/wp-json\/wp\/v2\/posts\/21524\/revisions\/21530"}],"wp:featuredmedia":[{"embeddable":true,"href":"https:\/\/revistacultura.ro\/agenda\/wp-json\/wp\/v2\/media\/21525"}],"wp:attachment":[{"href":"https:\/\/revistacultura.ro\/agenda\/wp-json\/wp\/v2\/media?parent=21524"}],"wp:term":[{"taxonomy":"category","embeddable":true,"href":"https:\/\/revistacultura.ro\/agenda\/wp-json\/wp\/v2\/categories?post=21524"},{"taxonomy":"post_tag","embeddable":true,"href":"https:\/\/revistacultura.ro\/agenda\/wp-json\/wp\/v2\/tags?post=21524"}],"curies":[{"name":"wp","href":"https:\/\/api.w.org\/{rel}","templated":true}]}}