{"id":21478,"date":"2025-10-13T11:07:17","date_gmt":"2025-10-13T08:07:17","guid":{"rendered":"https:\/\/revistacultura.ro\/agenda\/?p=21478"},"modified":"2025-10-13T11:07:19","modified_gmt":"2025-10-13T08:07:19","slug":"evenimentele-conexe-ale-festivalului-national-de-teatru-2025","status":"publish","type":"post","link":"https:\/\/revistacultura.ro\/agenda\/2025\/10\/evenimentele-conexe-ale-festivalului-national-de-teatru-2025\/","title":{"rendered":"Evenimentele conexe ale Festivalului Na\u021bional de Teatru 2025"},"content":{"rendered":"\n<p>Cea de-a 35-a edi\u021bie a Festivalului Na\u021bional de Teatru (FNT) se desf\u0103\u0219oar\u0103 \u00eentre 17 \u0219i 26 octombrie 2025, la Bucure\u0219ti, sub tema \u201eFNT 2025. Te prive\u0219te!\u201d. Organizator este Asocia\u021bia UNITER \u2013 Uniunea Teatral\u0103 din Rom\u00e2nia, cu sprijinul Ministerului Culturii, Prim\u0103riei Capitalei \u0219i ARCUB.<\/p>\n\n\n\n<p>De\u0219i biletele pentru spectacole sunt aproape epuizate, festivalul ofer\u0103 un program bogat de evenimente conexe, deschise publicului. Printre acestea se num\u0103r\u0103 cinci spectacole lectur\u0103 \u00een parteneriat cu institute culturale \u0219i teatre din \u021bar\u0103, patru evenimente ale Teatrului Na\u021bional Radiofonic, peste 30 de spectacole FNT On Air, \u0219apte spectacole TVR Cultural la FNT, dezbateri dedicate dramaturgiei contemporane, cinci expozi\u021bii \u0219i instala\u021bii media, precum \u0219i activit\u0103\u021bi educa\u021bionale \u0219i ateliere pentru elevi \u0219i studen\u021bi.<\/p>\n\n\n\n<h3 class=\"wp-block-heading\">Teatrul dincolo de scen\u0103<\/h3>\n\n\n\n<p>Din programul FNT fac parte cinci spectacole lectur\u0103, \u00een parteneriat cu Instititul Francez, Instititul Cervantes, Teatrul Masca, Teatrul \u201eFani Tardini\u201d din Gala\u021bi, Teatrul \u201eRegina Maria\u201d din Oradea; patru evenimente desf\u0103\u0219urate \u00een cadrul modulului \u201eTeatrul Na\u021bional Radiofonic la FNT\u201d, la care se adaug\u0103 peste 30 de spectacole de teatru radiofonic (FNT On Air) difuzate pe canalele Radio Rom\u00e2nia Cultural \u0219i Radio Rom\u00e2nia Actualit\u0103\u021bi; difuzarea a \u0219apte spectacole de teatru TV \u00een sec\u021biunea \u201eTVR Cultural la FNT\u201d. De asemenea, va avea loc timp de patru zile (\u00een cele dou\u0103 weeked-uri ale FNT) Maratonul lans\u0103rilor de carte, prilej cu care vor fi lansate \u0219i prezentate aproximativ 40 de volume de teatru.<\/p>\n\n\n\n<p>Studio FNT by Cinemaraton, \u201evocea FNT\u201d, transmite de la UNITER \u00eent\u00e2lniri cu arti\u0219ti (moderatori Zomir Dimovici \u0219i Octavian Szalad). Zilnic, \u00een perioada 18-26 octombrie, cu dou\u0103 ore de transmisie \u2013 11:00 \u0219i 12:00, publicul va putea afla mai multe din culisele FNT \u0219i despre teatrul rom\u00e2nesc de azi. Transmisia va fi Live pe Cinemaraton, fnt.ro, contul de Facebook FNT \u0219i canalul de YouTube al UNITER.<\/p>\n\n\n\n<h3 class=\"wp-block-heading\">Conferin\u021be \u0219i \u00eent\u00e2lniri<\/h3>\n\n\n\n<p>Edi\u021bia din acest an a FNT programeaz\u0103 numeroase \u00eent\u00e2lniri pe tema dramaturgiei contemporane. Patru astfel de evenimente sunt incluse \u00een micro-sec\u021biunea #implicat, sus\u021binut\u0103 de Forumul Cultural Austriac. De asemenea, modulul \u201eFNT Educa\u021bional\u201d cuprinde dou\u0103 spectacole \u0219i trei ateliere de teatru, sus\u021binute \u00een \u0219ase \u0219coli \u0219i licee bucure\u0219tene, dar \u0219i \u00eent\u00e2lniri cu 15 autori de teatru.<\/p>\n\n\n\n<p>UNITER \u2013 Centrul Rom\u00e2n ITI organizeaz\u0103 (20 \u0219i 21 octombrie) evenimentul \u201e\u00cent\u00e2lnirile Consiliului Regional European\u201d (European Regional Council \u2013 ERC) al Institutului Interna\u021bional de Teatru \u2013 oportunitate pentru centrele ITI europene de a se conecta \u0219i de a promova obiective comune \u00een domeniul artelor.<\/p>\n\n\n\n<p>Una dintre cele mai spectaculoase \u00eent\u00e2lniri programate este \u201eDramaturgii, adapt\u0103ri \u0219i poetici\u201d \u2013 Radu Afrim (artist asociat al Festivalului Na\u021bional de Teatru) \u00een dialog cu Ionu\u021b Sociu (jurnalist cultural \u0219i critic de teatru). Se va discuta despre dimensiunea dramaturgic\u0103 din crea\u021bia artistului Radu Afrim (19 octombrie, ora 11:00, ARCUB, Sala Mare). \u00cen cadru modulului FNT Educa\u021bional, regizorul Radu Afrim revine \u00een fa\u021ba publicului pe data de 23 octombrie, ora 16:00, la Sala Media a TNB. Tema discu\u021biei \u201eCum ne form\u0103m. Cum evolu\u0103m. Cum ne privim\u201d. Dialogul este moderat de Mihaela Michailov, curatoare a modulului FNT Educa\u021bional \u0219i va fi axat pe \u201einfluen\u021be artistice transformatoare, desprinderi necesare, vulnerabilit\u0103\u021bi artistice \u0219i momente de nesiguran\u021b\u0103\u201d. Au fost invitate la discu\u021bie trupe de teatru de adolescen\u021bi din Capital\u0103.<\/p>\n\n\n\n<p>Un alt eveniment g\u0103zduit \u00een FNT se intituleaz\u0103 \u201ePovestea unui vis. Grivi\u021ba53\u201d (inaugurarea cl\u0103dirii Teatrul \u201eGrivi\u021ba53. Primul teatru construit \u00eempreun\u0103\u201d). Este vorba de \u201eo c\u0103l\u0103torie imersiv\u0103 \u00een intimitatea Teatrului Grivi\u021ba53\u201d, cel mai recent teatru din Capital\u0103, creat dup\u0103 un efort sus\u021binut, cu o larg\u0103 participare din partea publicului. Elementul central al evenimentului este o instala\u021bie de obiecte autentice, fragmente de jurnal foto-video, m\u0103rturii nem\u0103rturisite, g\u00e2nduri nerostite \u0219i emo\u021bii sedimentate pe parcursul unui deceniu. Tot la Teatrul Grivi\u021ba53, pe data de 24 octombrie, de la ora 00:00, va avea loc premiera cu \u201eIubirea din noaptea prohodului\u201d de Nora Iuga (text scris special pentru Teatrul Grivi\u021ba53), un performance cu Rodica Mandache.<\/p>\n\n\n\n<p>O discu\u021bie liber\u0103 despre arhivele creatoarelor din teatrul rom\u00e2nesc, intitulat\u0103 \u201eCu o femeie nu se face prim\u0103var\u0103. Arhive de ieri pentru teatrul de azi\u201d (www.fem100.ro) va avea loc pe data de 24 octombrie, ora 11:00, la ARCUB, Sala Mare, la care va fi prezentat\u0103 Arhiva feminist\u0103 de teatru FEM100.<\/p>\n\n\n\n<h3 class=\"wp-block-heading\">Expozi\u021bii de teatru<\/h3>\n\n\n\n<p>Separat de acestea, FNT35 programeaz\u0103 cinci expozi\u021bii \u0219i instala\u021bii media. La Muzeul Na\u021bional de Art\u0103 Contemporan\u0103 \u2013 MNAC Bucure\u0219ti va fi vernisat\u0103 expozi\u021bia \u201eCostum\/ Sculptur\u0103\/ Corp. Obiectele teatrale ale regizorului Tadeusz Kantor\u201d. La MNAC Bucure\u0219ti va avea loc \u0219i \u201eKantor. \u00cen jurul \u00centoarcerii lui Odiseu\u201d \u2013 atelier teatral de explorare creativ\u0103 \u0219i lucrul cu memoria, corpul \u0219i textul, dedicat studen\u021bilor \u0219i tinerilor interesa\u021bi de crea\u021bia scenic\u0103.<\/p>\n\n\n\n<p>Pe \u00eentreaga perioad\u0103 a festivalului va fi g\u0103zduit\u0103, \u00een Foaierul S\u0103lii Media a Teatrului Na\u021bional Bucure\u0219ti expozi\u021bia inedit\u0103 \u201eTotul este teatru\u201d \u2013 cu fotografii realizate de artista Zsuzsa Hullan din Ungaria.<\/p>\n\n\n\n<p>FNT35 va g\u0103zdui \u0219i evenimentul \u201eMihai Ispirescu 85\u201d (23 octombrie, ora 13:00, la Muzeul Na\u021bional al Literaturii Rom\u00e2ne).<\/p>\n\n\n<figure class=\"wp-block-post-featured-image\"><img loading=\"lazy\" decoding=\"async\" width=\"700\" height=\"981\" src=\"https:\/\/revistacultura.ro\/agenda\/wp-content\/uploads\/2025\/10\/afis-fnt-35-2025.jpg\" class=\"attachment-post-thumbnail size-post-thumbnail wp-post-image\" alt=\"\" style=\"object-fit:cover;\" srcset=\"https:\/\/revistacultura.ro\/agenda\/wp-content\/uploads\/2025\/10\/afis-fnt-35-2025.jpg 700w, https:\/\/revistacultura.ro\/agenda\/wp-content\/uploads\/2025\/10\/afis-fnt-35-2025-214x300.jpg 214w, https:\/\/revistacultura.ro\/agenda\/wp-content\/uploads\/2025\/10\/afis-fnt-35-2025-143x200.jpg 143w\" sizes=\"auto, (max-width: 700px) 100vw, 700px\" data-attachment-id=\"21479\" data-permalink=\"https:\/\/revistacultura.ro\/agenda\/2025\/10\/evenimentele-conexe-ale-festivalului-national-de-teatru-2025\/afis-fnt-35-2025\/\" data-orig-file=\"https:\/\/revistacultura.ro\/agenda\/wp-content\/uploads\/2025\/10\/afis-fnt-35-2025.jpg\" data-orig-size=\"700,981\" data-comments-opened=\"1\" data-image-meta=\"{&quot;aperture&quot;:&quot;0&quot;,&quot;credit&quot;:&quot;&quot;,&quot;camera&quot;:&quot;&quot;,&quot;caption&quot;:&quot;&quot;,&quot;created_timestamp&quot;:&quot;0&quot;,&quot;copyright&quot;:&quot;&quot;,&quot;focal_length&quot;:&quot;0&quot;,&quot;iso&quot;:&quot;0&quot;,&quot;shutter_speed&quot;:&quot;0&quot;,&quot;title&quot;:&quot;&quot;,&quot;orientation&quot;:&quot;1&quot;}\" data-image-title=\"afis-fnt-35-2025\" data-image-description=\"\" data-image-caption=\"\" data-large-file=\"https:\/\/revistacultura.ro\/agenda\/wp-content\/uploads\/2025\/10\/afis-fnt-35-2025.jpg\" \/><\/figure>\n\n\n<h3 class=\"wp-block-heading\">Organizatorii<\/h3>\n\n\n\n<p>Detalii despre evenimentele din FNT35 sunt disponibile pe www.fnt.ro, precum \u0219i pe conturile oficiale de Facebook \u0219i Instagram ale Festivalului Na\u021bional de Teatru.<\/p>\n\n\n\n<p><strong>PRODUC\u0102TOR:<br \/><\/strong>Asocia\u021bia UNITER \u2013 Uniunea Teatral\u0103 din Rom\u00e2nia<\/p>\n\n\n\n<p><strong>PROIECT CULTURAL FINAN\u0162AT DE:<br \/><\/strong>Ministerul Culturii<\/p>\n\n\n\n<p><strong>CO-PRODUC\u0102TORI:<br \/><\/strong>Prim\u0103ria Municipiului Bucure\u015fti prin ARCUB \u2013 Centrul Cultural al Municipiului Bucure\u0219ti<\/p>\n\n\n\n<p><strong>PARTENERI:<br \/><\/strong>Institutul Cultural Rom\u00e2n<br \/>Teatrul Na\u021bional \u201eI.L. Caragiale\u201d din Bucure\u0219ti<br \/>ITI \u2013 Centrul Rom\u00e2n al Institutului Interna\u0163ional de Teatru<\/p>\n\n\n\n<p><strong>CO-ORGANIZATOR:<br \/><\/strong>Societatea Rom\u00e2n\u0103 de Televiziune<\/p>\n\n\n\n<p><strong>Modul Focus:<\/strong> Radu Afrim sus\u021binut de: BRD \u2013 Groupe Soci\u00e9t\u00e9 G\u00e9n\u00e9rale<\/p>\n\n\n\n<p><strong>PARTENER PRINCIPAL:<br \/><\/strong>MOL Rom\u00e2nia<\/p>\n\n\n\n<p><strong>PARTENER MEDIA TRADI\u0162IONAL:<br \/><\/strong>Radio Rom\u00e2nia Cultural<\/p>\n\n\n\n<p><strong>Studio FNT by:<br \/><\/strong>Cinemaraton<\/p>\n\n\n\n<p><strong>PARTENER MEDIA PRINCIPAL:<br \/><\/strong>Radio Guerrilla<\/p>\n\n\n\n<p><strong>PARTENER CULTURAL:<br \/><\/strong>Radio RFI Rom\u00e2nia<\/p>\n\n\n\n<p><strong>PARTENERI INSTITU\u0162IONALI:<br \/><\/strong>Institutul Adam Mickiewicz<br \/>Institutul Polonez din Bucure\u0219ti<br \/>Sezonul Cultural Polonia-Rom\u00e2nia 2024 2025<br \/>Cricoteka<br \/>Muzeul Na\u021bional de Art\u0103 Contemporan\u0103 \u2013 MNAC Bucure\u0219ti<br \/>Forumul Cultural Austriac Bucure\u0219ti<br \/>Instituto Cervantes din Bucure\u0219ti<br \/>Institutul Francez din Bucure\u0219ti<br \/>Institutul Liszt \u2013 Centrul Cultural Maghiar Bucure\u0219ti<\/p>\n\n\n\n<p>Teatrul Na\u021bional Radiofonic<br \/>C\u0103rture\u0219ti Modul<br \/>Teatrul Bulandra Bucure\u0219ti<br \/>Teatrul Metropolis<br \/>Teatrul Mic<br \/>Teatrul Odeon Bucure\u0219ti<\/p>\n\n\n\n<p>Centrul de Teatru Educa\u021bional Replika<br \/>Teatrul ACT<br \/>Teatrul Evreiesc de Stat<br \/>Teatrul Excelsior<br \/>Teatrul Masca<br \/>Teatrul Nottara Bucure\u0219ti<\/p>\n\n\n\n<p>Muzeul Na\u021bional al Literaturii Rom\u00e2ne<br \/>Opera Na\u021bional\u0103 Bucure\u0219ti<br \/>Recul \u2013 Remediu Cultural<\/p>\n\n\n\n<p>Asocia\u021bia Cultural\u0103 Grivi\u021ba53<\/p>\n\n\n\n<p>Restaurant Urban DADA<br \/>Restaurant SAVART<\/p>\n\n\n\n<p><strong>PARTENERI MEDIA:<br \/><\/strong>TVR1<br \/>TVR Info<br \/>TVR Cultural<\/p>\n\n\n\n<p>Ziarul Metropolis<br \/>www.happ.ro<br \/>Funda\u021bia Cultural\u0103 \u201eCamil Petrescu\u201d<br \/>Teatrul Azi<br \/>LiterNet<br \/>Scena.ro<br \/>bookhub.ro<br \/>Rom\u00e2nia pozitiv\u0103<br \/>Modernism.ro<br \/>Theatrescu.com<br \/>Munteanu Recomand\u0103<br \/>Cea\u0219ca de Cultur\u0103<\/p>\n\n\n\n<p>Zile \u0219i Nop\u021bi<\/p>\n\n\n\n<p>Adev\u0103rul<br \/>Historia<br \/>EuroNews<br \/>Oficiul de \u0219tiri<br \/>Deutsche Welle<\/p>\n\n\n\n<p><strong>SPONSOR:<br \/><\/strong>Domeniile Blaga<\/p>\n\n\n\n<p><strong>PARTENER DE MOBILITATE:<br \/><\/strong>BLUE<\/p>\n\n\n\n<p><strong>Voluntari \u00een FNT de la:<br \/><\/strong>Universitatea Na\u021bional\u0103 de Art\u0103 Teatral\u0103 \u0219i Cinematografic\u0103 \u201eI.L. Caragiale\u201d \u2013 UNATC<\/p>\n\n\n\n<p><strong>PARTENER DE MONITORIZARE:<br \/><\/strong>mediaTRUST<\/p>\n","protected":false},"excerpt":{"rendered":"<p>Cea de-a 35-a edi\u021bie a Festivalului Na\u021bional de Teatru (FNT) se desf\u0103\u0219oar\u0103 \u00eentre 17 \u0219i 26 octombrie 2025, la Bucure\u0219ti, sub tema \u201eFNT 2025. Te prive\u0219te!\u201d. Organizator este Asocia\u021bia UNITER \u2013 Uniunea Teatral\u0103 din Rom\u00e2nia, cu sprijinul Ministerului Culturii, Prim\u0103riei Capitalei \u0219i ARCUB. De\u0219i biletele pentru spectacole sunt aproape epuizate, festivalul ofer\u0103 un program bogat&hellip;&nbsp;<a href=\"https:\/\/revistacultura.ro\/agenda\/2025\/10\/evenimentele-conexe-ale-festivalului-national-de-teatru-2025\/\" rel=\"bookmark\">Cite\u0219te mai mult &raquo;<span class=\"screen-reader-text\">Evenimentele conexe ale Festivalului Na\u021bional de Teatru 2025<\/span><\/a><\/p>\n","protected":false},"author":1,"featured_media":21479,"comment_status":"open","ping_status":"open","sticky":false,"template":"","format":"standard","meta":{"neve_meta_sidebar":"","neve_meta_container":"","neve_meta_enable_content_width":"","neve_meta_content_width":0,"neve_meta_title_alignment":"","neve_meta_author_avatar":"","neve_post_elements_order":"","neve_meta_disable_header":"","neve_meta_disable_footer":"","neve_meta_disable_title":"","jetpack_post_was_ever_published":false,"_jetpack_newsletter_access":"","_jetpack_dont_email_post_to_subs":false,"_jetpack_newsletter_tier_id":0,"_jetpack_memberships_contains_paywalled_content":false,"_jetpack_memberships_contains_paid_content":false,"footnotes":"","jetpack_publicize_message":"","jetpack_publicize_feature_enabled":true,"jetpack_social_post_already_shared":true,"jetpack_social_options":{"image_generator_settings":{"template":"highway","default_image_id":0,"font":"","enabled":false},"version":2}},"categories":[152],"tags":[],"class_list":["post-21478","post","type-post","status-publish","format-standard","has-post-thumbnail","hentry","category-agenda-cultura"],"jetpack_publicize_connections":[],"jetpack_featured_media_url":"https:\/\/revistacultura.ro\/agenda\/wp-content\/uploads\/2025\/10\/afis-fnt-35-2025.jpg","jetpack_sharing_enabled":true,"jetpack-related-posts":[{"id":20198,"url":"https:\/\/revistacultura.ro\/agenda\/2019\/10\/dezbateri-si-conferinte-in-cadrul-fnt-2019\/","url_meta":{"origin":21478,"position":0},"title":"Dezbateri \u0219i conferin\u021be \u00een cadrul FNT 2019","author":"redactia","date":"18 octombrie 2019","format":false,"excerpt":"18 \u2013 27 OCTOMBRIE Festivalul Na\u021bional de Teatru Pe l\u00e2ng\u0103 cele 41 de piese de teatru din selec\u021bia oficial\u0103 (cu mai multe spectacole pentru fiecare pies\u0103) \u0219i de mont\u0103rile TNB care sunt programate \u00een calendarul FNT, festivalul de teatru este gazd\u0103 pentru numeroase alte manifest\u0103ri culturale, unele dintre ele cu\u2026","rel":"","context":"\u00cen \u201eAgenda culturala\u201d","block_context":{"text":"Agenda culturala","link":"https:\/\/revistacultura.ro\/agenda\/category\/agenda-cultura\/"},"img":{"alt_text":"","src":"https:\/\/i0.wp.com\/revistacultura.ro\/agenda\/wp-content\/uploads\/2019\/10\/fnt-fb.jpg?resize=350%2C200&ssl=1","width":350,"height":200,"srcset":"https:\/\/i0.wp.com\/revistacultura.ro\/agenda\/wp-content\/uploads\/2019\/10\/fnt-fb.jpg?resize=350%2C200&ssl=1 1x, https:\/\/i0.wp.com\/revistacultura.ro\/agenda\/wp-content\/uploads\/2019\/10\/fnt-fb.jpg?resize=525%2C300&ssl=1 1.5x, https:\/\/i0.wp.com\/revistacultura.ro\/agenda\/wp-content\/uploads\/2019\/10\/fnt-fb.jpg?resize=700%2C400&ssl=1 2x, https:\/\/i0.wp.com\/revistacultura.ro\/agenda\/wp-content\/uploads\/2019\/10\/fnt-fb.jpg?resize=1050%2C600&ssl=1 3x"},"classes":[]},{"id":20916,"url":"https:\/\/revistacultura.ro\/agenda\/2022\/11\/vernisaj-nod-in-cinci-in-cadrul-fnt-2022\/","url_meta":{"origin":21478,"position":1},"title":"Vernisaj \u201eNod \u00een cinci\u201d \u00een cadrul FNT 2022","author":"Cultura","date":"2 noiembrie 2022","format":false,"excerpt":"Expozi\u021bia \u201eNod \u00een cinci\u201d, curatoriat\u0103 de Cristina Rusiecki \u00een completarea proiectului editorial \u201eNod \u00een cinci. C\u00e2teva abord\u0103ri \u00een teatru\u201d va fi vernisat\u0103 miercuri, 9 noiembrie, la ARCUB, sala Coloane. Evenimentul face parte din calendarul Festivalului Na\u021bional de Teatru, edi\u021bia XXXII, 2022. De asemenea, volumul \u201eNod \u00een cinci\u201d va fi lansat\u2026","rel":"","context":"\u00cen \u201eProiecte sus\u021binute de revista CULTURA\u201d","block_context":{"text":"Proiecte sus\u021binute de revista CULTURA","link":"https:\/\/revistacultura.ro\/agenda\/category\/parteneriate\/"},"img":{"alt_text":"","src":"https:\/\/i0.wp.com\/revistacultura.ro\/agenda\/wp-content\/uploads\/2022\/11\/vernisaj.webp?resize=350%2C200&ssl=1","width":350,"height":200,"srcset":"https:\/\/i0.wp.com\/revistacultura.ro\/agenda\/wp-content\/uploads\/2022\/11\/vernisaj.webp?resize=350%2C200&ssl=1 1x, https:\/\/i0.wp.com\/revistacultura.ro\/agenda\/wp-content\/uploads\/2022\/11\/vernisaj.webp?resize=525%2C300&ssl=1 1.5x, https:\/\/i0.wp.com\/revistacultura.ro\/agenda\/wp-content\/uploads\/2022\/11\/vernisaj.webp?resize=700%2C400&ssl=1 2x"},"classes":[]},{"id":20178,"url":"https:\/\/revistacultura.ro\/agenda\/2019\/09\/montarea-henric-al-iv-lea-a-teatrului-maghiar-din-timisoara-va-veni-la-bucuresti\/","url_meta":{"origin":21478,"position":2},"title":"Montarea \u201eHENRIC al IV-lea\u201d a Teatrului Maghiar din Timi\u0219oara va veni la Bucure\u0219ti","author":"Revista","date":"14 septembrie 2019","format":false,"excerpt":"Cu 41 de spectacole \u00een selec\u021bia oficial\u0103, Festivalul Na\u021bional de Teatru, FNT, se constituie \u00eentr-un mare eveniment al toamnei bucure\u0219tene. Spectacole ale unor trupe de prestigiu din Rom\u00e2nia vor fi prezente \u00een luna octombrie (de pe 18 pe 27) pe scenele teatrelor bucure\u0219tene, o ocazie unic\u0103 de conectare cu spectacole\u2026","rel":"","context":"\u00cen \u201eSemnal\u201d","block_context":{"text":"Semnal","link":"https:\/\/revistacultura.ro\/agenda\/category\/semnal\/"},"img":{"alt_text":"","src":"https:\/\/i0.wp.com\/revistacultura.ro\/agenda\/wp-content\/uploads\/2019\/10\/portret-HENRIC-IV-foto-Adriana-Grand.jpg?resize=350%2C200&ssl=1","width":350,"height":200},"classes":[]},{"id":19542,"url":"https:\/\/revistacultura.ro\/agenda\/2014\/11\/19542\/","url_meta":{"origin":21478,"position":3},"title":"Bucure\u015ftiul redevine Capitala Teatrului de Anima\u0163ie","author":"Revista","date":"13 noiembrie 2014","format":false,"excerpt":"\u00a0 \u00a0 \u00centre 13 \u015fi 23 noiembrie se desf\u0103\u015foar\u0103 edi\u0163ia a zecea a Festivalului Interna\u0163ional al Teatrului de Anima\u0163ie \u201cSpectacole de colec\u0163ie\u201c. Festivalul aliniaz\u0103 peste 60 de evenimente, trupe \u015fi profesioni\u015fti din 8 \u0163\u0103ri invitate (Austria, Belgia, China, Croa\u0163ia, Grecia, Fran\u0163a, Italia, Spania) \u015fi 14 teatre \u015fi proiecte independente rom\u00e2ne\u015fti\u2026","rel":"","context":"\u00cen \u201eAgenda culturala\u201d","block_context":{"text":"Agenda culturala","link":"https:\/\/revistacultura.ro\/agenda\/category\/agenda-cultura\/"},"img":{"alt_text":"","src":"","width":0,"height":0},"classes":[]},{"id":20921,"url":"https:\/\/revistacultura.ro\/agenda\/2022\/11\/lansare-de-carte-nod-in-cinci-cateva-abordari-in-teatru-de-cristina-rusiecki\/","url_meta":{"origin":21478,"position":4},"title":"Lansare de carte: \u201eNod \u00een cinci. C\u00e2teva abord\u0103ri \u00een teatru\u201d de Cristina Rusiecki","author":"Cultura","date":"2 noiembrie 2022","format":false,"excerpt":"Volumul \u201eNod \u00een cinci\u201d de Cristina Rusiecki va fi lansat oficial \u00een cardul Festivalului Na\u021bional de Teatru, duminic\u0103 13 noiembrie, ora 13, la libr\u0103ria C\u0103rture\u0219ti Carusel. vezi programul fnt pentru 13 noiembrie Tot \u00een cadrul FNT este inclus\u0103 \u0219i expozi\u021bia de fotografie de teatru \u201eNod \u00een cinci\u201d FESTIVALUL NA\u021aIONAL DE\u2026","rel":"","context":"\u00cen \u201eInvita\u021bii\u201d","block_context":{"text":"Invita\u021bii","link":"https:\/\/revistacultura.ro\/agenda\/category\/invitatii\/"},"img":{"alt_text":"","src":"https:\/\/i0.wp.com\/revistacultura.ro\/agenda\/wp-content\/uploads\/2022\/11\/lansare2.webp?resize=350%2C200&ssl=1","width":350,"height":200,"srcset":"https:\/\/i0.wp.com\/revistacultura.ro\/agenda\/wp-content\/uploads\/2022\/11\/lansare2.webp?resize=350%2C200&ssl=1 1x, https:\/\/i0.wp.com\/revistacultura.ro\/agenda\/wp-content\/uploads\/2022\/11\/lansare2.webp?resize=525%2C300&ssl=1 1.5x, https:\/\/i0.wp.com\/revistacultura.ro\/agenda\/wp-content\/uploads\/2022\/11\/lansare2.webp?resize=700%2C400&ssl=1 2x"},"classes":[]},{"id":19197,"url":"https:\/\/revistacultura.ro\/agenda\/2014\/06\/iasi-capitala-teatrului-independent-si-a-artelor-performative-din-romania\/","url_meta":{"origin":21478,"position":5},"title":"Ia\u015fi, capitala teatrului independent \u015fi a artelor performative din Rom\u00e2nia","author":"Revista","date":"26 iunie 2014","format":false,"excerpt":"Festivalul PERFORM Ia\u015fi sus\u0163ine \u015fi promoveaz\u0103 mi\u015fc\u0103rile artistice independente, de la \u201emai teatru\u201c la \u201emai pu\u0163in teatru\u201c. Peste o sut\u0103 de invita\u0163i, spectacole de teatru, performance-uri, conferin\u0163e, lans\u0103ri de carte se vor reuni la Ia\u015fi \u00een s\u0103pt\u0103m\u00e2na 22-29 iunie 2014. \u00cen perioada 22-29 iunie, Festivalul de Teatru Independent \u015fi Art\u0103\u2026","rel":"","context":"\u00cen \u201eAgenda culturala\u201d","block_context":{"text":"Agenda culturala","link":"https:\/\/revistacultura.ro\/agenda\/category\/agenda-cultura\/"},"img":{"alt_text":"","src":"https:\/\/i0.wp.com\/revistacultura.ro\/agenda\/wp-content\/uploads\/2014\/06\/perform.jpg?resize=350%2C200&ssl=1","width":350,"height":200},"classes":[]}],"_links":{"self":[{"href":"https:\/\/revistacultura.ro\/agenda\/wp-json\/wp\/v2\/posts\/21478","targetHints":{"allow":["GET"]}}],"collection":[{"href":"https:\/\/revistacultura.ro\/agenda\/wp-json\/wp\/v2\/posts"}],"about":[{"href":"https:\/\/revistacultura.ro\/agenda\/wp-json\/wp\/v2\/types\/post"}],"author":[{"embeddable":true,"href":"https:\/\/revistacultura.ro\/agenda\/wp-json\/wp\/v2\/users\/1"}],"replies":[{"embeddable":true,"href":"https:\/\/revistacultura.ro\/agenda\/wp-json\/wp\/v2\/comments?post=21478"}],"version-history":[{"count":1,"href":"https:\/\/revistacultura.ro\/agenda\/wp-json\/wp\/v2\/posts\/21478\/revisions"}],"predecessor-version":[{"id":21480,"href":"https:\/\/revistacultura.ro\/agenda\/wp-json\/wp\/v2\/posts\/21478\/revisions\/21480"}],"wp:featuredmedia":[{"embeddable":true,"href":"https:\/\/revistacultura.ro\/agenda\/wp-json\/wp\/v2\/media\/21479"}],"wp:attachment":[{"href":"https:\/\/revistacultura.ro\/agenda\/wp-json\/wp\/v2\/media?parent=21478"}],"wp:term":[{"taxonomy":"category","embeddable":true,"href":"https:\/\/revistacultura.ro\/agenda\/wp-json\/wp\/v2\/categories?post=21478"},{"taxonomy":"post_tag","embeddable":true,"href":"https:\/\/revistacultura.ro\/agenda\/wp-json\/wp\/v2\/tags?post=21478"}],"curies":[{"name":"wp","href":"https:\/\/api.w.org\/{rel}","templated":true}]}}