{"id":21407,"date":"2025-09-17T13:09:34","date_gmt":"2025-09-17T10:09:34","guid":{"rendered":"https:\/\/revistacultura.ro\/agenda\/?p=21407"},"modified":"2025-09-17T13:09:35","modified_gmt":"2025-09-17T10:09:35","slug":"scriitori-bucuresteni-la-palatul-sutu","status":"publish","type":"post","link":"https:\/\/revistacultura.ro\/agenda\/2025\/09\/scriitori-bucuresteni-la-palatul-sutu\/","title":{"rendered":"Scriitori bucure\u0219teni la Palat[ul Su\u021bu]"},"content":{"rendered":"\n<h2 class=\"wp-block-heading\">Pe 20 septembrie se s\u0103rb\u0103tore\u0219te Ziua Bucure\u0219tiului<\/h2>\n\n\n\n<p>Pe 20 septembrie ie\u0219im \u00een ora\u0219, s\u0103-l s\u0103rb\u0103torim cu lecturi scurte, despre Bucure\u0219tiul vechi \u0219i nou, \u00een lectura scriitorilor Doina Ru\u0219ti, Dinu Fl\u0103m\u00e2nd, Adrian Majuru, Roxana Dumitrache, Dan Ple\u0219a, Andrei Novac, Iren Mate, Peter Demeny, Ana Iorga, C\u0103t\u0103lin D. Constantin \u0219i Petre Nechita. Modereaz\u0103 Raoul Alexis Ipate (Teatrul Elisabeta), care a preg\u0103tit un moment Caragiale. Nu uita\u021bi! 20 sept. ora 18, Bulev. IC Br\u0103tianu nr. 2.<br \/>CITIM \u0218I VORBIM despre Bucure\u0219ti, de Zilele Bucure\u0219tiului. La Palat:<br \/><a href=\"https:\/\/www.facebook.com\/MuzeulMunicipiuluiBucuresti?__cft__[0]=AZVIepikQiM0CDIDN8qwoZ3SoFiT-lXNvsO4dYQZ95x3GvbxDUd_7fls2t1g6TxuTw7Hst7H59gV4VjZgUpF-QAoRL7Tg9k03as_MOnMu_sCp3otclWMHNkDuJGQwRRUDL-409Ysm0DMsclVxV4W9jTkXItHnfOpOe1AX585jEbGuoT1aEHNseZX_BGfz2R_Bmm3NHRso_TXtYANtB2R5oB2hi-y_mbqHoRX-ZB3YKPI9pDOqbM6UkGQ9IhdfEJLnEj951PdHsP-vDxQ2jiExYYbscDMRowXK5XuxdwQIjqryF3jizYjEJGkgG0tAALVNz4&amp;__tn__=-]K*F\">Muzeul Municipiului Bucure\u015fti &#8211; Palatul Su\u021bu<\/a><\/p>\n\n\n\n<figure class=\"wp-block-image size-full\"><img loading=\"lazy\" decoding=\"async\" width=\"800\" height=\"607\" data-attachment-id=\"21408\" data-permalink=\"https:\/\/revistacultura.ro\/agenda\/2025\/09\/scriitori-bucuresteni-la-palatul-sutu\/sciitori-palatul-sutu\/\" data-orig-file=\"https:\/\/revistacultura.ro\/agenda\/wp-content\/uploads\/2025\/09\/sciitori-palatul-sutu.jpg\" data-orig-size=\"800,607\" data-comments-opened=\"1\" data-image-meta=\"{&quot;aperture&quot;:&quot;0&quot;,&quot;credit&quot;:&quot;&quot;,&quot;camera&quot;:&quot;&quot;,&quot;caption&quot;:&quot;&quot;,&quot;created_timestamp&quot;:&quot;0&quot;,&quot;copyright&quot;:&quot;&quot;,&quot;focal_length&quot;:&quot;0&quot;,&quot;iso&quot;:&quot;0&quot;,&quot;shutter_speed&quot;:&quot;0&quot;,&quot;title&quot;:&quot;&quot;,&quot;orientation&quot;:&quot;1&quot;}\" data-image-title=\"sciitori-palatul-sutu\" data-image-description=\"\" data-image-caption=\"\" data-large-file=\"https:\/\/revistacultura.ro\/agenda\/wp-content\/uploads\/2025\/09\/sciitori-palatul-sutu-760x577.jpg\" src=\"https:\/\/revistacultura.ro\/agenda\/wp-content\/uploads\/2025\/09\/sciitori-palatul-sutu.jpg\" alt=\"\" class=\"wp-image-21408\" srcset=\"https:\/\/revistacultura.ro\/agenda\/wp-content\/uploads\/2025\/09\/sciitori-palatul-sutu.jpg 800w, https:\/\/revistacultura.ro\/agenda\/wp-content\/uploads\/2025\/09\/sciitori-palatul-sutu-395x300.jpg 395w, https:\/\/revistacultura.ro\/agenda\/wp-content\/uploads\/2025\/09\/sciitori-palatul-sutu-760x577.jpg 760w, https:\/\/revistacultura.ro\/agenda\/wp-content\/uploads\/2025\/09\/sciitori-palatul-sutu-768x583.jpg 768w, https:\/\/revistacultura.ro\/agenda\/wp-content\/uploads\/2025\/09\/sciitori-palatul-sutu-200x152.jpg 200w\" sizes=\"auto, (max-width: 800px) 100vw, 800px\" \/><\/figure>\n","protected":false},"excerpt":{"rendered":"<p>Pe 20 septembrie se s\u0103rb\u0103tore\u0219te Ziua Bucure\u0219tiului Pe 20 septembrie ie\u0219im \u00een ora\u0219, s\u0103-l s\u0103rb\u0103torim cu lecturi scurte, despre Bucure\u0219tiul vechi \u0219i nou, \u00een lectura scriitorilor Doina Ru\u0219ti, Dinu Fl\u0103m\u00e2nd, Adrian Majuru, Roxana Dumitrache, Dan Ple\u0219a, Andrei Novac, Iren Mate, Peter Demeny, Ana Iorga, C\u0103t\u0103lin D. Constantin \u0219i Petre Nechita. Modereaz\u0103 Raoul Alexis Ipate (Teatrul&hellip;&nbsp;<a href=\"https:\/\/revistacultura.ro\/agenda\/2025\/09\/scriitori-bucuresteni-la-palatul-sutu\/\" rel=\"bookmark\">Cite\u0219te mai mult &raquo;<span class=\"screen-reader-text\">Scriitori bucure\u0219teni la Palat[ul Su\u021bu]<\/span><\/a><\/p>\n","protected":false},"author":1,"featured_media":21408,"comment_status":"open","ping_status":"open","sticky":false,"template":"","format":"standard","meta":{"neve_meta_sidebar":"","neve_meta_container":"","neve_meta_enable_content_width":"","neve_meta_content_width":0,"neve_meta_title_alignment":"","neve_meta_author_avatar":"","neve_post_elements_order":"","neve_meta_disable_header":"","neve_meta_disable_footer":"","neve_meta_disable_title":"","jetpack_post_was_ever_published":false,"_jetpack_newsletter_access":"","_jetpack_dont_email_post_to_subs":false,"_jetpack_newsletter_tier_id":0,"_jetpack_memberships_contains_paywalled_content":false,"_jetpack_memberships_contains_paid_content":false,"footnotes":"","jetpack_publicize_message":"","jetpack_publicize_feature_enabled":true,"jetpack_social_post_already_shared":true,"jetpack_social_options":{"image_generator_settings":{"template":"highway","default_image_id":0,"font":"","enabled":false},"version":2}},"categories":[152],"tags":[],"class_list":["post-21407","post","type-post","status-publish","format-standard","has-post-thumbnail","hentry","category-agenda-cultura"],"jetpack_publicize_connections":[],"jetpack_featured_media_url":"https:\/\/revistacultura.ro\/agenda\/wp-content\/uploads\/2025\/09\/sciitori-palatul-sutu.jpg","jetpack_sharing_enabled":true,"jetpack-related-posts":[{"id":19900,"url":"https:\/\/revistacultura.ro\/agenda\/2016\/11\/trasee-culturale-bucurestene\/","url_meta":{"origin":21407,"position":0},"title":"Trasee culturale bucurestene","author":"Cultura","date":"12 noiembrie 2016","format":false,"excerpt":"Asocia\u0163ia SINAPTICA anun\u0163\u0103 publicarea celor dou\u0103 trasee culturale urbane concepute \u00een cadrul proiectului \u201cPeriferii centrale ale Bucure\u015ftiului\u201d, prin care se urm\u0103re\u015fte punerea \u00een valoare a dou\u0103 zone centrale ale ora\u015fului Bucure\u015fti cu valoare istoric\u0103, cultural\u0103 \u015fi urbanistic\u0103 foarte ridicat\u0103, dar \u015fi cu mari contraste sociale, economice \u015fi culturale. Traseele pot\u2026","rel":"","context":"\u00cen \u201ePrimite la redac\u021bie\u201d","block_context":{"text":"Primite la redac\u021bie","link":"https:\/\/revistacultura.ro\/agenda\/category\/primite-la-redactie\/"},"img":{"alt_text":"","src":"","width":0,"height":0},"classes":[]},{"id":21382,"url":"https:\/\/revistacultura.ro\/agenda\/2025\/09\/piata-festivalului-george-enescu-cu-acces-gratuit-are-loc-intre-17-si-21-septembrie\/","url_meta":{"origin":21407,"position":1},"title":"Pia\u021ba Festivalului George Enescu, cu acces gratuit, are loc \u00eentre 17 \u0219i 21 septembrie","author":"Cultura","date":"7 septembrie 2025","format":false,"excerpt":"Programul edi\u021biei 2025 \u2013 cinci seri de muzic\u0103 \u00een aer liber Miercuri, 17 septembrie |Seara se deschide, la ora 18:00, cu un Recital al Bursierilor Funda\u021biei Regale Margareta a Rom\u00e2niei, care aduc pe scen\u0103 energia \u0219i sensibilitatea noii genera\u021bii de muzicieni. De la ora 19:00, flautistul Matei Ioachimescu, al\u0103turi de\u2026","rel":"","context":"\u00cen \u201ecomunicate\u201d","block_context":{"text":"comunicate","link":"https:\/\/revistacultura.ro\/agenda\/category\/comunicate\/"},"img":{"alt_text":"","src":"https:\/\/i0.wp.com\/revistacultura.ro\/agenda\/wp-content\/uploads\/2025\/09\/piata-festivalului-enescu.webp?resize=350%2C200&ssl=1","width":350,"height":200,"srcset":"https:\/\/i0.wp.com\/revistacultura.ro\/agenda\/wp-content\/uploads\/2025\/09\/piata-festivalului-enescu.webp?resize=350%2C200&ssl=1 1x, https:\/\/i0.wp.com\/revistacultura.ro\/agenda\/wp-content\/uploads\/2025\/09\/piata-festivalului-enescu.webp?resize=525%2C300&ssl=1 1.5x, https:\/\/i0.wp.com\/revistacultura.ro\/agenda\/wp-content\/uploads\/2025\/09\/piata-festivalului-enescu.webp?resize=700%2C400&ssl=1 2x"},"classes":[]},{"id":19994,"url":"https:\/\/revistacultura.ro\/agenda\/2019\/02\/lidia-nancuischi-expozitie-retrospectiva-la-palatele-branovenesti\/","url_meta":{"origin":21407,"position":2},"title":"Lidia Nancuischi &#8211; expozi\u021bie retrospectiv\u0103 la  Palatele Br\u00e2novene\u0219ti","author":"Cultura","date":"28 februarie 2019","format":false,"excerpt":"C\u00e2nd: 2 martie \u2013 3 aprilie 2019 Vernisaj: 2 martie, \u00eencep\u00e2nd cu ora 16.30, la Galeria Cuhnie a Centrului Cultural \u201dPalatele Br\u00e2novene\u0219ti de la Por\u021bile Bucure\u0219tiului\u201d str. Valea Parcului, nr. 1, Mogo\u0219oaia, curator Luiza Barcan, intrare liber\u0103, de mar\u021bi p\u00e2n\u0103 duminica, \u00eentre orele 9-17. Expozi\u021bia retrospectiv\u0103 Lidia Nancuischi face parte\u2026","rel":"","context":"\u00cen \u201eAgenda culturala\u201d","block_context":{"text":"Agenda culturala","link":"https:\/\/revistacultura.ro\/agenda\/category\/agenda-cultura\/"},"img":{"alt_text":"","src":"https:\/\/i0.wp.com\/revistacultura.ro\/agenda\/wp-content\/uploads\/2019\/02\/lidn.jpg?resize=350%2C200&ssl=1","width":350,"height":200},"classes":[]},{"id":21402,"url":"https:\/\/revistacultura.ro\/agenda\/2025\/09\/premiera-rusalka-debutul-in-fictiune-al-lui-claudiu-mitcu\/","url_meta":{"origin":21407,"position":3},"title":"Premier\u0103: \u201eRusalka\u201d, debutul \u00een fic\u021biune al lui Claudiu Mitcu","author":"Cultura","date":"15 septembrie 2025","format":false,"excerpt":"Un film despre prietenie, trecut \u0219i curajul de a spune adev\u0103rul chiar \u0219i atunci c\u00e2nd timpul e scurt. RUSALKA, noul lungmetraj semnat de regizorul documentarist Claudiu Mitcu, face saltul \u00een fic\u021biune \u0219i \u00ee\u0219i face apari\u021bia oficial\u0103 \u00een cinematografele rom\u00e2ne\u0219ti \u00eencep\u00e2nd cu 16 septembrie. \u00cen rolul principal, Maia Morgenstern ne \u00eenc\u00e2nt\u0103\u2026","rel":"","context":"\u00cen \u201ePrimite la redac\u021bie\u201d","block_context":{"text":"Primite la redac\u021bie","link":"https:\/\/revistacultura.ro\/agenda\/category\/primite-la-redactie\/"},"img":{"alt_text":"","src":"https:\/\/i0.wp.com\/revistacultura.ro\/agenda\/wp-content\/uploads\/2025\/09\/Rusalka_Maia.webp?resize=350%2C200&ssl=1","width":350,"height":200,"srcset":"https:\/\/i0.wp.com\/revistacultura.ro\/agenda\/wp-content\/uploads\/2025\/09\/Rusalka_Maia.webp?resize=350%2C200&ssl=1 1x, https:\/\/i0.wp.com\/revistacultura.ro\/agenda\/wp-content\/uploads\/2025\/09\/Rusalka_Maia.webp?resize=525%2C300&ssl=1 1.5x, https:\/\/i0.wp.com\/revistacultura.ro\/agenda\/wp-content\/uploads\/2025\/09\/Rusalka_Maia.webp?resize=700%2C400&ssl=1 2x, https:\/\/i0.wp.com\/revistacultura.ro\/agenda\/wp-content\/uploads\/2025\/09\/Rusalka_Maia.webp?resize=1050%2C600&ssl=1 3x, https:\/\/i0.wp.com\/revistacultura.ro\/agenda\/wp-content\/uploads\/2025\/09\/Rusalka_Maia.webp?resize=1400%2C800&ssl=1 4x"},"classes":[]},{"id":20228,"url":"https:\/\/revistacultura.ro\/agenda\/2019\/10\/in-perioada-17-octombrie-3-noiembrie-2019-expozitia-arhitectura-interbelica-a-bucurestiului-si-regalitatea-va-fi-deschisa-publicului-larg-la-muzeul-national-al-taranului-r\/","url_meta":{"origin":21407,"position":4},"title":"\u00cen perioada 17 octombrie \u2013 3 noiembrie 2019, expozi\u0163ia \u201eArhitectura Interbelic\u0103 a Bucure\u015ftiului \u0219i Regalitatea\u201d va fi deschis\u0103 publicului larg la Muzeul Na\u0163ional al \u0162\u0103ranului Rom\u00e2n, Sala Irina Nicolau.","author":"Cultura","date":"21 octombrie 2019","format":false,"excerpt":"\u00a0 \u00a0 \u00a0 \u00a0 \u00a0 \u00a0 \u00a0 \u201eSub Auspiciile Familiei Regale a Rom\u00e2niei\u201d, Centrul de Excelen\u021b\u0103 \u00een Arhitectur\u0103, Arte \u0219i Audiovizual, al\u0103turi de Filiala Teritorial\u0103 Bucure\u015fti a Ordinului Arhitec\u0163ilor din Rom\u00e2nia \u0219i Uniunea Arhitec\u021bilor din Rom\u00e2nia, \u00een parteneriat cu Muzeul Na\u0163ional al \u0162\u0103ranului Rom\u00e2n, are onoarea s\u0103 v\u0103 invite la\u2026","rel":"","context":"\u00cen \u201eSemnal\u201d","block_context":{"text":"Semnal","link":"https:\/\/revistacultura.ro\/agenda\/category\/semnal\/"},"img":{"alt_text":"","src":"https:\/\/i0.wp.com\/revistacultura.ro\/agenda\/wp-content\/uploads\/2019\/10\/Afis-MNTR-17-OCTOMBRIE-2019-Copy-1-1.jpg?resize=350%2C200&ssl=1","width":350,"height":200,"srcset":"https:\/\/i0.wp.com\/revistacultura.ro\/agenda\/wp-content\/uploads\/2019\/10\/Afis-MNTR-17-OCTOMBRIE-2019-Copy-1-1.jpg?resize=350%2C200&ssl=1 1x, https:\/\/i0.wp.com\/revistacultura.ro\/agenda\/wp-content\/uploads\/2019\/10\/Afis-MNTR-17-OCTOMBRIE-2019-Copy-1-1.jpg?resize=525%2C300&ssl=1 1.5x, https:\/\/i0.wp.com\/revistacultura.ro\/agenda\/wp-content\/uploads\/2019\/10\/Afis-MNTR-17-OCTOMBRIE-2019-Copy-1-1.jpg?resize=700%2C400&ssl=1 2x"},"classes":[]},{"id":21456,"url":"https:\/\/revistacultura.ro\/agenda\/2025\/10\/iubirea-si-alte-daravele-o-expozitie-personala-alina-codin\/","url_meta":{"origin":21407,"position":5},"title":"\u201eIubirea \u0219i alte daravele\u201d \u2013 o expozi\u021bie personal\u0103 Alina Codin","author":"Cultura","date":"5 octombrie 2025","format":false,"excerpt":"\u00centre 2 \u0219i 19 octombrie 2025, Palatul Mogo\u0219oaia \u2013 spa\u021biul Cuhnia din cadrul Centrului de Cultur\u0103 \u201ePalatele Br\u00e2ncovene\u0219ti de la Por\u021bile Bucure\u0219tiului\u201d \u2013 g\u0103zduie\u0219te expozi\u021bia de art\u0103 \u201eIubirea \u0219i alte daravele\u201d, semnat\u0103 de artista Alina Codin. Vernisajul evenimentului are loc duminic\u0103, 5 octombrie, la ora 12:00, \u0219i promite s\u0103 aduc\u0103\u2026","rel":"","context":"\u00cen \u201eAgenda culturala\u201d","block_context":{"text":"Agenda culturala","link":"https:\/\/revistacultura.ro\/agenda\/category\/agenda-cultura\/"},"img":{"alt_text":"","src":"https:\/\/i0.wp.com\/revistacultura.ro\/agenda\/wp-content\/uploads\/2025\/10\/baa5205c-1eae-4b6b-b3eb-0e5b1bab7314.webp?resize=350%2C200&ssl=1","width":350,"height":200,"srcset":"https:\/\/i0.wp.com\/revistacultura.ro\/agenda\/wp-content\/uploads\/2025\/10\/baa5205c-1eae-4b6b-b3eb-0e5b1bab7314.webp?resize=350%2C200&ssl=1 1x, https:\/\/i0.wp.com\/revistacultura.ro\/agenda\/wp-content\/uploads\/2025\/10\/baa5205c-1eae-4b6b-b3eb-0e5b1bab7314.webp?resize=525%2C300&ssl=1 1.5x, https:\/\/i0.wp.com\/revistacultura.ro\/agenda\/wp-content\/uploads\/2025\/10\/baa5205c-1eae-4b6b-b3eb-0e5b1bab7314.webp?resize=700%2C400&ssl=1 2x, https:\/\/i0.wp.com\/revistacultura.ro\/agenda\/wp-content\/uploads\/2025\/10\/baa5205c-1eae-4b6b-b3eb-0e5b1bab7314.webp?resize=1050%2C600&ssl=1 3x"},"classes":[]}],"_links":{"self":[{"href":"https:\/\/revistacultura.ro\/agenda\/wp-json\/wp\/v2\/posts\/21407","targetHints":{"allow":["GET"]}}],"collection":[{"href":"https:\/\/revistacultura.ro\/agenda\/wp-json\/wp\/v2\/posts"}],"about":[{"href":"https:\/\/revistacultura.ro\/agenda\/wp-json\/wp\/v2\/types\/post"}],"author":[{"embeddable":true,"href":"https:\/\/revistacultura.ro\/agenda\/wp-json\/wp\/v2\/users\/1"}],"replies":[{"embeddable":true,"href":"https:\/\/revistacultura.ro\/agenda\/wp-json\/wp\/v2\/comments?post=21407"}],"version-history":[{"count":1,"href":"https:\/\/revistacultura.ro\/agenda\/wp-json\/wp\/v2\/posts\/21407\/revisions"}],"predecessor-version":[{"id":21409,"href":"https:\/\/revistacultura.ro\/agenda\/wp-json\/wp\/v2\/posts\/21407\/revisions\/21409"}],"wp:featuredmedia":[{"embeddable":true,"href":"https:\/\/revistacultura.ro\/agenda\/wp-json\/wp\/v2\/media\/21408"}],"wp:attachment":[{"href":"https:\/\/revistacultura.ro\/agenda\/wp-json\/wp\/v2\/media?parent=21407"}],"wp:term":[{"taxonomy":"category","embeddable":true,"href":"https:\/\/revistacultura.ro\/agenda\/wp-json\/wp\/v2\/categories?post=21407"},{"taxonomy":"post_tag","embeddable":true,"href":"https:\/\/revistacultura.ro\/agenda\/wp-json\/wp\/v2\/tags?post=21407"}],"curies":[{"name":"wp","href":"https:\/\/api.w.org\/{rel}","templated":true}]}}