{"id":21202,"date":"2025-02-11T21:21:11","date_gmt":"2025-02-11T19:21:11","guid":{"rendered":"https:\/\/revistacultura.ro\/agenda\/?p=21202"},"modified":"2025-02-11T21:21:12","modified_gmt":"2025-02-11T19:21:12","slug":"silviu-purcarete-50-de-ani-de-teatru-la-mtr","status":"publish","type":"post","link":"https:\/\/revistacultura.ro\/agenda\/2025\/02\/silviu-purcarete-50-de-ani-de-teatru-la-mtr\/","title":{"rendered":"\u201eSilviu Purc\u0103rete &#8211; 50 de ani de teatru\u201d la M\u021aR"},"content":{"rendered":"\n<h5 class=\"wp-block-heading has-text-align-center\">SILVIU PURC\u0102RETE \u2013 50 DE ANI DE TEATRU<\/h5>\n\n\n\n<h2 class=\"wp-block-heading has-text-align-center\">Expozi\u021bie de fotografie<\/h2>\n\n\n\n<h4 class=\"wp-block-heading has-text-align-center\">5-31 martie 2025, Sala Irina Nicolau<\/h4>\n\n\n\n<p class=\"has-text-align-center\"><strong>Muzeul Na\u021bional al \u021a\u0103ranului Rom\u00e2n<\/strong><\/p>\n\n\n\n<p>Muzeul Na\u021bional al \u021a\u0103ranului Rom\u00e2n v\u0103 a\u0219teapt\u0103 miercuri, 5 martie 2025, de la ora 18.00, la Sala Irina Nicolau, la vernisajul expozi\u021biei de fotografie Silviu Purc\u0103rete &#8211; 50 de ani de teatru.<\/p>\n\n\n\n<p>Expozi\u021bia aniversar\u0103 de fotografie Silviu Purc\u0103rete &#8211; 50 de ani de teatru este organizat\u0103 de Asocia\u021bia cultural\u0103 Vis-a-Vis \u0219i a fost cofinan\u021bat\u0103 de AFCN \u00een 2024, anul \u00een care regizorul a aniversat 50 de ani de carier\u0103 teatral\u0103, cu 124 de spectacole de teatru \u0219i oper\u0103 montate pe toate meridianele lumii. <\/p>\n\n\n\n<p>La eveniment vor vorbi Marina Constantinescu, critic de teatru \u0219i realizator TV, precum \u0219i Adriana Moca, curatoarea expozi\u021biei.<\/p>\n\n\n\n<p>Unic\u0103 \u00een Rom\u00e2nia, expozi\u021bia con\u021bine fotografii care provin din arhiva personal\u0103 \u0219i sunt realizate de Silviu Purc\u0103rete, Mihaela Marin, Drago\u0219 Buhagiar, Helmut St\u00fcrmer, Sean Hudson, Patrick Fabre, Pierre Borasci, Simon Anannd (Royal Shakespeare Company), Thilo Beu, Rare\u0219 Zaharia, Adi Bulboac\u0103, Alex Condurache, E\u00f6ri-Szab\u00f3 Zsolt, Peter Uhan, Petru Cojocaru, Iulian Ursachi, Nicu Cherciu, Aki Tanaka, Aoi Itoh, Drago\u0219 Spi\u021beru.<\/p>\n\n\n\n<p>Adriana Moca, directoarea Asocia\u021biei Culturale Vis-a-Vis, ini\u021biatoarea proiectului \u0219i curatoarea expozi\u021biei, a f\u0103cut parte vreme de nou\u0103 ani din echipa artistic\u0103 a Teatrului Na\u021bional \u201eMarin Sorescu\u201d din Craiova, precum \u0219i din spectacolele semnate aici de Silviu Purc\u0103rete, apoi a continuat s\u0103 urm\u0103reasc\u0103 activitatea regizoral\u0103 a acestuia, consemn\u00e2nd-o prin cronici \u0219i articole.<\/p>\n\n\n\n<p>\u201eSilviu Purc\u0103rete inventeaz\u0103 spa\u021bii estetice \u0219i geografii emo\u021bionale ludice, pres\u0103r\u00e2nd cu fin umor chiar cele mai crude \u0219i tragice texte. E creator de t\u0103r\u00e2muri hipnotice, dar nu mai pu\u021bin reale. Maestru al clarobscurului \u0219i pictor al destinelor din tragedii antice sau comedii shakespeariene, pe care le (re)viziteaz\u0103 cu pasiune \u0219i curiozitate, el se aseam\u0103n\u0103 unui colec\u021bionar de frumuse\u021be.<\/p>\n\n\n\n<p>Fiecare fotografie surprinde un moment din energia mizanscenei \u0219i ofer\u0103 un comprimat din opulen\u021ba universului s\u0103u, imagini de ansamblu sau portrete de personaj, pe fundalul scenografiilor extraordinare semnate de Helmut St\u00fcrmer ori Drago\u0219 Buhagiar,<br \/>partenerii s\u0103i de lung\u0103 durat\u0103 \u00eentru crea\u021bie. Excelen\u021b\u0103 a umanit\u0103\u021bii, a polite\u021bii, a erudi\u021biei f\u0103r\u0103 demonstra\u021bie \u0219i a imagina\u021biei creatoare pe care o poten\u021beaz\u0103 \u00een to\u021bi colaboratorii participan\u021bi la proiectele sale, echipe artistice \u0219i tehnice, Purc\u0103rete e \u00eentruchiparea umorului gentil \u0219i a curiozit\u0103\u021bii pline de ingenuitate cu care se joac\u0103 pe scen\u0103.<\/p>\n\n\n\n<p>Din fotografii privesc chipurile at\u00e2tor arti\u0219ti rom\u00e2ni fabulo\u0219i care l-au \u00eenso\u021bit pe Purc\u0103rete: \u0218tefan Iordache, senza\u021bional Richard III sau Titus Andronicus, Ilie Gheorghe, miraculos Caliban, Faust sau domnul Ubu, al\u0103turi de Valer Dellakeza, Dan Condurache, Leopoldina B\u0103l\u0103nu\u021b\u0103, Monica Ghiu\u021b\u0103, Olga Tudorache, Carmen Galin, Victor Rebengiuc \u0219i Mariana Mihu\u021b, Hora\u021biu M\u0103l\u0103ele, George Mih\u0103i\u021b\u0103, Mirela Cioab\u0103, Ofelia Popii, Virgil Flonda, Constantin Chiriac, Claudiu Bleon\u021b \u0219i al\u021bi minuna\u021bi arti\u0219ti maghiari, francezi, evrei, englezi, ru\u0219i, japonezi, greci, norvegieni, sloveni, germani. \u00cenc\u0103 o dat\u0103 se dovede\u0219te c\u0103 talentul nu are na\u021bionalitate ori etnie \u0219i c\u0103, prin arta sa, Silviu Purc\u0103rete a inventat o \u021aar\u0103 teatral\u0103 a Minunilor!\u201d <\/p>\n\n\n\n<p class=\"has-text-align-right\">Adriana Moca<\/p>\n\n\n\n<p>Expozi\u021bia va putea fi vizitat\u0103 \u00een Sala Media, \u00een perioada 5 \u2013 31 martie 2025, de miercuri p\u00e2n\u0103 duminic\u0103, \u00eentre orele 10.00 \u0219i 18.00. Lunea, mar\u021bea \u0219i cu ocazia s\u0103rb\u0103torilor legale este \u00eenchis\u0103.<\/p>\n\n\n\n<p>Parteneri media ai MN\u021aR: Radio Rom\u00e2nia, Radio Rom\u00e2nia Actualit\u0103\u021bi, Radio Rom\u00e2nia Cultural, Radio Rom\u00e2nia Interna\u021bional, RFI Rom\u00e2nia, Historia, Igloo, Arhitectura, Observator Cultural, Infinitezimal, Revista Timpul, Ziarul Lumina, LiterNet.ro, Agen\u021bia Na\u021bional\u0103 de Pres\u0103 AGERPRES, spotmedia.ro, www.ordineazilei.ro, www.modernism.ro, propagarta.ro, www.matricea.ro, www.promenada-culturala.ro, www.daciccool.ro, www.gokid.ro, aiciastat.ro, www.invietraditia.ro, www.accmediachannel.ro, revistapatronatuluiroman.ro, cultura.ro, www.iqool.ro, arthood.ro, www.News24.ro, www.qmagazine.ro, visitbucharest.today, zelist.ro<\/p>\n\n\n\n<p><a href=\"https:\/\/silviupurcarete.art\/\">www.silviupurcarete.art<\/a><\/p>\n","protected":false},"excerpt":{"rendered":"<p>SILVIU PURC\u0102RETE \u2013 50 DE ANI DE TEATRU Expozi\u021bie de fotografie 5-31 martie 2025, Sala Irina Nicolau Muzeul Na\u021bional al \u021a\u0103ranului Rom\u00e2n Muzeul Na\u021bional al \u021a\u0103ranului Rom\u00e2n v\u0103 a\u0219teapt\u0103 miercuri, 5 martie 2025, de la ora 18.00, la Sala Irina Nicolau, la vernisajul expozi\u021biei de fotografie Silviu Purc\u0103rete &#8211; 50 de ani de teatru. Expozi\u021bia&hellip;&nbsp;<a href=\"https:\/\/revistacultura.ro\/agenda\/2025\/02\/silviu-purcarete-50-de-ani-de-teatru-la-mtr\/\" rel=\"bookmark\">Cite\u0219te mai mult &raquo;<span class=\"screen-reader-text\">\u201eSilviu Purc\u0103rete &#8211; 50 de ani de teatru\u201d la M\u021aR<\/span><\/a><\/p>\n","protected":false},"author":1,"featured_media":21203,"comment_status":"open","ping_status":"open","sticky":false,"template":"","format":"standard","meta":{"neve_meta_sidebar":"","neve_meta_container":"","neve_meta_enable_content_width":"","neve_meta_content_width":0,"neve_meta_title_alignment":"","neve_meta_author_avatar":"","neve_post_elements_order":"","neve_meta_disable_header":"","neve_meta_disable_footer":"","neve_meta_disable_title":"","jetpack_post_was_ever_published":false,"_jetpack_newsletter_access":"","_jetpack_dont_email_post_to_subs":false,"_jetpack_newsletter_tier_id":0,"_jetpack_memberships_contains_paywalled_content":false,"_jetpack_memberships_contains_paid_content":false,"footnotes":"","jetpack_publicize_message":"","jetpack_publicize_feature_enabled":true,"jetpack_social_post_already_shared":true,"jetpack_social_options":{"image_generator_settings":{"template":"highway","default_image_id":0,"font":"","enabled":false},"version":2}},"categories":[886],"tags":[],"class_list":["post-21202","post","type-post","status-publish","format-standard","has-post-thumbnail","hentry","category-comunicate"],"jetpack_publicize_connections":[],"jetpack_featured_media_url":"https:\/\/revistacultura.ro\/agenda\/wp-content\/uploads\/2025\/02\/Afis-expo-MTR.webp","jetpack_sharing_enabled":true,"jetpack-related-posts":[{"id":21338,"url":"https:\/\/revistacultura.ro\/agenda\/2025\/08\/expozitia-silviu-purcarete-50-de-ani-de-teatru-la-cazinoul-din-constanta\/","url_meta":{"origin":21202,"position":0},"title":"Expozi\u021bia \u201eSilviu Purc\u0103rete \u2013 50 de ani de teatru\u201d la Cazinoul din Constan\u021ba","author":"Cultura","date":"27 august 2025","format":false,"excerpt":"\u00cencep\u00e2nd cu 19 august \u0219i p\u00e2n\u0103 pe 12 septembrie 2025, Cazinoul din Constan\u021ba g\u0103zduie\u0219te expozi\u021bia de fotografie \u201eSilviu Purc\u0103rete \u2013 50 de ani de teatru\u201d, un eveniment de excep\u021bie inclus \u00een programul Stagiunii Estivale a Artelor Spectacolului (SEAS 2025). Organizat\u0103 de Teatrul de Stat Constan\u021ba, cu sprijinul Consiliului Jude\u021bean Constan\u021ba,\u2026","rel":"","context":"\u00cen \u201eSemnal\u201d","block_context":{"text":"Semnal","link":"https:\/\/revistacultura.ro\/agenda\/category\/semnal\/"},"img":{"alt_text":"","src":"https:\/\/i0.wp.com\/revistacultura.ro\/agenda\/wp-content\/uploads\/2025\/08\/SEAS_Afis-Purcarete_.webp?resize=350%2C200&ssl=1","width":350,"height":200,"srcset":"https:\/\/i0.wp.com\/revistacultura.ro\/agenda\/wp-content\/uploads\/2025\/08\/SEAS_Afis-Purcarete_.webp?resize=350%2C200&ssl=1 1x, https:\/\/i0.wp.com\/revistacultura.ro\/agenda\/wp-content\/uploads\/2025\/08\/SEAS_Afis-Purcarete_.webp?resize=525%2C300&ssl=1 1.5x, https:\/\/i0.wp.com\/revistacultura.ro\/agenda\/wp-content\/uploads\/2025\/08\/SEAS_Afis-Purcarete_.webp?resize=700%2C400&ssl=1 2x"},"classes":[]},{"id":20228,"url":"https:\/\/revistacultura.ro\/agenda\/2019\/10\/in-perioada-17-octombrie-3-noiembrie-2019-expozitia-arhitectura-interbelica-a-bucurestiului-si-regalitatea-va-fi-deschisa-publicului-larg-la-muzeul-national-al-taranului-r\/","url_meta":{"origin":21202,"position":1},"title":"\u00cen perioada 17 octombrie \u2013 3 noiembrie 2019, expozi\u0163ia \u201eArhitectura Interbelic\u0103 a Bucure\u015ftiului \u0219i Regalitatea\u201d va fi deschis\u0103 publicului larg la Muzeul Na\u0163ional al \u0162\u0103ranului Rom\u00e2n, Sala Irina Nicolau.","author":"Cultura","date":"21 octombrie 2019","format":false,"excerpt":"\u00a0 \u00a0 \u00a0 \u00a0 \u00a0 \u00a0 \u00a0 \u201eSub Auspiciile Familiei Regale a Rom\u00e2niei\u201d, Centrul de Excelen\u021b\u0103 \u00een Arhitectur\u0103, Arte \u0219i Audiovizual, al\u0103turi de Filiala Teritorial\u0103 Bucure\u015fti a Ordinului Arhitec\u0163ilor din Rom\u00e2nia \u0219i Uniunea Arhitec\u021bilor din Rom\u00e2nia, \u00een parteneriat cu Muzeul Na\u0163ional al \u0162\u0103ranului Rom\u00e2n, are onoarea s\u0103 v\u0103 invite la\u2026","rel":"","context":"\u00cen \u201eSemnal\u201d","block_context":{"text":"Semnal","link":"https:\/\/revistacultura.ro\/agenda\/category\/semnal\/"},"img":{"alt_text":"","src":"https:\/\/i0.wp.com\/revistacultura.ro\/agenda\/wp-content\/uploads\/2019\/10\/Afis-MNTR-17-OCTOMBRIE-2019-Copy-1-1.jpg?resize=350%2C200&ssl=1","width":350,"height":200,"srcset":"https:\/\/i0.wp.com\/revistacultura.ro\/agenda\/wp-content\/uploads\/2019\/10\/Afis-MNTR-17-OCTOMBRIE-2019-Copy-1-1.jpg?resize=350%2C200&ssl=1 1x, https:\/\/i0.wp.com\/revistacultura.ro\/agenda\/wp-content\/uploads\/2019\/10\/Afis-MNTR-17-OCTOMBRIE-2019-Copy-1-1.jpg?resize=525%2C300&ssl=1 1.5x, https:\/\/i0.wp.com\/revistacultura.ro\/agenda\/wp-content\/uploads\/2019\/10\/Afis-MNTR-17-OCTOMBRIE-2019-Copy-1-1.jpg?resize=700%2C400&ssl=1 2x"},"classes":[]},{"id":19662,"url":"https:\/\/revistacultura.ro\/agenda\/2015\/01\/bisericile-muzeului-taranului\/","url_meta":{"origin":21202,"position":2},"title":"Bisericile Muzeului \u0162\u0103ranului","author":"Revista","date":"21 ianuarie 2015","format":false,"excerpt":"Muzeul Na\u0163ional al \u0162\u0103ranului Rom\u00e2n \u015fi Prim\u0103ria Gura Humorului organizeaz\u0103 \u00een perioada 16 ianuarie \u2013 16 februarie 2015, la Muzeul Obiceiurilor Populare din Bucovina, expozi\u0163ia de fotografie Bisericile Muzeului \u0162\u0103ranului. Expozi\u0163ia cuprinde imagini mai pu\u0163in cunoscute ale celor \u015fase biserici din lemn care se afl\u0103 \u00een custodia Muzeul Na\u0163ional al\u2026","rel":"","context":"\u00cen \u201eAgenda culturala\u201d","block_context":{"text":"Agenda culturala","link":"https:\/\/revistacultura.ro\/agenda\/category\/agenda-cultura\/"},"img":{"alt_text":"","src":"https:\/\/i0.wp.com\/revistacultura.ro\/agenda\/wp-content\/uploads\/2015\/01\/Untitled-16.jpg?resize=350%2C200&ssl=1","width":350,"height":200},"classes":[]},{"id":20949,"url":"https:\/\/revistacultura.ro\/agenda\/2022\/12\/craiova-prima-editie-a-galei-comunitatii-culturale\/","url_meta":{"origin":21202,"position":3},"title":"Craiova: Prima edi\u021bie a Galei Comunit\u0103\u021bii Culturale","author":"Cultura","date":"14 decembrie 2022","format":false,"excerpt":"Na\u021bionalul craiovean ini\u021biaz\u0103 GALA COMUNIT\u0102\u021aII CULTURALE \u00cen ciuda pandemiei ce a supus la t\u0103cere \u00eentreaga lume, Na\u021bionalul craiovean a reu\u0219it s\u0103 construiasc\u0103 o multitudine de proiecte relevante pentru comunitatea local\u0103, pentru breasla teatral\u0103, pentru arti\u0219ti. Ultimii trei ani au pozi\u021bionat Teatrul Na\u021bional \u201eMarin Sorescu\u201d din Craiova drept ini\u021biator al unor\u2026","rel":"","context":"\u00cen \u201eAgenda culturala\u201d","block_context":{"text":"Agenda culturala","link":"https:\/\/revistacultura.ro\/agenda\/category\/agenda-cultura\/"},"img":{"alt_text":"","src":"https:\/\/i0.wp.com\/revistacultura.ro\/agenda\/wp-content\/uploads\/2022\/12\/Gala-comunitatii-culturale-Craiova-2022.webp?resize=350%2C200&ssl=1","width":350,"height":200,"srcset":"https:\/\/i0.wp.com\/revistacultura.ro\/agenda\/wp-content\/uploads\/2022\/12\/Gala-comunitatii-culturale-Craiova-2022.webp?resize=350%2C200&ssl=1 1x, https:\/\/i0.wp.com\/revistacultura.ro\/agenda\/wp-content\/uploads\/2022\/12\/Gala-comunitatii-culturale-Craiova-2022.webp?resize=525%2C300&ssl=1 1.5x, https:\/\/i0.wp.com\/revistacultura.ro\/agenda\/wp-content\/uploads\/2022\/12\/Gala-comunitatii-culturale-Craiova-2022.webp?resize=700%2C400&ssl=1 2x"},"classes":[]},{"id":20198,"url":"https:\/\/revistacultura.ro\/agenda\/2019\/10\/dezbateri-si-conferinte-in-cadrul-fnt-2019\/","url_meta":{"origin":21202,"position":4},"title":"Dezbateri \u0219i conferin\u021be \u00een cadrul FNT 2019","author":"redactia","date":"18 octombrie 2019","format":false,"excerpt":"18 \u2013 27 OCTOMBRIE Festivalul Na\u021bional de Teatru Pe l\u00e2ng\u0103 cele 41 de piese de teatru din selec\u021bia oficial\u0103 (cu mai multe spectacole pentru fiecare pies\u0103) \u0219i de mont\u0103rile TNB care sunt programate \u00een calendarul FNT, festivalul de teatru este gazd\u0103 pentru numeroase alte manifest\u0103ri culturale, unele dintre ele cu\u2026","rel":"","context":"\u00cen \u201eAgenda culturala\u201d","block_context":{"text":"Agenda culturala","link":"https:\/\/revistacultura.ro\/agenda\/category\/agenda-cultura\/"},"img":{"alt_text":"","src":"https:\/\/i0.wp.com\/revistacultura.ro\/agenda\/wp-content\/uploads\/2019\/10\/fnt-fb.jpg?resize=350%2C200&ssl=1","width":350,"height":200,"srcset":"https:\/\/i0.wp.com\/revistacultura.ro\/agenda\/wp-content\/uploads\/2019\/10\/fnt-fb.jpg?resize=350%2C200&ssl=1 1x, https:\/\/i0.wp.com\/revistacultura.ro\/agenda\/wp-content\/uploads\/2019\/10\/fnt-fb.jpg?resize=525%2C300&ssl=1 1.5x, https:\/\/i0.wp.com\/revistacultura.ro\/agenda\/wp-content\/uploads\/2019\/10\/fnt-fb.jpg?resize=700%2C400&ssl=1 2x, https:\/\/i0.wp.com\/revistacultura.ro\/agenda\/wp-content\/uploads\/2019\/10\/fnt-fb.jpg?resize=1050%2C600&ssl=1 3x"},"classes":[]},{"id":20281,"url":"https:\/\/revistacultura.ro\/agenda\/2019\/11\/30-de-ani-de-teatru-romanesc-intr-un-volum-in-limba-engleza-semnat-de-cristina-modreanu\/","url_meta":{"origin":21202,"position":5},"title":"30 de ani de teatru rom\u00e2nesc \u00eentr-un volum \u00een limba englez\u0103 semnat de Cristina Modreanu","author":"Cultura","date":"6 noiembrie 2019","format":false,"excerpt":"A History of Romanian Theatre from Communism to Capitalism. Children of a Restless Time (\u201eO istorie a teatrului rom\u00e2nesc din comunism c\u0103tre capitalism. Copiii unui timp nelini\u0219tit\u201d), de Cristina Modreanu, este primul volum de sintez\u0103 \u00een limba englez\u0103 dedicat integral teatrului din Rom\u00e2nia \u0219i a ap\u0103rut la editura britanic\u0103 Routledge.\u2026","rel":"","context":"\u00cen \u201eAparitii editoriale\u201d","block_context":{"text":"Aparitii editoriale","link":"https:\/\/revistacultura.ro\/agenda\/category\/aparitii-editoriale\/"},"img":{"alt_text":"","src":"https:\/\/i0.wp.com\/revistacultura.ro\/agenda\/wp-content\/uploads\/2019\/11\/C.-Modreanu-A-History-of-Romanian-Theatre-from-Comunism-to-Capitalism-.jpg?resize=350%2C200&ssl=1","width":350,"height":200,"srcset":"https:\/\/i0.wp.com\/revistacultura.ro\/agenda\/wp-content\/uploads\/2019\/11\/C.-Modreanu-A-History-of-Romanian-Theatre-from-Comunism-to-Capitalism-.jpg?resize=350%2C200&ssl=1 1x, https:\/\/i0.wp.com\/revistacultura.ro\/agenda\/wp-content\/uploads\/2019\/11\/C.-Modreanu-A-History-of-Romanian-Theatre-from-Comunism-to-Capitalism-.jpg?resize=525%2C300&ssl=1 1.5x, https:\/\/i0.wp.com\/revistacultura.ro\/agenda\/wp-content\/uploads\/2019\/11\/C.-Modreanu-A-History-of-Romanian-Theatre-from-Comunism-to-Capitalism-.jpg?resize=700%2C400&ssl=1 2x"},"classes":[]}],"_links":{"self":[{"href":"https:\/\/revistacultura.ro\/agenda\/wp-json\/wp\/v2\/posts\/21202","targetHints":{"allow":["GET"]}}],"collection":[{"href":"https:\/\/revistacultura.ro\/agenda\/wp-json\/wp\/v2\/posts"}],"about":[{"href":"https:\/\/revistacultura.ro\/agenda\/wp-json\/wp\/v2\/types\/post"}],"author":[{"embeddable":true,"href":"https:\/\/revistacultura.ro\/agenda\/wp-json\/wp\/v2\/users\/1"}],"replies":[{"embeddable":true,"href":"https:\/\/revistacultura.ro\/agenda\/wp-json\/wp\/v2\/comments?post=21202"}],"version-history":[{"count":1,"href":"https:\/\/revistacultura.ro\/agenda\/wp-json\/wp\/v2\/posts\/21202\/revisions"}],"predecessor-version":[{"id":21204,"href":"https:\/\/revistacultura.ro\/agenda\/wp-json\/wp\/v2\/posts\/21202\/revisions\/21204"}],"wp:featuredmedia":[{"embeddable":true,"href":"https:\/\/revistacultura.ro\/agenda\/wp-json\/wp\/v2\/media\/21203"}],"wp:attachment":[{"href":"https:\/\/revistacultura.ro\/agenda\/wp-json\/wp\/v2\/media?parent=21202"}],"wp:term":[{"taxonomy":"category","embeddable":true,"href":"https:\/\/revistacultura.ro\/agenda\/wp-json\/wp\/v2\/categories?post=21202"},{"taxonomy":"post_tag","embeddable":true,"href":"https:\/\/revistacultura.ro\/agenda\/wp-json\/wp\/v2\/tags?post=21202"}],"curies":[{"name":"wp","href":"https:\/\/api.w.org\/{rel}","templated":true}]}}