{"id":20988,"date":"2023-06-04T20:03:34","date_gmt":"2023-06-04T17:03:34","guid":{"rendered":"https:\/\/revistacultura.ro\/agenda\/?p=20988"},"modified":"2023-06-04T20:04:06","modified_gmt":"2023-06-04T17:04:06","slug":"timisoara-capitala-culturala-europeana-selectii-din-programe","status":"publish","type":"post","link":"https:\/\/revistacultura.ro\/agenda\/2023\/06\/timisoara-capitala-culturala-europeana-selectii-din-programe\/","title":{"rendered":"Timi\u0219oara, Capital\u0103 Cultural\u0103 European\u0103 &#8211; selec\u021bii din programe"},"content":{"rendered":"\n<p>Cu \u00eent\u00e2rzierea datorat\u0103 pandemiei, Timi\u0219oara este \u00een acest an capital\u0103 cultural\u0103 european\u0103. Unele programe legate de acest eveniment au \u00eenceput de anul trecut. Lansarea oficial\u0103 a fost \u00een februarie 2023. Prima parte a anului a dus mari evenimente \u0219i a constituit debutul pentru majoritatea programelor \u00eenscrise \u00een calendar. \u00cen perioada r\u0103mas\u0103, lunile cele mai intense sunt iulie \u0219i septembrie. Un ghid selectiv al programelor din var\u0103 \u0219i toamn\u0103 include mai multe festivaluri importante, unele evenimente punctuale, dar \u0219i ac\u021biuni care implic\u0103 \u00een mod direct publicul &#8211; locuitorii din Timi\u0219 \u0219i vizitatorii ora\u0219ului.<\/p>\n\n\n\n<h3 class=\"wp-block-heading\"><strong>Mai-decembrie. La Pas \u00een cartiere<\/strong><\/h3>\n\n\n\n<p>Include: Timi\u0219oara s\u0103rb\u0103tore\u0219te Ziua Comer\u021bului Interna\u021bional; degust\u0103ri de produse locale; eveniment de con\u0219tientizare a risipei de alimente; dreptul la eveniment de sensibilizare cu privire la produsele alimentare.<\/p>\n\n\n\n<h3 class=\"wp-block-heading\"><strong>Ianuarie-august. Femei dun\u0103rene<\/strong><\/h3>\n\n\n\n<p>Spectacol teatral site-specific privind multiculturalitatea zonei Dun\u0103rii, \u00een colaborare cu Donauschw\u00e4bisches Zentralmuseum (Ulm, Germania) <br>Produc\u021bii \u0219i evenimente conexe \u00een cadrul programului Regizori europeni.<\/p>\n\n\n\n<h3 class=\"wp-block-heading\"><strong>Aprilie-decembrie. Cultur\u0103 \u0219i comunitate<\/strong><\/h3>\n\n\n\n<p>Acest proiect include o serie de dezbateri, conferin\u021be, evenimente artistice pe teme precum arta stradal\u0103 \u0219i regenerarea urban\u0103, design thinking etc. Evenimentele se vor desf\u0103\u0219ura \u00een spa\u021bii neconven\u021bionale, inclusiv evenimente pop-up \u00een zonele rurale, benefice pentru turismul cultural regional.<\/p>\n\n\n\n<h3 class=\"wp-block-heading\"><strong>Iunie-septembrie. Teatrul oprima\u021bilor<\/strong><\/h3>\n\n\n\n<p>Teatru forum precedat de ateliere cu localnici tineri. Instruirea tinerilor arti\u0219ti cu privire la animarea cultural\u0103 \u00een comunit\u0103\u021bile rome.<\/p>\n\n\n\n<h3 class=\"wp-block-heading\"><strong>Iulie. Festivalul Impuls<\/strong><\/h3>\n\n\n\n<p>Un festival de artele spectacolului de amploare, pentru amatori \u0219i pentru profesioni\u0219ti deopotriv\u0103, care va ghida localnicii \u0219i turi\u0219tii \u00eentr-un periplu artistic al chipului nev\u0103zut al Timi\u0219oarei. Concerte, dans contemporan, spectacole de circ \u0219i teatru, ateliere \u0219i m\u00e2ncare de strad\u0103 vor ocupa Pia\u021ba Traian pentru a aduce un omagiu bog\u0103\u021biei sale culturale \u0219i istorice \u0219i pentru a atrage aten\u021bia asupra energiei \u0219i poten\u021bialului efervescent al locuitorilor s\u0103i.<\/p>\n\n\n\n<h3 class=\"wp-block-heading\"><strong>Iulie-septembrie. Tactici temporare<\/strong><\/h3>\n\n\n\n<p>O scen\u0103 nomad\u0103, mobil\u0103 pentru proiecte transmedia care folosesc tehnologia ca instrument provocator pentru captarea unui public care consum\u0103 prea pu\u021bin sau chiar deloc art\u0103 \u0219i cultur\u0103 contemporan\u0103, direc\u021bionat\u0103 c\u0103tre periferia ora\u0219ului pentru a experimenta noi modalit\u0103\u021bi de interac\u021biune social\u0103 \u0219i cultural\u0103.<\/p>\n\n\n\n<h3 class=\"wp-block-heading\"><strong>Septembrie-decembrie. Festivalul European de Teatru Eurothalia #9<\/strong><\/h3>\n\n\n\n<p>Teatre, colective \u0219i interpre\u021bi invita\u021bi din \u00eentreaga Europ\u0103. Produc\u021bii \u0219i evenimente conexe \u00een cadrul programului Regizori europeni. Producerea unui spectacol de teatru pe tema migra\u021biei, bazat pe un text scris de autoarea Anja Hilling, Germania, \u0219i autoarea Elise Wilk, Rom\u00e2nia, \u00een colaborare cu Teatrul Altenburg (Gera, Germania).<\/p>\n\n\n\n<h3 class=\"wp-block-heading\"><strong>Septembrie. Festivalul La Pas<\/strong><\/h3>\n\n\n\n<p>Festival de gastronomie artizanal\u0103<\/p>\n\n\n\n<h3 class=\"wp-block-heading\"><strong>Septembrie. <strong>Lumin\u0103 peste grani\u021be<\/strong><\/strong><\/h3>\n\n\n\n<p><strong>Programul Lumin\u0103 peste grani\u021be\u00a0<\/strong>va culmina cu un festival de dou\u0103 s\u0103pt\u0103m\u00e2ni \u00een septembrie, \u00een diferite loca\u021bii de-a lungul r\u00e2ului Bega. Acesta va include produc\u021bii teatrale multilingve, proiec\u021bii de film, concerte de diferite genuri muzicale \u0219i instala\u021bii de art\u0103. Festivalul va \u00eensufle\u021bi \u0219i va permite explorarea diferitelor spa\u021bii urbane uitate de-a lungul Beg\u0103i.<\/p>\n\n\n\n<h3 class=\"wp-block-heading\"><strong>Septembrie. SABOTAGE Festival<\/strong>\u00a0\u2013 Music Arena<\/h3>\n\n\n\n<p> Dou\u0103 scene muzicale (Dub Arena \u2013 dub &amp; reggae, Electronic Arena \u2013 techno, electro, experimental \u0219i live); Technology Arena \u2013 art\u0103 new media, expozi\u021bii, film documentar, video mapping, instala\u021bii de art\u0103 \u0219i lumini; Knowledge Arena \u2013 discu\u021bii, conferin\u021be, workshop-uri \u0219i prezent\u0103ri.<\/p>\n\n\n\n<h3 class=\"wp-block-heading\"><strong>Septembrie-noiembrie. Performing 89<\/strong><\/h3>\n\n\n\n<p>Expozi\u021bie \u0219i cercetare care discut\u0103 \u00een context istoric despre implicarea public\u0103 a artistului la \u00eenceputul anilor 1990. Acesta ini\u021biaz\u0103 o reconstruc\u021bie care discut\u0103 despre demersurile arti\u0219tilor rom\u00e2ni de la \u00eenceputul anilor 1990, ale colectivelor artistice sau ini\u021biative solitare ca solu\u021bii pentru startul unei ac\u021biuni pe un teren neexplorat.<\/p>\n\n\n\n<h3 class=\"wp-block-heading\"><strong>Septembrie-noiembrie. Festivalul IN : V Z B L&nbsp;<\/strong><\/h3>\n\n\n\n<p>Festivalul va avea loc \u00een perioada septembrie\u2013noiembrie la Teatrul Basca, precum \u0219i \u00een diverse spa\u021bii publice din cartierul Fabric. Festivalul cuprinde evenimente \u0219i activit\u0103\u021bi culturale comunitare care implic\u0103 activ publicul \u00een zona Traian\/Fabric: concerte, ateliere de crea\u021bie pentru copii \u0219i v\u00e2rstnici, reziden\u021be pentru arti\u0219ti (interna\u021bionali \u0219i locali), spectacole de teatru invitate, spectacol de teatru forum, dezbateri despre teatru politic, proiec\u021bie de documentare. Festivalul IN : V Z B L ofer\u0103 at\u00e2t publicului larg, c\u00e2t \u0219i persoanelor din grupurile defavorizate din zona Traian\/Fabric, o gam\u0103 divers\u0103 de activit\u0103\u021bi \u0219i evenimente culturale care promoveaz\u0103 cultura \u0219i educa\u021bia prin cultur\u0103, dialogul, \u00een\u021belegerea, diversitatea, multiculturalismul, respectul \u0219i solidaritatea.<\/p>\n\n\n\n<h3 class=\"wp-block-heading\"><strong>Septembrie-noiembrie. Art Encounters<\/strong><\/h3>\n\n\n\n<p>\u00a0Acest eveniment interna\u021bional are loc la Timi\u0219oara din 2015.<br>\u00cen 2023, Bienala Art Encounters va continua s\u0103 contribuie la crearea de noi trasee culturale care s\u0103 includ\u0103 periferia Timi\u0219oarei, precum \u0219i spa\u021bii publice, unde interven\u021biile sunt menite s\u0103 atrag\u0103 aten\u021bia asupra necesit\u0103\u021bii de a reabilita respectivele spa\u021bii sau de a le \u00eenapoia comunit\u0103\u021bii. Bienala Art Encounters 2023 va avea un puternic impact na\u021bional \u0219i interna\u021bional, urm\u0103rind extinderea programului s\u0103u de mediere \u0219i prezen\u021ba sa \u00een spa\u021biul public. Aceast\u0103 edi\u021bie a bienalei se va concentra asupra cunoa\u0219terii colective, a structurilor de sprijin \u0219i de construire a comunit\u0103\u021bilor, ca parte a conceptului s\u0103u pentru cea dea 5-a edi\u021bie, care va fi, de asemenea, o oportunitate de a reg\u00e2ndi modelul bienalei. <br>Programul Encounters va fi marcat de alte dou\u0103 momente importante la Muzeul de Art\u0103. <strong>Expozi\u021bia Br\u00e2ncu\u0219i<\/strong>, curatoriat\u0103 de Do\u00efna Lemny, Surse rom\u00e2ne\u0219ti \u0219i perspective universale va prezenta teme esen\u021biale pe care artistul le-a dezvoltat de-a lungul deceniilor, \u00een sculptur\u0103, dar \u0219i \u00een fotografie \u0219i desen. O parte dintre cele mai emblematice crea\u021bii ale sale din colec\u021biile Centre Pompidou, Muzeul de Art\u0103 Tate \u0219i din alte colec\u021bii interna\u021bionale \u0219i na\u021bionale importante vor fi expuse pentru prima dat\u0103 \u00een \u021bara sa de origine. <strong>Retrospectiva Victor Brauner<\/strong> (1903\u20131966) va fi cea mai important\u0103 retrospectiv\u0103 dedicat\u0103 suprarealistului de origine rom\u00e2n\u0103 \u00een \u021bara sa natal\u0103, precum \u0219i \u00een aceast\u0103 parte a Europei. Lucr\u0103ri care nu au fost niciodat\u0103 prezentate \u00een Rom\u00e2nia, din colec\u021biile Centrului Pompidou, precum \u0219i din alte colec\u021bii private franceze, se vor reuni cu picturi \u0219i desene de\u021binute de muzee rom\u00e2ne\u0219ti \u0219i colec\u021bionari priva\u021bi. Stagiunea de toamn\u0103 a programului va fi marcat\u0103 de un program de trei expozi\u021bii de sculptur\u0103 la Muzeul Banatului, organizate de Funda\u021bia Triade.<\/p>\n\n\n\n<h3 class=\"wp-block-heading\"><strong>Octombrie. Sit+Read Festival<\/strong><\/h3>\n\n\n\n<p>T\u00e2rg de publica\u021bii, expozi\u021bie, workshop-uri, conferin\u021be.<\/p>\n\n\n\n<h3 class=\"wp-block-heading\"><strong>Octombrie. Festivalul Intrada<\/strong><\/h3>\n\n\n\n<p>\u00cen luna octombrie, Festivalul Intrada va cuprinde din nou masterclass-uri \u0219i concerte cu tineri participan\u021bi care vor interpreta al\u0103turi de Romanian Chamber Orchestra condus\u0103 de dirijorul Cristian M\u0103celaru.<\/p>\n\n\n\n<h3 class=\"wp-block-heading\"><strong>Octombrie-noiembrie. Summit de Muzic\u0103 Clasic\u0103<\/strong><\/h3>\n\n\n\n<p>La sf\u00e2r\u0219itul lunii octombrie \u2013 \u00eenceputul lunii noiembrie 2023, va fi g\u0103zduit\u0103 de Filarmonica \u201eBanatul\u201d cea de-a doua edi\u021bie a Summit-ului de Muzic\u0103 Clasic\u0103. \u00cen cadrul acestei edi\u021bii, num\u0103rul participan\u021bilor va cre\u0219te la peste 150 de muzicieni \u0219i profesioni\u0219ti din domeniul muzicii clasice. Din nou, \u00eent\u00e2lnirea de 4 zile va fi o ocazie pentru schimburi culturale \u0219i va \u00eencuraja schimbul de cuno\u0219tin\u021be \u00eentre participan\u021bii din diferite \u021b\u0103ri. Aceast\u0103 conferin\u021b\u0103 \u0219i expozi\u021bie va plasa Timi\u0219oara pe harta ora\u0219elor relevante pentru profesioni\u0219tii din sector.<\/p>\n\n\n\n<figure class=\"wp-block-embed is-type-video is-provider-youtube wp-block-embed-youtube wp-embed-aspect-16-9 wp-has-aspect-ratio\"><div class=\"wp-block-embed__wrapper\">\n<div class=\"nv-iframe-embed\"><span class=\"embed-youtube\" style=\"text-align:center; display: block;\"><iframe loading=\"lazy\" class=\"youtube-player\" width=\"1200\" height=\"675\" src=\"https:\/\/www.youtube.com\/embed\/4M_9U6JGxac?version=3&#038;rel=1&#038;showsearch=0&#038;showinfo=1&#038;iv_load_policy=1&#038;fs=1&#038;hl=ro-RO&#038;autohide=2&#038;wmode=transparent\" allowfullscreen=\"true\" style=\"border:0;\" sandbox=\"allow-scripts allow-same-origin allow-popups allow-presentation allow-popups-to-escape-sandbox\"><\/iframe><\/span><\/div>\n<\/div><figcaption class=\"wp-element-caption\">Clip de prezentare Timi\u0219oara Capital\u0103 Cultural\u0103 European\u0103<\/figcaption><\/figure>\n\n\n\n<h2 class=\"wp-block-heading\"><strong>Programe care se desf\u0103\u0219oar\u0103 pe toat\u0103 durata anului<\/strong> 2023<\/h2>\n\n\n\n<h3 class=\"wp-block-heading\">Centrele Lumin\u0103 din cartier<\/h3>\n\n\n\n<p>\u00cen 2023, toate\u00a0<strong>Centrele de Lumin\u0103 din cartier\u00a0<\/strong>vor fi activate printr-un program de evenimente, ateliere, concerte, spectacole de teatru (Teatrul Au\u0103leu, Compania 9), proiec\u021bii ale filmelor create \u00een cadrul programului, sesiuni educa\u021bionale \u0219i proiecte selectate de comunitate. Programul include o conferin\u021b\u0103 dedicat\u0103 comunit\u0103\u021bilor locale din diferite cartiere din Europa ca vectori ai transform\u0103rii \u0219i regener\u0103rii urbane. O serie de interven\u021bii \u00een spa\u021biul public vor fi co-create \u00eempreun\u0103 cu comunitatea local\u0103, care va g\u0103zdui, de asemenea, ateliere de art\u0103 \u0219i educa\u021bie creativ\u0103 (Bajko Attila, Tajo). Sub titlul<strong> Timi\u0219oara, harta secret\u0103. Oameni \u0219i locuri, <\/strong>va fi realizat\u0103 o serie de filme documentare \u00een 24 de episoade, cu pove\u0219ti mai pu\u021bin cunoscute ale ora\u0219ului (program transversal comun pentru sta\u021biile \u00cendr\u0103zne\u0219te! \u0219i Reflec\u021bii).<\/p>\n\n\n\n<h3 class=\"wp-block-heading\"><strong>Vocile ora\u0219ului. Atelier de identitate<\/strong><\/h3>\n\n\n\n<p>Pentru c\u0103 identitatea Timi\u0219oarei const\u0103 \u00een diversitate, \u00een 2023, Atelierul de identitate va fi definit ca Atelierul de diversitate. Acesta este format din 12 evenimente (teatru, dans, spectacole, concerte etc.) care se vor desf\u0103\u0219ura \u00een Parcul Civic\/Sala 2 sau \u00een alte loca\u021bii. O dat\u0103 pe lun\u0103, Atelierul de diversitate va folosi aceste evenimente pentru a aduce \u00een prim-plan un aspect diferit al diversit\u0103\u021bii: etnie, comunit\u0103\u021bi, v\u00e2rste, genuri, stiluri arhitecturale, muzic\u0103, istorie \u0219i pove\u0219ti ale ora\u0219ului.<\/p>\n\n\n\n<h3 class=\"wp-block-heading\">Dans contemporan<\/h3>\n\n\n\n<p>Sesiuni ale comunit\u0103\u021bii de dans contemporan:\u00a0<strong>\u0219coala de dans contemporan<\/strong> <strong>Frames &amp; Shapes<\/strong>; Ateliere de wellbeing prin dans; Dance Meets Sports: trecerea de la antrenamentul atletic la mi\u0219carea creativ\u0103 \u0219i dans; ateliere de dans \u00eentre genera\u021bii; atelier de dans pentru persoanele cu dizabilit\u0103\u021bi, condus de Catrinel Catan\u0103 (DANS.ABIL); ateliere \u00een aer liber pentru copiii din familii vulnerabile sau case de plasament, \u00een parteneriat cu \u0218coala de Circ Timi\u0219oara.<br>Spectacole: 3-4 produc\u021bii locale Unfold Motion, 2 coproduc\u021bii na\u021bionale, 4 spectacole interna\u021bionale invitate<\/p>\n\n\n\n<h3 class=\"wp-block-heading\"><strong>Edutainment<\/strong><\/h3>\n\n\n\n<p>Tururi educa\u021bionale, tururi ghidate ale reperelor, sus\u021binute de istorici, arhitec\u021bi, muzeografi, fie \u00een persoan\u0103, fie prin realitate virtual\u0103, combin\u00e2nd \u00eenv\u0103\u021barea \u0219i divertismentul pentru vizitatori.<\/p>\n\n\n\n<h3 class=\"wp-block-heading\"><strong>Caravana digital\u0103 ROD<\/strong><\/h3>\n\n\n\n<p>Studio mobil pentru produc\u021bie audio-video, streaming, podcast, print etc.) dedicat\u0103 grupurilor \u0219i comunit\u0103\u021bilor marginalizate, pentru generarea de con\u021binut cultural original, local, pentru proiec\u021bii \u0219i interven\u021bii \u00een 2023 <\/p>\n\n\n\n<h3 class=\"wp-block-heading\"><strong>Alte Capitale Europene ale Culturii<\/strong><\/h3>\n\n\n\n<p>Din ianuarie \u0219i pe tot parcursul anului au loc prezent\u0103ri despre produc\u021biile \u0219i rezultatele CeaC-urilor din trecut. Interviurile \u0219i lucr\u0103rile comunitare vor fi realizate de LOCOP \u2013 Platforma Operatorilor Locali \u00een colaborare cu arti\u0219ti locali.<\/p>\n\n\n\n<h2 class=\"wp-block-heading\">Evenimente punctuale<\/h2>\n\n\n\n<div class=\"wp-block-stackable-posts stk-block-posts stk-block stk-8626a5f is-style-default\" data-v=\"2\" data-block-id=\"8626a5f\"><style>.stk-8626a5f .stk-img-wrapper{width:100% !important}<\/style><div class=\"stk-inner-blocks stk-content-align stk-8626a5f-column\"><div class=\"stk-block-posts__items\">&lt;!\u2013- \/stk-start:posts\/template \u2013-><div class=\"stk-block-posts__item\"><div class=\"stk-container stk-8626a5f-container stk--no-background stk--no-padding\"><article><h3 class=\"stk-block-posts__title\"><a href='!#postLink!#'>!#title!#<\/a><\/h3><a href=\"!#postLink!#\" class=\"stk-block-posts__image-link\"><figure class=\"stk-img-wrapper stk-image--shape-stretch\"><img class=\"stk-img\" width=\"100\" height=\"300\"\/><\/figure><\/a><aside class=\"stk-block-posts__meta stk-subtitle\"><span>!#authorName!#<\/span><span class=\"stk-block-posts__meta-sep\">!#metaSeparator!#<\/span><time datetime=\"!#dateTime!#\">!#date!#<\/time><span class=\"stk-block-posts__meta-sep\">!#metaSeparator!#<\/span><span>!#commentsNum!#<\/span><\/aside><div class=\"stk-block-posts__category stk-subtitle\">!#category!#<\/div><div class=\"stk-block-posts__excerpt\">!#excerpt!#<\/div><a class=\"stk-block-posts__readmore\" href=\"!#postLink!#\">!#readmoreText!#<\/a><\/article><\/div><\/div>&lt;!\u2013- \/stk-end:post\/template \u2013-><\/div><div class=\"stk-inner-blocks\"><\/div><\/div><\/div>\n\n\n\n<p><em>sursa selec\u021biei: <strong><a href=\"https:\/\/lapasprinoras.blogspot.com\/\" data-type=\"URL\" data-id=\"https:\/\/lapasprinoras.blogspot.com\/\">Blogul La pas prin ora\u0219<\/a><\/strong><\/em><\/p>\n\n\n\n<figure class=\"wp-block-embed is-type-video is-provider-youtube wp-block-embed-youtube wp-embed-aspect-16-9 wp-has-aspect-ratio\"><div class=\"wp-block-embed__wrapper\">\n<div class=\"nv-iframe-embed\"><span class=\"embed-youtube\" style=\"text-align:center; display: block;\"><iframe loading=\"lazy\" class=\"youtube-player\" width=\"1200\" height=\"675\" src=\"https:\/\/www.youtube.com\/embed\/7MFEGwRM1xU?version=3&#038;rel=1&#038;showsearch=0&#038;showinfo=1&#038;iv_load_policy=1&#038;fs=1&#038;hl=ro-RO&#038;autohide=2&#038;wmode=transparent\" allowfullscreen=\"true\" style=\"border:0;\" sandbox=\"allow-scripts allow-same-origin allow-popups allow-presentation allow-popups-to-escape-sandbox\"><\/iframe><\/span><\/div>\n<\/div><figcaption class=\"wp-element-caption\">video: Deschiderea oficial\u0103 \u0219i prezentarea programelor TM2023, o produc\u021bie TVR Timi\u0219oara<\/figcaption><\/figure>\n","protected":false},"excerpt":{"rendered":"<p>Cu \u00eent\u00e2rzierea datorat\u0103 pandemiei, Timi\u0219oara este \u00een acest an capital\u0103 cultural\u0103 european\u0103. Unele programe legate de acest eveniment au \u00eenceput de anul trecut. Lansarea oficial\u0103 a fost \u00een februarie 2023. Prima parte a anului a dus mari evenimente \u0219i a constituit debutul pentru majoritatea programelor \u00eenscrise \u00een calendar. \u00cen perioada r\u0103mas\u0103, lunile cele mai intense&hellip;&nbsp;<a href=\"https:\/\/revistacultura.ro\/agenda\/2023\/06\/timisoara-capitala-culturala-europeana-selectii-din-programe\/\" rel=\"bookmark\">Cite\u0219te mai mult &raquo;<span class=\"screen-reader-text\">Timi\u0219oara, Capital\u0103 Cultural\u0103 European\u0103 &#8211; selec\u021bii din programe<\/span><\/a><\/p>\n","protected":false},"author":1,"featured_media":20829,"comment_status":"open","ping_status":"open","sticky":false,"template":"","format":"standard","meta":{"neve_meta_sidebar":"","neve_meta_container":"","neve_meta_enable_content_width":"","neve_meta_content_width":0,"neve_meta_title_alignment":"","neve_meta_author_avatar":"","neve_post_elements_order":"","neve_meta_disable_header":"","neve_meta_disable_footer":"","neve_meta_disable_title":"","jetpack_post_was_ever_published":false,"_jetpack_newsletter_access":"","_jetpack_dont_email_post_to_subs":false,"_jetpack_newsletter_tier_id":0,"_jetpack_memberships_contains_paywalled_content":false,"_jetpack_memberships_contains_paid_content":false,"footnotes":"","jetpack_publicize_message":"","jetpack_publicize_feature_enabled":true,"jetpack_social_post_already_shared":true,"jetpack_social_options":{"image_generator_settings":{"template":"highway","default_image_id":0,"font":"","enabled":false},"version":2}},"categories":[152],"tags":[999,998],"class_list":["post-20988","post","type-post","status-publish","format-standard","has-post-thumbnail","hentry","category-agenda-cultura","tag-calendar-cultural","tag-festivaluri-importante"],"jetpack_publicize_connections":[],"jetpack_featured_media_url":"https:\/\/revistacultura.ro\/agenda\/wp-content\/uploads\/2022\/02\/Teatrul_National_Timisoara.jpg","jetpack_sharing_enabled":true,"jetpack-related-posts":[{"id":20972,"url":"https:\/\/revistacultura.ro\/agenda\/2023\/05\/s-a-deschis-vanzarea-de-bilete-la-spectacolul-cu-john-malkovich-din-iulie-la-timisoara\/","url_meta":{"origin":20988,"position":0},"title":"S-a deschis v\u00e2nzarea de bilete la spectacolul cu John Malkovich din iulie, la Timi\u0219oara","author":"Cultura","date":"22 mai 2023","format":false,"excerpt":"Printre cele mai importante evenimente din cadrul programelor Capitala Cultural\u0103, spectacolul \u201eComedia infernal\u0103\u201d va aduce pe scena TNTm unul dintre cei mai importan\u021bi \u0219i mai notorii actori ai cinematografiei mondiale. Teatrul Na\u021bional din Timi\u0219oara anun\u021b\u0103 punerea \u00een v\u00e2nzare a biletelor pentru spectacolul THE INFERNAL COMEDY de Michael Sturminger, av\u00e2ndu-l ca\u2026","rel":"","context":"\u00cen \u201eAgenda culturala\u201d","block_context":{"text":"Agenda culturala","link":"https:\/\/revistacultura.ro\/agenda\/category\/agenda-cultura\/"},"img":{"alt_text":"","src":"https:\/\/i0.wp.com\/revistacultura.ro\/agenda\/wp-content\/uploads\/2023\/05\/afis.jpg?resize=350%2C200&ssl=1","width":350,"height":200,"srcset":"https:\/\/i0.wp.com\/revistacultura.ro\/agenda\/wp-content\/uploads\/2023\/05\/afis.jpg?resize=350%2C200&ssl=1 1x, https:\/\/i0.wp.com\/revistacultura.ro\/agenda\/wp-content\/uploads\/2023\/05\/afis.jpg?resize=525%2C300&ssl=1 1.5x"},"classes":[]},{"id":20846,"url":"https:\/\/revistacultura.ro\/agenda\/2022\/07\/sala-2-tntm-un-proiect-pentru-spectatorul-de-teatru-din-secolul-xxi\/","url_meta":{"origin":20988,"position":1},"title":"Sala 2 TNTm &#8211; un proiect pentru spectatorul de teatru din secolul XXI","author":"Cultura","date":"4 iulie 2022","format":false,"excerpt":"Teatrul Na\u021bional din Timi\u0219oara deschide drumuri. Face parte din istoria lui, din destinul lui. A\u0219a cum Rom\u00e2nia modern\u0103 va trebui s\u0103 \u00ee\u0219i asume momentul \u00een care actorii Na\u021bionalului au oprit spectacolul de pe scen\u0103 \u0219i le-au deschis revolu\u021bionarilor str\u00e2n\u0219i \u00een Pia\u021ba Victoriei, \u00een 16 decembrie 1989, por\u021bile Teatrului \u00een numele\u2026","rel":"","context":"\u00cen \u201ecomunicate\u201d","block_context":{"text":"comunicate","link":"https:\/\/revistacultura.ro\/agenda\/category\/comunicate\/"},"img":{"alt_text":"","src":"https:\/\/i0.wp.com\/revistacultura.ro\/agenda\/wp-content\/uploads\/2022\/07\/sala2tntm.jpg?resize=350%2C200&ssl=1","width":350,"height":200,"srcset":"https:\/\/i0.wp.com\/revistacultura.ro\/agenda\/wp-content\/uploads\/2022\/07\/sala2tntm.jpg?resize=350%2C200&ssl=1 1x, https:\/\/i0.wp.com\/revistacultura.ro\/agenda\/wp-content\/uploads\/2022\/07\/sala2tntm.jpg?resize=525%2C300&ssl=1 1.5x, https:\/\/i0.wp.com\/revistacultura.ro\/agenda\/wp-content\/uploads\/2022\/07\/sala2tntm.jpg?resize=700%2C400&ssl=1 2x"},"classes":[]},{"id":21320,"url":"https:\/\/revistacultura.ro\/agenda\/2025\/08\/finisaj-out-of-the-box-la-penitenciarul-timisoara\/","url_meta":{"origin":20988,"position":2},"title":"Finisaj \u201eOut of the Box\u201d la Penitenciarul Timi\u0219oara","author":"Cultura","date":"21 august 2025","format":false,"excerpt":"Vineri, 22 august 2025, Penitenciarul Timi\u0219oara g\u0103zduie\u0219te un eveniment artistic cu totul special: finisajul expozi\u021biei OUT OF THE BOX II, un proiect cultural cu un impact social profund, realizat de peste 30 de persoane aflate \u00een deten\u021bie. Pentru prima dat\u0103, publicul are acces liber \u00een incinta penitenciarului pentru a vedea\u2026","rel":"","context":"\u00cen \u201eProiecte sus\u021binute de revista CULTURA\u201d","block_context":{"text":"Proiecte sus\u021binute de revista CULTURA","link":"https:\/\/revistacultura.ro\/agenda\/category\/parteneriate\/"},"img":{"alt_text":"","src":"https:\/\/i0.wp.com\/revistacultura.ro\/agenda\/wp-content\/uploads\/2025\/08\/out-of-the-box-.jpg?resize=350%2C200&ssl=1","width":350,"height":200,"srcset":"https:\/\/i0.wp.com\/revistacultura.ro\/agenda\/wp-content\/uploads\/2025\/08\/out-of-the-box-.jpg?resize=350%2C200&ssl=1 1x, https:\/\/i0.wp.com\/revistacultura.ro\/agenda\/wp-content\/uploads\/2025\/08\/out-of-the-box-.jpg?resize=525%2C300&ssl=1 1.5x, https:\/\/i0.wp.com\/revistacultura.ro\/agenda\/wp-content\/uploads\/2025\/08\/out-of-the-box-.jpg?resize=700%2C400&ssl=1 2x, https:\/\/i0.wp.com\/revistacultura.ro\/agenda\/wp-content\/uploads\/2025\/08\/out-of-the-box-.jpg?resize=1050%2C600&ssl=1 3x, https:\/\/i0.wp.com\/revistacultura.ro\/agenda\/wp-content\/uploads\/2025\/08\/out-of-the-box-.jpg?resize=1400%2C800&ssl=1 4x"},"classes":[]},{"id":20733,"url":"https:\/\/revistacultura.ro\/agenda\/2021\/01\/tn-timisoara-in-2021\/","url_meta":{"origin":20988,"position":3},"title":"TN Timi\u0219oara \u00een 2021","author":"Cultura","date":"4 ianuarie 2021","format":false,"excerpt":"\u00cencredere \u0219i speran\u021b\u0103 pentru viitorul Teatrului Na\u021bional din Timi\u0219oara \u0219i al publicului s\u0103u. Este mesajul pentru anul 2021 al Na\u021bionalului timi\u0219orean, acest teatru mereu prezent, mereu activ, mereu rezonant fa\u021b\u0103 de spectatorii s\u0103i \u0219i fa\u021b\u0103 de comunitate, pe tot parcursul acestui an at\u00e2t de plin de nea\u0219teptat. \u00cempreun\u0103 cu Teatrul\u2026","rel":"","context":"\u00cen \u201ecomunicate\u201d","block_context":{"text":"comunicate","link":"https:\/\/revistacultura.ro\/agenda\/category\/comunicate\/"},"img":{"alt_text":"","src":"","width":0,"height":0},"classes":[]},{"id":21342,"url":"https:\/\/revistacultura.ro\/agenda\/2025\/08\/festivalul-enescu-2025-prezent-in-24-de-localitati\/","url_meta":{"origin":20988,"position":4},"title":"Festivalul Enescu 2025: prezent \u00een 24 de localit\u0103\u021bi","author":"Cultura","date":"29 august 2025","format":false,"excerpt":"Festivalul Interna\u021bional George Enescu, una dintre cele mai prestigioase manifest\u0103ri de muzic\u0103 clasic\u0103 la nivel mondial, \u00ee\u0219i extinde \u0219i \u00een 2025 prezen\u021ba dincolo de capital\u0103, ajung\u00e2nd \u00een peste 20 de ora\u0219e din Rom\u00e2nia \u0219i \u00een Chi\u0219in\u0103u, Republica Moldova. Aceast\u0103 edi\u021bie marcheaz\u0103 70 de ani de la moartea marelui compozitor rom\u00e2n\u2026","rel":"","context":"\u00cen \u201eAgenda culturala\u201d","block_context":{"text":"Agenda culturala","link":"https:\/\/revistacultura.ro\/agenda\/category\/agenda-cultura\/"},"img":{"alt_text":"","src":"https:\/\/i0.wp.com\/revistacultura.ro\/agenda\/wp-content\/uploads\/2025\/08\/Patricia_Kopatchinskaja.webp?resize=350%2C200&ssl=1","width":350,"height":200,"srcset":"https:\/\/i0.wp.com\/revistacultura.ro\/agenda\/wp-content\/uploads\/2025\/08\/Patricia_Kopatchinskaja.webp?resize=350%2C200&ssl=1 1x, https:\/\/i0.wp.com\/revistacultura.ro\/agenda\/wp-content\/uploads\/2025\/08\/Patricia_Kopatchinskaja.webp?resize=525%2C300&ssl=1 1.5x, https:\/\/i0.wp.com\/revistacultura.ro\/agenda\/wp-content\/uploads\/2025\/08\/Patricia_Kopatchinskaja.webp?resize=700%2C400&ssl=1 2x"},"classes":[]},{"id":20995,"url":"https:\/\/revistacultura.ro\/agenda\/2023\/06\/vara-evenimentelor-la-teatrul-national-din-timisoara-hamlet-a-girls-story-si-the-infernal-comedy-com-edie-infernala-cu-john-malkovich\/","url_meta":{"origin":20988,"position":5},"title":"Vara evenimentelor la Teatrul Na\u021bional din Timi\u0219oara","author":"Cultura","date":"23 iunie 2023","format":false,"excerpt":"HAMLET, A GIRLS STORY \u0219i THE INFERNAL COMEDY \/ COMEDIE INFERNAL\u0102 cu John Malkovich Vara evenimentelor la Teatrul Na\u021bional din Timi\u0219oara continu\u0103 \u00een luna iulie cu trei evenimente de excep\u021bie. Astfel, Teatrul Na\u021bional din Timi\u0219oara prezint\u0103 \u00een prima zi a lunii iulie, unul dintre spectacolele sale emblematice: HAMLET, \u00een traducerea\u2026","rel":"","context":"\u00cen \u201eSemnal\u201d","block_context":{"text":"Semnal","link":"https:\/\/revistacultura.ro\/agenda\/category\/semnal\/"},"img":{"alt_text":"","src":"https:\/\/i0.wp.com\/revistacultura.ro\/agenda\/wp-content\/uploads\/2023\/06\/a-girls-story2_Foto-Gianmarco-Bresadola7-scaled.jpg?resize=350%2C200&ssl=1","width":350,"height":200,"srcset":"https:\/\/i0.wp.com\/revistacultura.ro\/agenda\/wp-content\/uploads\/2023\/06\/a-girls-story2_Foto-Gianmarco-Bresadola7-scaled.jpg?resize=350%2C200&ssl=1 1x, https:\/\/i0.wp.com\/revistacultura.ro\/agenda\/wp-content\/uploads\/2023\/06\/a-girls-story2_Foto-Gianmarco-Bresadola7-scaled.jpg?resize=525%2C300&ssl=1 1.5x, https:\/\/i0.wp.com\/revistacultura.ro\/agenda\/wp-content\/uploads\/2023\/06\/a-girls-story2_Foto-Gianmarco-Bresadola7-scaled.jpg?resize=700%2C400&ssl=1 2x, https:\/\/i0.wp.com\/revistacultura.ro\/agenda\/wp-content\/uploads\/2023\/06\/a-girls-story2_Foto-Gianmarco-Bresadola7-scaled.jpg?resize=1050%2C600&ssl=1 3x, https:\/\/i0.wp.com\/revistacultura.ro\/agenda\/wp-content\/uploads\/2023\/06\/a-girls-story2_Foto-Gianmarco-Bresadola7-scaled.jpg?resize=1400%2C800&ssl=1 4x"},"classes":[]}],"_links":{"self":[{"href":"https:\/\/revistacultura.ro\/agenda\/wp-json\/wp\/v2\/posts\/20988","targetHints":{"allow":["GET"]}}],"collection":[{"href":"https:\/\/revistacultura.ro\/agenda\/wp-json\/wp\/v2\/posts"}],"about":[{"href":"https:\/\/revistacultura.ro\/agenda\/wp-json\/wp\/v2\/types\/post"}],"author":[{"embeddable":true,"href":"https:\/\/revistacultura.ro\/agenda\/wp-json\/wp\/v2\/users\/1"}],"replies":[{"embeddable":true,"href":"https:\/\/revistacultura.ro\/agenda\/wp-json\/wp\/v2\/comments?post=20988"}],"version-history":[{"count":1,"href":"https:\/\/revistacultura.ro\/agenda\/wp-json\/wp\/v2\/posts\/20988\/revisions"}],"predecessor-version":[{"id":20989,"href":"https:\/\/revistacultura.ro\/agenda\/wp-json\/wp\/v2\/posts\/20988\/revisions\/20989"}],"wp:featuredmedia":[{"embeddable":true,"href":"https:\/\/revistacultura.ro\/agenda\/wp-json\/wp\/v2\/media\/20829"}],"wp:attachment":[{"href":"https:\/\/revistacultura.ro\/agenda\/wp-json\/wp\/v2\/media?parent=20988"}],"wp:term":[{"taxonomy":"category","embeddable":true,"href":"https:\/\/revistacultura.ro\/agenda\/wp-json\/wp\/v2\/categories?post=20988"},{"taxonomy":"post_tag","embeddable":true,"href":"https:\/\/revistacultura.ro\/agenda\/wp-json\/wp\/v2\/tags?post=20988"}],"curies":[{"name":"wp","href":"https:\/\/api.w.org\/{rel}","templated":true}]}}