{"id":20821,"date":"2021-12-08T17:01:08","date_gmt":"2021-12-08T15:01:08","guid":{"rendered":"https:\/\/revistacultura.ro\/agenda\/?p=20821"},"modified":"2021-12-08T17:12:54","modified_gmt":"2021-12-08T15:12:54","slug":"artivism-terapeutic-pe-timp-de-pandemie","status":"publish","type":"post","link":"https:\/\/revistacultura.ro\/agenda\/2021\/12\/artivism-terapeutic-pe-timp-de-pandemie\/","title":{"rendered":"Demers artistic dedicat tinerilor hipoacustici &#8211; \u00eenscrieri gratuite"},"content":{"rendered":"\n<p><strong>\u201c<a rel=\"noreferrer noopener\" href=\"https:\/\/www.varcultural.eu\/proiecte\/amprenta-sunetului\/\" target=\"_blank\">Amprenta Sunetului<\/a>\u201d &#8211; edi<\/strong>\u021b<strong>ia a II-a<\/strong><\/p>\n\n\n\n<div class=\"wp-block-stackable-heading stk-block-heading stk-block stk-838f984\" data-block-id=\"838f984\"><div class=\"stk-block-heading__top-line\"><\/div><h2 class=\"stk-block-heading__text\">Artivism Terapeutic pe Timp de Pandemie<\/h2><div class=\"stk-block-heading__bottom-line\"><\/div><\/div>\n\n\n\n<p><a href=\"https:\/\/www.varcultural.eu\/\"><u>Asocia\u021bia VAR Cultural<\/u><\/a> lanseaz\u0103\u00a0a doua edi\u021bie a proiectului\u00a0\u201c<a href=\"https:\/\/www.varcultural.eu\/proiecte\/amprenta-sunetului\/\">Amprenta Sunetului<\/a>,\u201d\u00a0printr-o serie de zece ateliere on-line dedicate tinerilor hipoacuzici din diferite regiuni ale\u00a0\u021b\u0103rii. Procesul de selec\u021bie se va derula in luna Decembrie 2021, iar in perioada ianuarie-martie \u0219aisprezece tineri\u00a0(\u00eentre 14-18 ani),\u00a0purt\u0103tori de implant cohlear\/proteze auditive,\u00a0vor fi condu\u0219i\u00a0\u00eentr-un \u00eentreg demers terapeutic de o echip\u0103 de profesioni\u0219ti. \u00cen sesiunile s\u0103pt\u0103m\u00e2nale se vor aplica tehnici de terapie prin joc, dramaterapie, percu\u021bie \u0219i confec\u021bionare de marionete. \u00censcrierile se pot face la adresa de e-mail\u00a0\u00a0<a href=\"mailto:amprenta.sunetului@gmail.com\">amprenta.sunetului@gmail.com<\/a>\u00a0p\u00e2n\u0103 pe 20 decembrie 2021. Evolu\u021bia proiectului poate fi urm\u0103rit\u0103 pe pagina de facebook \u201c<a href=\"https:\/\/www.facebook.com\/amprenta.sunetului\">Amprenta Sunetului<\/a>.\u201d<\/p>\n\n\n\n<p>Echipa de implementare (dramaterapeut, percu\u021bionist, artist p\u0103pu\u0219ar, documentarist, artist vizual) vizeaz\u0103 afirmarea identit\u0103\u021bii participan\u021bilor, exprimarea provoc\u0103rilor cu care se confrunt\u0103 c\u00e2t \u0219i \u00eembun\u0103t\u0103\u021birea mecanismelor \u0219i strategiilor de rezilien\u021b\u0103. Documentarea \u00eent\u00e2lnirilor va fi realizat\u0103 concomitent cu integrarea produselor artistice \u0219i a materialelor video realizate. Etap\u0103 final\u0103 a proiectului va conduce la realizarea&nbsp;unui film de mediu metraj rezultat exclusiv din contribu\u021biile tinerilor \u0219i reflect\u00e2nd experien\u021bele acestora.<\/p>\n\n\n\n<p>Organizatorii propun un nou mod de comunicare, de rela\u021bionare cu realitatea senzorial\u0103&nbsp;\u0219i emo\u021bional\u0103&nbsp;a grupului&nbsp;\u021bint\u0103 c\u00e2t&nbsp;\u0219i un liant artistic \u00een facilitarea dialogului social \u00eentre acest grup&nbsp;\u0219i publicul larg.&nbsp;Lanseaz\u0103 simultan o provocare pentru &nbsp;implicare colectiv\u0103 \u00een promovarea toleran\u021bei&nbsp;\u0219i a diversit\u0103\u021bii, demar\u00e2nd&nbsp;o campanie de sensibilizare a publicului prin mediatizarea proiectului. Lansarea mediu metrajului va avea loc at\u00e2t on-line c\u00e2t \u0219i \u00een cadrul unui eveniment organizat \u00een Bucure\u0219ti.<\/p>\n\n\n\n<p><strong>Echipa:<\/strong><\/p>\n\n\n\n<ul class=\"wp-block-list\"><li>Vero Nica: manager de proiect \/ documentarist\/ asistent comunicare<\/li><li>Magda Cernea: psiholog\/audiolog<\/li><li>Andu Dumitrescu: identitate vizual\u0103\/produc\u021bie \u0219i post produc\u021bie mediu metraj<\/li><li>Teodor Stan: responsabil comunicare, Pre\u0219edinte al Forumului de Cercetare a Imigra\u021biei, Washington DC<\/li><li>Nicoleta Codoreanu (Mariolle) &#8211; artist p\u0103pu\u0219ar\/consilier dezvoltare personal\u0103&nbsp;prin arta p\u0103pu\u0219arului<\/li><li>Alexandru Neagu &#8211; muzician\/coordonator atelier percu\u021bie<\/li><\/ul>\n\n\n\n<p>________________________________________________________________________________<\/p>\n\n\n\n<p>Amprenta Sunetului edi\u021bia a II-a este sus\u021binut de Cochlear \u2013 pentru ca fiecare copil s\u0103 aud\u0103 \u0219i s\u0103 fie auzit.<\/p>\n\n\n\n<p>Motto: <strong>Auzi<\/strong><strong>\u021b<\/strong><strong>i acum. <\/strong><strong>\u0218<\/strong><strong>i pentru totdeauna.<\/strong><\/p>\n\n\n\n<p>_______________________________________________________________________________<\/p>\n\n\n\n<p>Proiect sprijinit de Funda\u021bia Pentru Comunitate \u0219i MOL Rom\u00e2nia prin Programul MOL pentru s\u0103n\u0103tatea copiilor<\/p>\n\n\n\n<p>________________________________________________________________________________<\/p>\n\n\n\n<p><strong>Asocia<\/strong><strong>\u021b<\/strong><strong>ii Partenere:<\/strong> \u201cAscult\u0103 via\u021ba\u201d. \u201cAudiosofia\u201d, \u201cKoala RAV\u201d, \u201cPerspective pentru Copiii Hipoacuzici\u201d, \u201cAuzi \u00cen\u021belegi Tr\u0103ie\u0219ti\u201d, \u201dDarul Sunetului\u201d<\/p>\n\n\n\n<p>_____________________________________________________________________________<\/p>\n\n\n\n<p><strong>Parteneri mass-media:<\/strong> Radio Rom\u00e2nia Cultural, MODERNISM, IQads, The Institute, Rom\u00e2nia Pozitiv\u0103<\/p>\n\n\n\n<figure class=\"wp-block-embed is-type-video is-provider-youtube wp-block-embed-youtube wp-embed-aspect-16-9 wp-has-aspect-ratio\"><div class=\"wp-block-embed__wrapper\">\n<div class=\"nv-iframe-embed\"><span class=\"embed-youtube\" style=\"text-align:center; display: block;\"><iframe loading=\"lazy\" class=\"youtube-player\" width=\"1200\" height=\"675\" src=\"https:\/\/www.youtube.com\/embed\/v2w-Lsvbzzc?version=3&#038;rel=1&#038;showsearch=0&#038;showinfo=1&#038;iv_load_policy=1&#038;fs=1&#038;hl=ro-RO&#038;autohide=2&#038;wmode=transparent\" allowfullscreen=\"true\" style=\"border:0;\" sandbox=\"allow-scripts allow-same-origin allow-popups allow-presentation allow-popups-to-escape-sandbox\"><\/iframe><\/span><\/div>\n<\/div><\/figure>\n\n\n\n<p>Edi\u021bia anterioar\u0103&nbsp;a proiectului&nbsp;\u201cAmprenta Sunetului\u201d&nbsp;a fost premiat\u0103&nbsp;\u00een cadrul conferin\u021bei Programului MOL pentru S\u0103n\u0103tatea Copiilor.<\/p>\n","protected":false},"excerpt":{"rendered":"<p>\u201cAmprenta Sunetului\u201d &#8211; edi\u021bia a II-a Asocia\u021bia VAR Cultural lanseaz\u0103\u00a0a doua edi\u021bie a proiectului\u00a0\u201cAmprenta Sunetului,\u201d\u00a0printr-o serie de zece ateliere on-line dedicate tinerilor hipoacuzici din diferite regiuni ale\u00a0\u021b\u0103rii. Procesul de selec\u021bie se va derula in luna Decembrie 2021, iar in perioada ianuarie-martie \u0219aisprezece tineri\u00a0(\u00eentre 14-18 ani),\u00a0purt\u0103tori de implant cohlear\/proteze auditive,\u00a0vor fi condu\u0219i\u00a0\u00eentr-un \u00eentreg demers terapeutic de&hellip;&nbsp;<a href=\"https:\/\/revistacultura.ro\/agenda\/2021\/12\/artivism-terapeutic-pe-timp-de-pandemie\/\" rel=\"bookmark\">Cite\u0219te mai mult &raquo;<span class=\"screen-reader-text\">Demers artistic dedicat tinerilor hipoacustici &#8211; \u00eenscrieri gratuite<\/span><\/a><\/p>\n","protected":false},"author":1,"featured_media":0,"comment_status":"open","ping_status":"open","sticky":false,"template":"","format":"standard","meta":{"neve_meta_sidebar":"","neve_meta_container":"","neve_meta_enable_content_width":"","neve_meta_content_width":0,"neve_meta_title_alignment":"","neve_meta_author_avatar":"","neve_post_elements_order":"","neve_meta_disable_header":"","neve_meta_disable_footer":"","neve_meta_disable_title":"","jetpack_post_was_ever_published":false,"_jetpack_newsletter_access":"","_jetpack_dont_email_post_to_subs":false,"_jetpack_newsletter_tier_id":0,"_jetpack_memberships_contains_paywalled_content":false,"_jetpack_memberships_contains_paid_content":false,"footnotes":"","jetpack_publicize_message":"","jetpack_publicize_feature_enabled":true,"jetpack_social_post_already_shared":true,"jetpack_social_options":{"image_generator_settings":{"template":"highway","default_image_id":0,"font":"","enabled":false},"version":2}},"categories":[152],"tags":[],"class_list":["post-20821","post","type-post","status-publish","format-standard","hentry","category-agenda-cultura"],"jetpack_publicize_connections":[],"jetpack_featured_media_url":"","jetpack_sharing_enabled":true,"jetpack-related-posts":[{"id":20508,"url":"https:\/\/revistacultura.ro\/agenda\/2020\/02\/saptamana-sunetului-la-bucuresti-2-8-martie-2020\/","url_meta":{"origin":20821,"position":0},"title":"S\u0102PT\u0102M\u00c2NA SUNETULUI la Bucure\u0219ti, 2-8 martie 2020","author":"redactia","date":"24 februarie 2020","format":false,"excerpt":"\u00centre 2 \u0219i 8 martie are loc a 5-a edi\u021bie a S\u0103pt\u0103m\u00e2nii Sunetului la Bucure\u0219ti, organizat\u0103 de Asocia\u021bia Jum\u0103tatea plin\u0103, ca prilej de s\u0103rb\u0103torire a sunetului prin concerte, expozi\u021bii, ateliere \u0219i plimb\u0103ri sonore. Creat\u0103 \u00een Fran\u021ba \u00een urm\u0103 cu 17 ani, S\u0103pt\u0103m\u00e2na Sunetului (La Semaine du Son) exist\u0103 ast\u0103zi \u00een\u2026","rel":"","context":"\u00cen \u201eAgenda culturala\u201d","block_context":{"text":"Agenda culturala","link":"https:\/\/revistacultura.ro\/agenda\/category\/agenda-cultura\/"},"img":{"alt_text":"","src":"https:\/\/i0.wp.com\/revistacultura.ro\/agenda\/wp-content\/uploads\/2020\/02\/86969548_2556201584662378_5142543903198543872_o.jpg?resize=350%2C200&ssl=1","width":350,"height":200,"srcset":"https:\/\/i0.wp.com\/revistacultura.ro\/agenda\/wp-content\/uploads\/2020\/02\/86969548_2556201584662378_5142543903198543872_o.jpg?resize=350%2C200&ssl=1 1x, https:\/\/i0.wp.com\/revistacultura.ro\/agenda\/wp-content\/uploads\/2020\/02\/86969548_2556201584662378_5142543903198543872_o.jpg?resize=525%2C300&ssl=1 1.5x, https:\/\/i0.wp.com\/revistacultura.ro\/agenda\/wp-content\/uploads\/2020\/02\/86969548_2556201584662378_5142543903198543872_o.jpg?resize=700%2C400&ssl=1 2x, https:\/\/i0.wp.com\/revistacultura.ro\/agenda\/wp-content\/uploads\/2020\/02\/86969548_2556201584662378_5142543903198543872_o.jpg?resize=1050%2C600&ssl=1 3x, https:\/\/i0.wp.com\/revistacultura.ro\/agenda\/wp-content\/uploads\/2020\/02\/86969548_2556201584662378_5142543903198543872_o.jpg?resize=1400%2C800&ssl=1 4x"},"classes":[]},{"id":19043,"url":"https:\/\/revistacultura.ro\/agenda\/2014\/06\/spectacolul-sanscrita-limba-mantrelor\/","url_meta":{"origin":20821,"position":1},"title":"Spectacolul \u201eSanscrita, limba mantrelor\u201d","author":"Revista","date":"4 iunie 2014","format":false,"excerpt":"Rolul terapeutic al sunetului \u00eentr-o \u00eembinare inovativ\u0103 de balet \u015fi dans clasic indian \u00a0 Trei reprezentan\u0163i ai dansului Odissi din India \u015fi trei balerini din Bucure\u015fti vor da via\u0163\u0103 unei originale crea\u0163ii artistice, care ilustreaz\u0103 prin muzic\u0103 \u015fi dans efectele binef\u0103c\u0103toare ale sunetului asupra fiin\u0163ei umane. Spectacolul Sanscrita, limba mantrelor\u2026","rel":"","context":"\u00cen \u201eAgenda culturala\u201d","block_context":{"text":"Agenda culturala","link":"https:\/\/revistacultura.ro\/agenda\/category\/agenda-cultura\/"},"img":{"alt_text":"","src":"https:\/\/i0.wp.com\/revistacultura.ro\/agenda\/wp-content\/uploads\/2014\/06\/Reela-Hota-3.jpg?resize=350%2C200&ssl=1","width":350,"height":200},"classes":[]},{"id":20493,"url":"https:\/\/revistacultura.ro\/agenda\/2020\/02\/post-muzica-11-cristian-stanciu-matze-la-rezidenta-brd-scena9\/","url_meta":{"origin":20821,"position":2},"title":"POST MUZICA #11: Cristian Stanciu \/ Matze la Reziden\u021ba BRD Scena9","author":"redactia","date":"24 februarie 2020","format":false,"excerpt":"Mar\u021bi, 25 februarie, de la ora 20:00, la Reziden\u021ba BRD Scena9, are loc a unsprezecea edi\u021bie POST MUZICA, dedicat\u0103 unuia dintre cei mai activi muzicieni experimentali cu vechime \u0219i consisten\u021b\u0103 din scena underground rom\u00e2neasc\u0103: Cristian Stanciu (Matze). Produc\u021biile lui Matze, realizate \u00een diverse registre, reflect\u0103 \u00eentr-un mod brut \u0219i original\u2026","rel":"","context":"\u00cen \u201eAgenda culturala\u201d","block_context":{"text":"Agenda culturala","link":"https:\/\/revistacultura.ro\/agenda\/category\/agenda-cultura\/"},"img":{"alt_text":"","src":"https:\/\/i0.wp.com\/revistacultura.ro\/agenda\/wp-content\/uploads\/2020\/02\/86501894_2601261426864525_7296568820750090240_o-e1582547948113.jpg?resize=350%2C200&ssl=1","width":350,"height":200,"srcset":"https:\/\/i0.wp.com\/revistacultura.ro\/agenda\/wp-content\/uploads\/2020\/02\/86501894_2601261426864525_7296568820750090240_o-e1582547948113.jpg?resize=350%2C200&ssl=1 1x, https:\/\/i0.wp.com\/revistacultura.ro\/agenda\/wp-content\/uploads\/2020\/02\/86501894_2601261426864525_7296568820750090240_o-e1582547948113.jpg?resize=525%2C300&ssl=1 1.5x, https:\/\/i0.wp.com\/revistacultura.ro\/agenda\/wp-content\/uploads\/2020\/02\/86501894_2601261426864525_7296568820750090240_o-e1582547948113.jpg?resize=700%2C400&ssl=1 2x, https:\/\/i0.wp.com\/revistacultura.ro\/agenda\/wp-content\/uploads\/2020\/02\/86501894_2601261426864525_7296568820750090240_o-e1582547948113.jpg?resize=1050%2C600&ssl=1 3x, https:\/\/i0.wp.com\/revistacultura.ro\/agenda\/wp-content\/uploads\/2020\/02\/86501894_2601261426864525_7296568820750090240_o-e1582547948113.jpg?resize=1400%2C800&ssl=1 4x"},"classes":[]},{"id":18022,"url":"https:\/\/revistacultura.ro\/agenda\/2014\/03\/galaxy-s5-acum-cu-amprenta-digitala-si-senzor-de-puls-cardiac\/","url_meta":{"origin":20821,"position":3},"title":"Galaxy S5: acum cu amprent\u0103 digital\u0103 \u015fi senzor de puls cardiac","author":"Revista","date":"13 martie 2014","format":false,"excerpt":"Samsung a prezentat recent, la Barcelona, smartphone-ul Galaxy S5, care va fi disponibil pe pia\u0163\u0103 \u00eencep\u00e2nd din aprilie 2014. Modelul preia elemente de design de la predecesorul s\u0103u \u015fi de la Galaxy Note 3.\u00a0 Pasiona\u0163ii de gadget-uri vor fi stimula\u0163i de c\u00e2teva nout\u0103\u0163i: autentificarea pe baz\u0103 de amprent\u0103 digital\u0103, camera\u2026","rel":"","context":"\u00cen \u201eAgenda culturala\u201d","block_context":{"text":"Agenda culturala","link":"https:\/\/revistacultura.ro\/agenda\/category\/agenda-cultura\/"},"img":{"alt_text":"","src":"","width":0,"height":0},"classes":[]},{"id":18198,"url":"https:\/\/revistacultura.ro\/agenda\/2014\/03\/suntem-tineri-romani-si-someri\/","url_meta":{"origin":20821,"position":4},"title":"Suntem tineri rom\u00e2ni&#8230; \u015fi \u015fomeri","author":"Revista","date":"20 martie 2014","format":false,"excerpt":"\u201eRom\u00e2nia \u00eenregistreaz\u00e3 cel mai mare procent NEET \u2013 cei f\u00e3r\u00e3 slujb\u00e3 \u015fi cei care nu sunt cuprin\u015fi \u00een nici o form\u00e3 de \u015fcolarizare \u2013 din \u0162\u00e3rile Uniunii Europene. La nivelul UE sunt 6,8 milioane de tineri din categoria 25-29 ani, aceasta \u00eensemn\u00e2nd aproximativ 1 din 5 tineri\u201c , a declarat\u2026","rel":"","context":"\u00cen \u201eAgenda culturala\u201d","block_context":{"text":"Agenda culturala","link":"https:\/\/revistacultura.ro\/agenda\/category\/agenda-cultura\/"},"img":{"alt_text":"","src":"","width":0,"height":0},"classes":[]},{"id":19500,"url":"https:\/\/revistacultura.ro\/agenda\/2014\/11\/tinerii-creatori-la-tnb\/","url_meta":{"origin":20821,"position":5},"title":"Tinerii creatori la TNB","author":"Revista","date":"1 noiembrie 2014","format":false,"excerpt":"Programul 9G de la Teatrul Na\u0163ional \u201eI.L. Caragiale\u201c, destinat tinerilor creatori, continu\u0103 cu spectacolul Ziua \u00een care nu se cump\u0103r\u0103 nimic de Kim Atle Hansen, dramaturg, actor \u015fi activist norvegian, autor al mai multor piese de teatru trat\u00e2nd probleme ale societ\u0103\u0163ii actuale. Regia este semnat\u0103 de Horia Suru. Montarea urm\u0103re\u015fte\u2026","rel":"","context":"\u00cen \u201eAgenda culturala\u201d","block_context":{"text":"Agenda culturala","link":"https:\/\/revistacultura.ro\/agenda\/category\/agenda-cultura\/"},"img":{"alt_text":"","src":"https:\/\/i0.wp.com\/revistacultura.ro\/agenda\/wp-content\/uploads\/2014\/11\/Ziua-in-care-nu-se-cumpara-nimic.jpg?resize=350%2C200&ssl=1","width":350,"height":200,"srcset":"https:\/\/i0.wp.com\/revistacultura.ro\/agenda\/wp-content\/uploads\/2014\/11\/Ziua-in-care-nu-se-cumpara-nimic.jpg?resize=350%2C200&ssl=1 1x, https:\/\/i0.wp.com\/revistacultura.ro\/agenda\/wp-content\/uploads\/2014\/11\/Ziua-in-care-nu-se-cumpara-nimic.jpg?resize=525%2C300&ssl=1 1.5x"},"classes":[]}],"_links":{"self":[{"href":"https:\/\/revistacultura.ro\/agenda\/wp-json\/wp\/v2\/posts\/20821","targetHints":{"allow":["GET"]}}],"collection":[{"href":"https:\/\/revistacultura.ro\/agenda\/wp-json\/wp\/v2\/posts"}],"about":[{"href":"https:\/\/revistacultura.ro\/agenda\/wp-json\/wp\/v2\/types\/post"}],"author":[{"embeddable":true,"href":"https:\/\/revistacultura.ro\/agenda\/wp-json\/wp\/v2\/users\/1"}],"replies":[{"embeddable":true,"href":"https:\/\/revistacultura.ro\/agenda\/wp-json\/wp\/v2\/comments?post=20821"}],"version-history":[{"count":3,"href":"https:\/\/revistacultura.ro\/agenda\/wp-json\/wp\/v2\/posts\/20821\/revisions"}],"predecessor-version":[{"id":20825,"href":"https:\/\/revistacultura.ro\/agenda\/wp-json\/wp\/v2\/posts\/20821\/revisions\/20825"}],"wp:attachment":[{"href":"https:\/\/revistacultura.ro\/agenda\/wp-json\/wp\/v2\/media?parent=20821"}],"wp:term":[{"taxonomy":"category","embeddable":true,"href":"https:\/\/revistacultura.ro\/agenda\/wp-json\/wp\/v2\/categories?post=20821"},{"taxonomy":"post_tag","embeddable":true,"href":"https:\/\/revistacultura.ro\/agenda\/wp-json\/wp\/v2\/tags?post=20821"}],"curies":[{"name":"wp","href":"https:\/\/api.w.org\/{rel}","templated":true}]}}