{"id":20812,"date":"2021-11-03T02:46:40","date_gmt":"2021-11-03T00:46:40","guid":{"rendered":"https:\/\/revistacultura.ro\/agenda\/?p=20812"},"modified":"2021-11-03T02:46:44","modified_gmt":"2021-11-03T00:46:44","slug":"orasul-de-sub-macarele-ajunge-pe-simeze","status":"publish","type":"post","link":"https:\/\/revistacultura.ro\/agenda\/2021\/11\/orasul-de-sub-macarele-ajunge-pe-simeze\/","title":{"rendered":"Ora\u0219ul de sub macarele ajunge pe simeze"},"content":{"rendered":"\n<p>De o sut\u0103 de ani sub macarale, plin de praf cu granula\u021bii nocive, Bucure\u0219tiul este \/ poate fi v\u0103zut ca o oper\u0103 de art\u0103 el \u00eensu\u0219i, \u00een care peisajul este arhitectural, este uman, este ideologic, este (uneori \u0219i pe alocuri) estetic \u2013 f\u0103r\u0103 a se reduce la acestea. Ivan Gallery a deschis o expozi\u021bie colectiv\u0103 cu arti\u0219ti consacra\u021bi, dar \u0219i ascenden\u021bi: Geta Br\u0103tescu, Florina Coulin, Alice Gancevici &amp; Remus Pu\u0219cariu, Ion Grigorescu, \u0218tefan Sava, Mona V\u0103t\u0103manu &amp; Florin Tudor. \u00cen opere transformative sau doar \u00eemprumut\u00e2ndu-\u0219i ochiul pentru a stabili o viziune, arti\u0219tii din selec\u021bia de la Ivan trec nelini\u0219tea ora\u0219ului de sub buldozere \u0219i macarale \u00een opere bidimensionale sau videoart, unde percep\u021bia traseaz\u0103 contururi groase citadinului. Timpul, o prezen\u021b\u0103 \u00een expozi\u021bie, nu curge liniar, ci sare, \u00een Bucure\u0219ti, \u00een salturi spasmodice, ca minutarul unui ceas cu roti\u021be \u0219tirbe.<\/p>\n\n\n\n<p>Titlul expozi\u021biei, \u201e\u00cen Bucure\u0219tiul iubit\u201d este titlul unui film color pe 8mm, f\u0103r\u0103 sunet, realizat de Ion Grigorescu \u00een vara lui 1977, \u00eentr-o plimbare pe linia tramvaiului 26. Traseul parcurs surprinde peisajul \u00een schimbare al ora\u0219ului, de la periferiile transformate \u00een \u0219antiere de blocuri de locuin\u021be, zone industriale, c\u0103tre centrul modernizat. Populat de \u201eoameni ai muncii\u201d \u0219i pres\u0103rat cu sloganuri comuniste, Bucure\u0219tiul captat de Ion Grigorescu este redat obiectiv, \u00eentr-un stil documentar ce se desf\u0103\u0219oar\u0103 \u00een contrapunct cu tonul idealizant din c\u00e2ntecul eponim din anii 1950, ale c\u0103rui versuri glorioase \u0219i optimiste sunt inserate la finalul cadrelor filmate.<\/p>\n\n\n\n<p>Dac\u0103 filmul lui Ion Grigorescu se plaseaz\u0103 dup\u0103 cutremurul din 1977, care a schimbat pentru totdeauna<br>peisajul urban \u0219i arhitectural al Bucure\u0219tiului, deschiz\u00e2nd calea demol\u0103rilor \u0219i resistematiz\u0103rilor ceau\u0219iste,<br>expozi\u021bia \u201e\u00cen Bucure\u0219tiul iubit\u201d se contureaz\u0103 \u00een contextul prezentei crize pandemice, ale c\u0103rei consecin\u021be<br>pe termen lung la nivelul infrastructurii ora\u0219ului \u0219i al vie\u021bii urbane r\u0103m\u00e2n \u00eenc\u0103 de urm\u0103rit \u0219i de analizat.<br>Expozi\u021bia aduce laolalt\u0103 problematiz\u0103ri ale percep\u021biei \u0219i experien\u021bei ora\u0219ului din perioada comunist\u0103 a<br>Bucure\u0219tiului, realizate de arti\u0219ti rom\u00e2ni reprezentativi pentru istoria artei postbelice, precum Geta<br>Br\u0103tescu, Florina Coulin \u0219i Ion Grigorescu, \u00een pandant cu perspective critice contemporane, \u00een lucr\u0103ri<br>realizate special pentru aceast\u0103 ocazie de c\u0103tre Alice Gancevici &amp; Remus Pu\u0219cariu, \u0218tefan Sava, Mona<br>V\u0103t\u0103manu &amp; Florin Tudor. To\u021bi arti\u0219tii selecta\u021bi sunt fie originari din Bucure\u0219ti, fie au studiat \u0219i au locuit \/<br>locuiesc \u00een capital\u0103, iar \u00een practica lor artistic\u0103 se reg\u0103sesc adesea lucr\u0103ri ce au drept punct de plecare<br>imagini, date sau fapte din peisajul urban \u0219i din istoria ora\u0219ului<\/p>\n","protected":false},"excerpt":{"rendered":"<p>De o sut\u0103 de ani sub macarale, plin de praf cu granula\u021bii nocive, Bucure\u0219tiul este \/ poate fi v\u0103zut ca o oper\u0103 de art\u0103 el \u00eensu\u0219i, \u00een care peisajul este arhitectural, este uman, este ideologic, este (uneori \u0219i pe alocuri) estetic \u2013 f\u0103r\u0103 a se reduce la acestea. Ivan Gallery a deschis o expozi\u021bie colectiv\u0103&hellip;&nbsp;<a href=\"https:\/\/revistacultura.ro\/agenda\/2021\/11\/orasul-de-sub-macarele-ajunge-pe-simeze\/\" rel=\"bookmark\">Cite\u0219te mai mult &raquo;<span class=\"screen-reader-text\">Ora\u0219ul de sub macarele ajunge pe simeze<\/span><\/a><\/p>\n","protected":false},"author":1,"featured_media":20813,"comment_status":"open","ping_status":"open","sticky":false,"template":"","format":"standard","meta":{"neve_meta_sidebar":"","neve_meta_container":"","neve_meta_enable_content_width":"","neve_meta_content_width":0,"neve_meta_title_alignment":"","neve_meta_author_avatar":"","neve_post_elements_order":"","neve_meta_disable_header":"","neve_meta_disable_footer":"","neve_meta_disable_title":"","jetpack_post_was_ever_published":false,"_jetpack_newsletter_access":"","_jetpack_dont_email_post_to_subs":false,"_jetpack_newsletter_tier_id":0,"_jetpack_memberships_contains_paywalled_content":false,"_jetpack_memberships_contains_paid_content":false,"footnotes":"","jetpack_publicize_message":"","jetpack_publicize_feature_enabled":true,"jetpack_social_post_already_shared":true,"jetpack_social_options":{"image_generator_settings":{"template":"highway","default_image_id":0,"font":"","enabled":false},"version":2}},"categories":[152],"tags":[],"class_list":["post-20812","post","type-post","status-publish","format-standard","has-post-thumbnail","hentry","category-agenda-cultura"],"jetpack_publicize_connections":[],"jetpack_featured_media_url":"https:\/\/revistacultura.ro\/agenda\/wp-content\/uploads\/2021\/11\/ivan-b.png","jetpack_sharing_enabled":true,"jetpack-related-posts":[{"id":21607,"url":"https:\/\/revistacultura.ro\/agenda\/2025\/12\/art-safari-devine-art-safari-new-museum\/","url_meta":{"origin":20812,"position":0},"title":"Art Safari devine Art Safari New Museum","author":"Cultura","date":"30 decembrie 2025","format":false,"excerpt":"Mutarea Art Safari \u00een Pia\u021ba Amzei aduce \u0219i o nou\u0103 transformare institu\u021bional\u0103. \u00cenceput ca o expozi\u021bie extraordinar\u0103, cu o durat\u0103 limitat\u0103, Art Safari a devenit treptat un t\u00e2rg permanent de art\u0103, o succesiune de expozi\u021bii extraordinare, iar acum vizeaz\u0103 o transformare muzeal\u0103. Lansarea va avea loc \u00een 26 martie Cele\u2026","rel":"","context":"\u00cen \u201eSemnal\u201d","block_context":{"text":"Semnal","link":"https:\/\/revistacultura.ro\/agenda\/category\/semnal\/"},"img":{"alt_text":"","src":"https:\/\/i0.wp.com\/revistacultura.ro\/agenda\/wp-content\/uploads\/2025\/12\/lucrare-aftene_n.webp?resize=350%2C200&ssl=1","width":350,"height":200,"srcset":"https:\/\/i0.wp.com\/revistacultura.ro\/agenda\/wp-content\/uploads\/2025\/12\/lucrare-aftene_n.webp?resize=350%2C200&ssl=1 1x, https:\/\/i0.wp.com\/revistacultura.ro\/agenda\/wp-content\/uploads\/2025\/12\/lucrare-aftene_n.webp?resize=525%2C300&ssl=1 1.5x, https:\/\/i0.wp.com\/revistacultura.ro\/agenda\/wp-content\/uploads\/2025\/12\/lucrare-aftene_n.webp?resize=700%2C400&ssl=1 2x"},"classes":[]},{"id":21312,"url":"https:\/\/revistacultura.ro\/agenda\/2025\/08\/start-pentru-tineri-un-proiect-care-transforma-timpul-online-in-experiente-culturale\/","url_meta":{"origin":20812,"position":1},"title":"START PENTRU TINEri: Un proiect care transform\u0103 timpul online \u00een experien\u021be culturale","author":"Cultura","date":"15 august 2025","format":false,"excerpt":"O statistic\u0103 recent\u0103 arat\u0103 c\u0103 mul\u021bi tineri, \u00een special cei din Genera\u021bia Z, \u00ee\u0219i \u00eencep ziua verific\u00e2nd telefonul \u0219i petrec \u00een medie peste 5 ore pe zi pe re\u021belele de socializare. Ca r\u0103spuns la aceast\u0103 tendin\u021b\u0103, Asocia\u021bia\u00a0Sub Stejar\u00a0din \u021aara L\u0103pu\u0219ului lanseaz\u0103\u00a0START PENTRU TINEri, un proiect educa\u021bional-cultural care \u00eembin\u0103 tehnologia cu\u2026","rel":"","context":"\u00cen \u201eRecomand\u0103ri\u201d","block_context":{"text":"Recomand\u0103ri","link":"https:\/\/revistacultura.ro\/agenda\/category\/recomandarile-cultura\/"},"img":{"alt_text":"","src":"https:\/\/i0.wp.com\/revistacultura.ro\/agenda\/wp-content\/uploads\/2025\/08\/SUB-STEJAR-1.webp?resize=350%2C200&ssl=1","width":350,"height":200,"srcset":"https:\/\/i0.wp.com\/revistacultura.ro\/agenda\/wp-content\/uploads\/2025\/08\/SUB-STEJAR-1.webp?resize=350%2C200&ssl=1 1x, https:\/\/i0.wp.com\/revistacultura.ro\/agenda\/wp-content\/uploads\/2025\/08\/SUB-STEJAR-1.webp?resize=525%2C300&ssl=1 1.5x, https:\/\/i0.wp.com\/revistacultura.ro\/agenda\/wp-content\/uploads\/2025\/08\/SUB-STEJAR-1.webp?resize=700%2C400&ssl=1 2x"},"classes":[]},{"id":21771,"url":"https:\/\/revistacultura.ro\/agenda\/2026\/03\/catch-me-if-you-can-expozitie-de-arta-stradala\/","url_meta":{"origin":20812,"position":2},"title":"Catch Me If You Can \u2013 Expozi\u021bie de art\u0103 stradal\u0103","author":"Cultura","date":"16 martie 2026","format":false,"excerpt":"\u201eCatch Me If You Can\u201d este expozi\u021bia al c\u0103rei vernisaj are loc joi, 19 martie 2026, ora 18:00, la Galeria Calea Victoriei 91-93, \u00een care se \u00eent\u00e2lnesc practici artistice provenite din zone diferite ale culturii street art: art\u0103 vizual\u0103, tatuaj \u0219i muzic\u0103 hip-hop, reunite printr-un interes comun pentru discursul social\u2026","rel":"","context":"\u00cen \u201eRecomand\u0103ri\u201d","block_context":{"text":"Recomand\u0103ri","link":"https:\/\/revistacultura.ro\/agenda\/category\/recomandarile-cultura\/"},"img":{"alt_text":"","src":"https:\/\/i0.wp.com\/revistacultura.ro\/agenda\/wp-content\/uploads\/2026\/03\/Afis_Catchmeifucan.webp?resize=350%2C200&ssl=1","width":350,"height":200,"srcset":"https:\/\/i0.wp.com\/revistacultura.ro\/agenda\/wp-content\/uploads\/2026\/03\/Afis_Catchmeifucan.webp?resize=350%2C200&ssl=1 1x, https:\/\/i0.wp.com\/revistacultura.ro\/agenda\/wp-content\/uploads\/2026\/03\/Afis_Catchmeifucan.webp?resize=525%2C300&ssl=1 1.5x, https:\/\/i0.wp.com\/revistacultura.ro\/agenda\/wp-content\/uploads\/2026\/03\/Afis_Catchmeifucan.webp?resize=700%2C400&ssl=1 2x"},"classes":[]},{"id":21155,"url":"https:\/\/revistacultura.ro\/agenda\/2024\/12\/expozitia-povestea-absurdului-alina-codin-si-dan-milo\/","url_meta":{"origin":20812,"position":3},"title":"Expozi\u021bia Povestea Absurdului &#8211; Alina Codin \u0219i Dan Milo","author":"Cultura","date":"12 decembrie 2024","format":false,"excerpt":"Palatul Mogo\u0219oaia - Parter 7 decembrie 2024 - 31 ianuarie 2025 Vernisaj: S\u00e2mb\u0103t\u0103, 14 decembrie, ora: 14:00 \u201ePovestea Absurdului\u201d este un proiect care pune sub lup\u0103 disonan\u021bele \u0219i contradic\u021biile lumii moderne, dar \u0219i cele pe care le purt\u0103m cu noi \u00een\u0219ine. Fie c\u0103 vorbim despre conflictele exterioare \u2013 sociale, armate,\u2026","rel":"","context":"\u00cen \u201eInvita\u021bii\u201d","block_context":{"text":"Invita\u021bii","link":"https:\/\/revistacultura.ro\/agenda\/category\/invitatii\/"},"img":{"alt_text":"","src":"https:\/\/i0.wp.com\/revistacultura.ro\/agenda\/wp-content\/uploads\/2024\/12\/469528116_9642946305733155_665312769562372633_n.webp?resize=350%2C200&ssl=1","width":350,"height":200,"srcset":"https:\/\/i0.wp.com\/revistacultura.ro\/agenda\/wp-content\/uploads\/2024\/12\/469528116_9642946305733155_665312769562372633_n.webp?resize=350%2C200&ssl=1 1x, https:\/\/i0.wp.com\/revistacultura.ro\/agenda\/wp-content\/uploads\/2024\/12\/469528116_9642946305733155_665312769562372633_n.webp?resize=525%2C300&ssl=1 1.5x, https:\/\/i0.wp.com\/revistacultura.ro\/agenda\/wp-content\/uploads\/2024\/12\/469528116_9642946305733155_665312769562372633_n.webp?resize=700%2C400&ssl=1 2x"},"classes":[]},{"id":21585,"url":"https:\/\/revistacultura.ro\/agenda\/2025\/12\/sezonul-de-iarna-2025-2026-la-mnac\/","url_meta":{"origin":20812,"position":4},"title":"Sezonul de iarn\u0103 (2025-2026) la MNAC","author":"Cultura","date":"11 decembrie 2025","format":false,"excerpt":"Muzeul Na\u021bional de Art\u0103 Contemporan\u0103 din Bucure\u0219ti, una dintre cele mai importante institu\u021bii dedicate artei recente din Rom\u00e2nia, anun\u021b\u0103 Sezonul Expozi\u021bional de Iarn\u0103 2025, care va r\u0103m\u00e2ne accesibil publicului pe tot parcursul lunilor reci \u0219i \u00eenceputul prim\u0103verii anului viitor. Programul reune\u0219te cinci proiecte expozi\u021bionale distincte, care acoper\u0103 at\u00e2t recuper\u0103ri spectaculoase\u2026","rel":"","context":"\u00cen \u201eRecomand\u0103ri\u201d","block_context":{"text":"Recomand\u0103ri","link":"https:\/\/revistacultura.ro\/agenda\/category\/recomandarile-cultura\/"},"img":{"alt_text":"","src":"https:\/\/i0.wp.com\/revistacultura.ro\/agenda\/wp-content\/uploads\/2025\/12\/1_Rasucirea_Triumful-provinciei-amurgul-imperiilor.webp?resize=350%2C200&ssl=1","width":350,"height":200,"srcset":"https:\/\/i0.wp.com\/revistacultura.ro\/agenda\/wp-content\/uploads\/2025\/12\/1_Rasucirea_Triumful-provinciei-amurgul-imperiilor.webp?resize=350%2C200&ssl=1 1x, https:\/\/i0.wp.com\/revistacultura.ro\/agenda\/wp-content\/uploads\/2025\/12\/1_Rasucirea_Triumful-provinciei-amurgul-imperiilor.webp?resize=525%2C300&ssl=1 1.5x, https:\/\/i0.wp.com\/revistacultura.ro\/agenda\/wp-content\/uploads\/2025\/12\/1_Rasucirea_Triumful-provinciei-amurgul-imperiilor.webp?resize=700%2C400&ssl=1 2x"},"classes":[]},{"id":21638,"url":"https:\/\/revistacultura.ro\/agenda\/2026\/01\/geta-bratescu-si-ion-grigorescu-vedete-ale-unei-noi-expozitii-de-la-ivan\/","url_meta":{"origin":20812,"position":5},"title":"Geta Br\u0103tescu \u0219i Ion Grigorescu &#8211; vedete ale unei noi expozi\u021bii de la Ivan","author":"Cultura","date":"28 ianuarie 2026","format":false,"excerpt":"Before a Warning (Atunci ca \u0219i acum) Sandor Bartha, Geta Br\u0103tescu, Florina Coulin, Ion Grigorescu, Gavril Pop, Iulia Toma 29.01 - 08.03.2026 Galeria Ivan g\u0103zduie\u0219te, \u00een perioada 29 ianuarie \u2013 8 martie 2026, expozi\u021bia de grup intitulat\u0103\u00a0Before a Warning (Atunci ca \u0219i acum). Proiectul reune\u0219te lucr\u0103rile arti\u0219tilor Sandor Bartha, Geta\u2026","rel":"","context":"\u00cen \u201eRecomand\u0103ri\u201d","block_context":{"text":"Recomand\u0103ri","link":"https:\/\/revistacultura.ro\/agenda\/category\/recomandarile-cultura\/"},"img":{"alt_text":"","src":"https:\/\/i0.wp.com\/revistacultura.ro\/agenda\/wp-content\/uploads\/2026\/01\/F_Coulin-2-1.webp?resize=350%2C200&ssl=1","width":350,"height":200,"srcset":"https:\/\/i0.wp.com\/revistacultura.ro\/agenda\/wp-content\/uploads\/2026\/01\/F_Coulin-2-1.webp?resize=350%2C200&ssl=1 1x, https:\/\/i0.wp.com\/revistacultura.ro\/agenda\/wp-content\/uploads\/2026\/01\/F_Coulin-2-1.webp?resize=525%2C300&ssl=1 1.5x, https:\/\/i0.wp.com\/revistacultura.ro\/agenda\/wp-content\/uploads\/2026\/01\/F_Coulin-2-1.webp?resize=700%2C400&ssl=1 2x"},"classes":[]}],"_links":{"self":[{"href":"https:\/\/revistacultura.ro\/agenda\/wp-json\/wp\/v2\/posts\/20812","targetHints":{"allow":["GET"]}}],"collection":[{"href":"https:\/\/revistacultura.ro\/agenda\/wp-json\/wp\/v2\/posts"}],"about":[{"href":"https:\/\/revistacultura.ro\/agenda\/wp-json\/wp\/v2\/types\/post"}],"author":[{"embeddable":true,"href":"https:\/\/revistacultura.ro\/agenda\/wp-json\/wp\/v2\/users\/1"}],"replies":[{"embeddable":true,"href":"https:\/\/revistacultura.ro\/agenda\/wp-json\/wp\/v2\/comments?post=20812"}],"version-history":[{"count":1,"href":"https:\/\/revistacultura.ro\/agenda\/wp-json\/wp\/v2\/posts\/20812\/revisions"}],"predecessor-version":[{"id":20814,"href":"https:\/\/revistacultura.ro\/agenda\/wp-json\/wp\/v2\/posts\/20812\/revisions\/20814"}],"wp:featuredmedia":[{"embeddable":true,"href":"https:\/\/revistacultura.ro\/agenda\/wp-json\/wp\/v2\/media\/20813"}],"wp:attachment":[{"href":"https:\/\/revistacultura.ro\/agenda\/wp-json\/wp\/v2\/media?parent=20812"}],"wp:term":[{"taxonomy":"category","embeddable":true,"href":"https:\/\/revistacultura.ro\/agenda\/wp-json\/wp\/v2\/categories?post=20812"},{"taxonomy":"post_tag","embeddable":true,"href":"https:\/\/revistacultura.ro\/agenda\/wp-json\/wp\/v2\/tags?post=20812"}],"curies":[{"name":"wp","href":"https:\/\/api.w.org\/{rel}","templated":true}]}}