{"id":20410,"date":"2020-02-19T15:31:52","date_gmt":"2020-02-19T13:31:52","guid":{"rendered":"http:\/\/revistacultura.ro\/agenda\/?p=20410"},"modified":"2020-02-19T16:12:47","modified_gmt":"2020-02-19T14:12:47","slug":"zilele-artistilor-independenti-la-teatrul-dramaturgilor-romani","status":"publish","type":"post","link":"https:\/\/revistacultura.ro\/agenda\/2020\/02\/zilele-artistilor-independenti-la-teatrul-dramaturgilor-romani\/","title":{"rendered":"Zilele Arti\u0219tilor Independen\u021bi la Teatrul Dramaturgilor Rom\u00e2ni"},"content":{"rendered":"<p><strong>Ieri s-a dat startul proiectului dedicat arti\u0219tilor independen\u021bi, organizat de Prim\u0103ria Municipiului Bucure\u0219ti, prin Teatrul Dramaturgilor Rom\u00e2ni.\u00a0<\/strong><\/p>\n<p>P\u00e2n\u0103 pe 10 martie, Teatrul Dramaturgilor Rom\u00e2ni devine spa\u021biu de \u00eent\u00e2lnire \u00eentre iubitorii de teatru \u0219i cei mai \u00eendr\u0103gi\u021bi arti\u0219ti care activeaz\u0103 \u00een zona teatrului independent.<\/p>\n<p><span style=\"font-weight: 400\">Implementat ca parte a programului <\/span><b>Teatrul Deschis Reu\u0219itei<\/b><span style=\"font-weight: 400\">, proiectul <\/span><b>Zilele Arti\u0219tilor Independen\u021bi<\/b><span style=\"font-weight: 400\"> \u00ee\u0219i propune s\u0103 diversifice \u0219i s\u0103 \u00eennoiasc\u0103 oferta cultural\u0103 a Teatrului Dramaturgilor Rom\u00e2ni, urm\u0103rind realizarea unei colabor\u0103ri durabile \u00eentre teatrul de stat \u0219i teatrul independent.\u00a0<\/span><\/p>\n<p>&nbsp;<\/p>\n<p><img loading=\"lazy\" decoding=\"async\" data-attachment-id=\"20411\" data-permalink=\"https:\/\/revistacultura.ro\/agenda\/2020\/02\/zilele-artistilor-independenti-la-teatrul-dramaturgilor-romani\/afis-tdr-teatrul-deschis-reusitei\/\" data-orig-file=\"https:\/\/revistacultura.ro\/agenda\/wp-content\/uploads\/2020\/02\/Afi\u0219-TDR-Teatrul-Deschis-Reu\u0219itei-e1582120220820.jpg\" data-orig-size=\"1587,1779\" data-comments-opened=\"1\" data-image-meta=\"{&quot;aperture&quot;:&quot;0&quot;,&quot;credit&quot;:&quot;&quot;,&quot;camera&quot;:&quot;&quot;,&quot;caption&quot;:&quot;&quot;,&quot;created_timestamp&quot;:&quot;0&quot;,&quot;copyright&quot;:&quot;&quot;,&quot;focal_length&quot;:&quot;0&quot;,&quot;iso&quot;:&quot;0&quot;,&quot;shutter_speed&quot;:&quot;0&quot;,&quot;title&quot;:&quot;&quot;,&quot;orientation&quot;:&quot;1&quot;}\" data-image-title=\"Afi\u0219 TDR &amp;#8211; Teatrul Deschis Reu\u0219itei\" data-image-description=\"\" data-image-caption=\"\" data-large-file=\"https:\/\/revistacultura.ro\/agenda\/wp-content\/uploads\/2020\/02\/Afi\u0219-TDR-Teatrul-Deschis-Reu\u0219itei-e1582120220820-760x852.jpg\" class=\"wp-image-20411 alignright\" src=\"https:\/\/revistacultura.ro\/agenda\/wp-content\/uploads\/2020\/02\/Afi\u0219-TDR-Teatrul-Deschis-Reu\u0219itei.jpg\" alt=\"\" width=\"618\" height=\"875\" \/><\/p>\n<p style=\"text-align: left\"><strong>PROGRAM:<\/strong><\/p>\n<p style=\"text-align: left\"><span style=\"font-weight: 400\">MIERCURI, 19 februarie<\/span><\/p>\n<p style=\"text-align: left\"><span style=\"font-weight: 400\">19.00 &#8211; Sala Iosif Naghiu<\/span><\/p>\n<p style=\"text-align: left\"><b>K\u00d6LN<\/b><\/p>\n<p style=\"text-align: left\"><span style=\"font-weight: 400\">text &amp; regie Alexandru Unguru<\/span><\/p>\n<p>&nbsp;<\/p>\n<p style=\"text-align: left\"><span style=\"font-weight: 400\">JOI, 20 februarie<\/span><\/p>\n<p style=\"text-align: left\"><span style=\"font-weight: 400\">19.00 &#8211; Sala Iosif Naghiu<\/span><\/p>\n<p style=\"text-align: left\"><b>KA-CHIIING!<\/b><\/p>\n<p style=\"text-align: left\"><span style=\"font-weight: 400\">text &amp; regie Alexandru Unguru<\/span><\/p>\n<p>&nbsp;<\/p>\n<p style=\"text-align: left\"><span style=\"font-weight: 400\">S\u00c2MB\u0102T\u0102, 22 februarie<\/span><\/p>\n<p style=\"text-align: left\"><span style=\"font-weight: 400\">19.00 &#8211; Sala Iosif Naghiu<\/span><\/p>\n<p style=\"text-align: left\"><b>CADRANUL PLUS PLUS<\/b><\/p>\n<p style=\"text-align: left\"><span style=\"font-weight: 400\">text &amp; regie Radu Popescu<\/span><\/p>\n<p>&nbsp;<\/p>\n<p style=\"text-align: left\"><span style=\"font-weight: 400\">DUMINIC\u0102, 23 februarie<\/span><\/p>\n<p style=\"text-align: left\"><span style=\"font-weight: 400\">19.00 &#8211; Sala Iosif Naghiu<\/span><\/p>\n<p style=\"text-align: left\"><b>B\u0102RBATUL CARE A \u00ceN\u021aELES FEMEILE<\/b><\/p>\n<p style=\"text-align: left\"><span style=\"font-weight: 400\">de Ana Odagiu, regia Felix Crainicu<\/span><\/p>\n<p>&nbsp;<\/p>\n<p style=\"text-align: left\"><span style=\"font-weight: 400\">MAR\u021aI, 25 februarie<\/span><\/p>\n<p style=\"text-align: left\"><span style=\"font-weight: 400\">19.00 &#8211; Sala Iosif Naghiu<\/span><\/p>\n<p style=\"text-align: left\"><span style=\"font-weight: 400\">R\u0103zvan Vasilescu prezint\u0103<\/span><\/p>\n<p style=\"text-align: left\"><b>LACRIMI \u0218I SFIN\u021aI\u00a0<\/b><\/p>\n<p style=\"text-align: left\"><span style=\"font-weight: 400\">de Emil Cioran<\/span><\/p>\n<p>&nbsp;<\/p>\n<p style=\"text-align: left\"><span style=\"font-weight: 400\">JOI, 27 februarie<\/span><\/p>\n<p style=\"text-align: left\"><span style=\"font-weight: 400\">19.00 &#8211; Sala Iosif Naghiu<\/span><\/p>\n<p style=\"text-align: left\"><b>\u0218ASE COMEDII U\u0218OARE PENTRU OAMENI TRI\u0218TI<\/b><\/p>\n<p style=\"text-align: left\"><span style=\"font-weight: 400\">de \u0218tefan Caraman, regia Alexandru Nagy<\/span><\/p>\n<p>&nbsp;<\/p>\n<p style=\"text-align: left\"><span style=\"font-weight: 400\">DUMINIC\u0102, 1 martie<\/span><\/p>\n<p style=\"text-align: left\"><span style=\"font-weight: 400\">19.00 &#8211; Sala Iosif Naghiu<\/span><\/p>\n<p style=\"text-align: left\"><b>M\u0102R\u021aI\u0218OARE CU MUZIC\u0102 \u0218I POEZIE<\/b><\/p>\n<p style=\"text-align: left\"><span style=\"font-weight: 400\">cu Dorel Vi\u0219an \u0219i Ion Bogdan \u0218tef\u0103nescu<\/span><\/p>\n<p>&nbsp;<\/p>\n<p style=\"text-align: left\"><span style=\"font-weight: 400\">LUNI, 2 martie<\/span><\/p>\n<p style=\"text-align: left\"><span style=\"font-weight: 400\">19.00 &#8211; Sala Iosif Naghiu<\/span><\/p>\n<p style=\"text-align: left\"><b>AST\u0102ZI MAI BINE NU M-A\u0218 FI \u00ceNT\u00c2LNIT CU MINE \u00ceNS\u0102MI<\/b><\/p>\n<p style=\"text-align: left\"><span style=\"font-weight: 400\">dup\u0103 romanul omonim al Hertei M\u00fcller\u00a0<\/span><\/p>\n<p style=\"text-align: left\"><span style=\"font-weight: 400\">adaptare \u0219i interpretare Simona M\u0103ic\u0103nescu<\/span><\/p>\n<p>&nbsp;<\/p>\n<p style=\"text-align: left\"><span style=\"font-weight: 400\">MAR\u021aI, 3 martie<\/span><\/p>\n<p style=\"text-align: left\"><span style=\"font-weight: 400\">19.00 &#8211; Sala Iosif Naghiu<\/span><\/p>\n<p style=\"text-align: left\"><b>DOI \u0218I UN TULNIK<\/b><\/p>\n<p style=\"text-align: left\"><span style=\"font-weight: 400\">text &amp; regie Alexandru Unguru<\/span><\/p>\n<p>&nbsp;<\/p>\n<p style=\"text-align: left\"><span style=\"font-weight: 400\">MIERCURI, 4 martie<\/span><\/p>\n<p style=\"text-align: left\"><span style=\"font-weight: 400\">19.00 &#8211; Sala Iosif Naghiu<\/span><\/p>\n<p style=\"text-align: left\"><b>K\u00d6LN<\/b><\/p>\n<p style=\"text-align: left\"><span style=\"font-weight: 400\">text &amp; regie Alexandru Unguru<\/span><\/p>\n<p>&nbsp;<\/p>\n<p style=\"text-align: left\"><span style=\"font-weight: 400\">JOI, 5 martie<\/span><\/p>\n<p style=\"text-align: left\"><span style=\"font-weight: 400\">19.00 &#8211; Sala Iosif Naghiu<\/span><\/p>\n<p style=\"text-align: left\"><b>KA-CHIIING!<\/b><\/p>\n<p style=\"text-align: left\"><span style=\"font-weight: 400\">text &amp; regie Alexandru Unguru<\/span><\/p>\n<p>&nbsp;<\/p>\n<p style=\"text-align: left\"><span style=\"font-weight: 400\">S\u00c2MB\u0102T\u0102, 7 martie<\/span><\/p>\n<p style=\"text-align: left\"><span style=\"font-weight: 400\">19.00 &#8211; Sala Iosif Naghiu<\/span><\/p>\n<p style=\"text-align: left\"><b>DOMNUL \u0218I DOAMNA OVAL<\/b><\/p>\n<p style=\"text-align: left\"><span style=\"font-weight: 400\">de Theo Herghelegiu, regia \u0218tefania Maftei<\/span><\/p>\n<p>&nbsp;<\/p>\n<p style=\"text-align: left\"><span style=\"font-weight: 400\">LUNI, 9 martie<\/span><\/p>\n<p style=\"text-align: left\"><span style=\"font-weight: 400\">19.00 &#8211; Sala Iosif Naghiu<\/span><\/p>\n<p style=\"text-align: left\"><b>PRIM\u0102VAR\u0102 CU PARFUM DE FEMEIE<\/b><\/p>\n<p>&nbsp;<\/p>\n<p style=\"text-align: left\"><span style=\"font-weight: 400\">MAR\u021aI, 10 martie<\/span><\/p>\n<p style=\"text-align: left\"><span style=\"font-weight: 400\">20.00 &#8211; Sala Iosif Naghiu<\/span><\/p>\n<p style=\"text-align: left\"><b>CINE ARE NEVOIE DE TEATRU?<\/b><\/p>\n<p style=\"text-align: left\"><span style=\"font-weight: 400\">Dialog \u00eentre dou\u0103 genera\u021bii<\/span><\/p>\n<p style=\"text-align: left\"><span style=\"font-weight: 400\">Cu Rodica Mandache \u0219i Nicoleta Lefter<\/span><\/p>\n<p>&nbsp;<\/p>\n<p><span style=\"font-weight: 400\">Mai multe detalii despre programul spectacolelor din cadrul proiectului <\/span><b>Zilele Arti\u0219tilor Independen\u021bi <\/b>pot fi gasite aici: <a href=\"http:\/\/www.teatruldramaturgilor.ro\"><span style=\"font-weight: 400\">www.teatruldramaturgilor.ro<\/span><\/a><span style=\"font-weight: 400\">\u00a0<\/span><\/p>\n<p><span style=\"font-weight: 400\">Biletele pot fi rezervate la 0756 021 106, achizi\u021bionate pe <\/span><a href=\"http:\/\/www.bilet.ro\"><span style=\"font-weight: 400\">www.bilet.ro<\/span><\/a><span style=\"font-weight: 400\"> sau la sediul teatrului din Calea Grivi\u021bei nr. 64-66.<\/span><\/p>\n<p>&nbsp;<\/p>\n","protected":false},"excerpt":{"rendered":"<p>Ieri s-a dat startul proiectului dedicat arti\u0219tilor independen\u021bi, organizat de Prim\u0103ria Municipiului Bucure\u0219ti, prin Teatrul Dramaturgilor Rom\u00e2ni.\u00a0 P\u00e2n\u0103 pe 10 martie, Teatrul Dramaturgilor Rom\u00e2ni devine spa\u021biu de \u00eent\u00e2lnire \u00eentre iubitorii de teatru \u0219i cei mai \u00eendr\u0103gi\u021bi arti\u0219ti care activeaz\u0103 \u00een zona teatrului independent. Implementat ca parte a programului Teatrul Deschis Reu\u0219itei, proiectul Zilele Arti\u0219tilor Independen\u021bi&hellip;&nbsp;<a href=\"https:\/\/revistacultura.ro\/agenda\/2020\/02\/zilele-artistilor-independenti-la-teatrul-dramaturgilor-romani\/\" rel=\"bookmark\">Cite\u0219te mai mult &raquo;<span class=\"screen-reader-text\">Zilele Arti\u0219tilor Independen\u021bi la Teatrul Dramaturgilor Rom\u00e2ni<\/span><\/a><\/p>\n","protected":false},"author":18,"featured_media":20417,"comment_status":"open","ping_status":"open","sticky":false,"template":"","format":"standard","meta":{"neve_meta_sidebar":"","neve_meta_container":"","neve_meta_enable_content_width":"","neve_meta_content_width":0,"neve_meta_title_alignment":"","neve_meta_author_avatar":"","neve_post_elements_order":"","neve_meta_disable_header":"","neve_meta_disable_footer":"","neve_meta_disable_title":"","jetpack_post_was_ever_published":false,"_jetpack_newsletter_access":"","_jetpack_dont_email_post_to_subs":false,"_jetpack_newsletter_tier_id":0,"_jetpack_memberships_contains_paywalled_content":false,"_jetpack_memberships_contains_paid_content":false,"footnotes":"","jetpack_publicize_message":"","jetpack_publicize_feature_enabled":true,"jetpack_social_post_already_shared":true,"jetpack_social_options":{"image_generator_settings":{"template":"highway","default_image_id":0,"font":"","enabled":false},"version":2}},"categories":[152,886,22,885],"tags":[943,944],"class_list":["post-20410","post","type-post","status-publish","format-standard","has-post-thumbnail","hentry","category-agenda-cultura","category-comunicate","category-recomandarile-cultura","category-semnal","tag-teatrul-dramaturgilor-romani","tag-zilele-artistilor-independenti"],"jetpack_publicize_connections":[],"jetpack_featured_media_url":"https:\/\/revistacultura.ro\/agenda\/wp-content\/uploads\/2020\/02\/BeFunky-collage-5-scaled-e1582120469614.jpg","jetpack_sharing_enabled":true,"jetpack-related-posts":[{"id":20011,"url":"https:\/\/revistacultura.ro\/agenda\/2019\/04\/ultima-halta-in-paradis-la-sala-ion-baiesu-a-teatrului-dramaturgilor-romani\/","url_meta":{"origin":20410,"position":0},"title":"Ultima Halt\u0103 \u00een Paradis la Sala \u201eIon B\u0103ie\u0219u\u201d a Teatrului Dramaturgilor Rom\u00e2ni","author":"Cultura","date":"1 aprilie 2019","format":false,"excerpt":"Teatrul Dramaturgilor Rom\u00e2ni prezint\u0103 pe 3 aprilie 2019 spectacolul Ultima Halt\u0103 \u00een Paradis de Valentin Nicolau, regia Andrei Mihalache. Ultima Halt\u0103 \u00een Paradis este e o produc\u021bie a Teatrului Aureliu Manea din Turda \u0219i se joac\u0103 la Bucure\u0219ti pentru prima oar\u0103. \u00cen 2002 textul piesei a fost montat la Televiziunea\u2026","rel":"","context":"\u00cen \u201eAgenda culturala\u201d","block_context":{"text":"Agenda culturala","link":"https:\/\/revistacultura.ro\/agenda\/category\/agenda-cultura\/"},"img":{"alt_text":"","src":"https:\/\/i0.wp.com\/revistacultura.ro\/agenda\/wp-content\/uploads\/2019\/04\/Afi%C8%99-Ultima-Halt%C4%83-%C3%AEn-Paradis.jpg?resize=350%2C200&ssl=1","width":350,"height":200,"srcset":"https:\/\/i0.wp.com\/revistacultura.ro\/agenda\/wp-content\/uploads\/2019\/04\/Afi%C8%99-Ultima-Halt%C4%83-%C3%AEn-Paradis.jpg?resize=350%2C200&ssl=1 1x, https:\/\/i0.wp.com\/revistacultura.ro\/agenda\/wp-content\/uploads\/2019\/04\/Afi%C8%99-Ultima-Halt%C4%83-%C3%AEn-Paradis.jpg?resize=525%2C300&ssl=1 1.5x, https:\/\/i0.wp.com\/revistacultura.ro\/agenda\/wp-content\/uploads\/2019\/04\/Afi%C8%99-Ultima-Halt%C4%83-%C3%AEn-Paradis.jpg?resize=700%2C400&ssl=1 2x"},"classes":[]},{"id":20087,"url":"https:\/\/revistacultura.ro\/agenda\/2019\/06\/misterele-bucurestiului-7-9-iunie-2019-editia-i\/","url_meta":{"origin":20410,"position":1},"title":"Misterele Bucure\u0219tiului, 7 &#8211; 9 iunie 2019, edi\u021bia I","author":"Revista Cultura","date":"4 iunie 2019","format":false,"excerpt":"\u00cen contextul sezonului Rom\u00e2nia \u02d7 Fran\u021ba 2019, \u00een perioada 7-9 iunie, se desf\u0103\u0219oar\u0103, la Bucure\u0219ti, prima edi\u021bie a festivalului Misterele Bucure\u0219tiului. Festivalul este organizat de Muzeul Na\u021bional al Literaturii Rom\u00e2ne \u00een colaborare cu lyonez\u00a0Quais du polar\/Lyon, Teatrul Dramaturgilor Rom\u00e2ni \u0219i Institutul Francez din Rom\u00e2nia. Festivalul Misterele Bucure\u0219tiului ofer\u0103 publicului o\u2026","rel":"","context":"\u00cen \u201eAgenda culturala\u201d","block_context":{"text":"Agenda culturala","link":"https:\/\/revistacultura.ro\/agenda\/category\/agenda-cultura\/"},"img":{"alt_text":"","src":"https:\/\/i0.wp.com\/revistacultura.ro\/agenda\/wp-content\/uploads\/2019\/06\/unnamed.jpg?resize=350%2C200&ssl=1","width":350,"height":200,"srcset":"https:\/\/i0.wp.com\/revistacultura.ro\/agenda\/wp-content\/uploads\/2019\/06\/unnamed.jpg?resize=350%2C200&ssl=1 1x, https:\/\/i0.wp.com\/revistacultura.ro\/agenda\/wp-content\/uploads\/2019\/06\/unnamed.jpg?resize=525%2C300&ssl=1 1.5x"},"classes":[]},{"id":20710,"url":"https:\/\/revistacultura.ro\/agenda\/2020\/09\/teatru-la-timisoara-ce-urmeaza-in-festivalul-fest-fdr-sos-2020\/","url_meta":{"origin":20410,"position":2},"title":"Teatru la Timi\u0219oara. Ce urmeaz\u0103 \u00een festivalul FEST-FDR SOS 2020","author":"Cultura","date":"22 septembrie 2020","format":false,"excerpt":"Dup\u0103 un final de s\u0103pt\u0103m\u00e2n\u0103 \u00een care teatrele din R\u00e2mnicu V\u00e2lcea, Re\u0219i\u021ba \u0219i Odorheiu Secuiesc au desenat o hart\u0103 de cea mai bun\u0103 calitate a diversit\u0103\u021bii teatrului rom\u00e2nesc, iar luni, Marius Bodochi, al\u0103turi de\u00a0muzicienii Alexandru Anastasiu \u0219i Lucian Maxim, a readus pe scen\u0103 contempla\u021bia prin spectacolul s\u0103u\u00a0A\u0219 vrea s\u0103-\u021bi spun...,\u2026","rel":"","context":"\u00cen \u201eRecomand\u0103ri\u201d","block_context":{"text":"Recomand\u0103ri","link":"https:\/\/revistacultura.ro\/agenda\/category\/recomandarile-cultura\/"},"img":{"alt_text":"","src":"https:\/\/i0.wp.com\/revistacultura.ro\/agenda\/wp-content\/uploads\/2020\/09\/NU-SUNT-EU-foto-Oana-Monica-Nae-1.jpg?resize=350%2C200&ssl=1","width":350,"height":200,"srcset":"https:\/\/i0.wp.com\/revistacultura.ro\/agenda\/wp-content\/uploads\/2020\/09\/NU-SUNT-EU-foto-Oana-Monica-Nae-1.jpg?resize=350%2C200&ssl=1 1x, https:\/\/i0.wp.com\/revistacultura.ro\/agenda\/wp-content\/uploads\/2020\/09\/NU-SUNT-EU-foto-Oana-Monica-Nae-1.jpg?resize=525%2C300&ssl=1 1.5x, https:\/\/i0.wp.com\/revistacultura.ro\/agenda\/wp-content\/uploads\/2020\/09\/NU-SUNT-EU-foto-Oana-Monica-Nae-1.jpg?resize=700%2C400&ssl=1 2x"},"classes":[]},{"id":21802,"url":"https:\/\/revistacultura.ro\/agenda\/2026\/03\/comunicatul-tntm-de-ziua-mondiala-a-teatrului\/","url_meta":{"origin":20410,"position":3},"title":"Comunicatul TNTm de Ziua Mondial\u0103 a Teatrului","author":"Cultura","date":"27 martie 2026","format":false,"excerpt":"Teatrul Na\u021bional din Timi\u0219oara se al\u0103tur\u0103 teatrelor din toat\u0103 lumea, celebr\u00e2nd, ca \u00een fiecare an, Ziua Mondial\u0103 a Teatrului. \u00cenc\u0103 din 1961, teatre, institu\u021bii teatrale, facult\u0103\u021bi de teatru, toate organiza\u021biile dedicate artei dramatice s\u0103rb\u0103toresc \u00een\u00a0 27 martie Ziua Mondial\u0103 a Teatrului. \u00cen acest context, vineri, 27 martie 2026, de la\u2026","rel":"","context":"\u00cen \u201ecomunicate\u201d","block_context":{"text":"comunicate","link":"https:\/\/revistacultura.ro\/agenda\/category\/comunicate\/"},"img":{"alt_text":"","src":"https:\/\/i0.wp.com\/revistacultura.ro\/agenda\/wp-content\/uploads\/2026\/03\/willem-dafoe.webp?resize=350%2C200&ssl=1","width":350,"height":200,"srcset":"https:\/\/i0.wp.com\/revistacultura.ro\/agenda\/wp-content\/uploads\/2026\/03\/willem-dafoe.webp?resize=350%2C200&ssl=1 1x, https:\/\/i0.wp.com\/revistacultura.ro\/agenda\/wp-content\/uploads\/2026\/03\/willem-dafoe.webp?resize=525%2C300&ssl=1 1.5x, https:\/\/i0.wp.com\/revistacultura.ro\/agenda\/wp-content\/uploads\/2026\/03\/willem-dafoe.webp?resize=700%2C400&ssl=1 2x"},"classes":[]},{"id":20843,"url":"https:\/\/revistacultura.ro\/agenda\/2022\/07\/tineri-regizori-invitati-sa-monteze-la-teatre-importante-din-toata-tara\/","url_meta":{"origin":20410,"position":4},"title":"Tineri regizori, invita\u021bi s\u0103 monteze la teatre importante din toat\u0103 \u021bara","author":"Cultura","date":"11 iulie 2022","format":false,"excerpt":"edi\u021bia a IV-a a Festivalului Tinerilor Regizori - \u00centre 5 \u0219i 9 iulie 2022, Teatrul Na\u021bional \u201eMarin Sorescu\u201d din Craiova a fost gazda celei de-a IV-a edi\u021bii a Festivalului Tinerilor Regizori Theater Networking Talents (TNT), un eveniment teatral coordonat de regizorul Bobi Pricop, dedicat arti\u0219tilor afla\u021bi la debut. Edi\u021bia din\u2026","rel":"","context":"\u00cen \u201ecomunicate\u201d","block_context":{"text":"comunicate","link":"https:\/\/revistacultura.ro\/agenda\/category\/comunicate\/"},"img":{"alt_text":"","src":"https:\/\/i0.wp.com\/revistacultura.ro\/agenda\/wp-content\/uploads\/2022\/07\/Cum-va-place_fotoAlbert-Dobrin.jpg?resize=350%2C200&ssl=1","width":350,"height":200,"srcset":"https:\/\/i0.wp.com\/revistacultura.ro\/agenda\/wp-content\/uploads\/2022\/07\/Cum-va-place_fotoAlbert-Dobrin.jpg?resize=350%2C200&ssl=1 1x, https:\/\/i0.wp.com\/revistacultura.ro\/agenda\/wp-content\/uploads\/2022\/07\/Cum-va-place_fotoAlbert-Dobrin.jpg?resize=525%2C300&ssl=1 1.5x, https:\/\/i0.wp.com\/revistacultura.ro\/agenda\/wp-content\/uploads\/2022\/07\/Cum-va-place_fotoAlbert-Dobrin.jpg?resize=700%2C400&ssl=1 2x"},"classes":[]},{"id":20885,"url":"https:\/\/revistacultura.ro\/agenda\/2022\/09\/programul-b-fringe-2022-intre-28-septembrie-si-2-octombrie\/","url_meta":{"origin":20410,"position":5},"title":"Programul B-Fringe 2022 \u00eentre 28 septembrie \u0219i 2 octombrie","author":"Cultura","date":"28 septembrie 2022","format":false,"excerpt":"https:\/\/revistacultura.ro\/agenda\/2022\/09\/bucharest-fringe-maratonul-teatrului-independent-editia-a-12-a\/ MIERCURI 28 SEPTEMBRIE 19:00 Toate lucrurile pe care mi le-a luat Alois de Cosmin St\u0103nil\u0103 | Reactor de crea\u021bie \u0219i experiment, Cluj-Napoca I Spectacol invitat Cu: Em\u0151ke Kat\u00f3, Lucian Teodor Rus Regia: Andrei M\u0103jeri Sala: unteatru 19:00 Wasted | UNATC \u201cI.L. Caragiale\u201d I First Time \u2013 Serile Teatrului Studen\u021besc\u2026","rel":"","context":"\u00cen \u201eAgenda culturala\u201d","block_context":{"text":"Agenda culturala","link":"https:\/\/revistacultura.ro\/agenda\/category\/agenda-cultura\/"},"img":{"alt_text":"","src":"https:\/\/i0.wp.com\/revistacultura.ro\/agenda\/wp-content\/uploads\/2022\/09\/COVER_Bucharest-Fringe-12-FINAL.jpeg?resize=350%2C200&ssl=1","width":350,"height":200,"srcset":"https:\/\/i0.wp.com\/revistacultura.ro\/agenda\/wp-content\/uploads\/2022\/09\/COVER_Bucharest-Fringe-12-FINAL.jpeg?resize=350%2C200&ssl=1 1x, https:\/\/i0.wp.com\/revistacultura.ro\/agenda\/wp-content\/uploads\/2022\/09\/COVER_Bucharest-Fringe-12-FINAL.jpeg?resize=525%2C300&ssl=1 1.5x, https:\/\/i0.wp.com\/revistacultura.ro\/agenda\/wp-content\/uploads\/2022\/09\/COVER_Bucharest-Fringe-12-FINAL.jpeg?resize=700%2C400&ssl=1 2x, https:\/\/i0.wp.com\/revistacultura.ro\/agenda\/wp-content\/uploads\/2022\/09\/COVER_Bucharest-Fringe-12-FINAL.jpeg?resize=1050%2C600&ssl=1 3x"},"classes":[]}],"_links":{"self":[{"href":"https:\/\/revistacultura.ro\/agenda\/wp-json\/wp\/v2\/posts\/20410","targetHints":{"allow":["GET"]}}],"collection":[{"href":"https:\/\/revistacultura.ro\/agenda\/wp-json\/wp\/v2\/posts"}],"about":[{"href":"https:\/\/revistacultura.ro\/agenda\/wp-json\/wp\/v2\/types\/post"}],"author":[{"embeddable":true,"href":"https:\/\/revistacultura.ro\/agenda\/wp-json\/wp\/v2\/users\/18"}],"replies":[{"embeddable":true,"href":"https:\/\/revistacultura.ro\/agenda\/wp-json\/wp\/v2\/comments?post=20410"}],"version-history":[{"count":8,"href":"https:\/\/revistacultura.ro\/agenda\/wp-json\/wp\/v2\/posts\/20410\/revisions"}],"predecessor-version":[{"id":20425,"href":"https:\/\/revistacultura.ro\/agenda\/wp-json\/wp\/v2\/posts\/20410\/revisions\/20425"}],"wp:featuredmedia":[{"embeddable":true,"href":"https:\/\/revistacultura.ro\/agenda\/wp-json\/wp\/v2\/media\/20417"}],"wp:attachment":[{"href":"https:\/\/revistacultura.ro\/agenda\/wp-json\/wp\/v2\/media?parent=20410"}],"wp:term":[{"taxonomy":"category","embeddable":true,"href":"https:\/\/revistacultura.ro\/agenda\/wp-json\/wp\/v2\/categories?post=20410"},{"taxonomy":"post_tag","embeddable":true,"href":"https:\/\/revistacultura.ro\/agenda\/wp-json\/wp\/v2\/tags?post=20410"}],"curies":[{"name":"wp","href":"https:\/\/api.w.org\/{rel}","templated":true}]}}