{"id":20287,"date":"2019-11-07T20:23:47","date_gmt":"2019-11-07T18:23:47","guid":{"rendered":"http:\/\/revistacultura.ro\/agenda\/?p=20287"},"modified":"2019-11-07T20:23:47","modified_gmt":"2019-11-07T18:23:47","slug":"expo-jazz-film-intr-un-eveniment-casa-do-brasil-in-cluj","status":"publish","type":"post","link":"https:\/\/revistacultura.ro\/agenda\/2019\/11\/expo-jazz-film-intr-un-eveniment-casa-do-brasil-in-cluj\/","title":{"rendered":"Expo-jazz-film \u00eentr-un eveniment Casa do Brasil \u00een Cluj"},"content":{"rendered":"<p><strong>O serat\u0103 care reune\u0219te pictura, muzica \u0219i filmul este organizat\u0103 la Muzeul de Art\u0103 Cluj \u00een data de <span style=\"color: #ff4000;\">joi, 14 nov. 2019, h. 18, \u00een Sala\u00a0<\/span><span style=\"color: #ff4000;\"><i>Tonitza<\/i><\/span><span style=\"color: #000000;\"><i>.<\/i><\/span><span style=\"color: #ff0000;\"><i>\u00a0<\/i><\/span>Evenimentul se \u00eenscrie pe linia ac\u021biunilor de diploma\u021bie cultural\u0103 promovate de\u00a0<i>Casa do Brasil\u00a0<\/i>(institu\u021bie patronat\u0103 de principala Universitate Clujean\u0103,\u00a0<i>UBB<\/i>, av\u00e2nd r\u0103d\u0103cini \u00een secolul XVI) \u0219i de Cursul de Estetica Jazzului al Academiei Na\u021bionale de Muzic\u0103\u00a0<i>G. Dima<\/i>\u00a0din Cluj.<\/strong><\/p>\n<p>\u00cen prima parte va avea loc vernisarea celor trei tablouri ale\u00a0<span style=\"color: #222222;\">importantului pictor brazilian de sorginte clujean\u0103<\/span><span style=\"color: #ff0000;\">\u00a0<\/span><span style=\"color: #ff4000;\"><b>Emeric Marcier<\/b><\/span><span style=\"color: #222222;\">\u00a0(n. 1916, Cluj \u2013 m. 1990, Paris). Acestea\u00a0<\/span><span style=\"color: #222222;\">au fost<\/span><span style=\"color: #222222;\">\u00a0donate Muzeului de c\u0103tre unul dintre cei \u0219apte descenden\u021bi direc\u021bi ai artistului, arhitectul Matias Marcier din Rio de Janeiro,\u00a0<\/span><span style=\"color: #222222;\">\u00een cadrul vizitei sale din septembrie a.c. la\u00a0<\/span><span style=\"color: #222222;\"><i>CdB<\/i><\/span><span style=\"color: #222222;\">\u00a0\u0219i la Muzeul de Art\u0103 din Cluj.\u00a0<\/span><span style=\"color: #000000;\">\u00cenc\u0103 prea pu\u021bin cunoscut \u00een Rom\u00e2nia, Emeric Marcier a tr\u0103it \u00een anii 1930 la Bucure\u0219ti, apoi a studiat pictura la Milano \u0219i Paris (unde, \u00een 1939, \u0219i-a montat atelierul \u00een spa\u021biul pe care i-l oferise compatriotul \u0219i amicul s\u0103u, suprarealistul de renume mondial Victor Brauner, n\u0103scut la Piatra Neam\u021b).\u00a0<\/span><span style=\"color: #000000;\"><span lang=\"pt-PT\">Sub presiunea istoriei, a emigrat \u0219i s-a naturalizat \u00een Brazilia. De origine evreu, Marcier se va converti la catolicism sub influen\u021ba unor importan\u021bi oameni de cultur\u0103 din \u021bara de adop\u021biune: Jorge de Lima, Murilo Mendes, L\u00facio Cardoso (na\u0219ul s\u0103u de botez). A realizat unele dintre cele mai importante picturi murale cu caracter religios ale Braziliei din a doua jum\u0103tate a secolului XX.<\/span><\/span><\/p>\n<p>Dup\u0103 un interludiu-video de jazz brazilian inovativ, partea secund\u0103 a seratei va fi dedicat\u0103 premierei clujene a unui film elaborat, timp de un lustru, de c\u0103tre t\u00e2n\u0103ra cineast\u0103 Ioana Grigore, ca lucrare de absolvire a masteratului \u00een regia de film documentar.\u00a0Realizat sub egida Universit\u0103\u021bii Na\u021bionale de Film din Bucure\u0219ti, acest documentar studen\u021besc abordeaz\u0103 o tem\u0103 inedit\u0103 (din punct de vedere cinematografic): istoria celui mai semnificativ grup al jazzului rom\u00e2n de avangard\u0103 al anilor 1978-90:\u00a0<b>CREATIV<\/b>.\u00a0<span lang=\"pt-PT\">Fondat de muzicianul Harry Tavitian la Constan\u021ba,\u00a0<\/span><b>CREATIV<\/b><span lang=\"pt-PT\">\u00a0s-a afirmat contra tuturor impedimentelor \u0219i vicisitudinilor, av\u00e2nd ca nucleu legendarul Duo Harry Tavitian &amp; Corneliu Stroe.\u00a0<\/span><span lang=\"pt-PT\">\u00cen acea perioad\u0103, performan\u021bele acestora au fost consecvent promovate\u00a0<\/span><span lang=\"pt-PT\">de<\/span><span lang=\"pt-PT\">\u00a0c\u0103tre jazzologul Virgil Mihaiu, actualul director onorific al\u00a0<\/span><span lang=\"pt-PT\"><i>Casei do Brasil<\/i><\/span><span lang=\"pt-PT\">. Un asemenea episod a constat \u00een editarea primelor albume de avangard\u0103 rom\u00e2ne\u0219ti ap\u0103rute \u00een Occident, gra\u021bie colabor\u0103rii dintre Mihaiu \u0219i produc\u0103torul\u00a0<\/span><span lang=\"pt-PT\">londonez<\/span><span lang=\"pt-PT\">\u00a0Leo Feigin\u00a0<\/span><span lang=\"pt-PT\">(prezent el \u00eensu\u0219i printre cei intervieva\u021bi\u00a0<\/span><span lang=\"pt-PT\">\u00een acest\u00a0<\/span><span lang=\"pt-PT\">mediu-metraj<\/span><span lang=\"pt-PT\">\u00a0<\/span><span lang=\"pt-PT\">cu durata de 53 de minute<\/span><span lang=\"pt-PT\">).\u00a0<\/span><span style=\"font-family: Liberation Serif, serif;\"><span lang=\"pt-PT\">Dup\u0103 vizionare, publicul e a\u0219teptat la o sesiune de discu\u021bii, av\u00e2nd-o ca invitat\u0103 pe regizoarea Ioana Grigore.\u00a0<i><b>Intrarea liber\u0103<\/b><\/i>.<\/span><\/span><\/p>\n<p><img loading=\"lazy\" decoding=\"async\" data-attachment-id=\"20288\" data-permalink=\"https:\/\/revistacultura.ro\/agenda\/2019\/11\/expo-jazz-film-intr-un-eveniment-casa-do-brasil-in-cluj\/casa-do-brasil\/\" data-orig-file=\"https:\/\/revistacultura.ro\/agenda\/wp-content\/uploads\/2019\/11\/casa-do-brasil.jpg\" data-orig-size=\"600,857\" data-comments-opened=\"1\" data-image-meta=\"{&quot;aperture&quot;:&quot;0&quot;,&quot;credit&quot;:&quot;&quot;,&quot;camera&quot;:&quot;&quot;,&quot;caption&quot;:&quot;&quot;,&quot;created_timestamp&quot;:&quot;0&quot;,&quot;copyright&quot;:&quot;&quot;,&quot;focal_length&quot;:&quot;0&quot;,&quot;iso&quot;:&quot;0&quot;,&quot;shutter_speed&quot;:&quot;0&quot;,&quot;title&quot;:&quot;&quot;,&quot;orientation&quot;:&quot;0&quot;}\" data-image-title=\"casa-do-brasil\" data-image-description=\"\" data-image-caption=\"\" data-large-file=\"https:\/\/revistacultura.ro\/agenda\/wp-content\/uploads\/2019\/11\/casa-do-brasil.jpg\" class=\"aligncenter size-full wp-image-20288\" src=\"https:\/\/revistacultura.ro\/agenda\/wp-content\/uploads\/2019\/11\/casa-do-brasil.jpg\" alt=\"\" width=\"600\" height=\"857\" srcset=\"https:\/\/revistacultura.ro\/agenda\/wp-content\/uploads\/2019\/11\/casa-do-brasil.jpg 600w, https:\/\/revistacultura.ro\/agenda\/wp-content\/uploads\/2019\/11\/casa-do-brasil-210x300.jpg 210w, https:\/\/revistacultura.ro\/agenda\/wp-content\/uploads\/2019\/11\/casa-do-brasil-140x200.jpg 140w, https:\/\/revistacultura.ro\/agenda\/wp-content\/uploads\/2019\/11\/casa-do-brasil-385x550.jpg 385w, https:\/\/revistacultura.ro\/agenda\/wp-content\/uploads\/2019\/11\/casa-do-brasil-350x500.jpg 350w\" sizes=\"auto, (max-width: 600px) 100vw, 600px\" \/><\/p>\n","protected":false},"excerpt":{"rendered":"<p>O serat\u0103 care reune\u0219te pictura, muzica \u0219i filmul este organizat\u0103 la Muzeul de Art\u0103 Cluj \u00een data de joi, 14 nov. 2019, h. 18, \u00een Sala\u00a0Tonitza.\u00a0Evenimentul se \u00eenscrie pe linia ac\u021biunilor de diploma\u021bie cultural\u0103 promovate de\u00a0Casa do Brasil\u00a0(institu\u021bie patronat\u0103 de principala Universitate Clujean\u0103,\u00a0UBB, av\u00e2nd r\u0103d\u0103cini \u00een secolul XVI) \u0219i de Cursul de Estetica Jazzului al&hellip;&nbsp;<a href=\"https:\/\/revistacultura.ro\/agenda\/2019\/11\/expo-jazz-film-intr-un-eveniment-casa-do-brasil-in-cluj\/\" rel=\"bookmark\">Cite\u0219te mai mult &raquo;<span class=\"screen-reader-text\">Expo-jazz-film \u00eentr-un eveniment Casa do Brasil \u00een Cluj<\/span><\/a><\/p>\n","protected":false},"author":1,"featured_media":20288,"comment_status":"open","ping_status":"open","sticky":false,"template":"","format":"standard","meta":{"neve_meta_sidebar":"","neve_meta_container":"","neve_meta_enable_content_width":"","neve_meta_content_width":0,"neve_meta_title_alignment":"","neve_meta_author_avatar":"","neve_post_elements_order":"","neve_meta_disable_header":"","neve_meta_disable_footer":"","neve_meta_disable_title":"","_jetpack_newsletter_access":"","_jetpack_dont_email_post_to_subs":false,"_jetpack_newsletter_tier_id":0,"_jetpack_memberships_contains_paywalled_content":false,"_jetpack_feature_clip_id":0,"_jetpack_memberships_contains_paid_content":false,"footnotes":"","jetpack_publicize_message":"","jetpack_publicize_feature_enabled":true,"jetpack_social_post_already_shared":true,"jetpack_social_options":{"image_generator_settings":{"template":"highway","default_image_id":0,"font":"","enabled":false},"version":2},"jetpack_post_was_ever_published":false},"categories":[152],"tags":[],"class_list":["post-20287","post","type-post","status-publish","format-standard","has-post-thumbnail","hentry","category-agenda-cultura"],"jetpack_publicize_connections":[],"jetpack_sharing_enabled":true,"jetpack-related-posts":[{"id":21686,"url":"https:\/\/revistacultura.ro\/agenda\/2026\/02\/22-02-cluj-concert-film-keith-jarrett\/","url_meta":{"origin":20287,"position":0},"title":"22.02, Cluj: Concert &amp; film Keith Jarrett","author":"Cultura","date":"18 februarie 2026","format":false,"excerpt":"Concert \u0219i film - 50 de ani ai albumului K\u00d6LN CONCERT de Keith Jarrett Istoricul album de pian solo\u00a0K\u00f6ln Concert\u00a0al lui\u00a0Keith Jarrett\u00a0a fost \u00eenregistrat \u00een 24 ianuarie 1975 la Opera din\u00a0K\u00f6ln, gra\u021bie eforturilor organizatorice depuse de Vera Brandes. Aceasta avea pe atunci 18 ani \u0219i era cea mai t\u00e2n\u0103r\u0103 impresar\u0103\u2026","rel":"","context":"\u00cen \u201eAgenda culturala\u201d","block_context":{"text":"Agenda culturala","link":"https:\/\/revistacultura.ro\/agenda\/category\/agenda-cultura\/"},"img":{"alt_text":"","src":"https:\/\/i0.wp.com\/revistacultura.ro\/agenda\/wp-content\/uploads\/2026\/02\/jazz-concert.webp?resize=350%2C200&ssl=1","width":350,"height":200,"srcset":"https:\/\/i0.wp.com\/revistacultura.ro\/agenda\/wp-content\/uploads\/2026\/02\/jazz-concert.webp?resize=350%2C200&ssl=1 1x, https:\/\/i0.wp.com\/revistacultura.ro\/agenda\/wp-content\/uploads\/2026\/02\/jazz-concert.webp?resize=525%2C300&ssl=1 1.5x, https:\/\/i0.wp.com\/revistacultura.ro\/agenda\/wp-content\/uploads\/2026\/02\/jazz-concert.webp?resize=700%2C400&ssl=1 2x"},"classes":[]},{"id":20342,"url":"https:\/\/revistacultura.ro\/agenda\/2020\/01\/invitatie-pentru-cursuri-de-jazz\/","url_meta":{"origin":20287,"position":1},"title":"Invita\u021bie pentru cursuri de jazz","author":"Cultura","date":"17 ianuarie 2020","format":false,"excerpt":"Carissimi\u00a0amantes\u00a0pulchritudinis, Conform frumosului afi\u0219 realizat de doamna Alina Con\u021bi\u0219, sunte\u021bi bineveni\u021bi la Cursul de Estetica Jazzului - ultimul din Semestrul I al anului universitar 2019-2020 - la Academia Na\u021bional\u0103 de Muzic\u0103\u00a0G. Dima\u00a0Cluj \/ joi 23 ianuarie 2020, h. 19, \u00een sala 11 (parter st\u00e2nga), str. I.C.Br\u0103tianu nr. 25. Serata poart\u0103,\u2026","rel":"","context":"\u00cen \u201eInvita\u021bii\u201d","block_context":{"text":"Invita\u021bii","link":"https:\/\/revistacultura.ro\/agenda\/category\/invitatii\/"},"img":{"alt_text":"","src":"https:\/\/i0.wp.com\/revistacultura.ro\/agenda\/wp-content\/uploads\/2020\/01\/afis-cursuri-jazz.jpg?resize=350%2C200&ssl=1","width":350,"height":200,"srcset":"https:\/\/i0.wp.com\/revistacultura.ro\/agenda\/wp-content\/uploads\/2020\/01\/afis-cursuri-jazz.jpg?resize=350%2C200&ssl=1 1x, https:\/\/i0.wp.com\/revistacultura.ro\/agenda\/wp-content\/uploads\/2020\/01\/afis-cursuri-jazz.jpg?resize=525%2C300&ssl=1 1.5x, https:\/\/i0.wp.com\/revistacultura.ro\/agenda\/wp-content\/uploads\/2020\/01\/afis-cursuri-jazz.jpg?resize=700%2C400&ssl=1 2x"},"classes":[]},{"id":21123,"url":"https:\/\/revistacultura.ro\/agenda\/2024\/05\/cluj-avataruri-ale-jazzului-in-literatura-universala\/","url_meta":{"origin":20287,"position":2},"title":"Cluj: Avataruri ale jazzului \u00een literatura universal\u0103","author":"Cultura","date":"21 mai 2024","format":false,"excerpt":"Curs de Estetica Jazzului Sala Europa a Casei de Cultur\u0103 a Studen\u021bilor din Cluj-Napoca, vineri, 24 mai 2024, h. 19 Invitata noastr\u0103 va fi Cristina Petrescu, profesoar\u0103 de portughez\u0103 brazilian\u0103, mult-apreciat\u0103 pentru activitatea sa din deceniul trecut la CASA DO BRASIL (institu\u021bie patronat\u0103 de Universitatea Babe\u0219-Bolyai din Cluj). Cursul subsemnatului\u2026","rel":"","context":"\u00cen \u201eInvita\u021bii\u201d","block_context":{"text":"Invita\u021bii","link":"https:\/\/revistacultura.ro\/agenda\/category\/invitatii\/"},"img":{"alt_text":"","src":"https:\/\/i0.wp.com\/revistacultura.ro\/agenda\/wp-content\/uploads\/2024\/05\/Poster-curs-de-estetica-jazzului4.webp?resize=350%2C200&ssl=1","width":350,"height":200,"srcset":"https:\/\/i0.wp.com\/revistacultura.ro\/agenda\/wp-content\/uploads\/2024\/05\/Poster-curs-de-estetica-jazzului4.webp?resize=350%2C200&ssl=1 1x, https:\/\/i0.wp.com\/revistacultura.ro\/agenda\/wp-content\/uploads\/2024\/05\/Poster-curs-de-estetica-jazzului4.webp?resize=525%2C300&ssl=1 1.5x, https:\/\/i0.wp.com\/revistacultura.ro\/agenda\/wp-content\/uploads\/2024\/05\/Poster-curs-de-estetica-jazzului4.webp?resize=700%2C400&ssl=1 2x, https:\/\/i0.wp.com\/revistacultura.ro\/agenda\/wp-content\/uploads\/2024\/05\/Poster-curs-de-estetica-jazzului4.webp?resize=1050%2C600&ssl=1 3x"},"classes":[]},{"id":22051,"url":"https:\/\/revistacultura.ro\/agenda\/2026\/06\/tiff-cluj-live-cinema-despre-deepfake-adolescenti-si-internet\/","url_meta":{"origin":20287,"position":3},"title":"TIFF, Cluj: Live-cinema despre deepfake, adolescen\u021bi \u0219i internet","author":"Cultura","date":"9 iunie 2026","format":false,"excerpt":"Joi, 18 iunie 2026, ora 18 Eveniment g\u0103zduit de Teatrul Regina Maria - Trupa Iosif Vulcan \u015fi Teatrul Na\u0163ional Cluj-Napoca \u00cen era deepfake-urilor, a re\u021belelor sociale \u0219i a judec\u0103\u021bilor care circul\u0103 mai repede dec\u00e2t adev\u0103rul, o singur\u0103 imagine poate schimba totul. \u201eDe\u0219teptarea\u201d, spectacolul-eveniment al Teatrului Regina Maria din Oradea, ajunge\u2026","rel":"","context":"\u00cen \u201eAgenda culturala\u201d","block_context":{"text":"Agenda culturala","link":"https:\/\/revistacultura.ro\/agenda\/category\/agenda-cultura\/"},"img":{"alt_text":"","src":"https:\/\/i0.wp.com\/revistacultura.ro\/agenda\/wp-content\/uploads\/2026\/06\/live_cinema.webp?resize=350%2C200&ssl=1","width":350,"height":200,"srcset":"https:\/\/i0.wp.com\/revistacultura.ro\/agenda\/wp-content\/uploads\/2026\/06\/live_cinema.webp?resize=350%2C200&ssl=1 1x, https:\/\/i0.wp.com\/revistacultura.ro\/agenda\/wp-content\/uploads\/2026\/06\/live_cinema.webp?resize=525%2C300&ssl=1 1.5x, https:\/\/i0.wp.com\/revistacultura.ro\/agenda\/wp-content\/uploads\/2026\/06\/live_cinema.webp?resize=700%2C400&ssl=1 2x"},"classes":[]},{"id":20155,"url":"https:\/\/revistacultura.ro\/agenda\/2019\/10\/estetica-jazzului-curs-inaugural-cu-studenti-si-public-sustinut-de-virgil-mihaiu\/","url_meta":{"origin":20287,"position":4},"title":"Estetica jazzului &#8211; curs inaugural cu studen\u021bi \u0219i public sus\u021binut de Virgil Mihaiu","author":"Revista","date":"8 octombrie 2019","format":false,"excerpt":"Muzicologul Virgil Mihaiu reia la UBB Cluj Cursul de Estetica Jazzului, lans\u00e2nd pentru joi, 10 octombrie, o invita\u021bie adresat\u0103 at\u00e2t studen\u021bilor universit\u0103\u021bii clujene, indiferent de facult\u0103\u021bile unde sunt \u00eenscri\u0219i, c\u00e2t \u0219i \u201emelomanilor de orice etate sau profesiune\u201d. Cursul inaugural are loc, la ora 19, la ANMGD - str. I.C.Br\u0103tianu nr.\u2026","rel":"","context":"\u00cen \u201eAgenda culturala\u201d","block_context":{"text":"Agenda culturala","link":"https:\/\/revistacultura.ro\/agenda\/category\/agenda-cultura\/"},"img":{"alt_text":"","src":"https:\/\/i0.wp.com\/revistacultura.ro\/agenda\/wp-content\/uploads\/2019\/10\/european-jazz.jpg?resize=350%2C200&ssl=1","width":350,"height":200,"srcset":"https:\/\/i0.wp.com\/revistacultura.ro\/agenda\/wp-content\/uploads\/2019\/10\/european-jazz.jpg?resize=350%2C200&ssl=1 1x, https:\/\/i0.wp.com\/revistacultura.ro\/agenda\/wp-content\/uploads\/2019\/10\/european-jazz.jpg?resize=525%2C300&ssl=1 1.5x"},"classes":[]},{"id":21342,"url":"https:\/\/revistacultura.ro\/agenda\/2025\/08\/festivalul-enescu-2025-prezent-in-24-de-localitati\/","url_meta":{"origin":20287,"position":5},"title":"Festivalul Enescu 2025: prezent \u00een 24 de localit\u0103\u021bi","author":"Cultura","date":"29 august 2025","format":false,"excerpt":"Festivalul Interna\u021bional George Enescu, una dintre cele mai prestigioase manifest\u0103ri de muzic\u0103 clasic\u0103 la nivel mondial, \u00ee\u0219i extinde \u0219i \u00een 2025 prezen\u021ba dincolo de capital\u0103, ajung\u00e2nd \u00een peste 20 de ora\u0219e din Rom\u00e2nia \u0219i \u00een Chi\u0219in\u0103u, Republica Moldova. Aceast\u0103 edi\u021bie marcheaz\u0103 70 de ani de la moartea marelui compozitor rom\u00e2n\u2026","rel":"","context":"\u00cen \u201eAgenda culturala\u201d","block_context":{"text":"Agenda culturala","link":"https:\/\/revistacultura.ro\/agenda\/category\/agenda-cultura\/"},"img":{"alt_text":"","src":"https:\/\/i0.wp.com\/revistacultura.ro\/agenda\/wp-content\/uploads\/2025\/08\/Patricia_Kopatchinskaja.webp?resize=350%2C200&ssl=1","width":350,"height":200,"srcset":"https:\/\/i0.wp.com\/revistacultura.ro\/agenda\/wp-content\/uploads\/2025\/08\/Patricia_Kopatchinskaja.webp?resize=350%2C200&ssl=1 1x, https:\/\/i0.wp.com\/revistacultura.ro\/agenda\/wp-content\/uploads\/2025\/08\/Patricia_Kopatchinskaja.webp?resize=525%2C300&ssl=1 1.5x, https:\/\/i0.wp.com\/revistacultura.ro\/agenda\/wp-content\/uploads\/2025\/08\/Patricia_Kopatchinskaja.webp?resize=700%2C400&ssl=1 2x"},"classes":[]}],"jetpack_featured_media_url":"https:\/\/revistacultura.ro\/agenda\/wp-content\/uploads\/2019\/11\/casa-do-brasil.jpg","_links":{"self":[{"href":"https:\/\/revistacultura.ro\/agenda\/wp-json\/wp\/v2\/posts\/20287","targetHints":{"allow":["GET"]}}],"collection":[{"href":"https:\/\/revistacultura.ro\/agenda\/wp-json\/wp\/v2\/posts"}],"about":[{"href":"https:\/\/revistacultura.ro\/agenda\/wp-json\/wp\/v2\/types\/post"}],"author":[{"embeddable":true,"href":"https:\/\/revistacultura.ro\/agenda\/wp-json\/wp\/v2\/users\/1"}],"replies":[{"embeddable":true,"href":"https:\/\/revistacultura.ro\/agenda\/wp-json\/wp\/v2\/comments?post=20287"}],"version-history":[{"count":1,"href":"https:\/\/revistacultura.ro\/agenda\/wp-json\/wp\/v2\/posts\/20287\/revisions"}],"predecessor-version":[{"id":20289,"href":"https:\/\/revistacultura.ro\/agenda\/wp-json\/wp\/v2\/posts\/20287\/revisions\/20289"}],"wp:featuredmedia":[{"embeddable":true,"href":"https:\/\/revistacultura.ro\/agenda\/wp-json\/wp\/v2\/media\/20288"}],"wp:attachment":[{"href":"https:\/\/revistacultura.ro\/agenda\/wp-json\/wp\/v2\/media?parent=20287"}],"wp:term":[{"taxonomy":"category","embeddable":true,"href":"https:\/\/revistacultura.ro\/agenda\/wp-json\/wp\/v2\/categories?post=20287"},{"taxonomy":"post_tag","embeddable":true,"href":"https:\/\/revistacultura.ro\/agenda\/wp-json\/wp\/v2\/tags?post=20287"}],"curies":[{"name":"wp","href":"https:\/\/api.w.org\/{rel}","templated":true}]}}