{"id":20236,"date":"2019-10-23T17:56:20","date_gmt":"2019-10-23T14:56:20","guid":{"rendered":"http:\/\/revistacultura.ro\/agenda\/?p=20236"},"modified":"2019-10-29T16:59:04","modified_gmt":"2019-10-29T14:59:04","slug":"25-octombrie-concertul-regal-caritabil","status":"publish","type":"post","link":"https:\/\/revistacultura.ro\/agenda\/2019\/10\/25-octombrie-concertul-regal-caritabil\/","title":{"rendered":"25 octombrie &#8211; Concertul Regal Caritabil"},"content":{"rendered":"<p align=\"CENTER\"><a href=\"https:\/\/www.fpmr.ro\/\"><span style=\"color: #00000a;\"><span style=\"font-family: Lora, serif;\"><span style=\"font-size: large;\"><span lang=\"ro-RO\"><b>Funda\u021bia Regal\u0103 Margareta a Rom\u00e2niei<\/b><\/span><\/span><\/span><\/span><\/a><span style=\"font-family: Lora, serif;\"><span style=\"font-size: large;\"><span lang=\"ro-RO\"><b>\u00a0v\u0103 invit\u0103 la Concertul Regal,<br \/>\n<\/b><\/span><\/span><\/span><span style=\"font-size: large;\"><span style=\"font-family: Lora, serif;\"><b>un eveniment caritabil cu istorie<\/b><\/span><\/span><\/p>\n<p><strong>UPDTATE: <a href=\"https:\/\/revistacultura.ro\/agenda\/2019\/10\/concertul-regal-caritabil-pentru-sustinerea-burselor-tinere-talente\/\">https:\/\/revistacultura.ro\/agenda\/2019\/10\/concertul-regal-caritabil-pentru-sustinerea-burselor-tinere-talente\/<\/a><\/strong><\/p>\n<p align=\"JUSTIFY\"><a href=\"https:\/\/www.fpmr.ro\/\"><span style=\"color: #00000a;\"><span style=\"font-family: Lora, serif;\"><span style=\"font-size: large;\"><span lang=\"ro-RO\"><i><b>Funda\u021bia Regal\u0103 Margareta a Rom\u00e2niei<\/b><\/i><\/span><\/span><\/span><\/span><\/a><span style=\"font-family: Lora, serif;\"><span style=\"font-size: large;\"><span lang=\"ro-RO\"><i><b>\u00a0continu\u0103 tradi\u021bia de a sus\u021bine \u0219i promova cultura \u0219i talentul rom\u00e2nesc, prin cea de-a dou\u0103sprezecea edi\u021bie a Concertului Regal caritabil.\u00a0<\/b><\/i><\/span><\/span><\/span><span style=\"font-family: Lora, serif;\"><span style=\"font-size: large;\"><span lang=\"ro-RO\"><i><b>Organizat anual, \u00een ziua de<\/b><\/i><\/span><\/span><\/span><span style=\"font-family: Lora, serif;\"><span style=\"font-size: large;\"><span lang=\"ro-RO\"><i><b> 25 octombrie, <\/b><\/i><\/span><\/span><\/span><span style=\"font-family: Lora, serif;\"><span style=\"font-size: large;\"><span lang=\"ro-RO\"><i><b>Concertul Regal este unul dintre cele mai longevive <\/b><\/i><\/span><\/span><\/span><span style=\"font-family: Lora, serif;\"><span style=\"font-size: large;\"><span lang=\"ro-RO\"><i><b>\u0219<\/b><\/i><\/span><\/span><\/span><span style=\"font-family: Lora, serif;\"><span style=\"font-size: large;\"><span lang=\"ro-RO\"><i><b>i de succes evenimente de str\u00e2ngere de fonduri din Rom\u00e2nia. <\/b><\/i><\/span><\/span><\/span><span style=\"font-family: Lora, serif;\"><span style=\"font-size: large;\"><span lang=\"ro-RO\"><i><b>Fondurile din sponsoriz\u0103ri \u0219i dona\u021bii au \u00eensumat peste 1.500.000 de euro, o investi\u021bie f\u0103cut\u0103 \u00een viitorul artistic al Rom\u00e2niei.<\/b><\/i><\/span><\/span><\/span><\/p>\n<p align=\"JUSTIFY\"><a name=\"_GoBack\"><\/a> <span style=\"font-family: Lora, serif;\"><span style=\"font-size: large;\"><span lang=\"ro-RO\">Pe 25 octombrie 2019, muzicieni rom\u00e2ni cu succes interna\u021bional se reunesc la invita\u021bia Funda\u021biei Regale Margareta a Rom\u00e2niei pe scena Ateneului Rom\u00e2n:\u00a0<\/span><\/span><\/span><span style=\"font-family: Lora, serif;\"><span style=\"font-size: large;\"><span lang=\"ro-RO\">soprana <\/span><\/span><\/span><span style=\"font-family: Lora, serif;\"><span style=\"font-size: large;\"><span lang=\"ro-RO\">Cellia Costea<\/span><\/span><\/span><span style=\"font-family: Lora, serif;\"><span style=\"font-size: large;\"><span lang=\"ro-RO\">, tenorul <\/span><\/span><\/span><span style=\"font-family: Lora, serif;\"><span style=\"font-size: large;\"><span lang=\"ro-RO\">Teodor Ilinc\u0103i<\/span><\/span><\/span><span style=\"font-family: Lora, serif;\"><span style=\"font-size: large;\"><span lang=\"ro-RO\"> \u0219i <\/span><\/span><\/span><span style=\"font-family: Lora, serif;\"><span style=\"font-size: large;\"><span lang=\"ro-RO\">Orchestra Rom\u00e2n\u0103 de Tineret<\/span><\/span><\/span><span style=\"font-family: Lora, serif;\"><span style=\"font-size: large;\"><span lang=\"ro-RO\">, dirijat\u0103 de <\/span><\/span><\/span><span style=\"font-family: Lora, serif;\"><span style=\"font-size: large;\"><span lang=\"ro-RO\">Gabriel Bebe\u0219elea<\/span><\/span><\/span><span style=\"font-family: Lora, serif;\"><span style=\"font-size: large;\"><span lang=\"ro-RO\">.<\/span><\/span><\/span><span style=\"font-family: Lora, serif;\"><span style=\"font-size: large;\"><span lang=\"ro-RO\"><b>\u00a0<\/b><\/span><\/span><\/span><span style=\"font-family: Lora, serif;\"><span style=\"font-size: large;\"><span lang=\"ro-RO\">Programul muzical al Concertului aduce un omagiu operei italiene, printr-o selec\u021bie de arii celebre de Verdi, Puccini, Leoncavallo \u0219i Mascagni, care vor introduce publicul \u00een atmosfera fastuoas\u0103 \u0219i boem\u0103 a acestui gen muzical.<\/span><\/span><\/span><b> <\/b><span style=\"font-family: Lora, serif;\"><span style=\"font-size: large;\"><span lang=\"ro-RO\"> Evenimentul include o expozi\u021bie cu lucr\u0103ri<\/span><\/span><\/span><span style=\"font-family: Lora, serif;\"><span style=\"font-size: large;\"><span lang=\"ro-RO\"><b> de arte vizuale ale bursierilor. <\/b><\/span><\/span><\/span><span style=\"font-family: Lora, serif;\"><span style=\"font-size: large;\"><span lang=\"ro-RO\">Biletele pot fi achizi\u021bionate pe <a href=\"http:\/\/www.frmr.ro\/concert-regal\">www.frmr.ro\/concert-regal<\/a> \u0219i pe <\/span><\/span><\/span><span style=\"color: #00000a;\"><span style=\"font-family: Lora, serif;\"><span style=\"font-size: large;\"><span lang=\"ro-RO\"><a href=\"http:\/\/www.eventbook.ro\">www.eventbook.ro<\/a> <\/span><\/span><\/span><\/span><span style=\"font-family: Lora, serif;\"><span style=\"font-size: large;\"><span lang=\"ro-RO\">.<\/span><\/span><\/span><\/p>\n<p lang=\"ro-RO\" align=\"JUSTIFY\"><span style=\"font-size: large;\"><span style=\"font-family: Lora, serif;\">Organizat anual, \u00eencep\u00e2nd din 2008, de c\u0103tre Funda<\/span><span style=\"font-family: Lora, serif;\">\u021b<\/span><span style=\"font-family: Lora, serif;\">ia Regal\u0103 Margareta Rom\u00e2niei, <\/span><span style=\"font-family: Lora, serif;\">Concertul Regal Caritabil a avut loc \u00een mod tradi<\/span><span style=\"font-family: Lora, serif;\">\u021b<\/span><span style=\"font-family: Lora, serif;\">ional \u00een ziua de 25 octombrie, cu ocazia zilei de na\u0219tere a Regelui Mihai I al Rom\u00e2niei,<\/span><span style=\"font-family: Lora, serif;\"> fondator al Funda\u021biei al\u0103turi de Majestatea Sa Margareta, Custodele Coroanei rom\u00e2ne. <\/span><span style=\"font-family: Lora, serif;\">Fiecare edi<\/span><span style=\"font-family: Lora, serif;\">\u021b<\/span><span style=\"font-family: Lora, serif;\">ie a concertului aniversar a adus pe scena Ateneului Rom\u00e2n cei mai valoro<\/span><span style=\"font-family: Lora, serif;\">\u0219<\/span><span style=\"font-family: Lora, serif;\">i muzicieni ai momentului<\/span><span style=\"font-family: Lora, serif;\">\u00a0<\/span><span style=\"font-family: Lora, serif;\">\u0219<\/span><span style=\"font-family: Lora, serif;\">i mari orchestre, \u00een sus<\/span><span style=\"font-family: Lora, serif;\">\u021b<\/span><span style=\"font-family: Lora, serif;\">inerea tinerilor arti<\/span><span style=\"font-family: Lora, serif;\">\u0219<\/span><span style=\"font-family: Lora, serif;\">ti rom\u00e2ni. <\/span><span style=\"font-family: Lora, serif;\">Serile de gal\u0103 s-au bucurat de o prezen\u021b\u0103 remarcabil\u0103: peste 800 de invita\u021bi, membri ai Familiilor Regale, membri ai Corpului Diplomatic, demnitari rom\u00e2ni, personalit\u0103\u021bi de cultur\u0103 \u0219i din mediul de afaceri, sponsori \u0219i sus\u021bin\u0103tori ai Funda\u021biei, dar \u0219i de o mediatizare de succes. <\/span><\/span><\/p>\n<p align=\"JUSTIFY\"><span style=\"font-family: Lora, serif;\"><span style=\"font-size: large;\"><span lang=\"ro-RO\">Fondurile str\u00e2nse din sponsoriz\u0103rile \u0219i dona\u021biile atrase la Concertul Regal de-a lungul timpului au dezvoltat programul na\u021bional <\/span><\/span><\/span><span style=\"font-family: Lora, serif;\"><span style=\"font-size: large;\"><span lang=\"ro-RO\"><i>Tinere Talente<\/i><\/span><\/span><\/span><span style=\"font-family: Lora, serif;\"><span style=\"font-size: large;\"><span lang=\"ro-RO\">, prin care au fost acordate peste 300 de burse arti\u0219tilor afla\u021bi la \u00eenceput de drum, care provin din familii cu venituri modeste. Cu sprijinul mentorilor \u0219i a promov\u0103rii sus\u021binute, ace\u0219tia au reu\u0219it performan\u021be extraordinare pe plan na\u021bional \u0219i interna\u021bional. <\/span><\/span><\/span><em><span style=\"font-family: Lora, serif;\"><span style=\"font-size: large;\"><span lang=\"ro-RO\">Tinere Talente<\/span><\/span><\/span><\/em><span style=\"font-family: Lora, serif;\"><span style=\"font-size: large;\"><span lang=\"ro-RO\">\u00a0este ast\u0103zi recunoscut ca\u00a0<\/span><\/span><\/span><em><span style=\"font-family: Lora, serif;\"><span style=\"font-size: large;\"><span lang=\"ro-RO\">Cel mai bun program de Art\u0103<\/span><\/span><\/span><\/em><span style=\"font-family: Lora, serif;\"><span style=\"font-size: large;\"><span lang=\"ro-RO\">\u00a0<\/span><\/span><\/span><em><span style=\"font-family: Lora, serif;\"><span style=\"font-size: large;\"><span lang=\"ro-RO\">\u0219i Cultur\u0103 din Rom\u00e2nia, <\/span><\/span><\/span><\/em><em><span style=\"font-family: Lora, serif;\"><span style=\"font-size: large;\"><span lang=\"ro-RO\">laureat<\/span><\/span><\/span><\/em> <span style=\"font-family: Lora, serif;\"><span style=\"font-size: large;\"><span lang=\"ro-RO\">la Gala Societ\u0103\u021bii Civile.<\/span><\/span><\/span><\/p>\n<p lang=\"ro-RO\" align=\"JUSTIFY\"><span style=\"font-size: large;\"><span style=\"font-family: Lora, serif;\">Concertul Regal Caritabil va fi transmis la TVR3 \u0219i la Radio Rom\u00e2nia Muzical.<\/span><\/span><\/p>\n<p lang=\"ro-RO\" align=\"JUSTIFY\"><span style=\"font-size: large;\"><span style=\"font-family: Lora, serif;\"><b>Parteneri: <\/b><\/span><span style=\"font-family: Lora, serif;\">Kaufland Rom\u00e2nia, Funda\u021bia Globalworth<\/span><\/span><\/p>\n<p lang=\"ro-RO\" align=\"JUSTIFY\"><span style=\"font-size: large;\"><span style=\"font-family: Lora, serif;\"><b>Sponsori:<\/b><\/span><span style=\"font-family: Lora, serif;\"> Kultho, Groupe Renault, Sofmedica, Deutek, Negro 2000, Enayati Group, Hotel Siqua, Easy Print Services, Residence Hotels.<\/span><\/span><\/p>\n<p lang=\"ro-RO\" align=\"JUSTIFY\"><span style=\"font-size: large;\"><span style=\"font-family: Lora, serif;\"><b>Parteneri media:<\/b><\/span><span style=\"font-family: Lora, serif;\"> TVR, Radio Rom\u00e2nia Cultural, Forbes, Forbes Life, Cariere, Cocor Media Channel, BIZ, Historia, Insight TAROM, Zile \u0219i nop\u021bi, Revista Cultura, Radio Clasic, Capital Cultural, Cea\u0219ca de cultur\u0103, Nine O\u2019Clock, e-cultura.info.<\/span><\/span><\/p>\n<p lang=\"ro-RO\" align=\"JUSTIFY\"><span style=\"font-size: large;\"><span style=\"font-family: Lora, serif;\">Cu sprijinul: Filarmonica George Enescu, Evenbook, Film Experience, Phoenix Media, HR Club.<\/span><\/span><\/p>\n<p lang=\"ro-RO\" align=\"JUSTIFY\"><span style=\"font-size: large;\"><span style=\"font-family: Lora, serif;\"><b>Co-produc\u0103tori:<\/b><\/span><span style=\"font-family: Lora, serif;\"> TVR 3, Radio Rom\u00e2nia Muzical<\/span><\/span><\/p>\n<p lang=\"ro-RO\" align=\"JUSTIFY\">__________________________________________________________________________<\/p>\n<p lang=\"ro-RO\" align=\"JUSTIFY\"><strong><span style=\"font-family: Times New Roman, serif;\"><span style=\"font-size: large;\"><span style=\"font-family: Lora, serif;\">Despre programul na\u021bional Tinere Talente<\/span><\/span><\/span><\/strong><\/p>\n<p lang=\"ro-RO\" align=\"JUSTIFY\"><span style=\"font-family: Times New Roman, serif;\"><span style=\"font-size: large;\"><span style=\"font-family: Lora, serif;\">Mul\u021bi copii talenta\u021bi provin din familii ale c\u0103ror posibilit\u0103\u021bi financiare nu le permit s\u0103-\u0219i urmeze talentul. Astfel, Rom\u00e2nia pierde \u00een fiecare an zeci de tineri talenta\u021bi, care altfel ar putea deveni ambasadori culturali. Ca r\u0103spuns la aceast\u0103 problem\u0103, Funda\u021bia Regal\u0103 Margareta a Rom\u00e2niei a creat un program na\u021bional pentru a sprijini \u0219i promova ace\u0219ti tineri arti\u0219ti talenta\u021bi, care provin din familii modeste \u0219i care au nevoie de sprijin financiar pentru a-\u0219i atinge adev\u0103ratul poten\u021bial \u0219i a-\u0219i exprima talentul. Tineri arti\u0219ti cu v\u00e2rsta \u00eentre 14 \u015fi 24 de ani care studiaz\u0103 muzica sau artele vizuale \u00een licee \u0219i universit\u0103\u021bi din Rom\u00e2nia au fost ajuta\u021bi s\u0103-\u0219i dep\u0103\u0219easc\u0103 greut\u0103\u021bile financiare \u0219i s\u0103 continue s\u0103-\u0219i exprime valoarea artistic\u0103. <\/span><\/span><\/span><\/p>\n<p lang=\"ro-RO\" align=\"JUSTIFY\"><strong><span style=\"font-family: Times New Roman, serif;\"><span style=\"font-size: large;\"><span style=\"font-family: Lora, serif;\">Despre Funda\u0163ia Regal\u0103 Margareta a Rom\u00e2niei<\/span><\/span><\/span><\/strong><\/p>\n<p lang=\"ro-RO\" align=\"JUSTIFY\"><span style=\"font-family: Times New Roman, serif;\"><span style=\"font-size: large;\"><span style=\"font-family: Lora, serif;\">Funda\u0163ia Regal\u0103 Margareta a Rom\u00e2niei (FRMR) a fost \u00eenfiin\u0163at\u0103 \u00een 1990 de c\u0103tre Regele Mihai I al Rom\u00e2niei \u0219i Majestatea Sa Margareta, Custodele Coroanei rom\u00e2ne. Cu o activitate de peste 29 de ani, Funda\u021bia Regal\u0103 Margareta a Rom\u00e2niei sprijin\u0103 copii, tineri \u0219i v\u00e2rstnici prin interven\u021bii durabile, bazate pe schimbul de experien\u021b\u0103 \u0219i valori \u00eentre genera\u021bii. De-a lungul timpului, Funda\u021bia s-a implicat \u00een numeroase proiecte sociale, culturale \u015fi de sus\u021binere a educa\u021biei \u015fi talentului artistic. Mai multe detalii despre programele funda\u0163iei sunt disponibile pe <a href=\"http:\/\/www.frmr.ro\">www.frmr.ro<\/a>.<\/span><\/span><\/span><\/p>\n<p lang=\"ro-RO\" align=\"JUSTIFY\"><img loading=\"lazy\" decoding=\"async\" data-attachment-id=\"20238\" data-permalink=\"https:\/\/revistacultura.ro\/agenda\/2019\/10\/25-octombrie-concertul-regal-caritabil\/programul-concert-regal-2019\/\" data-orig-file=\"https:\/\/revistacultura.ro\/agenda\/wp-content\/uploads\/2019\/10\/Programul-concert-regal-2019.jpg\" data-orig-size=\"800,1135\" data-comments-opened=\"1\" data-image-meta=\"{&quot;aperture&quot;:&quot;0&quot;,&quot;credit&quot;:&quot;&quot;,&quot;camera&quot;:&quot;&quot;,&quot;caption&quot;:&quot;&quot;,&quot;created_timestamp&quot;:&quot;0&quot;,&quot;copyright&quot;:&quot;&quot;,&quot;focal_length&quot;:&quot;0&quot;,&quot;iso&quot;:&quot;0&quot;,&quot;shutter_speed&quot;:&quot;0&quot;,&quot;title&quot;:&quot;&quot;,&quot;orientation&quot;:&quot;0&quot;}\" data-image-title=\"Programul-concert-regal-2019\" data-image-description=\"\" data-image-caption=\"\" data-large-file=\"https:\/\/revistacultura.ro\/agenda\/wp-content\/uploads\/2019\/10\/Programul-concert-regal-2019-722x1024.jpg\" class=\"aligncenter size-large wp-image-20238\" src=\"https:\/\/revistacultura.ro\/agenda\/wp-content\/uploads\/2019\/10\/Programul-concert-regal-2019-722x1024.jpg\" alt=\"\" width=\"722\" height=\"1024\" srcset=\"https:\/\/revistacultura.ro\/agenda\/wp-content\/uploads\/2019\/10\/Programul-concert-regal-2019-722x1024.jpg 722w, https:\/\/revistacultura.ro\/agenda\/wp-content\/uploads\/2019\/10\/Programul-concert-regal-2019-211x300.jpg 211w, https:\/\/revistacultura.ro\/agenda\/wp-content\/uploads\/2019\/10\/Programul-concert-regal-2019-768x1090.jpg 768w, https:\/\/revistacultura.ro\/agenda\/wp-content\/uploads\/2019\/10\/Programul-concert-regal-2019-141x200.jpg 141w, https:\/\/revistacultura.ro\/agenda\/wp-content\/uploads\/2019\/10\/Programul-concert-regal-2019-388x550.jpg 388w, https:\/\/revistacultura.ro\/agenda\/wp-content\/uploads\/2019\/10\/Programul-concert-regal-2019-352x500.jpg 352w, https:\/\/revistacultura.ro\/agenda\/wp-content\/uploads\/2019\/10\/Programul-concert-regal-2019.jpg 800w\" sizes=\"auto, (max-width: 722px) 100vw, 722px\" \/><\/p>\n","protected":false},"excerpt":{"rendered":"<p>Funda\u021bia Regal\u0103 Margareta a Rom\u00e2niei\u00a0v\u0103 invit\u0103 la Concertul Regal, un eveniment caritabil cu istorie UPDTATE: https:\/\/revistacultura.ro\/agenda\/2019\/10\/concertul-regal-caritabil-pentru-sustinerea-burselor-tinere-talente\/ Funda\u021bia Regal\u0103 Margareta a Rom\u00e2niei\u00a0continu\u0103 tradi\u021bia de a sus\u021bine \u0219i promova cultura \u0219i talentul rom\u00e2nesc, prin cea de-a dou\u0103sprezecea edi\u021bie a Concertului Regal caritabil.\u00a0Organizat anual, \u00een ziua de 25 octombrie, Concertul Regal este unul dintre cele mai longevive \u0219i&hellip;&nbsp;<a href=\"https:\/\/revistacultura.ro\/agenda\/2019\/10\/25-octombrie-concertul-regal-caritabil\/\" rel=\"bookmark\">Cite\u0219te mai mult &raquo;<span class=\"screen-reader-text\">25 octombrie &#8211; Concertul Regal Caritabil<\/span><\/a><\/p>\n","protected":false},"author":1,"featured_media":20237,"comment_status":"open","ping_status":"open","sticky":false,"template":"","format":"standard","meta":{"neve_meta_sidebar":"","neve_meta_container":"","neve_meta_enable_content_width":"","neve_meta_content_width":0,"neve_meta_title_alignment":"","neve_meta_author_avatar":"","neve_post_elements_order":"","neve_meta_disable_header":"","neve_meta_disable_footer":"","neve_meta_disable_title":"","jetpack_post_was_ever_published":false,"_jetpack_newsletter_access":"","_jetpack_dont_email_post_to_subs":false,"_jetpack_newsletter_tier_id":0,"_jetpack_memberships_contains_paywalled_content":false,"_jetpack_memberships_contains_paid_content":false,"footnotes":"","jetpack_publicize_message":"","jetpack_publicize_feature_enabled":true,"jetpack_social_post_already_shared":true,"jetpack_social_options":{"image_generator_settings":{"template":"highway","default_image_id":0,"font":"","enabled":false},"version":2}},"categories":[152],"tags":[],"class_list":["post-20236","post","type-post","status-publish","format-standard","has-post-thumbnail","hentry","category-agenda-cultura"],"jetpack_publicize_connections":[],"jetpack_featured_media_url":"https:\/\/revistacultura.ro\/agenda\/wp-content\/uploads\/2019\/10\/Afis-Concert-Regal-2019.jpg","jetpack_sharing_enabled":true,"jetpack-related-posts":[{"id":20252,"url":"https:\/\/revistacultura.ro\/agenda\/2019\/10\/concertul-regal-caritabil-pentru-sustinerea-burselor-tinere-talente\/","url_meta":{"origin":20236,"position":0},"title":"Concertul Regal Caritabil pentru sus\u021binerea burselor Tinere Talente","author":"Cultura","date":"29 octombrie 2019","format":false,"excerpt":"Vineri, 25 octombrie 2019, Funda\u021bia Regal\u0103 Margareta a Rom\u00e2niei\u00a0a organizat un nou eveniment caritabil de succes \u2013 Concertul Regal la Ateneul Rom\u00e2n, aflat la cea de-a dou\u0103sprezecea edi\u021bie. Protagoni\u0219tii evenimentului, soprana Cellia Costea, tenorul Teodor Ilinc\u0103i \u0219i Orchestra Rom\u00e2n\u0103 de Tineret, dirijat\u0103 de Gabriel Bebe\u0219elea, au adus magia pe scen\u0103,\u2026","rel":"","context":"\u00cen \u201ecomunicate\u201d","block_context":{"text":"comunicate","link":"https:\/\/revistacultura.ro\/agenda\/category\/comunicate\/"},"img":{"alt_text":"","src":"https:\/\/i0.wp.com\/revistacultura.ro\/agenda\/wp-content\/uploads\/2019\/10\/concert-regal-la-ateneu.jpg?resize=350%2C200&ssl=1","width":350,"height":200,"srcset":"https:\/\/i0.wp.com\/revistacultura.ro\/agenda\/wp-content\/uploads\/2019\/10\/concert-regal-la-ateneu.jpg?resize=350%2C200&ssl=1 1x, https:\/\/i0.wp.com\/revistacultura.ro\/agenda\/wp-content\/uploads\/2019\/10\/concert-regal-la-ateneu.jpg?resize=525%2C300&ssl=1 1.5x, https:\/\/i0.wp.com\/revistacultura.ro\/agenda\/wp-content\/uploads\/2019\/10\/concert-regal-la-ateneu.jpg?resize=700%2C400&ssl=1 2x"},"classes":[]},{"id":21055,"url":"https:\/\/revistacultura.ro\/agenda\/2023\/10\/saptamana-viitoare-concertul-regal-caritabil-pe-scena-ateneului-roman\/","url_meta":{"origin":20236,"position":1},"title":"S\u0103pt\u0103m\u00e2na viitoare: Concertul Regal caritabil pe scena Ateneului Rom\u00e2n","author":"Cultura","date":"17 octombrie 2023","format":false,"excerpt":"Concert Regal caritabil pe scena Ateneului Rom\u00e2n, pe 25 octombrie, \u00een sprijinul tinerilor talenta\u021bi ai Rom\u00e2niei 16 octombrie 2023 - Muzicieni de excep\u021bie vor c\u00e2nta pe 25 octombrie, la Ateneul Rom\u00e2n, pentru a sprijini noua genera\u021bie de tineri talenta\u021bi ai Rom\u00e2niei. Concertul Regal Caritabil, organizat de Funda\u021bia Regal\u0103 Margareta a\u2026","rel":"","context":"\u00cen \u201eSemnal\u201d","block_context":{"text":"Semnal","link":"https:\/\/revistacultura.ro\/agenda\/category\/semnal\/"},"img":{"alt_text":"","src":"https:\/\/i0.wp.com\/revistacultura.ro\/agenda\/wp-content\/uploads\/2023\/09\/Vizual-A4-Concert-Regal-2023_RO.webp?resize=350%2C200&ssl=1","width":350,"height":200,"srcset":"https:\/\/i0.wp.com\/revistacultura.ro\/agenda\/wp-content\/uploads\/2023\/09\/Vizual-A4-Concert-Regal-2023_RO.webp?resize=350%2C200&ssl=1 1x, https:\/\/i0.wp.com\/revistacultura.ro\/agenda\/wp-content\/uploads\/2023\/09\/Vizual-A4-Concert-Regal-2023_RO.webp?resize=525%2C300&ssl=1 1.5x, https:\/\/i0.wp.com\/revistacultura.ro\/agenda\/wp-content\/uploads\/2023\/09\/Vizual-A4-Concert-Regal-2023_RO.webp?resize=700%2C400&ssl=1 2x"},"classes":[]},{"id":21026,"url":"https:\/\/revistacultura.ro\/agenda\/2023\/09\/concertul-regal-caritabil-din-25-octombrie\/","url_meta":{"origin":20236,"position":2},"title":"Concertul Regal caritabil din 25 octombrie","author":"Cultura","date":"12 septembrie 2023","format":false,"excerpt":"Concertul Regal organizat de Funda\u021bia Regal\u0103 Margareta a Rom\u00e2niei, unul dintre cele mai longevive \u0219i de succes eveniment de str\u00e2ngere de fonduri din Rom\u00e2nia, revine la Ateneul Rom\u00e2n, pe 25 octombrie, cu edi\u021bia a 14-a. \u00a0 Aceast\u0103 impresionant\u0103 sear\u0103 muzical\u0103 cu scop caritabil reune\u0219te muzicieni rom\u00e2ni de excep\u021bie, \u00een sus\u021binerea\u2026","rel":"","context":"\u00cen \u201eProiecte sus\u021binute de revista CULTURA\u201d","block_context":{"text":"Proiecte sus\u021binute de revista CULTURA","link":"https:\/\/revistacultura.ro\/agenda\/category\/parteneriate\/"},"img":{"alt_text":"","src":"https:\/\/i0.wp.com\/revistacultura.ro\/agenda\/wp-content\/uploads\/2023\/09\/Vizual-A4-Concert-Regal-2023_RO.webp?resize=350%2C200&ssl=1","width":350,"height":200,"srcset":"https:\/\/i0.wp.com\/revistacultura.ro\/agenda\/wp-content\/uploads\/2023\/09\/Vizual-A4-Concert-Regal-2023_RO.webp?resize=350%2C200&ssl=1 1x, https:\/\/i0.wp.com\/revistacultura.ro\/agenda\/wp-content\/uploads\/2023\/09\/Vizual-A4-Concert-Regal-2023_RO.webp?resize=525%2C300&ssl=1 1.5x, https:\/\/i0.wp.com\/revistacultura.ro\/agenda\/wp-content\/uploads\/2023\/09\/Vizual-A4-Concert-Regal-2023_RO.webp?resize=700%2C400&ssl=1 2x"},"classes":[]},{"id":21308,"url":"https:\/\/revistacultura.ro\/agenda\/2025\/08\/evenimentele-toamnei-la-fundatia-regala\/","url_meta":{"origin":20236,"position":3},"title":"Evenimentele toamnei la Funda\u021bia Regal\u0103","author":"Cultura","date":"8 august 2025","format":false,"excerpt":"Funda\u021bia Regal\u0103 Margareta a Rom\u00e2niei preg\u0103te\u0219te o toamn\u0103 bogat\u0103 \u00een evenimente, continu\u00e2nd activitatea sa dedicat\u0103 at\u00e2t promov\u0103rii culturii, c\u00e2t \u0219i sprijinirii comunit\u0103\u021bii. Se anun\u021b\u0103 un sezon plin, cu dou\u0103 ini\u021biative majore care vizeaz\u0103 domenii cheie pentru funda\u021bie. Unul dintre evenimentele emblematice ale toamnei este Concertul Regal Caritabil, ajuns la cea\u2026","rel":"","context":"\u00cen \u201eProiecte sus\u021binute de revista CULTURA\u201d","block_context":{"text":"Proiecte sus\u021binute de revista CULTURA","link":"https:\/\/revistacultura.ro\/agenda\/category\/parteneriate\/"},"img":{"alt_text":"","src":"https:\/\/i0.wp.com\/revistacultura.ro\/agenda\/wp-content\/uploads\/2025\/08\/concert-regal-2025.webp?resize=350%2C200&ssl=1","width":350,"height":200,"srcset":"https:\/\/i0.wp.com\/revistacultura.ro\/agenda\/wp-content\/uploads\/2025\/08\/concert-regal-2025.webp?resize=350%2C200&ssl=1 1x, https:\/\/i0.wp.com\/revistacultura.ro\/agenda\/wp-content\/uploads\/2025\/08\/concert-regal-2025.webp?resize=525%2C300&ssl=1 1.5x, https:\/\/i0.wp.com\/revistacultura.ro\/agenda\/wp-content\/uploads\/2025\/08\/concert-regal-2025.webp?resize=700%2C400&ssl=1 2x"},"classes":[]},{"id":20910,"url":"https:\/\/revistacultura.ro\/agenda\/2022\/10\/regal-muzical-la-ateneul-roman-in-sprijinultinerilor-talentati-ai-romaniei\/","url_meta":{"origin":20236,"position":4},"title":"Regal muzical la Ateneul Rom\u00e2n, \u00een sprijinultinerilor talenta\u021bi ai Rom\u00e2niei","author":"Cultura","date":"26 octombrie 2022","format":false,"excerpt":"Un public de 800 de persoane \u0219i personalit\u0103\u021bi culturale au participat la Concertul Regal caritabil Fonduri de 160.000 de euro au fost ob\u021binute din sponsoriz\u0103ri \u0219i bilete pentru bursele Tinere Talente O nou\u0103 selec\u021bie na\u021bional\u0103 a bursierilor pentru anul 2023 va fi lansat\u0103 luna viitoare 26 octombrie 2022 Fonduri de\u2026","rel":"","context":"\u00cen \u201eProiecte sus\u021binute de revista CULTURA\u201d","block_context":{"text":"Proiecte sus\u021binute de revista CULTURA","link":"https:\/\/revistacultura.ro\/agenda\/category\/parteneriate\/"},"img":{"alt_text":"","src":"https:\/\/i0.wp.com\/revistacultura.ro\/agenda\/wp-content\/uploads\/2022\/11\/Ateneul-Roman-Concertul-Regal-Caritabil_2022.jpg?resize=350%2C200&ssl=1","width":350,"height":200,"srcset":"https:\/\/i0.wp.com\/revistacultura.ro\/agenda\/wp-content\/uploads\/2022\/11\/Ateneul-Roman-Concertul-Regal-Caritabil_2022.jpg?resize=350%2C200&ssl=1 1x, https:\/\/i0.wp.com\/revistacultura.ro\/agenda\/wp-content\/uploads\/2022\/11\/Ateneul-Roman-Concertul-Regal-Caritabil_2022.jpg?resize=525%2C300&ssl=1 1.5x, https:\/\/i0.wp.com\/revistacultura.ro\/agenda\/wp-content\/uploads\/2022\/11\/Ateneul-Roman-Concertul-Regal-Caritabil_2022.jpg?resize=700%2C400&ssl=1 2x"},"classes":[]},{"id":20721,"url":"https:\/\/revistacultura.ro\/agenda\/2020\/10\/campania-romania-are-nevoie-de-arta\/","url_meta":{"origin":20236,"position":5},"title":"Campania \u201eRom\u00e2nia are nevoie de art\u0103\u201d","author":"Cultura","date":"23 octombrie 2020","format":false,"excerpt":"Pe 25 octombrie, \u00een ziua tradi\u021bionalului Concert Regal caritabil, personalit\u0103\u021bi de elit\u0103 din lumea artei \u0219i a muzicii clasice particip\u0103 \u00een campania Rom\u00e2nia are nevoie de art\u0103 dedicat\u0103 str\u00e2ngerii de fonduri pentru burse oferite tinerilor arti\u0219ti rom\u00e2ni. Pe 25 octombrie 2020, personalit\u0103\u021bi de renume din lumea din artei \u0219i a\u2026","rel":"","context":"\u00cen \u201ecomunicate\u201d","block_context":{"text":"comunicate","link":"https:\/\/revistacultura.ro\/agenda\/category\/comunicate\/"},"img":{"alt_text":"","src":"https:\/\/i0.wp.com\/revistacultura.ro\/agenda\/wp-content\/uploads\/2020\/10\/Ad-patrat-fundatia-regaal.jpg?resize=350%2C200&ssl=1","width":350,"height":200},"classes":[]}],"_links":{"self":[{"href":"https:\/\/revistacultura.ro\/agenda\/wp-json\/wp\/v2\/posts\/20236","targetHints":{"allow":["GET"]}}],"collection":[{"href":"https:\/\/revistacultura.ro\/agenda\/wp-json\/wp\/v2\/posts"}],"about":[{"href":"https:\/\/revistacultura.ro\/agenda\/wp-json\/wp\/v2\/types\/post"}],"author":[{"embeddable":true,"href":"https:\/\/revistacultura.ro\/agenda\/wp-json\/wp\/v2\/users\/1"}],"replies":[{"embeddable":true,"href":"https:\/\/revistacultura.ro\/agenda\/wp-json\/wp\/v2\/comments?post=20236"}],"version-history":[{"count":3,"href":"https:\/\/revistacultura.ro\/agenda\/wp-json\/wp\/v2\/posts\/20236\/revisions"}],"predecessor-version":[{"id":20258,"href":"https:\/\/revistacultura.ro\/agenda\/wp-json\/wp\/v2\/posts\/20236\/revisions\/20258"}],"wp:featuredmedia":[{"embeddable":true,"href":"https:\/\/revistacultura.ro\/agenda\/wp-json\/wp\/v2\/media\/20237"}],"wp:attachment":[{"href":"https:\/\/revistacultura.ro\/agenda\/wp-json\/wp\/v2\/media?parent=20236"}],"wp:term":[{"taxonomy":"category","embeddable":true,"href":"https:\/\/revistacultura.ro\/agenda\/wp-json\/wp\/v2\/categories?post=20236"},{"taxonomy":"post_tag","embeddable":true,"href":"https:\/\/revistacultura.ro\/agenda\/wp-json\/wp\/v2\/tags?post=20236"}],"curies":[{"name":"wp","href":"https:\/\/api.w.org\/{rel}","templated":true}]}}