{"id":20233,"date":"2019-10-23T17:20:28","date_gmt":"2019-10-23T14:20:28","guid":{"rendered":"http:\/\/revistacultura.ro\/agenda\/?p=20233"},"modified":"2019-10-23T17:20:28","modified_gmt":"2019-10-23T14:20:28","slug":"cristina-rusiecki-va-invita-la-conferinta-cu-tema-din-tara-coruptiei-spre-ce-in-ce-mai-crede-artistul-de-teatru-de-azi","status":"publish","type":"post","link":"https:\/\/revistacultura.ro\/agenda\/2019\/10\/cristina-rusiecki-va-invita-la-conferinta-cu-tema-din-tara-coruptiei-spre-ce-in-ce-mai-crede-artistul-de-teatru-de-azi\/","title":{"rendered":"Cristina Rusiecki v\u0103 invit\u0103 la conferin\u021ba cu tema &#8222;Din \u021bara corup\u021biei&#8230; spre ce? \u00cen ce (mai) crede artistul de teatru de azi&#8221;"},"content":{"rendered":"<p><iframe loading=\"lazy\" style=\"border: none; overflow: hidden;\" src=\"https:\/\/www.facebook.com\/plugins\/video.php?href=https%3A%2F%2Fwww.facebook.com%2Frusieckic%2Fvideos%2F10157175673884300%2F&amp;show_text=1&amp;width=560\" width=\"560\" height=\"502\" frameborder=\"0\" scrolling=\"no\" allowfullscreen=\"allowfullscreen\"><\/iframe><\/p>\n","protected":false},"excerpt":{"rendered":"","protected":false},"author":1,"featured_media":20234,"comment_status":"open","ping_status":"open","sticky":false,"template":"","format":"standard","meta":{"neve_meta_sidebar":"","neve_meta_container":"","neve_meta_enable_content_width":"","neve_meta_content_width":0,"neve_meta_title_alignment":"","neve_meta_author_avatar":"","neve_post_elements_order":"","neve_meta_disable_header":"","neve_meta_disable_footer":"","neve_meta_disable_title":"","jetpack_post_was_ever_published":false,"_jetpack_newsletter_access":"","_jetpack_dont_email_post_to_subs":false,"_jetpack_newsletter_tier_id":0,"_jetpack_memberships_contains_paywalled_content":false,"_jetpack_memberships_contains_paid_content":false,"footnotes":"","jetpack_publicize_message":"","jetpack_publicize_feature_enabled":true,"jetpack_social_post_already_shared":true,"jetpack_social_options":{"image_generator_settings":{"template":"highway","default_image_id":0,"font":"","enabled":false},"version":2}},"categories":[152],"tags":[],"class_list":["post-20233","post","type-post","status-publish","format-standard","has-post-thumbnail","hentry","category-agenda-cultura"],"jetpack_publicize_connections":[],"jetpack_featured_media_url":"https:\/\/revistacultura.ro\/agenda\/wp-content\/uploads\/2019\/10\/conf-cristina-rusiecki.jpg","jetpack_sharing_enabled":true,"jetpack-related-posts":[{"id":20022,"url":"https:\/\/revistacultura.ro\/agenda\/2019\/04\/teatrul-si-al-treilea-gen-un-dialog-intre-cristina-rusiecki-si-echipa-medeas-boys\/","url_meta":{"origin":20233,"position":0},"title":"Teatrul \u0219i al treilea gen. Un dialog \u00eentre Cristina Rusiecki \u0219i echipa \u201eMedea&#8217;s Boys\u201d","author":"Cultura","date":"9 aprilie 2019","format":false,"excerpt":"Conferin\u021ba \u201eTeatrul \u0219i al treilea gen\u201d, sus\u021binut\u0103 de criticul de teatru Cristina Rusiecki, regizorul Andrei M\u0103jeri \u0219i echipa spectacolului \u201eMedea's Boys\u201d, joi 11 aprilie, ora 18.30, la Muzeul Bucure\u0219ti, Palatul Su\u021bu \u00cen 2013, Forumul Interna\u021bional Intersex conchide c\u0103 oamenii ar trebui s\u0103 aib\u0103 dreptul de a\u00a0alege \u00eentre sexul feminin, masculin,\u2026","rel":"","context":"\u00cen \u201eAgenda culturala\u201d","block_context":{"text":"Agenda culturala","link":"https:\/\/revistacultura.ro\/agenda\/category\/agenda-cultura\/"},"img":{"alt_text":"","src":"https:\/\/i0.wp.com\/revistacultura.ro\/agenda\/wp-content\/uploads\/2019\/04\/Foto-conferinta-Medea.jpg?resize=350%2C200&ssl=1","width":350,"height":200,"srcset":"https:\/\/i0.wp.com\/revistacultura.ro\/agenda\/wp-content\/uploads\/2019\/04\/Foto-conferinta-Medea.jpg?resize=350%2C200&ssl=1 1x, https:\/\/i0.wp.com\/revistacultura.ro\/agenda\/wp-content\/uploads\/2019\/04\/Foto-conferinta-Medea.jpg?resize=525%2C300&ssl=1 1.5x, https:\/\/i0.wp.com\/revistacultura.ro\/agenda\/wp-content\/uploads\/2019\/04\/Foto-conferinta-Medea.jpg?resize=700%2C400&ssl=1 2x"},"classes":[]},{"id":20281,"url":"https:\/\/revistacultura.ro\/agenda\/2019\/11\/30-de-ani-de-teatru-romanesc-intr-un-volum-in-limba-engleza-semnat-de-cristina-modreanu\/","url_meta":{"origin":20233,"position":1},"title":"30 de ani de teatru rom\u00e2nesc \u00eentr-un volum \u00een limba englez\u0103 semnat de Cristina Modreanu","author":"Cultura","date":"6 noiembrie 2019","format":false,"excerpt":"A History of Romanian Theatre from Communism to Capitalism. Children of a Restless Time (\u201eO istorie a teatrului rom\u00e2nesc din comunism c\u0103tre capitalism. Copiii unui timp nelini\u0219tit\u201d), de Cristina Modreanu, este primul volum de sintez\u0103 \u00een limba englez\u0103 dedicat integral teatrului din Rom\u00e2nia \u0219i a ap\u0103rut la editura britanic\u0103 Routledge.\u2026","rel":"","context":"\u00cen \u201eAparitii editoriale\u201d","block_context":{"text":"Aparitii editoriale","link":"https:\/\/revistacultura.ro\/agenda\/category\/aparitii-editoriale\/"},"img":{"alt_text":"","src":"https:\/\/i0.wp.com\/revistacultura.ro\/agenda\/wp-content\/uploads\/2019\/11\/C.-Modreanu-A-History-of-Romanian-Theatre-from-Comunism-to-Capitalism-.jpg?resize=350%2C200&ssl=1","width":350,"height":200,"srcset":"https:\/\/i0.wp.com\/revistacultura.ro\/agenda\/wp-content\/uploads\/2019\/11\/C.-Modreanu-A-History-of-Romanian-Theatre-from-Comunism-to-Capitalism-.jpg?resize=350%2C200&ssl=1 1x, https:\/\/i0.wp.com\/revistacultura.ro\/agenda\/wp-content\/uploads\/2019\/11\/C.-Modreanu-A-History-of-Romanian-Theatre-from-Comunism-to-Capitalism-.jpg?resize=525%2C300&ssl=1 1.5x, https:\/\/i0.wp.com\/revistacultura.ro\/agenda\/wp-content\/uploads\/2019\/11\/C.-Modreanu-A-History-of-Romanian-Theatre-from-Comunism-to-Capitalism-.jpg?resize=700%2C400&ssl=1 2x"},"classes":[]},{"id":19197,"url":"https:\/\/revistacultura.ro\/agenda\/2014\/06\/iasi-capitala-teatrului-independent-si-a-artelor-performative-din-romania\/","url_meta":{"origin":20233,"position":2},"title":"Ia\u015fi, capitala teatrului independent \u015fi a artelor performative din Rom\u00e2nia","author":"Revista","date":"26 iunie 2014","format":false,"excerpt":"Festivalul PERFORM Ia\u015fi sus\u0163ine \u015fi promoveaz\u0103 mi\u015fc\u0103rile artistice independente, de la \u201emai teatru\u201c la \u201emai pu\u0163in teatru\u201c. Peste o sut\u0103 de invita\u0163i, spectacole de teatru, performance-uri, conferin\u0163e, lans\u0103ri de carte se vor reuni la Ia\u015fi \u00een s\u0103pt\u0103m\u00e2na 22-29 iunie 2014. \u00cen perioada 22-29 iunie, Festivalul de Teatru Independent \u015fi Art\u0103\u2026","rel":"","context":"\u00cen \u201eAgenda culturala\u201d","block_context":{"text":"Agenda culturala","link":"https:\/\/revistacultura.ro\/agenda\/category\/agenda-cultura\/"},"img":{"alt_text":"","src":"https:\/\/i0.wp.com\/revistacultura.ro\/agenda\/wp-content\/uploads\/2014\/06\/perform.jpg?resize=350%2C200&ssl=1","width":350,"height":200},"classes":[]},{"id":21720,"url":"https:\/\/revistacultura.ro\/agenda\/2026\/03\/conferinta-dramaturgia-contemporana-greceasca\/","url_meta":{"origin":20233,"position":3},"title":"Conferin\u021b\u0103: dramaturgia contemporan\u0103 greceasc\u0103","author":"Cultura","date":"5 martie 2026","format":false,"excerpt":"vineri, 6 martie, la C\u0103rture\u0219ti Verona, ora 19:00 Vineri, \ud835\udff2 \ud835\uddfa\ud835\uddee\ud835\uddff\ud835\ude01\ud835\uddf6\ud835\uddf2, \ud835\uddfc\ud835\uddff\ud835\uddee \ud835\udfed\ud835\udff5:\ud835\udfec\ud835\udfec, la Libr\u0103ria C\u0103rture\u0219ti Verona, \ud835\uddd9\ud835\ude02\ud835\uddfb\ud835\uddf1\ud835\uddee\ud835\ude01\u0317\ud835\uddf6\ud835\uddee \ud835\uddd6\ud835\ude02\ud835\uddf9\ud835\ude01\ud835\ude02\ud835\uddff\ud835\uddee\ud835\uddf9\ud835\uddee\u0306 \u201e\ud835\uddd6\ud835\uddee\ud835\uddfa\ud835\uddf6\ud835\uddf9 \ud835\udde3\ud835\uddf2\ud835\ude01\ud835\uddff\ud835\uddf2\ud835\ude00\ud835\uddf0\ud835\ude02\u201d \u0219i \ud835\uddd4\ud835\udde5\ud835\udde7\ud835\udddf\ud835\udddc\ud835\udde7 (Asocia\u021bia Rom\u00e2n\u0103 a Traduc\u0103torilor Literari) organizeaz\u0103 dezbaterea \u201e\ud835\uddd7\ud835\uddf2 \ud835\uddf9\ud835\uddee \ud835\uddfd\ud835\uddee\ud835\uddf4\ud835\uddf6\ud835\uddfb\ud835\uddee\u0306 \ud835\uddf9\ud835\uddee \ud835\ude00\ud835\uddf0\ud835\uddf2\ud835\uddfb\ud835\uddee\u0306\u201d, dedicat\u0103 traducerii literaturii dramatice \u0219i mont\u0103rii acesteia pe scenele din Rom\u00e2nia. De ce am dezbate\u2026","rel":"","context":"\u00cen \u201eAgenda culturala\u201d","block_context":{"text":"Agenda culturala","link":"https:\/\/revistacultura.ro\/agenda\/category\/agenda-cultura\/"},"img":{"alt_text":"","src":"https:\/\/i0.wp.com\/revistacultura.ro\/agenda\/wp-content\/uploads\/2026\/03\/dramatic_grec.webp?resize=350%2C200&ssl=1","width":350,"height":200,"srcset":"https:\/\/i0.wp.com\/revistacultura.ro\/agenda\/wp-content\/uploads\/2026\/03\/dramatic_grec.webp?resize=350%2C200&ssl=1 1x, https:\/\/i0.wp.com\/revistacultura.ro\/agenda\/wp-content\/uploads\/2026\/03\/dramatic_grec.webp?resize=525%2C300&ssl=1 1.5x, https:\/\/i0.wp.com\/revistacultura.ro\/agenda\/wp-content\/uploads\/2026\/03\/dramatic_grec.webp?resize=700%2C400&ssl=1 2x"},"classes":[]},{"id":20916,"url":"https:\/\/revistacultura.ro\/agenda\/2022\/11\/vernisaj-nod-in-cinci-in-cadrul-fnt-2022\/","url_meta":{"origin":20233,"position":4},"title":"Vernisaj \u201eNod \u00een cinci\u201d \u00een cadrul FNT 2022","author":"Cultura","date":"2 noiembrie 2022","format":false,"excerpt":"Expozi\u021bia \u201eNod \u00een cinci\u201d, curatoriat\u0103 de Cristina Rusiecki \u00een completarea proiectului editorial \u201eNod \u00een cinci. C\u00e2teva abord\u0103ri \u00een teatru\u201d va fi vernisat\u0103 miercuri, 9 noiembrie, la ARCUB, sala Coloane. Evenimentul face parte din calendarul Festivalului Na\u021bional de Teatru, edi\u021bia XXXII, 2022. De asemenea, volumul \u201eNod \u00een cinci\u201d va fi lansat\u2026","rel":"","context":"\u00cen \u201eProiecte sus\u021binute de revista CULTURA\u201d","block_context":{"text":"Proiecte sus\u021binute de revista CULTURA","link":"https:\/\/revistacultura.ro\/agenda\/category\/parteneriate\/"},"img":{"alt_text":"","src":"https:\/\/i0.wp.com\/revistacultura.ro\/agenda\/wp-content\/uploads\/2022\/11\/vernisaj.webp?resize=350%2C200&ssl=1","width":350,"height":200,"srcset":"https:\/\/i0.wp.com\/revistacultura.ro\/agenda\/wp-content\/uploads\/2022\/11\/vernisaj.webp?resize=350%2C200&ssl=1 1x, https:\/\/i0.wp.com\/revistacultura.ro\/agenda\/wp-content\/uploads\/2022\/11\/vernisaj.webp?resize=525%2C300&ssl=1 1.5x, https:\/\/i0.wp.com\/revistacultura.ro\/agenda\/wp-content\/uploads\/2022\/11\/vernisaj.webp?resize=700%2C400&ssl=1 2x"},"classes":[]},{"id":19527,"url":"https:\/\/revistacultura.ro\/agenda\/2014\/11\/fnti-editia-a-doua\/","url_meta":{"origin":20233,"position":5},"title":"FNTI, edi\u0163ia a doua","author":"Revista","date":"13 noiembrie 2014","format":false,"excerpt":"\u00a0 \u00a0 \u00centre 3 \u015fi 9 noiembrie 2014, Bucure\u015ftiul devine scena principal\u0103 a teatrului independent rom\u00e2nesc. Timp de o s\u0103pt\u0103m\u00e2n\u0103, edi\u0163ia a doua a Festivalului Na\u0163ional de Teatru Independent va prezenta cele mai bune produc\u0163ii independente din \u0163ar\u0103, workshop-uri inedite \u015fi conferin\u0163e. Publicul interesat de teatrul independent, de cele mai\u2026","rel":"","context":"\u00cen \u201eAgenda culturala\u201d","block_context":{"text":"Agenda culturala","link":"https:\/\/revistacultura.ro\/agenda\/category\/agenda-cultura\/"},"img":{"alt_text":"","src":"","width":0,"height":0},"classes":[]}],"_links":{"self":[{"href":"https:\/\/revistacultura.ro\/agenda\/wp-json\/wp\/v2\/posts\/20233","targetHints":{"allow":["GET"]}}],"collection":[{"href":"https:\/\/revistacultura.ro\/agenda\/wp-json\/wp\/v2\/posts"}],"about":[{"href":"https:\/\/revistacultura.ro\/agenda\/wp-json\/wp\/v2\/types\/post"}],"author":[{"embeddable":true,"href":"https:\/\/revistacultura.ro\/agenda\/wp-json\/wp\/v2\/users\/1"}],"replies":[{"embeddable":true,"href":"https:\/\/revistacultura.ro\/agenda\/wp-json\/wp\/v2\/comments?post=20233"}],"version-history":[{"count":1,"href":"https:\/\/revistacultura.ro\/agenda\/wp-json\/wp\/v2\/posts\/20233\/revisions"}],"predecessor-version":[{"id":20235,"href":"https:\/\/revistacultura.ro\/agenda\/wp-json\/wp\/v2\/posts\/20233\/revisions\/20235"}],"wp:featuredmedia":[{"embeddable":true,"href":"https:\/\/revistacultura.ro\/agenda\/wp-json\/wp\/v2\/media\/20234"}],"wp:attachment":[{"href":"https:\/\/revistacultura.ro\/agenda\/wp-json\/wp\/v2\/media?parent=20233"}],"wp:term":[{"taxonomy":"category","embeddable":true,"href":"https:\/\/revistacultura.ro\/agenda\/wp-json\/wp\/v2\/categories?post=20233"},{"taxonomy":"post_tag","embeddable":true,"href":"https:\/\/revistacultura.ro\/agenda\/wp-json\/wp\/v2\/tags?post=20233"}],"curies":[{"name":"wp","href":"https:\/\/api.w.org\/{rel}","templated":true}]}}