{"id":20228,"date":"2019-10-21T12:56:15","date_gmt":"2019-10-21T09:56:15","guid":{"rendered":"http:\/\/revistacultura.ro\/agenda\/?p=20228"},"modified":"2019-10-21T12:56:15","modified_gmt":"2019-10-21T09:56:15","slug":"in-perioada-17-octombrie-3-noiembrie-2019-expozitia-arhitectura-interbelica-a-bucurestiului-si-regalitatea-va-fi-deschisa-publicului-larg-la-muzeul-national-al-taranului-r","status":"publish","type":"post","link":"https:\/\/revistacultura.ro\/agenda\/2019\/10\/in-perioada-17-octombrie-3-noiembrie-2019-expozitia-arhitectura-interbelica-a-bucurestiului-si-regalitatea-va-fi-deschisa-publicului-larg-la-muzeul-national-al-taranului-r\/","title":{"rendered":"\u00cen perioada 17 octombrie \u2013 3 noiembrie 2019, expozi\u0163ia \u201eArhitectura Interbelic\u0103 a Bucure\u015ftiului \u0219i Regalitatea\u201d va fi deschis\u0103 publicului larg la Muzeul Na\u0163ional al \u0162\u0103ranului Rom\u00e2n, Sala Irina Nicolau."},"content":{"rendered":"<p><span style=\"font-weight: 400;\">\u00a0 \u00a0 \u00a0 \u00a0 \u00a0 \u00a0 \u00a0 \u201eSub Auspiciile Familiei Regale a Rom\u00e2niei\u201d, Centrul de Excelen\u021b\u0103 \u00een Arhitectur\u0103, Arte \u0219i Audiovizual, al\u0103turi de Filiala Teritorial\u0103 Bucure\u015fti a Ordinului Arhitec\u0163ilor din Rom\u00e2nia \u0219i Uniunea Arhitec\u021bilor din Rom\u00e2nia, \u00een parteneriat cu Muzeul Na\u0163ional al \u0162\u0103ranului Rom\u00e2n, are onoarea s\u0103 v\u0103 invite la vernisajul expozi\u0163iei \u201eArhitectura Interbelic\u0103 a Bucure\u015ftiului \u0219i Regalitatea\u201d din data de 17 octombrie 2019, ora 18:00, la Muzeul Na\u0163ional al \u0162\u0103ranului Rom\u00e2n, <\/span><span style=\"font-weight: 400;\">Sala Irina Nicolau.<\/span><\/p>\n<p><span style=\"font-weight: 400;\">\u00a0 \u00a0 \u00a0 \u00a0 \u00a0 \u00a0 \u00a0 \u00a0Expozi\u021bia <\/span><b>\u201eArhitectura Interbelic\u0103 a Bucure\u015ftiului \u0219i Regalitatea\u201d,<\/b><span style=\"font-weight: 400;\"> semnat\u0103 de acad. R\u0103zvan Theodorescu \u0219i dr. arh. Luca Matei Stoian, are un con\u021binut complex \u0219i de maxim interes pentru publicul larg \u0219i cuprinde panouri de fotografie de arhitectur\u0103 modern\u0103, edificii relevante pentru arhitectura modernist\u0103 a Capitalei din perioada interbelic\u0103. Bucure\u0219tiul este considerat capitala est &#8211; european\u0103 cu cele mai numeroase monumente de arhitectur\u0103 modernist\u0103, patrimoniu realizat, \u00een mare parte, \u00een perioada interbelic\u0103.<\/span><\/p>\n<p><span style=\"font-weight: 400;\">\u00a0 \u00a0 \u00a0 \u00a0 \u00a0 \u00a0 \u00a0 \u00a0Sunt incluse \u0219i o serie de conferin\u021be si workshop-uri tematice ini\u021biate de <\/span><span style=\"font-weight: 400;\">Centrul de Excelen\u021b\u0103 \u00een Arhitectur\u0103, Arte \u0219i Audiovizual al\u0103turi de partenerii s\u0103i. \u00cen cazul acestor activit\u0103\u021bi interactive, se <\/span><span style=\"font-weight: 400;\">abordeaz\u0103 teme precum creativitatea \u00een art\u0103, design, arhitectur\u0103, literatur\u0103, teatru, dans \u0219i audiovizual menite s\u0103 \u00eencurajeze dialogul multidisciplinar, dar \u0219i s\u0103 apropie un public numeros de crea\u021biile marilor arhitec\u021bi rom\u00e2ni de patrimoniu<\/span><span style=\"font-weight: 400;\">.<\/span><\/p>\n<p><span style=\"font-weight: 400;\">\u00a0 \u00a0 \u00a0 \u00a0 \u00a0 \u00a0 \u00a0 \u00a0 \u00cen contextul actual al unui habitat \u201epoluat\u201d de produse arhitecturale f\u0103cute f\u0103r\u0103 discern\u0103m\u00e2nt (ca o consecin\u021b\u0103 a tehnologiilor \u0219i materialelor de construc\u021bii, nu ca deziderat) cultura arhitectural\u0103 este un liant semnificativ al gesturilor construite edificate responsabil. \u00cen\u0163elegerea arhitecturii moderne rom\u00e2ne\u0219ti din perioada interbelic\u0103, analiza punctual\u0103 a crea\u0163iei arhitecturale a celor mai marcante personalit\u0103\u0163i ale arhitecturii noastre reliefeaz\u0103 fenomenului arhitecturii moderne interna\u021bionale \u0219i modul de reflectare a acestuia \u00een arhitectura rom\u00e2neasc\u0103.<\/span><\/p>\n<p><span style=\"font-weight: 400;\">\u00a0 \u00a0 \u00a0 \u00a0 \u00a0 \u00a0 \u00a0 Expozi\u0163ia a fost itinerat\u0103 \u00eentre 2017 \u015fi 2019 \u00een Europa: Bruxelles \u2013 Belgia, Barcelona &#8211; Spania, Stockholm \u2013 Suedia, Londra \u2013 Marea Britanie dar \u0219i \u00een Rom\u00e2nia: la <\/span><span style=\"font-weight: 400;\">Palatul Su\u021bu &#8211; Muzeul Municipiului Bucure\u0219ti,<\/span><span style=\"font-weight: 400;\"> la Castelul Peli\u0219or &#8211; <\/span><a href=\"https:\/\/peles.ro\/\"><span style=\"font-weight: 400;\">Muzeul Na\u021bional Pele\u0219<\/span><span style=\"font-weight: 400;\"> \u0219i la Palatul Regal &#8211; Muzeul Na\u0163ional de Art\u0103.<\/span><\/a><\/p>\n<p><span style=\"font-weight: 400;\">Expozi\u021bia va putea fi vizitat\u0103 la Sala Irina Nicolau, p\u00e2n\u0103 pe <\/span><b>3 noiembrie 2019<\/b><span style=\"font-weight: 400;\">, de mar\u021bi p\u00e2n\u0103 duminic\u0103, \u00eentre orele 10.00 \u0219i 18.00.<\/span><\/p>\n<p><b>Pre\u021b bilet:<\/b><span style=\"font-weight: 400;\"> adul\u0163i &#8211; 8 lei; pensionari &#8211; 4 lei; elevi \u0219i studen\u021bi, posesori ai cardului Euro 26, \u00een v\u00e2rst\u0103 de p\u00e2n\u0103 la 30 de ani, persoanele adulte cu handicap mediu sau u\u0219or &#8211; 2 lei<\/span><\/p>\n","protected":false},"excerpt":{"rendered":"<p>\u00a0 \u00a0 \u00a0 \u00a0 \u00a0 \u00a0 \u00a0 \u201eSub Auspiciile Familiei Regale a Rom\u00e2niei\u201d, Centrul de Excelen\u021b\u0103 \u00een Arhitectur\u0103, Arte \u0219i Audiovizual, al\u0103turi de Filiala Teritorial\u0103 Bucure\u015fti a Ordinului Arhitec\u0163ilor din Rom\u00e2nia \u0219i Uniunea Arhitec\u021bilor din Rom\u00e2nia, \u00een parteneriat cu Muzeul Na\u0163ional al \u0162\u0103ranului Rom\u00e2n, are onoarea s\u0103 v\u0103 invite la vernisajul expozi\u0163iei \u201eArhitectura Interbelic\u0103 a&hellip;&nbsp;<a href=\"https:\/\/revistacultura.ro\/agenda\/2019\/10\/in-perioada-17-octombrie-3-noiembrie-2019-expozitia-arhitectura-interbelica-a-bucurestiului-si-regalitatea-va-fi-deschisa-publicului-larg-la-muzeul-national-al-taranului-r\/\" rel=\"bookmark\">Cite\u0219te mai mult &raquo;<span class=\"screen-reader-text\">\u00cen perioada 17 octombrie \u2013 3 noiembrie 2019, expozi\u0163ia \u201eArhitectura Interbelic\u0103 a Bucure\u015ftiului \u0219i Regalitatea\u201d va fi deschis\u0103 publicului larg la Muzeul Na\u0163ional al \u0162\u0103ranului Rom\u00e2n, Sala Irina Nicolau.<\/span><\/a><\/p>\n","protected":false},"author":1,"featured_media":20229,"comment_status":"open","ping_status":"open","sticky":false,"template":"","format":"standard","meta":{"neve_meta_sidebar":"","neve_meta_container":"","neve_meta_enable_content_width":"","neve_meta_content_width":0,"neve_meta_title_alignment":"","neve_meta_author_avatar":"","neve_post_elements_order":"","neve_meta_disable_header":"","neve_meta_disable_footer":"","neve_meta_disable_title":"","jetpack_post_was_ever_published":false,"_jetpack_newsletter_access":"","_jetpack_dont_email_post_to_subs":false,"_jetpack_newsletter_tier_id":0,"_jetpack_memberships_contains_paywalled_content":false,"_jetpack_memberships_contains_paid_content":false,"footnotes":"","jetpack_publicize_message":"","jetpack_publicize_feature_enabled":true,"jetpack_social_post_already_shared":true,"jetpack_social_options":{"image_generator_settings":{"template":"highway","default_image_id":0,"font":"","enabled":false},"version":2}},"categories":[885],"tags":[],"class_list":["post-20228","post","type-post","status-publish","format-standard","has-post-thumbnail","hentry","category-semnal"],"jetpack_publicize_connections":[],"jetpack_featured_media_url":"https:\/\/revistacultura.ro\/agenda\/wp-content\/uploads\/2019\/10\/Afis-MNTR-17-OCTOMBRIE-2019-Copy-1-1.jpg","jetpack_sharing_enabled":true,"jetpack-related-posts":[{"id":20074,"url":"https:\/\/revistacultura.ro\/agenda\/2019\/05\/noaptea-europeana-a-muzeelor-la-muzeul-national-al-taranului-roman\/","url_meta":{"origin":20228,"position":0},"title":"Noaptea European\u0103 a Muzeelor la Muzeul Na\u0163ional al \u0162\u0103ranului Rom\u00e2n","author":"Revista Cultura","date":"15 mai 2019","format":false,"excerpt":"\u00cen cea de-a 15-a edi\u0163ie a evenimentului cultural Noaptea European\u0103 a Muzeelor, la Muzeul Na\u0163ional al \u0162\u0103ranului Rom\u00e2n, \u00eentre orele 18 \u015fi 21 se deschid por\u0163ile expozi\u0163iilor temporare, concertelor, t\u00e2rgurilor \u015fi filmelor despre art\u0103. Intrarea este liber\u0103. Evenimentele \u00eencep s\u00e2mb\u0103t\u0103, 18 mai 2019, de la ora 18, cu o expozi\u0163ie\u2026","rel":"","context":"\u00cen \u201eAgenda culturala\u201d","block_context":{"text":"Agenda culturala","link":"https:\/\/revistacultura.ro\/agenda\/category\/agenda-cultura\/"},"img":{"alt_text":"","src":"https:\/\/i0.wp.com\/revistacultura.ro\/agenda\/wp-content\/uploads\/2019\/05\/noaptea-muzeelor-2019-MNTR.jpg?resize=350%2C200&ssl=1","width":350,"height":200,"srcset":"https:\/\/i0.wp.com\/revistacultura.ro\/agenda\/wp-content\/uploads\/2019\/05\/noaptea-muzeelor-2019-MNTR.jpg?resize=350%2C200&ssl=1 1x, https:\/\/i0.wp.com\/revistacultura.ro\/agenda\/wp-content\/uploads\/2019\/05\/noaptea-muzeelor-2019-MNTR.jpg?resize=525%2C300&ssl=1 1.5x"},"classes":[]},{"id":19662,"url":"https:\/\/revistacultura.ro\/agenda\/2015\/01\/bisericile-muzeului-taranului\/","url_meta":{"origin":20228,"position":1},"title":"Bisericile Muzeului \u0162\u0103ranului","author":"Revista","date":"21 ianuarie 2015","format":false,"excerpt":"Muzeul Na\u0163ional al \u0162\u0103ranului Rom\u00e2n \u015fi Prim\u0103ria Gura Humorului organizeaz\u0103 \u00een perioada 16 ianuarie \u2013 16 februarie 2015, la Muzeul Obiceiurilor Populare din Bucovina, expozi\u0163ia de fotografie Bisericile Muzeului \u0162\u0103ranului. Expozi\u0163ia cuprinde imagini mai pu\u0163in cunoscute ale celor \u015fase biserici din lemn care se afl\u0103 \u00een custodia Muzeul Na\u0163ional al\u2026","rel":"","context":"\u00cen \u201eAgenda culturala\u201d","block_context":{"text":"Agenda culturala","link":"https:\/\/revistacultura.ro\/agenda\/category\/agenda-cultura\/"},"img":{"alt_text":"","src":"https:\/\/i0.wp.com\/revistacultura.ro\/agenda\/wp-content\/uploads\/2015\/01\/Untitled-16.jpg?resize=350%2C200&ssl=1","width":350,"height":200},"classes":[]},{"id":21202,"url":"https:\/\/revistacultura.ro\/agenda\/2025\/02\/silviu-purcarete-50-de-ani-de-teatru-la-mtr\/","url_meta":{"origin":20228,"position":2},"title":"\u201eSilviu Purc\u0103rete &#8211; 50 de ani de teatru\u201d la M\u021aR","author":"Cultura","date":"11 februarie 2025","format":false,"excerpt":"SILVIU PURC\u0102RETE \u2013 50 DE ANI DE TEATRU Expozi\u021bie de fotografie 5-31 martie 2025, Sala Irina Nicolau Muzeul Na\u021bional al \u021a\u0103ranului Rom\u00e2n Muzeul Na\u021bional al \u021a\u0103ranului Rom\u00e2n v\u0103 a\u0219teapt\u0103 miercuri, 5 martie 2025, de la ora 18.00, la Sala Irina Nicolau, la vernisajul expozi\u021biei de fotografie Silviu Purc\u0103rete - 50\u2026","rel":"","context":"\u00cen \u201ecomunicate\u201d","block_context":{"text":"comunicate","link":"https:\/\/revistacultura.ro\/agenda\/category\/comunicate\/"},"img":{"alt_text":"","src":"https:\/\/i0.wp.com\/revistacultura.ro\/agenda\/wp-content\/uploads\/2025\/02\/Afis-expo-MTR.webp?resize=350%2C200&ssl=1","width":350,"height":200,"srcset":"https:\/\/i0.wp.com\/revistacultura.ro\/agenda\/wp-content\/uploads\/2025\/02\/Afis-expo-MTR.webp?resize=350%2C200&ssl=1 1x, https:\/\/i0.wp.com\/revistacultura.ro\/agenda\/wp-content\/uploads\/2025\/02\/Afis-expo-MTR.webp?resize=525%2C300&ssl=1 1.5x, https:\/\/i0.wp.com\/revistacultura.ro\/agenda\/wp-content\/uploads\/2025\/02\/Afis-expo-MTR.webp?resize=700%2C400&ssl=1 2x"},"classes":[]},{"id":21051,"url":"https:\/\/revistacultura.ro\/agenda\/2023\/10\/jeudi-de-la-francophonie-invitatul-saptamanii-arhitectul-dan-lacatus\/","url_meta":{"origin":20228,"position":3},"title":"Jeudi de la Francophonie &#8211; invitatul s\u0103pt\u0103m\u00e2nii: arhitectul Dan L\u0103c\u0103tu\u0219","author":"Cultura","date":"12 octombrie 2023","format":false,"excerpt":"joi, 12 octombrie 2023, de la ora 18.30, Palatul Su\u021bu, Muzeul Municipiului Bucure\u0219ti Recent lansate, conferin\u021bele Jeudi de la Francophonie, desf\u0103\u0219urate \u00een limba francez\u0103, propun ast\u0103zi o \u00eent\u00e2lnire cu arhitectul Dan L\u0103c\u0103tu\u0219. Tema edi\u021biei este discursul arhitectural, de la arhitectura educativ\u0103 la arhitectura identitar\u0103. C\u2019est avec un grand plaisir que\u2026","rel":"","context":"\u00cen \u201ecomunicate\u201d","block_context":{"text":"comunicate","link":"https:\/\/revistacultura.ro\/agenda\/category\/comunicate\/"},"img":{"alt_text":"","src":"https:\/\/i0.wp.com\/revistacultura.ro\/agenda\/wp-content\/uploads\/2023\/10\/Jeudis-de-la-Francophonie-octobre-2023.webp?resize=350%2C200&ssl=1","width":350,"height":200,"srcset":"https:\/\/i0.wp.com\/revistacultura.ro\/agenda\/wp-content\/uploads\/2023\/10\/Jeudis-de-la-Francophonie-octobre-2023.webp?resize=350%2C200&ssl=1 1x, https:\/\/i0.wp.com\/revistacultura.ro\/agenda\/wp-content\/uploads\/2023\/10\/Jeudis-de-la-Francophonie-octobre-2023.webp?resize=525%2C300&ssl=1 1.5x, https:\/\/i0.wp.com\/revistacultura.ro\/agenda\/wp-content\/uploads\/2023\/10\/Jeudis-de-la-Francophonie-octobre-2023.webp?resize=700%2C400&ssl=1 2x"},"classes":[]},{"id":19734,"url":"https:\/\/revistacultura.ro\/agenda\/2015\/02\/bienala-nationala-de-arhitectura\/","url_meta":{"origin":20228,"position":4},"title":"Bienala Na\u0163ional\u0103  de Arhitectur\u0103","author":"Revista","date":"21 februarie 2015","format":false,"excerpt":"\u00a0 \u00cen aceste zile se desf\u0103\u015foar\u0103 Bienala Na\u0163ional\u0103 de Arhitectur\u0103 organizat\u0103 de Muzeul de Art\u0103 Cluj-Napoca \u00een colaborare cu Uniunea Arhitec\u0163ilor din Rom\u00e2nia, filiala Cluj. \u201eReunite sub tema Dilemele \u015fi provoc\u0103rile spa\u0163iului arhitectural (Rom\u00e2nia 2013-2014), cele aproape 200 de proiecte selectate pentru a participa la bienal\u0103 \u015fi \u00een cadrul expozi\u0163iei\u2026","rel":"","context":"\u00cen \u201eRecomand\u0103ri\u201d","block_context":{"text":"Recomand\u0103ri","link":"https:\/\/revistacultura.ro\/agenda\/category\/recomandarile-cultura\/"},"img":{"alt_text":"","src":"https:\/\/i0.wp.com\/revistacultura.ro\/agenda\/wp-content\/uploads\/2015\/02\/Untitled-119.jpg?resize=350%2C200&ssl=1","width":350,"height":200},"classes":[]},{"id":20117,"url":"https:\/\/revistacultura.ro\/agenda\/2019\/09\/zilele-muzeului-taranului-roman\/","url_meta":{"origin":20228,"position":5},"title":"Zilele Muzeului \u021a\u0103ranului Rom\u00e2n","author":"Cultura","date":"10 septembrie 2019","format":false,"excerpt":"Muzeul Na\u021bional al \u021a\u0103ranului Rom\u00e2n pr\u0103znuie\u0219te cu expozi\u021bii noi, t\u00e2rg de icoane, muzic\u0103 \u0219i multe filme. \u00een perioada 12 \u2013 22 septembrie 2019 si invita publicul sa participe la cea de a \u0219aptea edi\u021bie a Zilelor Muzeului \u021a\u0103ranului. \u00cencep\u00e2nd de joi, 12 septembrie, de la ora 18.00, la Sala Irina\u2026","rel":"","context":"\u00cen \u201eAgenda culturala\u201d","block_context":{"text":"Agenda culturala","link":"https:\/\/revistacultura.ro\/agenda\/category\/agenda-cultura\/"},"img":{"alt_text":"","src":"https:\/\/i0.wp.com\/revistacultura.ro\/agenda\/wp-content\/uploads\/2019\/09\/afis_ZMT-2019.jpg?resize=350%2C200&ssl=1","width":350,"height":200,"srcset":"https:\/\/i0.wp.com\/revistacultura.ro\/agenda\/wp-content\/uploads\/2019\/09\/afis_ZMT-2019.jpg?resize=350%2C200&ssl=1 1x, https:\/\/i0.wp.com\/revistacultura.ro\/agenda\/wp-content\/uploads\/2019\/09\/afis_ZMT-2019.jpg?resize=525%2C300&ssl=1 1.5x, https:\/\/i0.wp.com\/revistacultura.ro\/agenda\/wp-content\/uploads\/2019\/09\/afis_ZMT-2019.jpg?resize=700%2C400&ssl=1 2x, https:\/\/i0.wp.com\/revistacultura.ro\/agenda\/wp-content\/uploads\/2019\/09\/afis_ZMT-2019.jpg?resize=1050%2C600&ssl=1 3x"},"classes":[]}],"_links":{"self":[{"href":"https:\/\/revistacultura.ro\/agenda\/wp-json\/wp\/v2\/posts\/20228","targetHints":{"allow":["GET"]}}],"collection":[{"href":"https:\/\/revistacultura.ro\/agenda\/wp-json\/wp\/v2\/posts"}],"about":[{"href":"https:\/\/revistacultura.ro\/agenda\/wp-json\/wp\/v2\/types\/post"}],"author":[{"embeddable":true,"href":"https:\/\/revistacultura.ro\/agenda\/wp-json\/wp\/v2\/users\/1"}],"replies":[{"embeddable":true,"href":"https:\/\/revistacultura.ro\/agenda\/wp-json\/wp\/v2\/comments?post=20228"}],"version-history":[{"count":1,"href":"https:\/\/revistacultura.ro\/agenda\/wp-json\/wp\/v2\/posts\/20228\/revisions"}],"predecessor-version":[{"id":20230,"href":"https:\/\/revistacultura.ro\/agenda\/wp-json\/wp\/v2\/posts\/20228\/revisions\/20230"}],"wp:featuredmedia":[{"embeddable":true,"href":"https:\/\/revistacultura.ro\/agenda\/wp-json\/wp\/v2\/media\/20229"}],"wp:attachment":[{"href":"https:\/\/revistacultura.ro\/agenda\/wp-json\/wp\/v2\/media?parent=20228"}],"wp:term":[{"taxonomy":"category","embeddable":true,"href":"https:\/\/revistacultura.ro\/agenda\/wp-json\/wp\/v2\/categories?post=20228"},{"taxonomy":"post_tag","embeddable":true,"href":"https:\/\/revistacultura.ro\/agenda\/wp-json\/wp\/v2\/tags?post=20228"}],"curies":[{"name":"wp","href":"https:\/\/api.w.org\/{rel}","templated":true}]}}