{"id":20159,"date":"2019-10-08T15:31:04","date_gmt":"2019-10-08T12:31:04","guid":{"rendered":"http:\/\/revistacultura.ro\/agenda\/?p=20159"},"modified":"2019-10-08T15:31:34","modified_gmt":"2019-10-08T12:31:34","slug":"conceptul-de-acasa-pus-in-dezbatere-de-trienala-de-arhitectura-bucharest-east-centric","status":"publish","type":"post","link":"https:\/\/revistacultura.ro\/agenda\/2019\/10\/conceptul-de-acasa-pus-in-dezbatere-de-trienala-de-arhitectura-bucharest-east-centric\/","title":{"rendered":"Conceptul de \u201eacas\u0103\u201d pus \u00een dezbatere de Trienala de arhitectur\u0103 Bucharest East Centric"},"content":{"rendered":"<p lang=\"ro-RO\" style=\"text-align: left;\" align=\"CENTER\"><strong>&#8216;HOME|any|more?&#8217;<\/strong> \u2013 <strong>este titlul edi\u021biei 2019 a Trienalei Bucharest East Centric, deschis\u0103 \u00eentre 7 \u0219i 20 octombrie la Bucure\u0219ti, la Universitatea de Arhitectur\u0103 \u0219i Urbanism \u201eIon Mincu\u201d \u0219i \u00een mai multe spa\u021bii expozi\u021bionale. Ajuns\u0103 la a III-a edi\u021bie, trienala este organizat\u0103 de Aritext.Design, editorul publica\u021biei \u201eArhitext\u201d, \u00een parteneriat cu Ordinul Arhitec\u021bilor din Rom\u00e2nia, Universitatea de Arhitectur\u0103 \u0219i Urbanism \u201eIon Mincu\u201d, Uniunea Arhitec\u021bilor din Rom\u00e2nia \u0219i Centrul Cultural Palatele Br\u00e2ncovene\u0219ti. Revista \u201eCultura\u201d este partener media al evenimentului.<\/strong><\/p>\n<p lang=\"ro-RO\" style=\"text-align: left;\" align=\"CENTER\">Abord\u00e2nd conceptul de ACAS\u0102 dintr-o perspectiv\u0103 interogativ\u0103, deschis\u0103, Trienala reune\u0219te proiecte din peste 25 de \u021b\u0103ri din Europa Central\u0103 \u0219i de Est, din China \u0219i America (Central\u0103 \u0219i de Sud), Africa \u0219i Asia, cu \u00eentreb\u0103ri deschise, pe tema locuirii. Pe l\u00e2ng\u0103 nume mari ale arhitecturii interna\u021bionale \u0219i locale, care vor sus\u021bine conferin\u021be la acest eveniment &#8211; Sarah Robinson (USA\/Italia \u2013 Pre\u0219edinte al sesiunii de Discursuri Critice), Marc Jay (Danemarca, Pre\u0219edinte al Premiilor East Centric 2019), Eva Prats \u0219i Ricardo Flores (Spania), evenimentul va atrage un public specializat estimat la 6.000 de arhitec\u021bi, teoreticieni, critici \u0219i studen\u021bi din domeniu, precum \u0219i un public general estimat la 10.000 de persoane. Implica\u021bi direct \u00een sus\u021binerea activit\u0103\u021bilor Trienalei sunt 200 de speciali\u0219ti din Europa Central\u0103 \u0219i de Est. Bucure\u0219tii vor fi gazd\u0103 pentru oaspe\u021bi din Slovenia, Austria, Germania, Polonia, Cehia, Slovacia, Serbia, Rusia, Grecia, Turcia, Danemarca, Spania, Italia, Lituania, Ucraina, USA, China, dar \u0219i din multe ora\u0219e ale Rom\u00e2niei.<\/p>\n<p lang=\"ro-RO\" style=\"text-align: left;\" align=\"CENTER\">Expozi\u021biile programate \u00een Trienal\u0103 sunt \u201e(My) HOME|any|more|?\u201d, \u201eInventaires # Inventoires\u201d (Wallonie Bruxelles), la NOD Maker Space, \u0219i respectiv China: \u201eInventing a Home\u201d, la Palatul Mogo\u0219oaia.<\/p>\n<p lang=\"ro-RO\" style=\"text-align: left;\" align=\"CENTER\">Trienala s-a deschis cu Ziua presei, ca avanpremier\u0103 a Vernisajului Expozi\u021biei \u201c(My) HOME|any|more\/?\u201d, care a marcat, odat\u0103 cu lansarea catalogului Trienalei, deschiderea oficial\u0103 a acesteia, la Universitatea de Arhitectur\u0103 \u0219i Urbanism \u201cIon Mincu\u201d \u2013 Bucure\u0219ti (UAUIM). Acela\u0219i spa\u021biu va g\u0103zdui mai multe activit\u0103\u021bi ale edi\u021biei 2019 a Trienalei de Arhitectur\u0103: conferin\u021be, lansare de carte, prezent\u0103ri, juriz\u0103ri \u0219i dezbateri pentru c\u00e2teva dintre sec\u021biunile Trienalei, spre a fi c\u00e2t mai aproape nu doar de profesioni\u0219ti, dar \u0219i de studen\u021bi, viitorii arhitec\u021bi \u0219i proiectan\u021bi care vor duce mai departe tema \u201clocuirii\u201d.<\/p>\n<p>Dou\u0103 evenimente festive vor aduce recunoa\u0219tere acestei Trienale: ceremonia de premiere a eseurilor din cadrul Discursurilor Critice, la Teatrul Na\u021bional Bucure\u0219ti, \u0219i Gala Premiilor East Centric, la Palatul Mogo\u0219oaia. La acestea, publicul \u0219i participan\u021bii vor avea bucuria de a se \u00eent\u00e2lni \u0219i cu muzica \u2013 Diana Rotaru cu Ansamblul SonoMania \u0219i Corul Sound, condus de Voicu Popescu.<\/p>\n<h3><strong>Programul<\/strong>.<\/h3>\n<p><strong>8|10|2019<\/strong><\/p>\n<p>18:00 \u2013 Deschiderea expozi\u021biei \u201cHome|any|more|?\u201d, lansarea catalogului dezbateri,\u00a0cocktail, <strong><em>UAUIM<\/em><\/strong><\/p>\n<p><strong>9|10|2019<\/strong><\/p>\n<p>18:00 \u2013 Deschiderea expozi\u021biei \u201cInventaires # Inventoires\u201d (Wallonie, Bruxelles), dezbateri, cocktail, <strong><em>Nod Makerspace<\/em><\/strong><\/p>\n<p>INVITA\u021aI SPECIALI:\u00a0Xavier Lelion \u00a0and Anne Sophie Nottebaert \u00a0(Belgium)<\/p>\n<p><strong>10|10|2019<\/strong><\/p>\n<p>18:00 \u2013 Conferin\u021b\u0103 nominaliz\u0103ri Premiul Mies van der Rohe, dezbateri, <em><strong>Nod Makerspace<\/strong><\/em><\/p>\n<p>INVITA\u021aI SPECIALI:<br \/>\n<em>ADNBA,\u00a0Occidentului 40 + Dogarilor 26-30 Housing (Rom\u00e2nia)<\/em><\/p>\n<p>STARH,\u00a0<em>Restoration, refurbishment of the Headquarters of the Order of Architects of Romania \u2013 Bucharest Branch <\/em><em>(Romania)<\/em><\/p>\n<p>MSA \/ V+<\/p>\n<p>NAVEZ \u2013 <em>5 social units as Northern entrance of Brussels\u00a0(Belgium)<\/em><\/p>\n<p>ATELIER D\u2019ARCHITECTURE PIERRE HEBBELINCK + HBAAT,\u00a0<em>The Perret Hall \u2013 Cultural Centre,\u00a0(Belgium)<\/em><\/p>\n<p><strong>11|10|2019<\/strong><\/p>\n<p>de la 10:00 \u2013 2 sesiuni de prezentare \u0219i jurizare a eseurilor de discurs critic, <em>Palatul Mogo\u0219oaia<\/em><\/p>\n<p><strong>12|10|2019<\/strong><\/p>\n<p>10:00 \u2013 Dezbateri la cafea, <em>UAUIM \u2013 Modulul C\u0103rture\u0219ti<\/em><\/p>\n<p>16:00 \u2013 Invita\u021bii speciali din Spania, ceremonia Premiilor pentru eseu, <em>UAUIM<\/em><\/p>\n<p>INVITA\u021aI SPECIALI:\u00a0Eva Prats &amp; Ricardo Flores (Spain)<\/p>\n<p>18:00 \u2013 Lansare de carte, Sarah Robinson, <em>UAUIM<\/em><\/p>\n<p><strong>13|10|2019<\/strong><\/p>\n<p>10:00 \u2013 Dezbateri la cafea, <em>UAUIM \u2013 Modulul C\u0103rture\u0219ti<\/em><\/p>\n<p>16:00 \u2013 Conferin\u021ba invita\u021bilor, <em>Teatrul Na\u021bional Bucure\u0219ti<\/em><\/p>\n<p>INVITA\u021aI SPECIALI:\u00a0Sarah Robinson\u00a0(USA \/ Italy)<\/p>\n<p>18:00 \u2013 Concert SonoMania, HOMEMADE, <em>Teatrul Na\u021bional Bucure\u0219ti<\/em><\/p>\n<p>19:00 \u2013 Ceremonia Premiilor pentru eseu<\/p>\n<p>20:00 \u2013 Recep\u021bie, <em>Teatrul Na\u021bional Bucure\u0219ti &#8211; Sala Media<\/em><\/p>\n<p><strong>15|10|2019<\/strong><\/p>\n<p>18:00 \u2013 Deschiderea expozi\u021biei \u201eInventing a Home\u201d, invita\u021bi speciali din China, cocktail, <em>Palatul Mogo\u0219oaia<\/em><\/p>\n<p><strong>16|10|2019<\/strong><\/p>\n<p>18:00 \u2013 Conferin\u021ba invita\u021bilor speciali din China, <em>Palatul Mogo\u0219oaia<\/em><\/p>\n<p><strong>17|10|2019<\/strong><\/p>\n<p>10:00 \u2013 Jurizarea sec\u021biunii 1 ECAA\u00a0 \u2013 \u201eInstallation Projects\u201d, prezent\u0103ri \u0219i dezbateri, <em>UAUIM<\/em><\/p>\n<p>16:00 \u2013 Jurizarea sec\u021biunii 2 ECAA\u00a0 \u2013 \u201eCl\u0103diri reziden\u021biale\u201d, prezent\u0103ri \u0219i dezbateri, <em>UAUIM<\/em><\/p>\n<p><strong>18|10|2019<\/strong><\/p>\n<p>10:00 \u2013 Jurizarea sec\u021biunii 3 ECAA\u00a0 \u2013 \u201eCl\u0103diri publice\u201d, prezent\u0103ri \u0219i dezbateri, <em>Nod Makerspace<\/em><\/p>\n<p>16:00 \u2013 Jurizarea sec\u021biunii 4 ECAA \u2013 \u201eRegenerare\u201d, prezent\u0103ri \u0219i dezbateri, <em>Nod Makerspace<\/em><\/p>\n<p><strong>19|10|2019<\/strong><\/p>\n<p>10:00 \u2013 Jurizarea sec\u021biunii 5 ECAA \u2013 \u201eDesign interior\u201d, prezent\u0103ri \u0219i dezbateri, <em>UAUIM<\/em><\/p>\n<p>16:00 \u2013 Conferin\u021ba invita\u021bilor, gala premiilor, festivitatea de \u00eenchidere, recep\u021bie, <em>Palatul Mogo\u0219oaia<\/em><\/p>\n<p>INVITA\u021aI SPECIALI:\u00a0Marc Jay (Denmark)<\/p>\n<p>19:00 \u2013 Concert coral, <em>Palatul Mogo\u0219oaia<\/em><\/p>\n<p><strong>20|10|2019<\/strong><\/p>\n<p>10:00 \u2013 Jurizarea sec\u021biunii 6 ECAA \u2013 \u201eDesign exterior\u201d, prezent\u0103ri \u0219i dezbateri, <em>UAUIM<\/em><\/p>\n<p>18:00 \u2013 Gala Premiilor, festivitatea de \u00eenchidere, recep\u021bie, <em>Palatul Mogo\u0219oaia<\/em><\/p>\n<p><img loading=\"lazy\" decoding=\"async\" data-attachment-id=\"20160\" data-permalink=\"https:\/\/revistacultura.ro\/agenda\/2019\/10\/conceptul-de-acasa-pus-in-dezbatere-de-trienala-de-arhitectura-bucharest-east-centric\/trienala-arhitect-pt-site\/\" data-orig-file=\"https:\/\/revistacultura.ro\/agenda\/wp-content\/uploads\/2019\/10\/trienala-arhitect-pt-site.jpg\" data-orig-size=\"751,820\" data-comments-opened=\"1\" data-image-meta=\"{&quot;aperture&quot;:&quot;0&quot;,&quot;credit&quot;:&quot;&quot;,&quot;camera&quot;:&quot;&quot;,&quot;caption&quot;:&quot;&quot;,&quot;created_timestamp&quot;:&quot;0&quot;,&quot;copyright&quot;:&quot;&quot;,&quot;focal_length&quot;:&quot;0&quot;,&quot;iso&quot;:&quot;0&quot;,&quot;shutter_speed&quot;:&quot;0&quot;,&quot;title&quot;:&quot;&quot;,&quot;orientation&quot;:&quot;1&quot;}\" data-image-title=\"trienala-arhitect-pt-site\" data-image-description=\"\" data-image-caption=\"\" data-large-file=\"https:\/\/revistacultura.ro\/agenda\/wp-content\/uploads\/2019\/10\/trienala-arhitect-pt-site.jpg\" class=\"aligncenter size-full wp-image-20160\" src=\"https:\/\/revistacultura.ro\/agenda\/wp-content\/uploads\/2019\/10\/trienala-arhitect-pt-site.jpg\" alt=\"\" width=\"751\" height=\"820\" srcset=\"https:\/\/revistacultura.ro\/agenda\/wp-content\/uploads\/2019\/10\/trienala-arhitect-pt-site.jpg 751w, https:\/\/revistacultura.ro\/agenda\/wp-content\/uploads\/2019\/10\/trienala-arhitect-pt-site-275x300.jpg 275w, https:\/\/revistacultura.ro\/agenda\/wp-content\/uploads\/2019\/10\/trienala-arhitect-pt-site-183x200.jpg 183w, https:\/\/revistacultura.ro\/agenda\/wp-content\/uploads\/2019\/10\/trienala-arhitect-pt-site-465x508.jpg 465w, https:\/\/revistacultura.ro\/agenda\/wp-content\/uploads\/2019\/10\/trienala-arhitect-pt-site-458x500.jpg 458w\" sizes=\"auto, (max-width: 751px) 100vw, 751px\" \/><\/p>\n","protected":false},"excerpt":{"rendered":"<p>&#8216;HOME|any|more?&#8217; \u2013 este titlul edi\u021biei 2019 a Trienalei Bucharest East Centric, deschis\u0103 \u00eentre 7 \u0219i 20 octombrie la Bucure\u0219ti, la Universitatea de Arhitectur\u0103 \u0219i Urbanism \u201eIon Mincu\u201d \u0219i \u00een mai multe spa\u021bii expozi\u021bionale. Ajuns\u0103 la a III-a edi\u021bie, trienala este organizat\u0103 de Aritext.Design, editorul publica\u021biei \u201eArhitext\u201d, \u00een parteneriat cu Ordinul Arhitec\u021bilor din Rom\u00e2nia, Universitatea de&hellip;&nbsp;<a href=\"https:\/\/revistacultura.ro\/agenda\/2019\/10\/conceptul-de-acasa-pus-in-dezbatere-de-trienala-de-arhitectura-bucharest-east-centric\/\" rel=\"bookmark\">Cite\u0219te mai mult &raquo;<span class=\"screen-reader-text\">Conceptul de \u201eacas\u0103\u201d pus \u00een dezbatere de Trienala de arhitectur\u0103 Bucharest East Centric<\/span><\/a><\/p>\n","protected":false},"author":2,"featured_media":20160,"comment_status":"open","ping_status":"open","sticky":false,"template":"","format":"standard","meta":{"neve_meta_sidebar":"","neve_meta_container":"","neve_meta_enable_content_width":"","neve_meta_content_width":0,"neve_meta_title_alignment":"","neve_meta_author_avatar":"","neve_post_elements_order":"","neve_meta_disable_header":"","neve_meta_disable_footer":"","neve_meta_disable_title":"","jetpack_post_was_ever_published":false,"_jetpack_newsletter_access":"","_jetpack_dont_email_post_to_subs":false,"_jetpack_newsletter_tier_id":0,"_jetpack_memberships_contains_paywalled_content":false,"_jetpack_memberships_contains_paid_content":false,"footnotes":"","jetpack_publicize_message":"","jetpack_publicize_feature_enabled":true,"jetpack_social_post_already_shared":true,"jetpack_social_options":{"image_generator_settings":{"template":"highway","default_image_id":0,"font":"","enabled":false},"version":2}},"categories":[152],"tags":[],"class_list":["post-20159","post","type-post","status-publish","format-standard","has-post-thumbnail","hentry","category-agenda-cultura"],"jetpack_publicize_connections":[],"jetpack_featured_media_url":"https:\/\/revistacultura.ro\/agenda\/wp-content\/uploads\/2019\/10\/trienala-arhitect-pt-site.jpg","jetpack_sharing_enabled":true,"jetpack-related-posts":[{"id":21524,"url":"https:\/\/revistacultura.ro\/agenda\/2025\/11\/urbaneye-festival-cu-documentare-si-teatru-despre-comunitati-si-locuire\/","url_meta":{"origin":20159,"position":0},"title":"UrbanEye &#8211; festival cu documentare \u0219i teatru despre comunit\u0103\u021bi \u0219i locuire","author":"Cultura","date":"1 noiembrie 2025","format":false,"excerpt":"30 octombrie \u2014 9 noiembrie 2025, Bucure\u0219ti UrbanEye Film Festival revine la Bucure\u0219ti \u00eentre 30 octombrie \u0219i 9 noiembrie 2025 pentru a douasprezecea edi\u021bie, dedicat\u0103 explor\u0103rii conceptului de gol, care simbolizeaz\u0103 at\u00e2t absen\u021ba, c\u00e2t \u0219i posibilitatea reconstruc\u021biei. Festivalul aduce \u00een fa\u021ba publicului documentare despre arhitectur\u0103, ora\u0219e, comunit\u0103\u021bi \u0219i locuire, oferind\u2026","rel":"","context":"\u00cen \u201eAgenda culturala\u201d","block_context":{"text":"Agenda culturala","link":"https:\/\/revistacultura.ro\/agenda\/category\/agenda-cultura\/"},"img":{"alt_text":"","src":"https:\/\/i0.wp.com\/revistacultura.ro\/agenda\/wp-content\/uploads\/2025\/11\/urbaneye_2025.jpg?resize=350%2C200&ssl=1","width":350,"height":200,"srcset":"https:\/\/i0.wp.com\/revistacultura.ro\/agenda\/wp-content\/uploads\/2025\/11\/urbaneye_2025.jpg?resize=350%2C200&ssl=1 1x, https:\/\/i0.wp.com\/revistacultura.ro\/agenda\/wp-content\/uploads\/2025\/11\/urbaneye_2025.jpg?resize=525%2C300&ssl=1 1.5x"},"classes":[]},{"id":20228,"url":"https:\/\/revistacultura.ro\/agenda\/2019\/10\/in-perioada-17-octombrie-3-noiembrie-2019-expozitia-arhitectura-interbelica-a-bucurestiului-si-regalitatea-va-fi-deschisa-publicului-larg-la-muzeul-national-al-taranului-r\/","url_meta":{"origin":20159,"position":1},"title":"\u00cen perioada 17 octombrie \u2013 3 noiembrie 2019, expozi\u0163ia \u201eArhitectura Interbelic\u0103 a Bucure\u015ftiului \u0219i Regalitatea\u201d va fi deschis\u0103 publicului larg la Muzeul Na\u0163ional al \u0162\u0103ranului Rom\u00e2n, Sala Irina Nicolau.","author":"Cultura","date":"21 octombrie 2019","format":false,"excerpt":"\u00a0 \u00a0 \u00a0 \u00a0 \u00a0 \u00a0 \u00a0 \u201eSub Auspiciile Familiei Regale a Rom\u00e2niei\u201d, Centrul de Excelen\u021b\u0103 \u00een Arhitectur\u0103, Arte \u0219i Audiovizual, al\u0103turi de Filiala Teritorial\u0103 Bucure\u015fti a Ordinului Arhitec\u0163ilor din Rom\u00e2nia \u0219i Uniunea Arhitec\u021bilor din Rom\u00e2nia, \u00een parteneriat cu Muzeul Na\u0163ional al \u0162\u0103ranului Rom\u00e2n, are onoarea s\u0103 v\u0103 invite la\u2026","rel":"","context":"\u00cen \u201eSemnal\u201d","block_context":{"text":"Semnal","link":"https:\/\/revistacultura.ro\/agenda\/category\/semnal\/"},"img":{"alt_text":"","src":"https:\/\/i0.wp.com\/revistacultura.ro\/agenda\/wp-content\/uploads\/2019\/10\/Afis-MNTR-17-OCTOMBRIE-2019-Copy-1-1.jpg?resize=350%2C200&ssl=1","width":350,"height":200,"srcset":"https:\/\/i0.wp.com\/revistacultura.ro\/agenda\/wp-content\/uploads\/2019\/10\/Afis-MNTR-17-OCTOMBRIE-2019-Copy-1-1.jpg?resize=350%2C200&ssl=1 1x, https:\/\/i0.wp.com\/revistacultura.ro\/agenda\/wp-content\/uploads\/2019\/10\/Afis-MNTR-17-OCTOMBRIE-2019-Copy-1-1.jpg?resize=525%2C300&ssl=1 1.5x, https:\/\/i0.wp.com\/revistacultura.ro\/agenda\/wp-content\/uploads\/2019\/10\/Afis-MNTR-17-OCTOMBRIE-2019-Copy-1-1.jpg?resize=700%2C400&ssl=1 2x"},"classes":[]},{"id":21882,"url":"https:\/\/revistacultura.ro\/agenda\/2026\/05\/arhitecti-romani-la-forumului-international-al-educatiei-de-mediu-construit\/","url_meta":{"origin":20159,"position":2},"title":"Arhitec\u021bi rom\u00e2ni la Forumului Interna\u021bional al Educa\u021biei de Mediu Construit","author":"Cultura","date":"1 mai 2026","format":false,"excerpt":"\u00cen perioada 24-26 aprilie, ora\u0219ul polonez Kazimierz Dolny a g\u0103zduit cea de-a treia edi\u021bie a Forumului Interna\u021bional al Educa\u021biei de Mediu Construit. Prezen\u021ba arhitec\u021bilor rom\u00e2ni a fost posibil\u0103 cu sprijinul Institutului Cultural Rom\u00e2n de la Var\u0219ovia \u0219i al Ordinului Arhitec\u021bilor din Rom\u00e2nia, prin finan\u021bare din Timbrul Arhitecturii. Aceast\u0103 participare marcheaz\u0103\u2026","rel":"","context":"\u00cen \u201ecomunicate\u201d","block_context":{"text":"comunicate","link":"https:\/\/revistacultura.ro\/agenda\/category\/comunicate\/"},"img":{"alt_text":"","src":"https:\/\/i0.wp.com\/revistacultura.ro\/agenda\/wp-content\/uploads\/2026\/05\/Atelier-Patrimoniu-si-comunitati-cu-arh.-Adela-Trif.webp?resize=350%2C200&ssl=1","width":350,"height":200,"srcset":"https:\/\/i0.wp.com\/revistacultura.ro\/agenda\/wp-content\/uploads\/2026\/05\/Atelier-Patrimoniu-si-comunitati-cu-arh.-Adela-Trif.webp?resize=350%2C200&ssl=1 1x, https:\/\/i0.wp.com\/revistacultura.ro\/agenda\/wp-content\/uploads\/2026\/05\/Atelier-Patrimoniu-si-comunitati-cu-arh.-Adela-Trif.webp?resize=525%2C300&ssl=1 1.5x, https:\/\/i0.wp.com\/revistacultura.ro\/agenda\/wp-content\/uploads\/2026\/05\/Atelier-Patrimoniu-si-comunitati-cu-arh.-Adela-Trif.webp?resize=700%2C400&ssl=1 2x"},"classes":[]},{"id":18570,"url":"https:\/\/revistacultura.ro\/agenda\/2014\/04\/vlad-eftenie-fotografie-dincolo-de-fotografie\/","url_meta":{"origin":20159,"position":3},"title":"Vlad Eftenie. Fotografie dincolo de fotografie","author":"Revista","date":"3 aprilie 2014","format":false,"excerpt":"Nu sunt fotograf, spune Vlad Eftenie, lector la Universitatea de Arhitectur\u0103 \u015fi Urbanism \u201eIon Mincu\u201c. \u015ei toate fotografiile sale \u00eel contrazic. \u00cel contrazice \u015fi premiul ob\u0163inut de cur\u00e2nd la unul dintre cele mai prestigioase concursuri fotografice din lume, Sony World Photography. Au concurat peste 140 000 de fotografii, din 166\u2026","rel":"","context":"\u00cen \u201eRecomand\u0103ri\u201d","block_context":{"text":"Recomand\u0103ri","link":"https:\/\/revistacultura.ro\/agenda\/category\/recomandarile-cultura\/"},"img":{"alt_text":"","src":"","width":0,"height":0},"classes":[]},{"id":19734,"url":"https:\/\/revistacultura.ro\/agenda\/2015\/02\/bienala-nationala-de-arhitectura\/","url_meta":{"origin":20159,"position":4},"title":"Bienala Na\u0163ional\u0103  de Arhitectur\u0103","author":"Revista","date":"21 februarie 2015","format":false,"excerpt":"\u00a0 \u00cen aceste zile se desf\u0103\u015foar\u0103 Bienala Na\u0163ional\u0103 de Arhitectur\u0103 organizat\u0103 de Muzeul de Art\u0103 Cluj-Napoca \u00een colaborare cu Uniunea Arhitec\u0163ilor din Rom\u00e2nia, filiala Cluj. \u201eReunite sub tema Dilemele \u015fi provoc\u0103rile spa\u0163iului arhitectural (Rom\u00e2nia 2013-2014), cele aproape 200 de proiecte selectate pentru a participa la bienal\u0103 \u015fi \u00een cadrul expozi\u0163iei\u2026","rel":"","context":"\u00cen \u201eRecomand\u0103ri\u201d","block_context":{"text":"Recomand\u0103ri","link":"https:\/\/revistacultura.ro\/agenda\/category\/recomandarile-cultura\/"},"img":{"alt_text":"","src":"https:\/\/i0.wp.com\/revistacultura.ro\/agenda\/wp-content\/uploads\/2015\/02\/Untitled-119.jpg?resize=350%2C200&ssl=1","width":350,"height":200},"classes":[]},{"id":18194,"url":"https:\/\/revistacultura.ro\/agenda\/2014\/03\/arhitectura-pentru-copii\/","url_meta":{"origin":20159,"position":5},"title":"Arhitectura pentru copii","author":"Revista","date":"20 martie 2014","format":false,"excerpt":"Ordinul Arhitec\u0162ilor din Rom\u00e2nia a organizat selec\u0162ia na\u0162ional\u00e3 de proiecte de educa\u0162ie \u00een arhitectur\u00e3 destinate copiilor din primii ani de \u015fcoal\u00e3 p\u00e2n\u00e3 la 18 ani. Au fost selectate proiectele \u2013 la categoriile \u201e\u015ecoal\u00e3\u201c: Fairytales with Houses, Gr\u00e3dini\u0162a \u015eotron; \u201eInstitu\u0162ie\u201c: De-a arhitectura, Asocia\u0162ia \u201eDe-a arhitectura\u201c; \u201ePres\u00e3 scris\u00e3\u201c: cartea Vise despre case\u2026","rel":"","context":"\u00cen \u201eAgenda culturala\u201d","block_context":{"text":"Agenda culturala","link":"https:\/\/revistacultura.ro\/agenda\/category\/agenda-cultura\/"},"img":{"alt_text":"","src":"","width":0,"height":0},"classes":[]}],"_links":{"self":[{"href":"https:\/\/revistacultura.ro\/agenda\/wp-json\/wp\/v2\/posts\/20159","targetHints":{"allow":["GET"]}}],"collection":[{"href":"https:\/\/revistacultura.ro\/agenda\/wp-json\/wp\/v2\/posts"}],"about":[{"href":"https:\/\/revistacultura.ro\/agenda\/wp-json\/wp\/v2\/types\/post"}],"author":[{"embeddable":true,"href":"https:\/\/revistacultura.ro\/agenda\/wp-json\/wp\/v2\/users\/2"}],"replies":[{"embeddable":true,"href":"https:\/\/revistacultura.ro\/agenda\/wp-json\/wp\/v2\/comments?post=20159"}],"version-history":[{"count":2,"href":"https:\/\/revistacultura.ro\/agenda\/wp-json\/wp\/v2\/posts\/20159\/revisions"}],"predecessor-version":[{"id":20162,"href":"https:\/\/revistacultura.ro\/agenda\/wp-json\/wp\/v2\/posts\/20159\/revisions\/20162"}],"wp:featuredmedia":[{"embeddable":true,"href":"https:\/\/revistacultura.ro\/agenda\/wp-json\/wp\/v2\/media\/20160"}],"wp:attachment":[{"href":"https:\/\/revistacultura.ro\/agenda\/wp-json\/wp\/v2\/media?parent=20159"}],"wp:term":[{"taxonomy":"category","embeddable":true,"href":"https:\/\/revistacultura.ro\/agenda\/wp-json\/wp\/v2\/categories?post=20159"},{"taxonomy":"post_tag","embeddable":true,"href":"https:\/\/revistacultura.ro\/agenda\/wp-json\/wp\/v2\/tags?post=20159"}],"curies":[{"name":"wp","href":"https:\/\/api.w.org\/{rel}","templated":true}]}}