{"id":20155,"date":"2019-10-08T01:19:50","date_gmt":"2019-10-07T22:19:50","guid":{"rendered":"http:\/\/revistacultura.ro\/agenda\/?p=20155"},"modified":"2019-10-08T01:26:26","modified_gmt":"2019-10-07T22:26:26","slug":"estetica-jazzului-curs-inaugural-cu-studenti-si-public-sustinut-de-virgil-mihaiu","status":"publish","type":"post","link":"https:\/\/revistacultura.ro\/agenda\/2019\/10\/estetica-jazzului-curs-inaugural-cu-studenti-si-public-sustinut-de-virgil-mihaiu\/","title":{"rendered":"Estetica jazzului &#8211; curs inaugural cu studen\u021bi \u0219i public sus\u021binut de Virgil Mihaiu"},"content":{"rendered":"<p>Muzicologul Virgil Mihaiu reia la UBB Cluj Cursul de Estetica Jazzului, lans\u00e2nd pentru joi, 10 octombrie, o invita\u021bie adresat\u0103 at\u00e2t studen\u021bilor universit\u0103\u021bii clujene, indiferent de facult\u0103\u021bile unde sunt \u00eenscri\u0219i, c\u00e2t \u0219i \u201emelomanilor de orice etate sau profesiune\u201d. Cursul inaugural are loc, la ora 19, la ANMGD &#8211; str. I.C.Br\u0103tianu nr. 25\/Cluj-Napoca, Sala 11 (parter st\u00e2nga). Re\u021binem din invita\u021bie: \u201ePrelegerea, ilustrat\u0103 cu interesantisime exemplific\u0103ri audio\/video, are ca tem\u0103 monumentalul volum THE HISTORY OF EUROPEAN JAZZ, editat de jazzologul Francesco Martinelli la editura britanic\u0103 Equinox Publishing, sub egida Europe Jazz Network, \u00een 2018. \u00cen cadrul acestui proiect paneuropean, unde sunt prezentate detaliat scenele jazzistice din 40 de \u021b\u0103ri, \u00eemi fu \u00eencredin\u021bat\u0103 onoarea de a concepe capitolul referitor la Rom\u00e2nia. Lucrare de referin\u021b\u0103 cu caracter academic, elaborat\u0103 timp de un deceniu, tomul con\u021bine 742 de pagini \/ format A4, av\u00e2nd exorbitantul pre\u021b de 280 dolari (fi\u021bi pe pace, nu se va vinde la Curs).\u201d<\/p>\n<p>Cursul de Estetica Jazzului a fost \u00eenfiin\u021bat \u00een 1997 \u0219i beneficiaz\u0103 de patronajul \u00a0Academiei Na\u021bionale de Muzic\u0103 G. Dima \u0219i al Casa do Brasil (care func\u021bioneaz\u0103 \u00een cadrul Universit\u0103\u021bi Clujene, UBB, cu r\u0103d\u0103cini \u00een secolul XVI).<\/p>\n<p><img loading=\"lazy\" decoding=\"async\" data-attachment-id=\"20156\" data-permalink=\"https:\/\/revistacultura.ro\/agenda\/2019\/10\/estetica-jazzului-curs-inaugural-cu-studenti-si-public-sustinut-de-virgil-mihaiu\/european-jazz\/\" data-orig-file=\"https:\/\/revistacultura.ro\/agenda\/wp-content\/uploads\/2019\/10\/european-jazz.jpg\" data-orig-size=\"660,933\" data-comments-opened=\"1\" data-image-meta=\"{&quot;aperture&quot;:&quot;0&quot;,&quot;credit&quot;:&quot;&quot;,&quot;camera&quot;:&quot;&quot;,&quot;caption&quot;:&quot;&quot;,&quot;created_timestamp&quot;:&quot;0&quot;,&quot;copyright&quot;:&quot;&quot;,&quot;focal_length&quot;:&quot;0&quot;,&quot;iso&quot;:&quot;0&quot;,&quot;shutter_speed&quot;:&quot;0&quot;,&quot;title&quot;:&quot;&quot;,&quot;orientation&quot;:&quot;0&quot;}\" data-image-title=\"european-jazz\" data-image-description=\"\" data-image-caption=\"\" data-large-file=\"https:\/\/revistacultura.ro\/agenda\/wp-content\/uploads\/2019\/10\/european-jazz.jpg\" class=\"aligncenter size-full wp-image-20156\" src=\"https:\/\/revistacultura.ro\/agenda\/wp-content\/uploads\/2019\/10\/european-jazz.jpg\" alt=\"\" width=\"660\" height=\"933\" srcset=\"https:\/\/revistacultura.ro\/agenda\/wp-content\/uploads\/2019\/10\/european-jazz.jpg 660w, https:\/\/revistacultura.ro\/agenda\/wp-content\/uploads\/2019\/10\/european-jazz-212x300.jpg 212w, https:\/\/revistacultura.ro\/agenda\/wp-content\/uploads\/2019\/10\/european-jazz-141x200.jpg 141w, https:\/\/revistacultura.ro\/agenda\/wp-content\/uploads\/2019\/10\/european-jazz-389x550.jpg 389w, https:\/\/revistacultura.ro\/agenda\/wp-content\/uploads\/2019\/10\/european-jazz-354x500.jpg 354w\" sizes=\"auto, (max-width: 660px) 100vw, 660px\" \/><\/p>\n<p>Afi\u0219ul este realizat de Petre Nicolescu.<\/p>\n","protected":false},"excerpt":{"rendered":"<p>Muzicologul Virgil Mihaiu reia la UBB Cluj Cursul de Estetica Jazzului, lans\u00e2nd pentru joi, 10 octombrie, o invita\u021bie adresat\u0103 at\u00e2t studen\u021bilor universit\u0103\u021bii clujene, indiferent de facult\u0103\u021bile unde sunt \u00eenscri\u0219i, c\u00e2t \u0219i \u201emelomanilor de orice etate sau profesiune\u201d. Cursul inaugural are loc, la ora 19, la ANMGD &#8211; str. I.C.Br\u0103tianu nr. 25\/Cluj-Napoca, Sala 11 (parter st\u00e2nga).&hellip;&nbsp;<a href=\"https:\/\/revistacultura.ro\/agenda\/2019\/10\/estetica-jazzului-curs-inaugural-cu-studenti-si-public-sustinut-de-virgil-mihaiu\/\" rel=\"bookmark\">Cite\u0219te mai mult &raquo;<span class=\"screen-reader-text\">Estetica jazzului &#8211; curs inaugural cu studen\u021bi \u0219i public sus\u021binut de Virgil Mihaiu<\/span><\/a><\/p>\n","protected":false},"author":2,"featured_media":20156,"comment_status":"open","ping_status":"open","sticky":false,"template":"","format":"standard","meta":{"neve_meta_sidebar":"","neve_meta_container":"","neve_meta_enable_content_width":"","neve_meta_content_width":0,"neve_meta_title_alignment":"","neve_meta_author_avatar":"","neve_post_elements_order":"","neve_meta_disable_header":"","neve_meta_disable_footer":"","neve_meta_disable_title":"","jetpack_post_was_ever_published":false,"_jetpack_newsletter_access":"","_jetpack_dont_email_post_to_subs":false,"_jetpack_newsletter_tier_id":0,"_jetpack_memberships_contains_paywalled_content":false,"_jetpack_memberships_contains_paid_content":false,"footnotes":"","jetpack_publicize_message":"","jetpack_publicize_feature_enabled":true,"jetpack_social_post_already_shared":true,"jetpack_social_options":{"image_generator_settings":{"template":"highway","default_image_id":0,"font":"","enabled":false},"version":2}},"categories":[152],"tags":[],"class_list":["post-20155","post","type-post","status-publish","format-standard","has-post-thumbnail","hentry","category-agenda-cultura"],"jetpack_publicize_connections":[],"jetpack_featured_media_url":"https:\/\/revistacultura.ro\/agenda\/wp-content\/uploads\/2019\/10\/european-jazz.jpg","jetpack_sharing_enabled":true,"jetpack-related-posts":[{"id":21091,"url":"https:\/\/revistacultura.ro\/agenda\/2024\/03\/invitatie-la-cursul-de-estetica-jazzului\/","url_meta":{"origin":20155,"position":0},"title":"Invita\u021bie la Cursul de Estetica Jazzului","author":"Cultura","date":"6 martie 2024","format":false,"excerpt":"joi 7 martie, h. 19, \u00een Sala 11 (parter st\u00e2nga) a ANMGD, str. I.C. Br\u0103tianu nr. 25, Cluj-Napoca. Cursul de estetica jazzului, sus\u021binut de Virgil Mihaiu \u00eel are ca invitat special pe C\u0103t\u0103lin \u0218tef\u0103nescu, realizator al emisiunii Garantat 100%, difuzat\u0103 la TVR 1. Va fi o binevenit\u0103 ocazie de a\u2026","rel":"","context":"\u00cen \u201eRecomand\u0103ri\u201d","block_context":{"text":"Recomand\u0103ri","link":"https:\/\/revistacultura.ro\/agenda\/category\/recomandarile-cultura\/"},"img":{"alt_text":"","src":"https:\/\/i0.wp.com\/revistacultura.ro\/agenda\/wp-content\/uploads\/2024\/03\/catalin_stefanescu.webp?resize=350%2C200&ssl=1","width":350,"height":200,"srcset":"https:\/\/i0.wp.com\/revistacultura.ro\/agenda\/wp-content\/uploads\/2024\/03\/catalin_stefanescu.webp?resize=350%2C200&ssl=1 1x, https:\/\/i0.wp.com\/revistacultura.ro\/agenda\/wp-content\/uploads\/2024\/03\/catalin_stefanescu.webp?resize=525%2C300&ssl=1 1.5x, https:\/\/i0.wp.com\/revistacultura.ro\/agenda\/wp-content\/uploads\/2024\/03\/catalin_stefanescu.webp?resize=700%2C400&ssl=1 2x"},"classes":[]},{"id":20342,"url":"https:\/\/revistacultura.ro\/agenda\/2020\/01\/invitatie-pentru-cursuri-de-jazz\/","url_meta":{"origin":20155,"position":1},"title":"Invita\u021bie pentru cursuri de jazz","author":"Cultura","date":"17 ianuarie 2020","format":false,"excerpt":"Carissimi\u00a0amantes\u00a0pulchritudinis, Conform frumosului afi\u0219 realizat de doamna Alina Con\u021bi\u0219, sunte\u021bi bineveni\u021bi la Cursul de Estetica Jazzului - ultimul din Semestrul I al anului universitar 2019-2020 - la Academia Na\u021bional\u0103 de Muzic\u0103\u00a0G. Dima\u00a0Cluj \/ joi 23 ianuarie 2020, h. 19, \u00een sala 11 (parter st\u00e2nga), str. I.C.Br\u0103tianu nr. 25. Serata poart\u0103,\u2026","rel":"","context":"\u00cen \u201eInvita\u021bii\u201d","block_context":{"text":"Invita\u021bii","link":"https:\/\/revistacultura.ro\/agenda\/category\/invitatii\/"},"img":{"alt_text":"","src":"https:\/\/i0.wp.com\/revistacultura.ro\/agenda\/wp-content\/uploads\/2020\/01\/afis-cursuri-jazz.jpg?resize=350%2C200&ssl=1","width":350,"height":200,"srcset":"https:\/\/i0.wp.com\/revistacultura.ro\/agenda\/wp-content\/uploads\/2020\/01\/afis-cursuri-jazz.jpg?resize=350%2C200&ssl=1 1x, https:\/\/i0.wp.com\/revistacultura.ro\/agenda\/wp-content\/uploads\/2020\/01\/afis-cursuri-jazz.jpg?resize=525%2C300&ssl=1 1.5x, https:\/\/i0.wp.com\/revistacultura.ro\/agenda\/wp-content\/uploads\/2020\/01\/afis-cursuri-jazz.jpg?resize=700%2C400&ssl=1 2x"},"classes":[]},{"id":21123,"url":"https:\/\/revistacultura.ro\/agenda\/2024\/05\/cluj-avataruri-ale-jazzului-in-literatura-universala\/","url_meta":{"origin":20155,"position":2},"title":"Cluj: Avataruri ale jazzului \u00een literatura universal\u0103","author":"Cultura","date":"21 mai 2024","format":false,"excerpt":"Curs de Estetica Jazzului Sala Europa a Casei de Cultur\u0103 a Studen\u021bilor din Cluj-Napoca, vineri, 24 mai 2024, h. 19 Invitata noastr\u0103 va fi Cristina Petrescu, profesoar\u0103 de portughez\u0103 brazilian\u0103, mult-apreciat\u0103 pentru activitatea sa din deceniul trecut la CASA DO BRASIL (institu\u021bie patronat\u0103 de Universitatea Babe\u0219-Bolyai din Cluj). Cursul subsemnatului\u2026","rel":"","context":"\u00cen \u201eInvita\u021bii\u201d","block_context":{"text":"Invita\u021bii","link":"https:\/\/revistacultura.ro\/agenda\/category\/invitatii\/"},"img":{"alt_text":"","src":"https:\/\/i0.wp.com\/revistacultura.ro\/agenda\/wp-content\/uploads\/2024\/05\/Poster-curs-de-estetica-jazzului4.webp?resize=350%2C200&ssl=1","width":350,"height":200,"srcset":"https:\/\/i0.wp.com\/revistacultura.ro\/agenda\/wp-content\/uploads\/2024\/05\/Poster-curs-de-estetica-jazzului4.webp?resize=350%2C200&ssl=1 1x, https:\/\/i0.wp.com\/revistacultura.ro\/agenda\/wp-content\/uploads\/2024\/05\/Poster-curs-de-estetica-jazzului4.webp?resize=525%2C300&ssl=1 1.5x, https:\/\/i0.wp.com\/revistacultura.ro\/agenda\/wp-content\/uploads\/2024\/05\/Poster-curs-de-estetica-jazzului4.webp?resize=700%2C400&ssl=1 2x, https:\/\/i0.wp.com\/revistacultura.ro\/agenda\/wp-content\/uploads\/2024\/05\/Poster-curs-de-estetica-jazzului4.webp?resize=1050%2C600&ssl=1 3x"},"classes":[]},{"id":20287,"url":"https:\/\/revistacultura.ro\/agenda\/2019\/11\/expo-jazz-film-intr-un-eveniment-casa-do-brasil-in-cluj\/","url_meta":{"origin":20155,"position":3},"title":"Expo-jazz-film \u00eentr-un eveniment Casa do Brasil \u00een Cluj","author":"Cultura","date":"7 noiembrie 2019","format":false,"excerpt":"O serat\u0103 care reune\u0219te pictura, muzica \u0219i filmul este organizat\u0103 la Muzeul de Art\u0103 Cluj \u00een data de joi, 14 nov. 2019, h. 18, \u00een Sala\u00a0Tonitza.\u00a0Evenimentul se \u00eenscrie pe linia ac\u021biunilor de diploma\u021bie cultural\u0103 promovate de\u00a0Casa do Brasil\u00a0(institu\u021bie patronat\u0103 de principala Universitate Clujean\u0103,\u00a0UBB, av\u00e2nd r\u0103d\u0103cini \u00een secolul XVI) \u0219i de\u2026","rel":"","context":"\u00cen \u201eAgenda culturala\u201d","block_context":{"text":"Agenda culturala","link":"https:\/\/revistacultura.ro\/agenda\/category\/agenda-cultura\/"},"img":{"alt_text":"","src":"https:\/\/i0.wp.com\/revistacultura.ro\/agenda\/wp-content\/uploads\/2019\/11\/casa-do-brasil.jpg?resize=350%2C200&ssl=1","width":350,"height":200,"srcset":"https:\/\/i0.wp.com\/revistacultura.ro\/agenda\/wp-content\/uploads\/2019\/11\/casa-do-brasil.jpg?resize=350%2C200&ssl=1 1x, https:\/\/i0.wp.com\/revistacultura.ro\/agenda\/wp-content\/uploads\/2019\/11\/casa-do-brasil.jpg?resize=525%2C300&ssl=1 1.5x"},"classes":[]},{"id":20925,"url":"https:\/\/revistacultura.ro\/agenda\/2022\/11\/lansare-jazz-contexte-la-cosbook\/","url_meta":{"origin":20155,"position":4},"title":"Lansare \u201eJazz contexte&#8230;\u201d la Co\u0219book","author":"Cultura","date":"4 noiembrie 2022","format":false,"excerpt":"Noua carte a lui Virgil Mihaiu, ap\u0103rut\u0103 recent la Editura Junimea, \u201eJazz contextele mele\u201d, continu\u0103 programul de lans\u0103ri \u00een libr\u0103rii \u0219i t\u00e2rguri de carte. Miercuri, 9 noiembrie, autorul \u0219i cartea sa vor fi prezen\u021bi la Bistri\u021ba. Evenimentul va avea loc \u00een cadrul Salonului de carte Co\u0219book, miercuri 9 nov. 2022,\u2026","rel":"","context":"\u00cen \u201eAparitii editoriale\u201d","block_context":{"text":"Aparitii editoriale","link":"https:\/\/revistacultura.ro\/agenda\/category\/aparitii-editoriale\/"},"img":{"alt_text":"","src":"https:\/\/i0.wp.com\/revistacultura.ro\/agenda\/wp-content\/uploads\/2022\/11\/virgil-mihaiu-cosbook.jpg?resize=350%2C200&ssl=1","width":350,"height":200,"srcset":"https:\/\/i0.wp.com\/revistacultura.ro\/agenda\/wp-content\/uploads\/2022\/11\/virgil-mihaiu-cosbook.jpg?resize=350%2C200&ssl=1 1x, https:\/\/i0.wp.com\/revistacultura.ro\/agenda\/wp-content\/uploads\/2022\/11\/virgil-mihaiu-cosbook.jpg?resize=525%2C300&ssl=1 1.5x, https:\/\/i0.wp.com\/revistacultura.ro\/agenda\/wp-content\/uploads\/2022\/11\/virgil-mihaiu-cosbook.jpg?resize=700%2C400&ssl=1 2x"},"classes":[]},{"id":21686,"url":"https:\/\/revistacultura.ro\/agenda\/2026\/02\/22-02-cluj-concert-film-keith-jarrett\/","url_meta":{"origin":20155,"position":5},"title":"22.02, Cluj: Concert &amp; film Keith Jarrett","author":"Cultura","date":"18 februarie 2026","format":false,"excerpt":"Concert \u0219i film - 50 de ani ai albumului K\u00d6LN CONCERT de Keith Jarrett Istoricul album de pian solo\u00a0K\u00f6ln Concert\u00a0al lui\u00a0Keith Jarrett\u00a0a fost \u00eenregistrat \u00een 24 ianuarie 1975 la Opera din\u00a0K\u00f6ln, gra\u021bie eforturilor organizatorice depuse de Vera Brandes. Aceasta avea pe atunci 18 ani \u0219i era cea mai t\u00e2n\u0103r\u0103 impresar\u0103\u2026","rel":"","context":"\u00cen \u201eAgenda culturala\u201d","block_context":{"text":"Agenda culturala","link":"https:\/\/revistacultura.ro\/agenda\/category\/agenda-cultura\/"},"img":{"alt_text":"","src":"https:\/\/i0.wp.com\/revistacultura.ro\/agenda\/wp-content\/uploads\/2026\/02\/jazz-concert.webp?resize=350%2C200&ssl=1","width":350,"height":200,"srcset":"https:\/\/i0.wp.com\/revistacultura.ro\/agenda\/wp-content\/uploads\/2026\/02\/jazz-concert.webp?resize=350%2C200&ssl=1 1x, https:\/\/i0.wp.com\/revistacultura.ro\/agenda\/wp-content\/uploads\/2026\/02\/jazz-concert.webp?resize=525%2C300&ssl=1 1.5x, https:\/\/i0.wp.com\/revistacultura.ro\/agenda\/wp-content\/uploads\/2026\/02\/jazz-concert.webp?resize=700%2C400&ssl=1 2x"},"classes":[]}],"_links":{"self":[{"href":"https:\/\/revistacultura.ro\/agenda\/wp-json\/wp\/v2\/posts\/20155","targetHints":{"allow":["GET"]}}],"collection":[{"href":"https:\/\/revistacultura.ro\/agenda\/wp-json\/wp\/v2\/posts"}],"about":[{"href":"https:\/\/revistacultura.ro\/agenda\/wp-json\/wp\/v2\/types\/post"}],"author":[{"embeddable":true,"href":"https:\/\/revistacultura.ro\/agenda\/wp-json\/wp\/v2\/users\/2"}],"replies":[{"embeddable":true,"href":"https:\/\/revistacultura.ro\/agenda\/wp-json\/wp\/v2\/comments?post=20155"}],"version-history":[{"count":2,"href":"https:\/\/revistacultura.ro\/agenda\/wp-json\/wp\/v2\/posts\/20155\/revisions"}],"predecessor-version":[{"id":20158,"href":"https:\/\/revistacultura.ro\/agenda\/wp-json\/wp\/v2\/posts\/20155\/revisions\/20158"}],"wp:featuredmedia":[{"embeddable":true,"href":"https:\/\/revistacultura.ro\/agenda\/wp-json\/wp\/v2\/media\/20156"}],"wp:attachment":[{"href":"https:\/\/revistacultura.ro\/agenda\/wp-json\/wp\/v2\/media?parent=20155"}],"wp:term":[{"taxonomy":"category","embeddable":true,"href":"https:\/\/revistacultura.ro\/agenda\/wp-json\/wp\/v2\/categories?post=20155"},{"taxonomy":"post_tag","embeddable":true,"href":"https:\/\/revistacultura.ro\/agenda\/wp-json\/wp\/v2\/tags?post=20155"}],"curies":[{"name":"wp","href":"https:\/\/api.w.org\/{rel}","templated":true}]}}