{"id":20107,"date":"2019-07-05T12:51:20","date_gmt":"2019-07-05T09:51:20","guid":{"rendered":"http:\/\/revistacultura.ro\/agenda\/?p=20107"},"modified":"2019-07-05T12:52:25","modified_gmt":"2019-07-05T09:52:25","slug":"augustin-buzura-omagiat-la-academia-romana","status":"publish","type":"post","link":"https:\/\/revistacultura.ro\/agenda\/2019\/07\/augustin-buzura-omagiat-la-academia-romana\/","title":{"rendered":"Augustin Buzura, omagiat la Academia Rom\u00e2n\u0103"},"content":{"rendered":"<p><strong>Academia Rom\u00e2n\u0103<\/strong> prin Sec\u021bia de Filologie \u0219i Literatur\u0103, \u00een parteneriat cu <strong>Funda\u021bia Cultural\u0103 Augustin Buzura<\/strong>, organizeaz\u0103 miercuri, 10 iulie 2019, sesiunea omagial\u0103 <em>Augustin Buzura<\/em>, la doi ani de la \u00eencetarea din via\u021b\u0103 a scriitorului. Evenimentul va avea loc \u00een Aula Academiei Rom\u00e2ne \u00eencep\u00e2nd cu ora 11.00. Vor rememora activitatea literar\u0103, publicistic\u0103 \u0219i cultural\u0103 a academicianului Augustin Buzura: acad. Ioan-Aurel Pop, Pre\u0219edintele Academiei Rom\u00e2ne, acad. Eugen Simion, Pre\u0219edintele Sec\u021biei de Filolofie \u0219i Literatur\u0103, acad. Nicolae Breban, Directorul Funda\u021biei Culturale Ideea European\u0103 \u0219i director revista \u201dContemporanul\u201d Angela Martin, traduc\u0103tor \u0219i eseist, acad. R\u0103zvan Theodorescu, vicepre\u0219edinte al Academiei Rom\u00e2ne, acad. Jean Askenazy. Anamaria Maior-Buzura, Pre\u0219edintele Funda\u021biei Culturale \u201dAugustin Buzura\u201d va ad\u0103uga o not\u0103 personal\u0103 discursurilor academice.<\/p>\n<p>\u00cen partea a doua a evenimentului, Ioan Cristescu, directorul Muzeului Literaturii, conf. dr. Ileana Marin, Centrul de Excelen\u021b\u0103 \u00een Studiul Imaginii, Ana-Maria Vulpescu, editor, vor vernisa expozi\u021bia \u201eAugustin Buzura: Con\u0219tiin\u021ba Scrisului\u201d, organizat\u0103 \u00een parteneriat cu Muzeul Na\u021bional al Literaturii Rom\u00e2ne. Expozi\u021bia adun\u0103 fotografii, manuscrise, documente inedite, ca martori ai unui proces de c\u0103utare \u0219i sondare a autenticit\u0103\u021bii, de exprimare a adev\u0103rului f\u0103r\u0103 a face compromisuri, chiar cu pre\u021bul confrunt\u0103rii cu practicile cenzurii. Eroic prin for\u021ba moral\u0103 pe care a manifestat-o \u00een raport cu imposibilitatea de a transgresa limitele unei societ\u0103\u021bi \u00eenchise, scriitorul Augustin Buzura a l\u0103sat m\u0103rturie mii de pagini con\u021bin\u00e2nd versiuni, rescrieri, restructur\u0103ri ale operelor sale. Pentru prima oar\u0103, portretul scriitorului se contureaz\u0103 prin laboratorul intim al scriiturii.<\/p>\n<p>Augustin Buzura (1938-2017), absolvent al Facult\u0103\u021bii de Medicin\u0103, pasionat de filosofie, art\u0103 \u0219i literatur\u0103, s-a remarcat prin curajul de a aborda teme dificile \u00een contextul social \u0219i politic de dinainte 1989. Redactor-\u0219ef al revistei literare <em>Tribuna<\/em> din Cluj, fondatorul \u0219i pre\u0219edintele Funda\u021biei Culturale Rom\u00e2ne (1990-2003), ulterior transformat\u0103 \u00een Institutul Cultural Rom\u00e2n, al c\u0103rui pre\u0219edinte a fost p\u00e2n\u0103 \u00een 2005, Augustin Buzura a excelat at\u00e2t \u00een literatura pe care a l\u0103sat-o, c\u00e2t \u0219i \u00een activitatea de manager cultural \u00een institu\u021biile pe care le-a creat, pun\u00e2nd \u00een practic\u0103 strategii culturale de promovare a valorilor rom\u00e2ne\u0219ti peste hotare.<\/p>\n<p>De-a lungul celor 55 de ani de misiune literar\u0103 \u0219i civic\u0103, scriitorul Augustin Buzura a publicat \u0219apte romane: <em>Absen\u021bii<\/em> (1970), <em>Fe\u021bele t\u0103cerii<\/em> (1974), <em>Orgolii<\/em> (1977), <em>Vocile nop\u021bii<\/em> (1980), <em>Drumul cenu\u0219ii<\/em> (1988), <em>Recviem pentru nebuni \u0219i bestii<\/em> (1999) \u0219i <em>Raport asupra singur\u0103t\u0103\u021bii<\/em> (2009), care au fost traduse \u00een francez\u0103, englez\u0103, rus\u0103, german\u0103, spaniol\u0103, portughez\u0103, polonez\u0103, chinez\u0103, suedez\u0103, maghiar\u0103, sloven\u0103 \u0219i japonez\u0103. Temele sociale, abordate cu responsabilitatea celui care s-a \u00eenfruntat zi de zi cu un sistem ostil \u0219i absurd, sunt combinate cu sondarea psihologic\u0103 a personajelor cu care cei mai mul\u021bi dintre cititorii s\u0103i s-au identificat, dup\u0103 cum dovede\u0219te coresponden\u021ba cu ace\u0219tia \u0219i num\u0103rul uria\u0219 al tirajelor \u0219i reedit\u0103rilor epuizate.<\/p>\n<p>Sute de articole, interviuri, anchete, reportaje, portrete dau seama de \u00eentinderea \u0219i diversitatea intereselor intelectuale \u0219i sociale ale omului Buzura.<\/p>\n<p>Augustin Buzura a primit de 4 ori Premiul Uniunii Scriitorilor din Rom\u00e2nia (1970, 1974, 1980, 1984), Premiul \u201eIon Creang\u0103 al Academiei Rom\u00e2ne\u201d (1977), Premiul Opera Omnia al revistei \u201eConvorbiri Literare\u201d.<\/p>\n<p>A fost pre\u0219edinte al Filialei Rom\u00e2ne a Asocia\u021biei de Cultur\u0103 \u0219i \u0218tiin\u021b\u0103 European\u0103 cu sediul la Roma, membru fondator al Funda\u021biei Culturale Europene \u201eGulliver\u201d din Amsterdam, membru \u00een comitetul director al Centrului Euro-Atlantic. Doctor Honoris Causa al Universit\u0103\u021bii \u201eLucian Blaga\u201d din Sibiu (1997), al Universit\u0103\u021bii de Nord din Baia Mare (2010), al Universit\u0103\u021bii de Medicin\u0103 \u0219i Farmacie \u201eIuliu Ha\u021bieganu\u201d din Cluj-Napoca (2014). Membru de onoare al Academiei Rom\u00e2no-Americane (2000), membru al Academiei Braziliene de Litere (2001), membru al Academiei Latinit\u0103\u021bii (2001), membru corespondent al Sudosteuropa Gesellchaft, Germania (2001).<\/p>\n<p>A fost decorat cu Ordinul Na\u021bional \u201ePentru Merit\u201d \u00een grad de Mare Cruce (2000), cu Ordinul Brazilian \u201eRio Branco\u201d \u00een grad de Comandor, cu Ordinul Mexican \u201eVulturul Aztec\u201d \u0219i cu multe alte premii \u0219i medalii na\u021bionale \u0219i interna\u021bionale.<\/p>\n<p>\u00cen data de 3 iulie 1990 a fost ales membru corespondent al Academiei Rom\u00e2ne, devenind membru titular la 12 martie 1992.<\/p>\n<p><a href=\"https:\/\/revistacultura.ro\/agenda\/2019\/07\/augustin-buzura-omagiat-la-academia-romana\/afis-augustin-buzura_2019-2web\/\" rel=\"attachment wp-att-20108\"><img loading=\"lazy\" decoding=\"async\" data-attachment-id=\"20108\" data-permalink=\"https:\/\/revistacultura.ro\/agenda\/2019\/07\/augustin-buzura-omagiat-la-academia-romana\/afis-augustin-buzura_2019-2web\/\" data-orig-file=\"https:\/\/revistacultura.ro\/agenda\/wp-content\/uploads\/2019\/07\/afis-Augustin-BUZURA_2019-2web.jpg\" data-orig-size=\"562,800\" data-comments-opened=\"1\" data-image-meta=\"{&quot;aperture&quot;:&quot;0&quot;,&quot;credit&quot;:&quot;&quot;,&quot;camera&quot;:&quot;&quot;,&quot;caption&quot;:&quot;&quot;,&quot;created_timestamp&quot;:&quot;0&quot;,&quot;copyright&quot;:&quot;&quot;,&quot;focal_length&quot;:&quot;0&quot;,&quot;iso&quot;:&quot;0&quot;,&quot;shutter_speed&quot;:&quot;0&quot;,&quot;title&quot;:&quot;&quot;,&quot;orientation&quot;:&quot;0&quot;}\" data-image-title=\"afis-Augustin-BUZURA_2019-2web\" data-image-description=\"\" data-image-caption=\"\" data-large-file=\"https:\/\/revistacultura.ro\/agenda\/wp-content\/uploads\/2019\/07\/afis-Augustin-BUZURA_2019-2web.jpg\" class=\"aligncenter size-full wp-image-20108\" src=\"https:\/\/revistacultura.ro\/agenda\/wp-content\/uploads\/2019\/07\/afis-Augustin-BUZURA_2019-2web.jpg\" alt=\"\" width=\"562\" height=\"800\" srcset=\"https:\/\/revistacultura.ro\/agenda\/wp-content\/uploads\/2019\/07\/afis-Augustin-BUZURA_2019-2web.jpg 562w, https:\/\/revistacultura.ro\/agenda\/wp-content\/uploads\/2019\/07\/afis-Augustin-BUZURA_2019-2web-211x300.jpg 211w, https:\/\/revistacultura.ro\/agenda\/wp-content\/uploads\/2019\/07\/afis-Augustin-BUZURA_2019-2web-141x200.jpg 141w, https:\/\/revistacultura.ro\/agenda\/wp-content\/uploads\/2019\/07\/afis-Augustin-BUZURA_2019-2web-386x550.jpg 386w, https:\/\/revistacultura.ro\/agenda\/wp-content\/uploads\/2019\/07\/afis-Augustin-BUZURA_2019-2web-351x500.jpg 351w\" sizes=\"auto, (max-width: 562px) 100vw, 562px\" \/><\/a><\/p>\n","protected":false},"excerpt":{"rendered":"<p>Academia Rom\u00e2n\u0103 prin Sec\u021bia de Filologie \u0219i Literatur\u0103, \u00een parteneriat cu Funda\u021bia Cultural\u0103 Augustin Buzura, organizeaz\u0103 miercuri, 10 iulie 2019, sesiunea omagial\u0103 Augustin Buzura, la doi ani de la \u00eencetarea din via\u021b\u0103 a scriitorului. Evenimentul va avea loc \u00een Aula Academiei Rom\u00e2ne \u00eencep\u00e2nd cu ora 11.00. Vor rememora activitatea literar\u0103, publicistic\u0103 \u0219i cultural\u0103 a academicianului&hellip;&nbsp;<a href=\"https:\/\/revistacultura.ro\/agenda\/2019\/07\/augustin-buzura-omagiat-la-academia-romana\/\" rel=\"bookmark\">Cite\u0219te mai mult &raquo;<span class=\"screen-reader-text\">Augustin Buzura, omagiat la Academia Rom\u00e2n\u0103<\/span><\/a><\/p>\n","protected":false},"author":1,"featured_media":20108,"comment_status":"open","ping_status":"open","sticky":false,"template":"","format":"standard","meta":{"neve_meta_sidebar":"","neve_meta_container":"","neve_meta_enable_content_width":"","neve_meta_content_width":0,"neve_meta_title_alignment":"","neve_meta_author_avatar":"","neve_post_elements_order":"","neve_meta_disable_header":"","neve_meta_disable_footer":"","neve_meta_disable_title":"","jetpack_post_was_ever_published":false,"_jetpack_newsletter_access":"","_jetpack_dont_email_post_to_subs":false,"_jetpack_newsletter_tier_id":0,"_jetpack_memberships_contains_paywalled_content":false,"_jetpack_memberships_contains_paid_content":false,"footnotes":"","jetpack_publicize_message":"","jetpack_publicize_feature_enabled":true,"jetpack_social_post_already_shared":true,"jetpack_social_options":{"image_generator_settings":{"template":"highway","default_image_id":0,"font":"","enabled":false},"version":2}},"categories":[152],"tags":[],"class_list":["post-20107","post","type-post","status-publish","format-standard","has-post-thumbnail","hentry","category-agenda-cultura"],"jetpack_publicize_connections":[],"jetpack_featured_media_url":"https:\/\/revistacultura.ro\/agenda\/wp-content\/uploads\/2019\/07\/afis-Augustin-BUZURA_2019-2web.jpg","jetpack_sharing_enabled":true,"jetpack-related-posts":[{"id":20133,"url":"https:\/\/revistacultura.ro\/agenda\/2019\/09\/fundatia-culturala-augustin-buzura-la-ora-bilantului\/","url_meta":{"origin":20107,"position":0},"title":"Funda\u021bia Cultural\u0103 Augustin Buzura la ora bilan\u021bului","author":"Cultura","date":"19 septembrie 2019","format":false,"excerpt":"Sala de Marmur\u0103 a Cercului Militar Na\u021bional Bucure\u0219ti va g\u0103zdui, vineri 20 septembrie 2019, cea de-a doua edi\u021bie a Galei Premiilor Funda\u021biei Culturale Augustin Buzura. Evenimentul, la care vor participa personalit\u0103\u021bi din lumea literar\u0103, artistic\u0103 \u0219i \u0219tiin\u021bific\u0103, dar \u0219i oameni de afaceri se dore\u0219te un moment de bilan\u021b al activit\u0103\u021bii\u2026","rel":"","context":"\u00cen \u201eRecomand\u0103ri\u201d","block_context":{"text":"Recomand\u0103ri","link":"https:\/\/revistacultura.ro\/agenda\/category\/recomandarile-cultura\/"},"img":{"alt_text":"","src":"https:\/\/i0.wp.com\/revistacultura.ro\/agenda\/wp-content\/uploads\/2019\/09\/640px-cmnc.jpg?resize=350%2C200&ssl=1","width":350,"height":200,"srcset":"https:\/\/i0.wp.com\/revistacultura.ro\/agenda\/wp-content\/uploads\/2019\/09\/640px-cmnc.jpg?resize=350%2C200&ssl=1 1x, https:\/\/i0.wp.com\/revistacultura.ro\/agenda\/wp-content\/uploads\/2019\/09\/640px-cmnc.jpg?resize=525%2C300&ssl=1 1.5x"},"classes":[]},{"id":20854,"url":"https:\/\/revistacultura.ro\/agenda\/2022\/08\/buzura-despre-buzura-expozitie-de-fotografii-si-manuscrise-la-muzeul-national-al-literaturii-romane\/","url_meta":{"origin":20107,"position":1},"title":"Buzura despre Buzura | expozi\u021bie de fotografii \u0219i manuscrise la Muzeul Na\u021bional al Literaturii Rom\u00e2ne","author":"Revista Cultura","date":"18 august 2022","format":false,"excerpt":"Foto: Imaginea scriitorului, instala\u021bie realizat\u0103 de artistele Zorana \u0219i Meda Samson Expozi\u021bia \u201eBuzura despre Buzura\u201d, organizat\u0103 de Funda\u021bia Cultural\u0103 \u201eAugustin Buzura\u201d, pe care Muzeul Na\u021bional al Literaturii Rom\u00e2ne o g\u0103zduie\u0219te la sediul din Strada Nicolae Cre\u021bulescu 8, reconstruie\u0219te, cu documentele inedite, p\u0103strate \u00een arhiva familiei, traseul intelectual al scriitorului \u0219i\u2026","rel":"","context":"\u00cen \u201eSemnal\u201d","block_context":{"text":"Semnal","link":"https:\/\/revistacultura.ro\/agenda\/category\/semnal\/"},"img":{"alt_text":"","src":"https:\/\/i0.wp.com\/revistacultura.ro\/agenda\/wp-content\/uploads\/2022\/08\/cover-Buzura-1600x900-1.jpg?resize=350%2C200&ssl=1","width":350,"height":200,"srcset":"https:\/\/i0.wp.com\/revistacultura.ro\/agenda\/wp-content\/uploads\/2022\/08\/cover-Buzura-1600x900-1.jpg?resize=350%2C200&ssl=1 1x, https:\/\/i0.wp.com\/revistacultura.ro\/agenda\/wp-content\/uploads\/2022\/08\/cover-Buzura-1600x900-1.jpg?resize=525%2C300&ssl=1 1.5x, https:\/\/i0.wp.com\/revistacultura.ro\/agenda\/wp-content\/uploads\/2022\/08\/cover-Buzura-1600x900-1.jpg?resize=700%2C400&ssl=1 2x, https:\/\/i0.wp.com\/revistacultura.ro\/agenda\/wp-content\/uploads\/2022\/08\/cover-Buzura-1600x900-1.jpg?resize=1050%2C600&ssl=1 3x, https:\/\/i0.wp.com\/revistacultura.ro\/agenda\/wp-content\/uploads\/2022\/08\/cover-Buzura-1600x900-1.jpg?resize=1400%2C800&ssl=1 4x"},"classes":[]},{"id":20339,"url":"https:\/\/revistacultura.ro\/agenda\/2020\/01\/ziua-culturii-nationale-sub-semnul-sincroniei-europene\/","url_meta":{"origin":20107,"position":2},"title":"Ziua Culturii Na\u021bionale sub semnul sincroniei europene","author":"Cultura","date":"15 ianuarie 2020","format":false,"excerpt":"Academia Rom\u00e2n\u0103 organizeaz\u0103 miercuri, 15 ianuarie 2020, sesiunea festiv\u0103 \u201eSincroniile europene ale culturii rom\u00e2ne\u201c, dedicat\u0103 Zilei Culturii Na\u021bionale, aflat\u0103 la a zecea edi\u021bie. Evenimentul se va desf\u0103\u0219ura \u00een Sala Mare a Ateneului Rom\u00e2n, \u00eencep\u00e2nd cu ora 11, \u0219i va fi moderat de acad. Ioan-Aurel Pop, pre\u0219edintele Academiei Rom\u00e2ne. ES Klaus\u2026","rel":"","context":"\u00cen \u201ecomunicate\u201d","block_context":{"text":"comunicate","link":"https:\/\/revistacultura.ro\/agenda\/category\/comunicate\/"},"img":{"alt_text":"","src":"https:\/\/i0.wp.com\/revistacultura.ro\/agenda\/wp-content\/uploads\/2020\/01\/logo_academia-romana.jpg?resize=350%2C200&ssl=1","width":350,"height":200},"classes":[]},{"id":20057,"url":"https:\/\/revistacultura.ro\/agenda\/2019\/05\/sesiunea-stiintifica-romanii-din-sudul-dunarii-istorie-si-actualitate\/","url_meta":{"origin":20107,"position":3},"title":"Sesiunea \u0219tiin\u021bific\u0103 \u201eRom\u00e2nii din sudul Dun\u0103rii \u2013 Istorie \u0219i actualitate\u201c","author":"Revista Cultura","date":"4 mai 2019","format":false,"excerpt":"Societatea de Cultur\u0103 Macedo-Rom\u00e2n\u0103, cu sprijinul Academiei Rom\u00e2ne, organizeaz\u0103 Sesiunea \u0219tiin\u021bific\u0103\u00a0\u201eRom\u00e2nii din sudul Dun\u0103rii \u2013 Istorie \u0219i actualitate\u201c. Evenimentul se va desf\u0103\u0219ura, mar\u021bi 7 mai 2019, \u00eencep\u00e2nd cu ora 10, \u00een Amfiteatrul \u201eIon Heliade R\u0103dulescu\u201c al\u00a0 Bibliotecii Academiei Rom\u00e2ne, din CaleaVictoriei, 125. Sesiunea va fi deschis\u0103 de pre\u0219edintele Academiei Rom\u00e2ne,\u2026","rel":"","context":"\u00cen \u201eAgenda culturala\u201d","block_context":{"text":"Agenda culturala","link":"https:\/\/revistacultura.ro\/agenda\/category\/agenda-cultura\/"},"img":{"alt_text":"","src":"","width":0,"height":0},"classes":[]},{"id":19494,"url":"https:\/\/revistacultura.ro\/agenda\/2014\/10\/gala-premiilor-contemporanul-%c2%b7-2014\/","url_meta":{"origin":20107,"position":4},"title":"Gala Premiilor Contemporanul \u00b7 2014","author":"Revista","date":"23 octombrie 2014","format":false,"excerpt":"Gala Premiilor Contemporanul \u00b7 2014 Academia Rom\u00e2n\u0103, Ministerul Culturii, Funda\u021bia Dignitas \u0219i revista Contemporanul au organizat \u00een data de 16 octombrie 2014, la ora 15.00, Gala Premiilor Contemporanul . Desf\u0103\u0219urat \u00eentr-o vil\u0103 somptuoas\u0103 din centrul vechi al capitalei \u2013 sediul Funda\u021biei Dignitas din str. Anton Pann nr. 21 \u2013 acest\u2026","rel":"","context":"\u00cen \u201eAgenda culturala\u201d","block_context":{"text":"Agenda culturala","link":"https:\/\/revistacultura.ro\/agenda\/category\/agenda-cultura\/"},"img":{"alt_text":"","src":"","width":0,"height":0},"classes":[]},{"id":20188,"url":"https:\/\/revistacultura.ro\/agenda\/2019\/10\/cercetarea-economica-intr-o-conferinta-internationala-la-academia-romana\/","url_meta":{"origin":20107,"position":5},"title":"Cercetarea economic\u0103 \u00eentr-o conferin\u021b\u0103 interna\u021bional\u0103 la Academia Rom\u00e2n\u0103","author":"Cultura","date":"9 octombrie 2019","format":false,"excerpt":"Academia Rom\u00e2n\u0103 g\u0103zduie\u0219te \u00een perioada 10-11 octombrie 2019 cea de a VI-a edi\u021bie a conferin\u021bei interna\u021bionale Economic Scientific Research \u2013 Theoretical, Empirical and Practical Approaches (ESPERA 2019). Deschiderea conferin\u021bei va avea loc joi, 10 octombrie, \u00een Aula Academiei Rom\u00e2ne (Calea Victoriei nr. 125, Bucure\u0219ti), \u00eencep\u00e2nd cu ora 10. Conferin\u021ba, organizat\u0103\u2026","rel":"","context":"\u00cen \u201ecomunicate\u201d","block_context":{"text":"comunicate","link":"https:\/\/revistacultura.ro\/agenda\/category\/comunicate\/"},"img":{"alt_text":"","src":"https:\/\/i0.wp.com\/revistacultura.ro\/agenda\/wp-content\/uploads\/2019\/10\/i1010-ESPERA.jpg?resize=350%2C200&ssl=1","width":350,"height":200},"classes":[]}],"_links":{"self":[{"href":"https:\/\/revistacultura.ro\/agenda\/wp-json\/wp\/v2\/posts\/20107","targetHints":{"allow":["GET"]}}],"collection":[{"href":"https:\/\/revistacultura.ro\/agenda\/wp-json\/wp\/v2\/posts"}],"about":[{"href":"https:\/\/revistacultura.ro\/agenda\/wp-json\/wp\/v2\/types\/post"}],"author":[{"embeddable":true,"href":"https:\/\/revistacultura.ro\/agenda\/wp-json\/wp\/v2\/users\/1"}],"replies":[{"embeddable":true,"href":"https:\/\/revistacultura.ro\/agenda\/wp-json\/wp\/v2\/comments?post=20107"}],"version-history":[{"count":3,"href":"https:\/\/revistacultura.ro\/agenda\/wp-json\/wp\/v2\/posts\/20107\/revisions"}],"predecessor-version":[{"id":20111,"href":"https:\/\/revistacultura.ro\/agenda\/wp-json\/wp\/v2\/posts\/20107\/revisions\/20111"}],"wp:featuredmedia":[{"embeddable":true,"href":"https:\/\/revistacultura.ro\/agenda\/wp-json\/wp\/v2\/media\/20108"}],"wp:attachment":[{"href":"https:\/\/revistacultura.ro\/agenda\/wp-json\/wp\/v2\/media?parent=20107"}],"wp:term":[{"taxonomy":"category","embeddable":true,"href":"https:\/\/revistacultura.ro\/agenda\/wp-json\/wp\/v2\/categories?post=20107"},{"taxonomy":"post_tag","embeddable":true,"href":"https:\/\/revistacultura.ro\/agenda\/wp-json\/wp\/v2\/tags?post=20107"}],"curies":[{"name":"wp","href":"https:\/\/api.w.org\/{rel}","templated":true}]}}