{"id":20099,"date":"2019-07-02T20:06:00","date_gmt":"2019-07-02T17:06:00","guid":{"rendered":"http:\/\/revistacultura.ro\/agenda\/?p=20099"},"modified":"2019-07-02T20:06:00","modified_gmt":"2019-07-02T17:06:00","slug":"dezacord-violenta-unui-tata-de-celine-raphael","status":"publish","type":"post","link":"https:\/\/revistacultura.ro\/agenda\/2019\/07\/dezacord-violenta-unui-tata-de-celine-raphael\/","title":{"rendered":"Dezacord \u2013 Violen\u021ba unui tat\u0103 de C\u00e9line Rapha\u00ebl"},"content":{"rendered":"<p><em>Dezacord \u2013 Violen\u021ba unui tat\u0103<\/em> face parte din colec\u021bia \u201eRezilien\u021b\u0103 \u0219i speran\u021b\u0103\u201c, volum ap\u0103rut la editura Spandugino. <em>Dezacord<\/em> este un roman complex \u0219i captivant, o m\u0103rturie a copil\u0103riei pierdute, a sacrificiilor \u00een numele unui vis impus de c\u0103tre un tat\u0103 abuziv \u0219i perfec\u021bionist.<\/p>\n<p>Autoarea romanului, C\u00e9line Rapha\u00ebl, este protagonista central\u0103, o victim\u0103 a multor ani de violen\u021b\u0103 fizic\u0103 \u0219i psihic\u0103 petrecut\u0103 \u00een intimitatea unei familii \u00een care imaginea \u0219i prestigiul sunt mai presus de orice. \u00cenchis\u0103 \u00eentre cei patru pere\u021bi, eroina exerseaz\u0103 zi de zi pentru a str\u0103luci \u00een fa\u021ba publicului, iar pianul devine dintr-un instrument nobil \u0219i delicat cel mai mare co\u0219mar care \u00eei b\u00e2ntuie copil\u0103ria. Dup\u0103 mul\u021bi ani de tortur\u0103 fizic\u0103 \u0219i psihic\u0103, timp \u00een care era \u021binut\u0103 captiv\u0103, pedepsit\u0103, nem\u00e2ncat\u0103 \u0219i maltratat\u0103 de propriul tat\u0103, eroina noastr\u0103 rupe t\u0103cerea \u0219i a\u0219terne \u00een fa\u021ba cititorilor pagini pline de suferin\u021b\u0103 care emo\u021bioneaz\u0103 p\u00e2n\u0103 la lacrimi. Victima\u00a0 copil\u0103riei pierdute, ast\u0103zi medic \u0219i doctor \u00een \u0219tiin\u021be, nu se mul\u021bume\u0219te doar cu povestea \u00eemp\u0103rt\u0103\u0219it\u0103, paginile romanului fiind mult prea mici pentru a descrie cu adev\u0103rat ororile la care era supus\u0103 de propriul tat\u0103. C\u00e9line Rapha\u00ebl merge mult mai departe \u0219i militeaz\u0103 pentru protejarea celor mai frumo\u0219i ani ai vie\u021bii \u2013 copil\u0103ria\u2013, \u0219i lupt\u0103 pentru o mai bun\u0103 preg\u0103tire a speciali\u0219tilor \u00een s\u0103n\u0103tate, precum \u0219i pentru depistarea cazurilor \u00een care copiii sunt supu\u0219i violen\u021bei fizice \u0219i psihice.<\/p>\n<p><em>Dezacord \u2013 violen\u021ba unui tat\u0103<\/em> nu este doar un roman al reconstruirii unei experien\u021be traumatice, ci \u0219i unul al luptei permanente pentru supravie\u021buire, un roman al conflictelor interioare \u0219i al viselor spulberate de fiecare atingere a clapelor pianului.<\/p>\n","protected":false},"excerpt":{"rendered":"<p>Dezacord \u2013 Violen\u021ba unui tat\u0103 face parte din colec\u021bia \u201eRezilien\u021b\u0103 \u0219i speran\u021b\u0103\u201c, volum ap\u0103rut la editura Spandugino. Dezacord este un roman complex \u0219i captivant, o m\u0103rturie a copil\u0103riei pierdute, a sacrificiilor \u00een numele unui vis impus de c\u0103tre un tat\u0103 abuziv \u0219i perfec\u021bionist. Autoarea romanului, C\u00e9line Rapha\u00ebl, este protagonista central\u0103, o victim\u0103 a multor ani&hellip;&nbsp;<a href=\"https:\/\/revistacultura.ro\/agenda\/2019\/07\/dezacord-violenta-unui-tata-de-celine-raphael\/\" rel=\"bookmark\">Cite\u0219te mai mult &raquo;<span class=\"screen-reader-text\">Dezacord \u2013 Violen\u021ba unui tat\u0103 de C\u00e9line Rapha\u00ebl<\/span><\/a><\/p>\n","protected":false},"author":19,"featured_media":0,"comment_status":"open","ping_status":"open","sticky":false,"template":"","format":"standard","meta":{"neve_meta_sidebar":"","neve_meta_container":"","neve_meta_enable_content_width":"","neve_meta_content_width":0,"neve_meta_title_alignment":"","neve_meta_author_avatar":"","neve_post_elements_order":"","neve_meta_disable_header":"","neve_meta_disable_footer":"","neve_meta_disable_title":"","jetpack_post_was_ever_published":false,"_jetpack_newsletter_access":"","_jetpack_dont_email_post_to_subs":false,"_jetpack_newsletter_tier_id":0,"_jetpack_memberships_contains_paywalled_content":false,"_jetpack_memberships_contains_paid_content":false,"footnotes":"","jetpack_publicize_message":"","jetpack_publicize_feature_enabled":true,"jetpack_social_post_already_shared":true,"jetpack_social_options":{"image_generator_settings":{"template":"highway","default_image_id":0,"font":"","enabled":false},"version":2}},"categories":[152],"tags":[],"class_list":["post-20099","post","type-post","status-publish","format-standard","hentry","category-agenda-cultura"],"jetpack_publicize_connections":[],"jetpack_featured_media_url":"","jetpack_sharing_enabled":true,"jetpack-related-posts":[{"id":19208,"url":"https:\/\/revistacultura.ro\/agenda\/2014\/07\/emilian-galaicu-paun-tesut-viu-10x10\/","url_meta":{"origin":20099,"position":0},"title":"Emilian Galaicu-P\u0103un, \u0162esut viu.10&#215;10","author":"Revista","date":"10 iulie 2014","format":false,"excerpt":"\u00a0 Romanul autofic\u0163ional \u0162esut viu. 10x10 (2011), reeditat de cur\u00e2nd la Editura Cartier, este un omagiu formal adus unor scrieri \u00een baza zece (Decalogul, Decameronul lui Boccaccio) sau patent neliniare (\u015eotron de Julio Cort\u00e1zar, \u00een stilul c\u0103ruia autorul ofer\u0103 o hart\u0103 de lectur\u0103 care nu coincide cu aceea a sumarului).\u2026","rel":"","context":"\u00cen \u201eAparitii editoriale\u201d","block_context":{"text":"Aparitii editoriale","link":"https:\/\/revistacultura.ro\/agenda\/category\/aparitii-editoriale\/"},"img":{"alt_text":"","src":"","width":0,"height":0},"classes":[]},{"id":21660,"url":"https:\/\/revistacultura.ro\/agenda\/2026\/02\/a-aparut-trailerul-filmului-cazul-samca-in-curand-pe-ecrane\/","url_meta":{"origin":20099,"position":1},"title":"A ap\u0103rut trailerul filmului \u201eCazul Samca\u201d &#8211; \u00een cur\u00e2nd pe ecrane","author":"Cultura","date":"1 februarie 2026","format":false,"excerpt":"Echipa care a realizat filmul \u201eClasat\u201d, una dintre cele mai mari surprize cinematografice din ultimii ani, anun\u021b\u0103 finalizarea noului proiect, \u201eCazul Samca\u201d, primul true-crime rom\u00e2nesc. Din 20 februarie, filmul va fi disponibil \u00een cinematografe. https:\/\/www.youtube.com\/watch?v=5uuYRCDuyCA La 15 ani dup\u0103 trei crime bizare care au zguduit un ora\u0219 de provincie, o\u2026","rel":"","context":"\u00cen \u201eFilme noi\u201d","block_context":{"text":"Filme noi","link":"https:\/\/revistacultura.ro\/agenda\/category\/filme-noi\/"},"img":{"alt_text":"","src":"https:\/\/i0.wp.com\/revistacultura.ro\/agenda\/wp-content\/uploads\/2026\/02\/cazul_samca.webp?resize=350%2C200&ssl=1","width":350,"height":200,"srcset":"https:\/\/i0.wp.com\/revistacultura.ro\/agenda\/wp-content\/uploads\/2026\/02\/cazul_samca.webp?resize=350%2C200&ssl=1 1x, https:\/\/i0.wp.com\/revistacultura.ro\/agenda\/wp-content\/uploads\/2026\/02\/cazul_samca.webp?resize=525%2C300&ssl=1 1.5x, https:\/\/i0.wp.com\/revistacultura.ro\/agenda\/wp-content\/uploads\/2026\/02\/cazul_samca.webp?resize=700%2C400&ssl=1 2x"},"classes":[]},{"id":21758,"url":"https:\/\/revistacultura.ro\/agenda\/2026\/03\/expozitie-eveniment-la-mnac-plecat-fotografii-din-emigratia-romaneasca\/","url_meta":{"origin":20099,"position":2},"title":"Expozi\u021bie-eveniment la MNAC. \u201ePlecat\u201d &#8211; fotografii din emigra\u021bia rom\u00e2neasc\u0103","author":"Cultura","date":"15 martie 2026","format":false,"excerpt":"Muzeul Na\u021bional de Art\u0103 Contemporan\u0103 (MNAC) din Bucure\u0219ti a programat expozi\u021bia de fotografie documentar\u0103 \u00abPlecat\u00bb, semnat\u0103 de fotograful Cosmin Bumbu\u021b \u0219i jurnalista Elena Stancu. Evenimentul va avea loc \u00eentre 19 martie \u0219i 19 aprilie 2026, cu un vernisaj programat pentru 19 martie, ora 18:30. Expozi\u021bia exploreaz\u0103 tema migra\u021biei rom\u00e2ne\u0219ti \u00een\u2026","rel":"","context":"\u00cen \u201eAgenda culturala\u201d","block_context":{"text":"Agenda culturala","link":"https:\/\/revistacultura.ro\/agenda\/category\/agenda-cultura\/"},"img":{"alt_text":"","src":"https:\/\/i0.wp.com\/revistacultura.ro\/agenda\/wp-content\/uploads\/2026\/03\/002_Foto_Cosmin-Bumbut_Teleleu.webp?resize=350%2C200&ssl=1","width":350,"height":200,"srcset":"https:\/\/i0.wp.com\/revistacultura.ro\/agenda\/wp-content\/uploads\/2026\/03\/002_Foto_Cosmin-Bumbut_Teleleu.webp?resize=350%2C200&ssl=1 1x, https:\/\/i0.wp.com\/revistacultura.ro\/agenda\/wp-content\/uploads\/2026\/03\/002_Foto_Cosmin-Bumbut_Teleleu.webp?resize=525%2C300&ssl=1 1.5x, https:\/\/i0.wp.com\/revistacultura.ro\/agenda\/wp-content\/uploads\/2026\/03\/002_Foto_Cosmin-Bumbut_Teleleu.webp?resize=700%2C400&ssl=1 2x"},"classes":[]},{"id":19380,"url":"https:\/\/revistacultura.ro\/agenda\/2014\/09\/liviu-radu-spaime\/","url_meta":{"origin":20099,"position":3},"title":"Liviu Radu, &#8222;Spaime&#8221;","author":"Revista","date":"11 septembrie 2014","format":false,"excerpt":"Spaime este a patra carte publicat\u0103 de Liviu Radu la Nemira \u00een ultimii doi ani, dup\u0103 Armata moliilor (2012) \u015fi La galop prin piramid\u0103 (2013), primele dou\u0103 volume din seria light fantasy Taravik, \u015fi culegerea de povestiri fantastice Golem, golem (2014); asta pentru a nu mai vorbi de numeroasele colabor\u0103ri\u2026","rel":"","context":"\u00cen \u201eAparitii editoriale\u201d","block_context":{"text":"Aparitii editoriale","link":"https:\/\/revistacultura.ro\/agenda\/category\/aparitii-editoriale\/"},"img":{"alt_text":"","src":"","width":0,"height":0},"classes":[]},{"id":18579,"url":"https:\/\/revistacultura.ro\/agenda\/2014\/04\/nebraska\/","url_meta":{"origin":20099,"position":4},"title":"Nebraska","author":"Revista","date":"3 aprilie 2014","format":false,"excerpt":"Un road-movie plin de for\u0163\u0103 este noul film al lui Alexander Payne, Nebraska (S.U.A., 2013). O c\u0103l\u0103torie dramatic aventuroas\u0103, \u00een care se re\u00eencheag\u0103 rela\u0163ii de familie, se \u00eembl\u00e2nzesc demonii l\u0103untrici \u015fi se redescoper\u0103 bucuriile simple ale vie\u0163ii. Pe muchie de cu\u0163it, \u00eentre comicul de situa\u0163ie \u015fi umbrele care p\u00e2ndesc la\u2026","rel":"","context":"\u00cen \u201eRecomand\u0103ri\u201d","block_context":{"text":"Recomand\u0103ri","link":"https:\/\/revistacultura.ro\/agenda\/category\/recomandarile-cultura\/"},"img":{"alt_text":"","src":"","width":0,"height":0},"classes":[]},{"id":20281,"url":"https:\/\/revistacultura.ro\/agenda\/2019\/11\/30-de-ani-de-teatru-romanesc-intr-un-volum-in-limba-engleza-semnat-de-cristina-modreanu\/","url_meta":{"origin":20099,"position":5},"title":"30 de ani de teatru rom\u00e2nesc \u00eentr-un volum \u00een limba englez\u0103 semnat de Cristina Modreanu","author":"Cultura","date":"6 noiembrie 2019","format":false,"excerpt":"A History of Romanian Theatre from Communism to Capitalism. Children of a Restless Time (\u201eO istorie a teatrului rom\u00e2nesc din comunism c\u0103tre capitalism. Copiii unui timp nelini\u0219tit\u201d), de Cristina Modreanu, este primul volum de sintez\u0103 \u00een limba englez\u0103 dedicat integral teatrului din Rom\u00e2nia \u0219i a ap\u0103rut la editura britanic\u0103 Routledge.\u2026","rel":"","context":"\u00cen \u201eAparitii editoriale\u201d","block_context":{"text":"Aparitii editoriale","link":"https:\/\/revistacultura.ro\/agenda\/category\/aparitii-editoriale\/"},"img":{"alt_text":"","src":"https:\/\/i0.wp.com\/revistacultura.ro\/agenda\/wp-content\/uploads\/2019\/11\/C.-Modreanu-A-History-of-Romanian-Theatre-from-Comunism-to-Capitalism-.jpg?resize=350%2C200&ssl=1","width":350,"height":200,"srcset":"https:\/\/i0.wp.com\/revistacultura.ro\/agenda\/wp-content\/uploads\/2019\/11\/C.-Modreanu-A-History-of-Romanian-Theatre-from-Comunism-to-Capitalism-.jpg?resize=350%2C200&ssl=1 1x, https:\/\/i0.wp.com\/revistacultura.ro\/agenda\/wp-content\/uploads\/2019\/11\/C.-Modreanu-A-History-of-Romanian-Theatre-from-Comunism-to-Capitalism-.jpg?resize=525%2C300&ssl=1 1.5x, https:\/\/i0.wp.com\/revistacultura.ro\/agenda\/wp-content\/uploads\/2019\/11\/C.-Modreanu-A-History-of-Romanian-Theatre-from-Comunism-to-Capitalism-.jpg?resize=700%2C400&ssl=1 2x"},"classes":[]}],"_links":{"self":[{"href":"https:\/\/revistacultura.ro\/agenda\/wp-json\/wp\/v2\/posts\/20099","targetHints":{"allow":["GET"]}}],"collection":[{"href":"https:\/\/revistacultura.ro\/agenda\/wp-json\/wp\/v2\/posts"}],"about":[{"href":"https:\/\/revistacultura.ro\/agenda\/wp-json\/wp\/v2\/types\/post"}],"author":[{"embeddable":true,"href":"https:\/\/revistacultura.ro\/agenda\/wp-json\/wp\/v2\/users\/19"}],"replies":[{"embeddable":true,"href":"https:\/\/revistacultura.ro\/agenda\/wp-json\/wp\/v2\/comments?post=20099"}],"version-history":[{"count":1,"href":"https:\/\/revistacultura.ro\/agenda\/wp-json\/wp\/v2\/posts\/20099\/revisions"}],"predecessor-version":[{"id":20100,"href":"https:\/\/revistacultura.ro\/agenda\/wp-json\/wp\/v2\/posts\/20099\/revisions\/20100"}],"wp:attachment":[{"href":"https:\/\/revistacultura.ro\/agenda\/wp-json\/wp\/v2\/media?parent=20099"}],"wp:term":[{"taxonomy":"category","embeddable":true,"href":"https:\/\/revistacultura.ro\/agenda\/wp-json\/wp\/v2\/categories?post=20099"},{"taxonomy":"post_tag","embeddable":true,"href":"https:\/\/revistacultura.ro\/agenda\/wp-json\/wp\/v2\/tags?post=20099"}],"curies":[{"name":"wp","href":"https:\/\/api.w.org\/{rel}","templated":true}]}}