{"id":19997,"date":"2019-02-28T15:44:42","date_gmt":"2019-02-28T13:44:42","guid":{"rendered":"http:\/\/revistacultura.ro\/agenda\/?p=19997"},"modified":"2019-02-28T15:44:42","modified_gmt":"2019-02-28T13:44:42","slug":"hai-mergi-sau-calatoria-sculptorului-aurel-vlad","status":"publish","type":"post","link":"https:\/\/revistacultura.ro\/agenda\/2019\/02\/hai-mergi-sau-calatoria-sculptorului-aurel-vlad\/","title":{"rendered":"\u201dHai, mergi!\u201d sau c\u0103l\u0103toria sculptorului Aurel Vlad"},"content":{"rendered":"<p align=\"JUSTIFY\"><span style=\"color: #222222;\"><span style=\"font-family: Times New Roman, serif;\"><span style=\"font-size: medium;\">C\u00e2nd: 2 martie \u2013 3 aprilie 2019<\/span><\/span><\/span><\/p>\n<p align=\"JUSTIFY\"><span style=\"color: #222222;\"><span style=\"font-family: Times New Roman, serif;\"><span style=\"font-size: medium;\">Vernisaj: 2 martie, \u00eencep\u00e2nd cu ora 17.00, la parterul Palatului Mogo\u0219oaia, curator M\u0103d\u0103lina Mirea, intrare liber\u0103, de mar\u021bi p\u00e2n\u0103 duminic\u0103, \u00een intervalul orar 9-17. <\/span><\/span><\/span><\/p>\n<p align=\"JUSTIFY\"><a name=\"_GoBack\"><\/a> <span style=\"color: #222222;\"><span style=\"font-family: Times New Roman, serif;\"><span style=\"font-size: medium;\">Lucr\u0103rile sculptorului Aurel Vlad sunt grupate \u00een jurul ideii de c\u0103l\u0103torie, idee pornit\u0103 dintr-o experien\u021b\u0103 personal\u0103, ca o transpunere a durerii \u00eentr-un etern creator, av\u00e2nd modelul c\u0103l\u0103toriei \u00een Infern a lui Dante \u0219i Beatrice. \u201dHai, mergi!\u201d nu este o porunc\u0103, ci mai degrab\u0103 o rug\u0103minte, pornit\u0103 dintr-o revizuire a vie\u021bii sculptorului al\u0103turi de so\u021ba sa artista Elena Lot-Vlad. Sunt lucr\u0103ri cu un impact vizual uria\u0219, care n-au mai fost expuse p\u00e2n\u0103 acum. <\/span><\/span><\/span><\/p>\n","protected":false},"excerpt":{"rendered":"<p>C\u00e2nd: 2 martie \u2013 3 aprilie 2019 Vernisaj: 2 martie, \u00eencep\u00e2nd cu ora 17.00, la parterul Palatului Mogo\u0219oaia, curator M\u0103d\u0103lina Mirea, intrare liber\u0103, de mar\u021bi p\u00e2n\u0103 duminic\u0103, \u00een intervalul orar 9-17. Lucr\u0103rile sculptorului Aurel Vlad sunt grupate \u00een jurul ideii de c\u0103l\u0103torie, idee pornit\u0103 dintr-o experien\u021b\u0103 personal\u0103, ca o transpunere a durerii \u00eentr-un etern creator,&hellip;&nbsp;<a href=\"https:\/\/revistacultura.ro\/agenda\/2019\/02\/hai-mergi-sau-calatoria-sculptorului-aurel-vlad\/\" rel=\"bookmark\">Cite\u0219te mai mult &raquo;<span class=\"screen-reader-text\">\u201dHai, mergi!\u201d sau c\u0103l\u0103toria sculptorului Aurel Vlad<\/span><\/a><\/p>\n","protected":false},"author":1,"featured_media":19998,"comment_status":"open","ping_status":"open","sticky":false,"template":"","format":"standard","meta":{"neve_meta_sidebar":"","neve_meta_container":"","neve_meta_enable_content_width":"","neve_meta_content_width":0,"neve_meta_title_alignment":"","neve_meta_author_avatar":"","neve_post_elements_order":"","neve_meta_disable_header":"","neve_meta_disable_footer":"","neve_meta_disable_title":"","jetpack_post_was_ever_published":false,"_jetpack_newsletter_access":"","_jetpack_dont_email_post_to_subs":false,"_jetpack_newsletter_tier_id":0,"_jetpack_memberships_contains_paywalled_content":false,"_jetpack_memberships_contains_paid_content":false,"footnotes":"","jetpack_publicize_message":"","jetpack_publicize_feature_enabled":true,"jetpack_social_post_already_shared":true,"jetpack_social_options":{"image_generator_settings":{"template":"highway","default_image_id":0,"font":"","enabled":false},"version":2}},"categories":[152],"tags":[],"class_list":["post-19997","post","type-post","status-publish","format-standard","has-post-thumbnail","hentry","category-agenda-cultura"],"jetpack_publicize_connections":[],"jetpack_featured_media_url":"https:\/\/revistacultura.ro\/agenda\/wp-content\/uploads\/2019\/02\/vl.jpg","jetpack_sharing_enabled":true,"jetpack-related-posts":[{"id":18570,"url":"https:\/\/revistacultura.ro\/agenda\/2014\/04\/vlad-eftenie-fotografie-dincolo-de-fotografie\/","url_meta":{"origin":19997,"position":0},"title":"Vlad Eftenie. Fotografie dincolo de fotografie","author":"Revista","date":"3 aprilie 2014","format":false,"excerpt":"Nu sunt fotograf, spune Vlad Eftenie, lector la Universitatea de Arhitectur\u0103 \u015fi Urbanism \u201eIon Mincu\u201c. \u015ei toate fotografiile sale \u00eel contrazic. \u00cel contrazice \u015fi premiul ob\u0163inut de cur\u00e2nd la unul dintre cele mai prestigioase concursuri fotografice din lume, Sony World Photography. Au concurat peste 140 000 de fotografii, din 166\u2026","rel":"","context":"\u00cen \u201eRecomand\u0103ri\u201d","block_context":{"text":"Recomand\u0103ri","link":"https:\/\/revistacultura.ro\/agenda\/category\/recomandarile-cultura\/"},"img":{"alt_text":"","src":"","width":0,"height":0},"classes":[]},{"id":21619,"url":"https:\/\/revistacultura.ro\/agenda\/2026\/03\/berlinul-il-descopera-pe-brancusi\/","url_meta":{"origin":19997,"position":1},"title":"\u00cen sf\u00e2r\u0219it, Berlinul \u00eel descoper\u0103 pe Br\u00e2ncu\u0219i","author":"Cultura","date":"2 martie 2026","format":false,"excerpt":"\u00cen perioada 20 martie \u2013 9 august 2026, Neue Nationalgalerie din Berlin va g\u0103zdui o retrospectiv\u0103 major\u0103 dedicat\u0103 lui Constantin Br\u00e2ncu\u0219i, organizat\u0103 \u00een colaborare cu Centrul Pompidou din Paris. Evenimentul marcheaz\u0103 150 de ani de la na\u0219terea sculptorului \u0219i se desf\u0103\u0219oar\u0103 sub patronajul comun al pre\u0219edin\u021bilor Frank-Walter Steinmeier \u0219i Emmanuel\u2026","rel":"","context":"\u00cen \u201eRecomand\u0103ri\u201d","block_context":{"text":"Recomand\u0103ri","link":"https:\/\/revistacultura.ro\/agenda\/category\/recomandarile-cultura\/"},"img":{"alt_text":"","src":"https:\/\/i0.wp.com\/revistacultura.ro\/agenda\/wp-content\/uploads\/2026\/01\/brancusi_berlin.webp?resize=350%2C200&ssl=1","width":350,"height":200,"srcset":"https:\/\/i0.wp.com\/revistacultura.ro\/agenda\/wp-content\/uploads\/2026\/01\/brancusi_berlin.webp?resize=350%2C200&ssl=1 1x, https:\/\/i0.wp.com\/revistacultura.ro\/agenda\/wp-content\/uploads\/2026\/01\/brancusi_berlin.webp?resize=525%2C300&ssl=1 1.5x, https:\/\/i0.wp.com\/revistacultura.ro\/agenda\/wp-content\/uploads\/2026\/01\/brancusi_berlin.webp?resize=700%2C400&ssl=1 2x"},"classes":[]},{"id":19503,"url":"https:\/\/revistacultura.ro\/agenda\/2014\/11\/sculptura-si-box\/","url_meta":{"origin":19997,"position":2},"title":"Sculptur\u0103 \u015fi box","author":"Revista","date":"1 noiembrie 2014","format":false,"excerpt":"Fabrica de pensule g\u0103zduie\u015fte, p\u00e2n\u0103 pe 6 noiembrie, expozi\u0163ia The Ring a t\u00e2n\u0103rului artist Szil\u00e1rd G\u00e1sp\u00e1r. Sculptorul a debutat \u00een spa\u0163iul Bazis cu un performance de o or\u0103 al c\u0103rei rezultat a fost o nou\u0103 sculptur\u0103. Artistul, care este \u015fi boxer profesionist, a transformat modelarea lutului \u00eentr-un performance ar\u0103t\u00e2nd cum\u2026","rel":"","context":"\u00cen \u201eAgenda culturala\u201d","block_context":{"text":"Agenda culturala","link":"https:\/\/revistacultura.ro\/agenda\/category\/agenda-cultura\/"},"img":{"alt_text":"","src":"https:\/\/i0.wp.com\/revistacultura.ro\/agenda\/wp-content\/uploads\/2014\/11\/Sculptura-si-box.jpg?resize=350%2C200&ssl=1","width":350,"height":200,"srcset":"https:\/\/i0.wp.com\/revistacultura.ro\/agenda\/wp-content\/uploads\/2014\/11\/Sculptura-si-box.jpg?resize=350%2C200&ssl=1 1x, https:\/\/i0.wp.com\/revistacultura.ro\/agenda\/wp-content\/uploads\/2014\/11\/Sculptura-si-box.jpg?resize=525%2C300&ssl=1 1.5x"},"classes":[]},{"id":18398,"url":"https:\/\/revistacultura.ro\/agenda\/2014\/03\/castelul-lui-vlad-tepes\/","url_meta":{"origin":19997,"position":3},"title":"Castelul Lui Vlad \u0162epe\u015f","author":"Revista","date":"27 martie 2014","format":false,"excerpt":"\u00cen Bucure\u015fti, pe strada Candiano Popescu, la num\u0103rul 6, exist\u0103 o cl\u0103dire cu alur\u0103 medieval\u0103 ce poart\u0103 numele de Castelul lui Vlad \u0162epe\u015f. E \u00eens\u0103 o construc\u0163ie mult mai recent\u0103, din perioada expozi\u0163ei din 1906, c\u00e2nd a fost g\u00e2ndit\u0103 pentru a masca un turn de ap\u0103, odat\u0103 cu amenajarea Parcului\u2026","rel":"","context":"\u00cen \u201eAgenda culturala\u201d","block_context":{"text":"Agenda culturala","link":"https:\/\/revistacultura.ro\/agenda\/category\/agenda-cultura\/"},"img":{"alt_text":"","src":"","width":0,"height":0},"classes":[]},{"id":20101,"url":"https:\/\/revistacultura.ro\/agenda\/2019\/07\/istoria-transilvaniei-de-ioan-aurel-pop-si-ioan-bolovan\/","url_meta":{"origin":19997,"position":4},"title":"Istoria Transilvaniei de Ioan Aurel Pop \u0219i Ioan Bolovan","author":"Revista Cultura","date":"2 iulie 2019","format":false,"excerpt":"Ap\u0103rut \u00een anul 2014, \u00een limba rom\u00e2n\u0103, la editura\u00a0 Cluj Napoca, volumul Istoria Transilvaniei este o carte complex\u0103 \u00een care sunt adunate toate bucuriile \u0219i suferin\u021bele tr\u0103ite de-a lungul timpului de mai multe popoare: rom\u00e2ni, maghiari, germani, evrei etc. \u00a0Volumul a fost tradus \u00een limba italian\u0103 de Floarea Maria Pop,\u2026","rel":"","context":"\u00cen \u201eAgenda culturala\u201d","block_context":{"text":"Agenda culturala","link":"https:\/\/revistacultura.ro\/agenda\/category\/agenda-cultura\/"},"img":{"alt_text":"","src":"","width":0,"height":0},"classes":[]},{"id":19864,"url":"https:\/\/revistacultura.ro\/agenda\/2015\/10\/carouselul-lui-andrei-serban\/","url_meta":{"origin":19997,"position":5},"title":"Carouselul lui Andrei Serban","author":"Revista","date":"25 octombrie 2015","format":false,"excerpt":"\u00a0 Cea mai recenta premiera de la Teatrul \u201eBulandra\u201c este Carousel, adaptare de Andrei Serban si Daniela Dima dupa piesa Liliom de Ferenc Molnar si filmul cu acelasi titlu de Fritz Lang. Spectacolul \u201ear putea fi vazut ca politic incorect dintr-o perspectiva feminista, avertizeaza regizorul Andrei Serban. Cum poate Iulia\u2026","rel":"","context":"\u00cen \u201eAgenda culturala\u201d","block_context":{"text":"Agenda culturala","link":"https:\/\/revistacultura.ro\/agenda\/category\/agenda-cultura\/"},"img":{"alt_text":"","src":"https:\/\/i0.wp.com\/revistacultura.ro\/agenda\/wp-content\/uploads\/2015\/10\/Untitled-1.jpg?resize=350%2C200&ssl=1","width":350,"height":200},"classes":[]}],"_links":{"self":[{"href":"https:\/\/revistacultura.ro\/agenda\/wp-json\/wp\/v2\/posts\/19997","targetHints":{"allow":["GET"]}}],"collection":[{"href":"https:\/\/revistacultura.ro\/agenda\/wp-json\/wp\/v2\/posts"}],"about":[{"href":"https:\/\/revistacultura.ro\/agenda\/wp-json\/wp\/v2\/types\/post"}],"author":[{"embeddable":true,"href":"https:\/\/revistacultura.ro\/agenda\/wp-json\/wp\/v2\/users\/1"}],"replies":[{"embeddable":true,"href":"https:\/\/revistacultura.ro\/agenda\/wp-json\/wp\/v2\/comments?post=19997"}],"version-history":[{"count":1,"href":"https:\/\/revistacultura.ro\/agenda\/wp-json\/wp\/v2\/posts\/19997\/revisions"}],"predecessor-version":[{"id":19999,"href":"https:\/\/revistacultura.ro\/agenda\/wp-json\/wp\/v2\/posts\/19997\/revisions\/19999"}],"wp:featuredmedia":[{"embeddable":true,"href":"https:\/\/revistacultura.ro\/agenda\/wp-json\/wp\/v2\/media\/19998"}],"wp:attachment":[{"href":"https:\/\/revistacultura.ro\/agenda\/wp-json\/wp\/v2\/media?parent=19997"}],"wp:term":[{"taxonomy":"category","embeddable":true,"href":"https:\/\/revistacultura.ro\/agenda\/wp-json\/wp\/v2\/categories?post=19997"},{"taxonomy":"post_tag","embeddable":true,"href":"https:\/\/revistacultura.ro\/agenda\/wp-json\/wp\/v2\/tags?post=19997"}],"curies":[{"name":"wp","href":"https:\/\/api.w.org\/{rel}","templated":true}]}}