{"id":19966,"date":"2019-02-17T14:50:26","date_gmt":"2019-02-17T12:50:26","guid":{"rendered":"http:\/\/revistacultura.ro\/agenda\/?p=19966"},"modified":"2019-02-17T14:50:26","modified_gmt":"2019-02-17T12:50:26","slug":"cartierul-creativ-din-bucuresti-la-madrid","status":"publish","type":"post","link":"https:\/\/revistacultura.ro\/agenda\/2019\/02\/cartierul-creativ-din-bucuresti-la-madrid\/","title":{"rendered":"Cartierul Creativ &#8211; din Bucure\u0219ti la Madrid"},"content":{"rendered":"<p>Bucure\u0219tiul este ora\u0219 invitat \u00een cadrul edi\u021biei de anul acesta a\u00a0Madrid Design Festival. O expozi\u021bie dedicat\u0103\u00a0Cartierului Creativ\u00a0va reprezenta Bucure\u0219tiul \u00een programul festivalului de design spaniol. Expozi\u021bia Bucharest Creative Quarter@Madrid Design Festival, un proiect Institutul Cultural Rom\u00e2n \u0219i The Institute, va fi deschis\u0103 publicului \u00een perioada 15 februarie &#8211; 31 martie 2019, la sediul Institutului Cultural Rom\u00e2n din Madrid &#8211; Plaza del Cord\u00f3n, 1.<\/p>\n<p>Expozi\u021bia Bucharest Creative Quarter@Madrid Design Festival propune o plimbare imaginar\u0103 prin care vizitatorul exploreaz\u0103 str\u0103zile Cartierului Creativ din Bucure\u0219ti, descoper\u0103 pove\u0219tile designerilor, arhitec\u021bilor, arti\u0219tilor \u0219i creativilor care locuiesc sau \u00ee\u0219i au atelierele \u00een acest spa\u021biu, dar \u0219i modul \u00een care s-au n\u0103scut cele mai hip \u0219i inovatoare business-uri \u0219i spa\u021bii din ora\u0219.<\/p>\n<p>Traseul expozi\u0163ional cuprinde categorii precum art\u0103, muzic\u0103, fashion, magazine, designeri, arte performative, spa\u021bii alternative \u0219i huburi, cafenele sau baruri, precum \u0219i o selec\u021bie de obiecte semnate de arti\u015fti locali &#8211; Saddo, M\u0103d\u0103lina Teler (De Ceramic\u0103), Ana B\u0103nic\u0103, Mona Vulpoiu (Utopic), o \u00eenregistrare marca Electric Brother, precum \u0219i o serie de obiecte de design rom\u00e2nesc contemporan din portofoliul magazinelor Dizain\u0103r (Ubikubi, Ceramic Sparrow \u0219i RUSBO) sau Me\u0219teshukar ButiQ (Radu Abraham). Toate acestea sunt completate de materiale video semnate de Carmen Sec\u0103reanu, Ioana Ciolacu, Adelina Ivan, AFMF \u0219i Entrance.<\/p>\n<p>Edi\u0163ia a doua a\u00a0Madrid Design Festival are loc \u00een perioada 1-28 februarie 2019. Sub sloganul \u201eRedesign the World\u201d, Madrid Design Festival \u015fi-a propus s\u0103 devin\u0103 un reper \u00een calendarul celor mai mari evenimente ce onoreaz\u0103 designerii, brandurile \u015fi institu\u0163iile creative, dar \u015fi expunerea interna\u0163ional\u0103 a designului local \u015fi na\u0163ional.<\/p>\n","protected":false},"excerpt":{"rendered":"<p>Bucure\u0219tiul este ora\u0219 invitat \u00een cadrul edi\u021biei de anul acesta a\u00a0Madrid Design Festival. O expozi\u021bie dedicat\u0103\u00a0Cartierului Creativ\u00a0va reprezenta Bucure\u0219tiul \u00een programul festivalului de design spaniol. Expozi\u021bia Bucharest Creative Quarter@Madrid Design Festival, un proiect Institutul Cultural Rom\u00e2n \u0219i The Institute, va fi deschis\u0103 publicului \u00een perioada 15 februarie &#8211; 31 martie 2019, la sediul Institutului Cultural&hellip;&nbsp;<a href=\"https:\/\/revistacultura.ro\/agenda\/2019\/02\/cartierul-creativ-din-bucuresti-la-madrid\/\" rel=\"bookmark\">Cite\u0219te mai mult &raquo;<span class=\"screen-reader-text\">Cartierul Creativ &#8211; din Bucure\u0219ti la Madrid<\/span><\/a><\/p>\n","protected":false},"author":1,"featured_media":19967,"comment_status":"open","ping_status":"open","sticky":false,"template":"","format":"standard","meta":{"neve_meta_sidebar":"","neve_meta_container":"","neve_meta_enable_content_width":"","neve_meta_content_width":0,"neve_meta_title_alignment":"","neve_meta_author_avatar":"","neve_post_elements_order":"","neve_meta_disable_header":"","neve_meta_disable_footer":"","neve_meta_disable_title":"","jetpack_post_was_ever_published":false,"_jetpack_newsletter_access":"","_jetpack_dont_email_post_to_subs":false,"_jetpack_newsletter_tier_id":0,"_jetpack_memberships_contains_paywalled_content":false,"_jetpack_memberships_contains_paid_content":false,"footnotes":"","jetpack_publicize_message":"","jetpack_publicize_feature_enabled":true,"jetpack_social_post_already_shared":true,"jetpack_social_options":{"image_generator_settings":{"template":"highway","default_image_id":0,"font":"","enabled":false},"version":2}},"categories":[885],"tags":[],"class_list":["post-19966","post","type-post","status-publish","format-standard","has-post-thumbnail","hentry","category-semnal"],"jetpack_publicize_connections":[],"jetpack_featured_media_url":"https:\/\/revistacultura.ro\/agenda\/wp-content\/uploads\/2019\/02\/ccmadrid.jpg","jetpack_sharing_enabled":true,"jetpack-related-posts":[{"id":21831,"url":"https:\/\/revistacultura.ro\/agenda\/2026\/04\/bucharest-design-week-devine-bucharest-design-festival-in-mai\/","url_meta":{"origin":19966,"position":0},"title":"Bucharest Design Week devine Bucharest Design Festival: \u00een mai","author":"Cultura","date":"6 aprilie 2026","format":false,"excerpt":"Prima edi\u021bie a festivalului se deschide pe 20 mai, la Muzeul Na\u021bional Cotroceni, cu expozi\u021bia ,,BDF Highlights: Branding Romania Through Creativity\u201d. Evenimentele vor avea ca dat\u0103 de final 21 iunie. Bucharest Design Festival 2026 se va desf\u0103\u0219ura sub \u00cenaltul Patronaj al Pre\u0219edintelui Rom\u00e2niei, Nicu\u0219or Dan. Aceast\u0103 rela\u021bie recunoa\u0219te festivalul ca\u2026","rel":"","context":"\u00cen \u201ecomunicate\u201d","block_context":{"text":"comunicate","link":"https:\/\/revistacultura.ro\/agenda\/category\/comunicate\/"},"img":{"alt_text":"","src":"https:\/\/i0.wp.com\/revistacultura.ro\/agenda\/wp-content\/uploads\/2026\/04\/BDF_2026.webp?resize=350%2C200&ssl=1","width":350,"height":200,"srcset":"https:\/\/i0.wp.com\/revistacultura.ro\/agenda\/wp-content\/uploads\/2026\/04\/BDF_2026.webp?resize=350%2C200&ssl=1 1x, https:\/\/i0.wp.com\/revistacultura.ro\/agenda\/wp-content\/uploads\/2026\/04\/BDF_2026.webp?resize=525%2C300&ssl=1 1.5x, https:\/\/i0.wp.com\/revistacultura.ro\/agenda\/wp-content\/uploads\/2026\/04\/BDF_2026.webp?resize=700%2C400&ssl=1 2x"},"classes":[]},{"id":19607,"url":"https:\/\/revistacultura.ro\/agenda\/2014\/12\/suvenir-de-bucuresti-editia-de-iarna-elite-art-gallery\/","url_meta":{"origin":19966,"position":1},"title":"Suvenir de Bucure\u015fti &#8211; edi\u0163ia de iarn\u0103. Elite Art Gallery","author":"Revista","date":"12 decembrie 2014","format":false,"excerpt":"\u00a0 Expozi\u0163ie de pictur\u0103, grafic\u0103 \u015fi art\u0103 decorativ\u0103 Elite Art Gallery \u2013 Str. Academiei nr. 15, Bucure\u015fti \u00cencep\u00e2nd din 2010, Elite Art Gallery a dezvoltat proiectul Suvenir de Bucure\u015fti \u00een diverse maniere: concurs de crea\u0163ie, implic\u00e2nd studen\u0163i ai Universit\u0103\u0163ii de Arte Bucure\u015fti \u015fi tineri arti\u015fti, expozi\u0163ii bianuale tematice denumite Suvenir\u2026","rel":"","context":"\u00cen \u201eAgenda culturala\u201d","block_context":{"text":"Agenda culturala","link":"https:\/\/revistacultura.ro\/agenda\/category\/agenda-cultura\/"},"img":{"alt_text":"","src":"https:\/\/i0.wp.com\/revistacultura.ro\/agenda\/wp-content\/uploads\/2014\/12\/Untitled-12.jpg?resize=350%2C200&ssl=1","width":350,"height":200},"classes":[]},{"id":21335,"url":"https:\/\/revistacultura.ro\/agenda\/2025\/08\/expozitii-dedicate-restaurarii-la-muzeul-national-de-istorie\/","url_meta":{"origin":19966,"position":2},"title":"Expozi\u021bii dedicate restaur\u0103rii la Muzeul Na\u021bional de Istorie","author":"Revista Cultura","date":"26 august 2025","format":false,"excerpt":"Muzeul Na\u021bional de Istorie a Rom\u00e2niei marcheaz\u0103 o jum\u0103tate de secol de la \u00eenfiin\u021barea laboratoarelor zonale de restaurare din Rom\u00e2nia prin deschiderea a dou\u0103 expozi\u021bii remarcabile: Conservarea-restaurarea picturilor din colec\u021bia MNIR \u0219i Expozi\u021bia Na\u021bional\u0103 de Postere \u0218tiin\u021bifice \u201eConservare \u2013 Restaurare \u2013 Investiga\u021bii\u201d. Evenimentul face parte din proiectul aniversar RE.MNIR, dedicat\u2026","rel":"","context":"\u00cen \u201eAgenda culturala\u201d","block_context":{"text":"Agenda culturala","link":"https:\/\/revistacultura.ro\/agenda\/category\/agenda-cultura\/"},"img":{"alt_text":"","src":"https:\/\/i0.wp.com\/revistacultura.ro\/agenda\/wp-content\/uploads\/2025\/08\/afis_mnir_restaurare.webp?resize=350%2C200&ssl=1","width":350,"height":200,"srcset":"https:\/\/i0.wp.com\/revistacultura.ro\/agenda\/wp-content\/uploads\/2025\/08\/afis_mnir_restaurare.webp?resize=350%2C200&ssl=1 1x, https:\/\/i0.wp.com\/revistacultura.ro\/agenda\/wp-content\/uploads\/2025\/08\/afis_mnir_restaurare.webp?resize=525%2C300&ssl=1 1.5x, https:\/\/i0.wp.com\/revistacultura.ro\/agenda\/wp-content\/uploads\/2025\/08\/afis_mnir_restaurare.webp?resize=700%2C400&ssl=1 2x"},"classes":[]},{"id":20228,"url":"https:\/\/revistacultura.ro\/agenda\/2019\/10\/in-perioada-17-octombrie-3-noiembrie-2019-expozitia-arhitectura-interbelica-a-bucurestiului-si-regalitatea-va-fi-deschisa-publicului-larg-la-muzeul-national-al-taranului-r\/","url_meta":{"origin":19966,"position":3},"title":"\u00cen perioada 17 octombrie \u2013 3 noiembrie 2019, expozi\u0163ia \u201eArhitectura Interbelic\u0103 a Bucure\u015ftiului \u0219i Regalitatea\u201d va fi deschis\u0103 publicului larg la Muzeul Na\u0163ional al \u0162\u0103ranului Rom\u00e2n, Sala Irina Nicolau.","author":"Cultura","date":"21 octombrie 2019","format":false,"excerpt":"\u00a0 \u00a0 \u00a0 \u00a0 \u00a0 \u00a0 \u00a0 \u201eSub Auspiciile Familiei Regale a Rom\u00e2niei\u201d, Centrul de Excelen\u021b\u0103 \u00een Arhitectur\u0103, Arte \u0219i Audiovizual, al\u0103turi de Filiala Teritorial\u0103 Bucure\u015fti a Ordinului Arhitec\u0163ilor din Rom\u00e2nia \u0219i Uniunea Arhitec\u021bilor din Rom\u00e2nia, \u00een parteneriat cu Muzeul Na\u0163ional al \u0162\u0103ranului Rom\u00e2n, are onoarea s\u0103 v\u0103 invite la\u2026","rel":"","context":"\u00cen \u201eSemnal\u201d","block_context":{"text":"Semnal","link":"https:\/\/revistacultura.ro\/agenda\/category\/semnal\/"},"img":{"alt_text":"","src":"https:\/\/i0.wp.com\/revistacultura.ro\/agenda\/wp-content\/uploads\/2019\/10\/Afis-MNTR-17-OCTOMBRIE-2019-Copy-1-1.jpg?resize=350%2C200&ssl=1","width":350,"height":200,"srcset":"https:\/\/i0.wp.com\/revistacultura.ro\/agenda\/wp-content\/uploads\/2019\/10\/Afis-MNTR-17-OCTOMBRIE-2019-Copy-1-1.jpg?resize=350%2C200&ssl=1 1x, https:\/\/i0.wp.com\/revistacultura.ro\/agenda\/wp-content\/uploads\/2019\/10\/Afis-MNTR-17-OCTOMBRIE-2019-Copy-1-1.jpg?resize=525%2C300&ssl=1 1.5x, https:\/\/i0.wp.com\/revistacultura.ro\/agenda\/wp-content\/uploads\/2019\/10\/Afis-MNTR-17-OCTOMBRIE-2019-Copy-1-1.jpg?resize=700%2C400&ssl=1 2x"},"classes":[]},{"id":21599,"url":"https:\/\/revistacultura.ro\/agenda\/2025\/12\/sabinne-10-meet-the-artist\/","url_meta":{"origin":19966,"position":4},"title":"Sabinne 10 Meet the Artist @ MNLR","author":"Cultura","date":"18 decembrie 2025","format":false,"excerpt":"2-19 decembrie 2025 Muzeul Na\u021bional al Literaturii Rom\u00e2ne a organizat \u00een colaborare cu artista Sabina Georgescu, \u00een data de 2 decembrie 2025, \u00een cadrul expozi\u021biei SABINNE 10, la sediul s\u0103u din str. Nicolae Cre\u021bulescu 8, evenimentul Meet the artist, dedicat celebr\u0103rii \u00eemplinirii a 10 ani de activitate a brandului SABINNE,\u2026","rel":"","context":"\u00cen \u201eProiecte sus\u021binute de revista CULTURA\u201d","block_context":{"text":"Proiecte sus\u021binute de revista CULTURA","link":"https:\/\/revistacultura.ro\/agenda\/category\/parteneriate\/"},"img":{"alt_text":"","src":"https:\/\/i0.wp.com\/revistacultura.ro\/agenda\/wp-content\/uploads\/2025\/12\/sabinne-10-mnlr.webp?resize=350%2C200&ssl=1","width":350,"height":200,"srcset":"https:\/\/i0.wp.com\/revistacultura.ro\/agenda\/wp-content\/uploads\/2025\/12\/sabinne-10-mnlr.webp?resize=350%2C200&ssl=1 1x, https:\/\/i0.wp.com\/revistacultura.ro\/agenda\/wp-content\/uploads\/2025\/12\/sabinne-10-mnlr.webp?resize=525%2C300&ssl=1 1.5x, https:\/\/i0.wp.com\/revistacultura.ro\/agenda\/wp-content\/uploads\/2025\/12\/sabinne-10-mnlr.webp?resize=700%2C400&ssl=1 2x"},"classes":[]},{"id":19918,"url":"https:\/\/revistacultura.ro\/agenda\/2017\/08\/cotroceni-creativ-concurs-de-design-de-obiect-organizat-de-muzeul-national-cotroceni\/","url_meta":{"origin":19966,"position":5},"title":"Cotroceni Creativ &#8211; Concurs de design de obiect organizat de Muzeul Na\u021bional Cotroceni","author":"Cultura","date":"3 august 2017","format":false,"excerpt":"\u00a0La concurs pot participa arti\u015fti din zona industriilor creative, profesioni\u015fti, studen\u021bi sau amatori, cu propuneri de obiecte inspirate din\u00a0patrimoniul cultural al Muzeului, fie c\u0103 au \u00een centru figurile istorice asociate cu acesta, sau c\u0103 pornesc de la zona artelor decorative \u0219i plastice.\u00a0 Termenul limit\u0103 de \u00eenscriere la concurs este\u00a025 august\u2026","rel":"","context":"\u00cen \u201eAgenda culturala\u201d","block_context":{"text":"Agenda culturala","link":"https:\/\/revistacultura.ro\/agenda\/category\/agenda-cultura\/"},"img":{"alt_text":"","src":"https:\/\/i0.wp.com\/revistacultura.ro\/agenda\/wp-content\/uploads\/2017\/08\/afis_cotroceni_creativ.jpg?resize=350%2C200&ssl=1","width":350,"height":200,"srcset":"https:\/\/i0.wp.com\/revistacultura.ro\/agenda\/wp-content\/uploads\/2017\/08\/afis_cotroceni_creativ.jpg?resize=350%2C200&ssl=1 1x, https:\/\/i0.wp.com\/revistacultura.ro\/agenda\/wp-content\/uploads\/2017\/08\/afis_cotroceni_creativ.jpg?resize=525%2C300&ssl=1 1.5x"},"classes":[]}],"_links":{"self":[{"href":"https:\/\/revistacultura.ro\/agenda\/wp-json\/wp\/v2\/posts\/19966","targetHints":{"allow":["GET"]}}],"collection":[{"href":"https:\/\/revistacultura.ro\/agenda\/wp-json\/wp\/v2\/posts"}],"about":[{"href":"https:\/\/revistacultura.ro\/agenda\/wp-json\/wp\/v2\/types\/post"}],"author":[{"embeddable":true,"href":"https:\/\/revistacultura.ro\/agenda\/wp-json\/wp\/v2\/users\/1"}],"replies":[{"embeddable":true,"href":"https:\/\/revistacultura.ro\/agenda\/wp-json\/wp\/v2\/comments?post=19966"}],"version-history":[{"count":1,"href":"https:\/\/revistacultura.ro\/agenda\/wp-json\/wp\/v2\/posts\/19966\/revisions"}],"predecessor-version":[{"id":19968,"href":"https:\/\/revistacultura.ro\/agenda\/wp-json\/wp\/v2\/posts\/19966\/revisions\/19968"}],"wp:featuredmedia":[{"embeddable":true,"href":"https:\/\/revistacultura.ro\/agenda\/wp-json\/wp\/v2\/media\/19967"}],"wp:attachment":[{"href":"https:\/\/revistacultura.ro\/agenda\/wp-json\/wp\/v2\/media?parent=19966"}],"wp:term":[{"taxonomy":"category","embeddable":true,"href":"https:\/\/revistacultura.ro\/agenda\/wp-json\/wp\/v2\/categories?post=19966"},{"taxonomy":"post_tag","embeddable":true,"href":"https:\/\/revistacultura.ro\/agenda\/wp-json\/wp\/v2\/tags?post=19966"}],"curies":[{"name":"wp","href":"https:\/\/api.w.org\/{rel}","templated":true}]}}