{"id":19860,"date":"2015-10-16T00:01:23","date_gmt":"2015-10-15T21:01:23","guid":{"rendered":"http:\/\/revistacultura.ro\/agenda\/?p=19860"},"modified":"2015-10-16T00:01:23","modified_gmt":"2015-10-15T21:01:23","slug":"literatura-romana-in-secolul-al-xviii-lea","status":"publish","type":"post","link":"https:\/\/revistacultura.ro\/agenda\/2015\/10\/literatura-romana-in-secolul-al-xviii-lea\/","title":{"rendered":"Literatura romana in secolul al XVIII-lea"},"content":{"rendered":"<p>&nbsp;<\/p>\n<p>In zilele de 9 si 10 octombrie a.c. a avut loc a doua editie a Colocviului national de literatura veche, intitulat Literatura romana in secolul al XVIII-lea. Schimbarea paradigmei literare, manifestare gazduita de Institutul de Istorie si Teorie Literara \u201eG. Calinescu\u201c. Printre participantii la aceasta editie s-au numarat Eugen Simion, cu o conferinta despre Dosoftei, Gheorghe Chivu, director adjunct al Institutului \u201eG. Calinescu\u201c si profesor la Universitatea din capitala, cu o prelegere despre traduceri si traducatori in secolul al XVIII-lea, Eugen Pavel, directorul Institutului de Lingvistica si Istorie Literara \u201eS. Puscariu\u201c din Cluj-Napoca, cu o conferinta despre critica textuala in cultura scrisa. Au mai sustinut prelegeri: Maria Magdalena Sz\u00e9kely, de la Universitatea \u201eAl. I. Cuza\u201c din Iasi, Vasile Tara, de la Universitatea de Vest din Timisoara, Ioana Costa, Ileana Mihaila si Gabriel Mihailescu, de la Universitatea din Bucuresti s.a.<\/p>\n<p>Au fost supusi discutiei autori canonici ai literaturii vechi \u2013 intre care Dimitrie Cantemir (obiect al unei sectiuni special dedicate), Miron Costin si Ion Budai Deleanu \u2013, dar s-a vorbit si despre strategii generale de abordare a textului in literatura veche, despre liturghie ca discurs cu potential literar, despre politica si practica traducerilor, despre prezenta cartilor romanesti in strainatate s.a.<\/p>\n","protected":false},"excerpt":{"rendered":"<p>&nbsp; In zilele de 9 si 10 octombrie a.c. a avut loc a doua editie a Colocviului national de literatura veche, intitulat Literatura romana in secolul al XVIII-lea. Schimbarea paradigmei literare, manifestare gazduita de Institutul de Istorie si Teorie Literara \u201eG. Calinescu\u201c. Printre participantii la aceasta editie s-au numarat Eugen Simion, cu o conferinta despre&hellip;&nbsp;<a href=\"https:\/\/revistacultura.ro\/agenda\/2015\/10\/literatura-romana-in-secolul-al-xviii-lea\/\" rel=\"bookmark\">Cite\u0219te mai mult &raquo;<span class=\"screen-reader-text\">Literatura romana in secolul al XVIII-lea<\/span><\/a><\/p>\n","protected":false},"author":2,"featured_media":19861,"comment_status":"open","ping_status":"open","sticky":false,"template":"","format":"standard","meta":{"neve_meta_sidebar":"","neve_meta_container":"","neve_meta_enable_content_width":"","neve_meta_content_width":0,"neve_meta_title_alignment":"","neve_meta_author_avatar":"","neve_post_elements_order":"","neve_meta_disable_header":"","neve_meta_disable_footer":"","neve_meta_disable_title":"","jetpack_post_was_ever_published":false,"_jetpack_newsletter_access":"","_jetpack_dont_email_post_to_subs":false,"_jetpack_newsletter_tier_id":0,"_jetpack_memberships_contains_paywalled_content":false,"_jetpack_memberships_contains_paid_content":false,"footnotes":"","jetpack_publicize_message":"","jetpack_publicize_feature_enabled":true,"jetpack_social_post_already_shared":true,"jetpack_social_options":{"image_generator_settings":{"template":"highway","default_image_id":0,"font":"","enabled":false},"version":2}},"categories":[152],"tags":[],"class_list":["post-19860","post","type-post","status-publish","format-standard","has-post-thumbnail","hentry","category-agenda-cultura"],"jetpack_publicize_connections":[],"jetpack_featured_media_url":"https:\/\/revistacultura.ro\/agenda\/wp-content\/uploads\/2015\/10\/lit.jpg","jetpack_sharing_enabled":true,"jetpack-related-posts":[{"id":20243,"url":"https:\/\/revistacultura.ro\/agenda\/2019\/10\/mircea-martin-invitat-la-conferintele-idei-in-agora\/","url_meta":{"origin":19860,"position":0},"title":"Video: Mircea Martin invitat la conferin\u021bele Idei \u00een Agora","author":"Cultura","date":"29 octombrie 2019","format":false,"excerpt":"UPDATE: \u00cenregistrarea video a conferin\u021bei \u00a0 Vezi \u0219i: articole de Mircea Martin \u00een revista CULTURA Mircea Martin va sus\u021bine conferin\u021ba cu tema \u201eSitua\u021bia studiilor literare\u201d mar\u021bi, 29 oct., ora 18.00, la Muzeul Municipiului Bucure\u0219ti - Casa Cesianu (pe Calea Victoriei la 151). Intrarea este liber\u0103. Conferin\u021ba poate fi urm\u0103rit\u0103 \u0219i\u2026","rel":"","context":"\u00cen \u201eSemnal\u201d","block_context":{"text":"Semnal","link":"https:\/\/revistacultura.ro\/agenda\/category\/semnal\/"},"img":{"alt_text":"","src":"https:\/\/i0.wp.com\/revistacultura.ro\/agenda\/wp-content\/uploads\/2019\/10\/Afis-Agora-29-oct.jpg?resize=350%2C200&ssl=1","width":350,"height":200,"srcset":"https:\/\/i0.wp.com\/revistacultura.ro\/agenda\/wp-content\/uploads\/2019\/10\/Afis-Agora-29-oct.jpg?resize=350%2C200&ssl=1 1x, https:\/\/i0.wp.com\/revistacultura.ro\/agenda\/wp-content\/uploads\/2019\/10\/Afis-Agora-29-oct.jpg?resize=525%2C300&ssl=1 1.5x, https:\/\/i0.wp.com\/revistacultura.ro\/agenda\/wp-content\/uploads\/2019\/10\/Afis-Agora-29-oct.jpg?resize=700%2C400&ssl=1 2x"},"classes":[]},{"id":20188,"url":"https:\/\/revistacultura.ro\/agenda\/2019\/10\/cercetarea-economica-intr-o-conferinta-internationala-la-academia-romana\/","url_meta":{"origin":19860,"position":1},"title":"Cercetarea economic\u0103 \u00eentr-o conferin\u021b\u0103 interna\u021bional\u0103 la Academia Rom\u00e2n\u0103","author":"Cultura","date":"9 octombrie 2019","format":false,"excerpt":"Academia Rom\u00e2n\u0103 g\u0103zduie\u0219te \u00een perioada 10-11 octombrie 2019 cea de a VI-a edi\u021bie a conferin\u021bei interna\u021bionale Economic Scientific Research \u2013 Theoretical, Empirical and Practical Approaches (ESPERA 2019). Deschiderea conferin\u021bei va avea loc joi, 10 octombrie, \u00een Aula Academiei Rom\u00e2ne (Calea Victoriei nr. 125, Bucure\u0219ti), \u00eencep\u00e2nd cu ora 10. Conferin\u021ba, organizat\u0103\u2026","rel":"","context":"\u00cen \u201ecomunicate\u201d","block_context":{"text":"comunicate","link":"https:\/\/revistacultura.ro\/agenda\/category\/comunicate\/"},"img":{"alt_text":"","src":"https:\/\/i0.wp.com\/revistacultura.ro\/agenda\/wp-content\/uploads\/2019\/10\/i1010-ESPERA.jpg?resize=350%2C200&ssl=1","width":350,"height":200},"classes":[]},{"id":18929,"url":"https:\/\/revistacultura.ro\/agenda\/2014\/05\/titu-maiorescu-opere-jurnal\/","url_meta":{"origin":19860,"position":2},"title":"Titu Maiorescu, Opere. Jurnal","author":"Cultura","date":"21 mai 2014","format":false,"excerpt":"Titu Maiorescu, Opere. Jurnal, volumul I: 1855-1882, edi\u0163ie critic\u0103 coordonat\u0103 de Bogdan Mihai Dasc\u0103lu, prefa\u0163\u0103 de Eugen Simion, Funda\u0163ia Na\u0163ional\u0103 pentru \u015etiin\u0163\u0103 \u015fi Art\u0103, Bucure\u015fti, 2013 \u00centins pe 62 de ani, Jurnalul lui Titu Maiorescu r\u0103m\u0103sese o scriere greu accesibil\u0103 filologic \u015fi cultural. Redactat preponderent \u00een german\u0103, dar \u015fi \u00een\u2026","rel":"","context":"\u00cen \u201eRecomand\u0103ri\u201d","block_context":{"text":"Recomand\u0103ri","link":"https:\/\/revistacultura.ro\/agenda\/category\/recomandarile-cultura\/"},"img":{"alt_text":"","src":"","width":0,"height":0},"classes":[]},{"id":19601,"url":"https:\/\/revistacultura.ro\/agenda\/2014\/12\/mesaje-moralizatoare\/","url_meta":{"origin":19860,"position":3},"title":"Mesaje moralizatoare","author":"Revista","date":"12 decembrie 2014","format":false,"excerpt":"\u00a0 Muzeul Na\u0163ional de Art\u0103 al Rom\u00e2niei a deschis expozi\u0163ia Modele de comportament \u00een secolul al XVIII-lea, cuprinz\u00e2nd o sut\u0103 cincizeci \u015fi \u015fapte de lucr\u0103ri \u201eexpuse pentru prima dat\u0103 \u015fi valorificate dintr-o perspectiv\u0103 interdisciplinar\u0103, definitorie pentru perioada Iluminismului. Majoritatea gravuri, lucr\u0103rile sunt relevante pentru normele de conduit\u0103 \u00een spa\u0163iul public\u2026","rel":"","context":"\u00cen \u201eAgenda culturala\u201d","block_context":{"text":"Agenda culturala","link":"https:\/\/revistacultura.ro\/agenda\/category\/agenda-cultura\/"},"img":{"alt_text":"","src":"https:\/\/i0.wp.com\/revistacultura.ro\/agenda\/wp-content\/uploads\/2014\/12\/Untitled-1.jpg?resize=350%2C200&ssl=1","width":350,"height":200},"classes":[]},{"id":19656,"url":"https:\/\/revistacultura.ro\/agenda\/2015\/01\/despre-educatie-in-perioada-iluminista\/","url_meta":{"origin":19860,"position":4},"title":"Despre educa\u0163ie \u00een perioada iluminist\u0103","author":"Revista","date":"21 ianuarie 2015","format":false,"excerpt":"Muzeul Na\u0163ional de Art\u0103 al Rom\u00e2niei v\u0103 invit\u0103 la expozi\u0163ia Modele de comportament \u00een secolul al XVIII-lea, deschis\u0103 \u00een corpul \u015etirbei al MNAR. Expozi\u0163ia cuprinde o sut\u0103 cincizeci \u015fi \u015fapte de lucr\u0103ri din patrimoniul Muzeului Na\u0163ional de Art\u0103 al Rom\u00e2niei, expuse pentru prima dat\u0103 \u015fi valorificate dintr-o perspectiv\u0103 interdisciplinar\u0103, definitorie\u2026","rel":"","context":"\u00cen \u201eModele de comportament \u00een secolul al XVIII-lea\u201d","block_context":{"text":"Modele de comportament \u00een secolul al XVIII-lea","link":"https:\/\/revistacultura.ro\/agenda\/tag\/modele-de-comportament-in-secolul-al-xviii-lea\/"},"img":{"alt_text":"","src":"https:\/\/i0.wp.com\/revistacultura.ro\/agenda\/wp-content\/uploads\/2015\/01\/Untitled-14.jpg?resize=350%2C200&ssl=1","width":350,"height":200},"classes":[]},{"id":21167,"url":"https:\/\/revistacultura.ro\/agenda\/2024\/12\/elisabeta-bogatan-in-editie-bilingva-la-contemporary-literature-press\/","url_meta":{"origin":19860,"position":5},"title":"Elisabeta Bog\u0103\u021ban \u00een edi\u021bie bilingv\u0103 la Contemporary Literature Press","author":"Cultura","date":"16 decembrie 2024","format":false,"excerpt":"CLP a lansat pe 11 decembrie edi\u021bia bilingv\u0103 rom\u00e2n\u0103-englez\u0103 a volumului Like bullets, moments pass through you \/ Trec prin tine clipele ca ni\u0219te gloan\u021be - Poems, Literary Criticism and Interview \/ Poeme, critic\u0103 literar\u0103 \u0219i interviu, Parallel Texts, Translated into English by \/ Tradus \u00een limba englez\u0103 de Valentina\u2026","rel":"","context":"\u00cen \u201eAparitii editoriale\u201d","block_context":{"text":"Aparitii editoriale","link":"https:\/\/revistacultura.ro\/agenda\/category\/aparitii-editoriale\/"},"img":{"alt_text":"","src":"https:\/\/i0.wp.com\/revistacultura.ro\/agenda\/wp-content\/uploads\/2024\/12\/COPERTA.FINALA.E.B.webp?resize=350%2C200&ssl=1","width":350,"height":200,"srcset":"https:\/\/i0.wp.com\/revistacultura.ro\/agenda\/wp-content\/uploads\/2024\/12\/COPERTA.FINALA.E.B.webp?resize=350%2C200&ssl=1 1x, https:\/\/i0.wp.com\/revistacultura.ro\/agenda\/wp-content\/uploads\/2024\/12\/COPERTA.FINALA.E.B.webp?resize=525%2C300&ssl=1 1.5x, https:\/\/i0.wp.com\/revistacultura.ro\/agenda\/wp-content\/uploads\/2024\/12\/COPERTA.FINALA.E.B.webp?resize=700%2C400&ssl=1 2x"},"classes":[]}],"_links":{"self":[{"href":"https:\/\/revistacultura.ro\/agenda\/wp-json\/wp\/v2\/posts\/19860","targetHints":{"allow":["GET"]}}],"collection":[{"href":"https:\/\/revistacultura.ro\/agenda\/wp-json\/wp\/v2\/posts"}],"about":[{"href":"https:\/\/revistacultura.ro\/agenda\/wp-json\/wp\/v2\/types\/post"}],"author":[{"embeddable":true,"href":"https:\/\/revistacultura.ro\/agenda\/wp-json\/wp\/v2\/users\/2"}],"replies":[{"embeddable":true,"href":"https:\/\/revistacultura.ro\/agenda\/wp-json\/wp\/v2\/comments?post=19860"}],"version-history":[{"count":1,"href":"https:\/\/revistacultura.ro\/agenda\/wp-json\/wp\/v2\/posts\/19860\/revisions"}],"predecessor-version":[{"id":19862,"href":"https:\/\/revistacultura.ro\/agenda\/wp-json\/wp\/v2\/posts\/19860\/revisions\/19862"}],"wp:featuredmedia":[{"embeddable":true,"href":"https:\/\/revistacultura.ro\/agenda\/wp-json\/wp\/v2\/media\/19861"}],"wp:attachment":[{"href":"https:\/\/revistacultura.ro\/agenda\/wp-json\/wp\/v2\/media?parent=19860"}],"wp:term":[{"taxonomy":"category","embeddable":true,"href":"https:\/\/revistacultura.ro\/agenda\/wp-json\/wp\/v2\/categories?post=19860"},{"taxonomy":"post_tag","embeddable":true,"href":"https:\/\/revistacultura.ro\/agenda\/wp-json\/wp\/v2\/tags?post=19860"}],"curies":[{"name":"wp","href":"https:\/\/api.w.org\/{rel}","templated":true}]}}