{"id":19857,"date":"2015-10-15T23:57:55","date_gmt":"2015-10-15T20:57:55","guid":{"rendered":"http:\/\/revistacultura.ro\/agenda\/?p=19857"},"modified":"2015-10-15T23:57:55","modified_gmt":"2015-10-15T20:57:55","slug":"izolare-artistica","status":"publish","type":"post","link":"https:\/\/revistacultura.ro\/agenda\/2015\/10\/izolare-artistica\/","title":{"rendered":"Izolare artistica"},"content":{"rendered":"<p>&nbsp;<\/p>\n<p>Proiectul \u201eArta. Memorie. Restituire\u201c, initiat si sustinut de Biblioteca Judeteana \u201eGeorge Baritiu\u201c Brasov si Asociatia Culturala Artessentia, isi propune sa redescopere semnificatiile uitate ale simbolurilor din arta traditionala din \u00deara Barsei prin arta contemporana. Cum? Izoland opt artisti vizuali intr-un mediu neutru \u2013 atelierele Artessentia \u2013 in care sa aprofundeze, prin disciplina experimentului, simbologia imagistica romaneasca din \u00deara Barsei, prin comparatie cu cea universala.<\/p>\n","protected":false},"excerpt":{"rendered":"<p>&nbsp; Proiectul \u201eArta. Memorie. Restituire\u201c, initiat si sustinut de Biblioteca Judeteana \u201eGeorge Baritiu\u201c Brasov si Asociatia Culturala Artessentia, isi propune sa redescopere semnificatiile uitate ale simbolurilor din arta traditionala din \u00deara Barsei prin arta contemporana. Cum? Izoland opt artisti vizuali intr-un mediu neutru \u2013 atelierele Artessentia \u2013 in care sa aprofundeze, prin disciplina experimentului, simbologia&hellip;&nbsp;<a href=\"https:\/\/revistacultura.ro\/agenda\/2015\/10\/izolare-artistica\/\" rel=\"bookmark\">Cite\u0219te mai mult &raquo;<span class=\"screen-reader-text\">Izolare artistica<\/span><\/a><\/p>\n","protected":false},"author":2,"featured_media":19858,"comment_status":"open","ping_status":"open","sticky":false,"template":"","format":"standard","meta":{"neve_meta_sidebar":"","neve_meta_container":"","neve_meta_enable_content_width":"","neve_meta_content_width":0,"neve_meta_title_alignment":"","neve_meta_author_avatar":"","neve_post_elements_order":"","neve_meta_disable_header":"","neve_meta_disable_footer":"","neve_meta_disable_title":"","jetpack_post_was_ever_published":false,"_jetpack_newsletter_access":"","_jetpack_dont_email_post_to_subs":false,"_jetpack_newsletter_tier_id":0,"_jetpack_memberships_contains_paywalled_content":false,"_jetpack_memberships_contains_paid_content":false,"footnotes":"","jetpack_publicize_message":"","jetpack_publicize_feature_enabled":true,"jetpack_social_post_already_shared":true,"jetpack_social_options":{"image_generator_settings":{"template":"highway","default_image_id":0,"font":"","enabled":false},"version":2}},"categories":[152],"tags":[],"class_list":["post-19857","post","type-post","status-publish","format-standard","has-post-thumbnail","hentry","category-agenda-cultura"],"jetpack_publicize_connections":[],"jetpack_featured_media_url":"https:\/\/revistacultura.ro\/agenda\/wp-content\/uploads\/2015\/10\/expo.jpg","jetpack_sharing_enabled":true,"jetpack-related-posts":[{"id":20721,"url":"https:\/\/revistacultura.ro\/agenda\/2020\/10\/campania-romania-are-nevoie-de-arta\/","url_meta":{"origin":19857,"position":0},"title":"Campania \u201eRom\u00e2nia are nevoie de art\u0103\u201d","author":"Cultura","date":"23 octombrie 2020","format":false,"excerpt":"Pe 25 octombrie, \u00een ziua tradi\u021bionalului Concert Regal caritabil, personalit\u0103\u021bi de elit\u0103 din lumea artei \u0219i a muzicii clasice particip\u0103 \u00een campania Rom\u00e2nia are nevoie de art\u0103 dedicat\u0103 str\u00e2ngerii de fonduri pentru burse oferite tinerilor arti\u0219ti rom\u00e2ni. Pe 25 octombrie 2020, personalit\u0103\u021bi de renume din lumea din artei \u0219i a\u2026","rel":"","context":"\u00cen \u201ecomunicate\u201d","block_context":{"text":"comunicate","link":"https:\/\/revistacultura.ro\/agenda\/category\/comunicate\/"},"img":{"alt_text":"","src":"https:\/\/i0.wp.com\/revistacultura.ro\/agenda\/wp-content\/uploads\/2020\/10\/Ad-patrat-fundatia-regaal.jpg?resize=350%2C200&ssl=1","width":350,"height":200},"classes":[]},{"id":20801,"url":"https:\/\/revistacultura.ro\/agenda\/2021\/10\/diploma-2021-1500-mp-de-arta-contemporana\/","url_meta":{"origin":19857,"position":1},"title":"DIPLOMA 2021. 1500 mp de art\u0103 contemporan\u0103","author":"Cultura","date":"6 octombrie 2021","format":false,"excerpt":"DIPLOMA 2021 cuprinde 92 de lucr\u0103ri din 16 specializ\u0103ri diferite \u2013 de la arhitectur\u0103, pictur\u0103 sau fotografie, la scenografie, mod\u0103 sau lucr\u0103ri de metal, sticl\u0103 \u0219i ceramic\u0103. Vizitatorii vor descoperi prin intermediul festivalului diversitatea, complexitatea \u0219i unicitatea genera\u021biei noi de arti\u0219ti rom\u00e2ni. Lucr\u0103rile pot fi admirate \u00een cele 5 puncte\u2026","rel":"","context":"\u00cen \u201ePrimite la redac\u021bie\u201d","block_context":{"text":"Primite la redac\u021bie","link":"https:\/\/revistacultura.ro\/agenda\/category\/primite-la-redactie\/"},"img":{"alt_text":"","src":"https:\/\/i0.wp.com\/revistacultura.ro\/agenda\/wp-content\/uploads\/2021\/10\/rdw_rp_diploma_2021_web_square_08.jpg?resize=350%2C200&ssl=1","width":350,"height":200,"srcset":"https:\/\/i0.wp.com\/revistacultura.ro\/agenda\/wp-content\/uploads\/2021\/10\/rdw_rp_diploma_2021_web_square_08.jpg?resize=350%2C200&ssl=1 1x, https:\/\/i0.wp.com\/revistacultura.ro\/agenda\/wp-content\/uploads\/2021\/10\/rdw_rp_diploma_2021_web_square_08.jpg?resize=525%2C300&ssl=1 1.5x"},"classes":[]},{"id":18801,"url":"https:\/\/revistacultura.ro\/agenda\/2014\/04\/film-poster-is-not-dead\/","url_meta":{"origin":19857,"position":2},"title":"Film Poster is Not Dead","author":"Revista","date":"17 aprilie 2014","format":false,"excerpt":"O expozitie de afise de film ale studentilor cehi si rom\u00e2ni poate fi vizitata \u00eentre 8 aprilie si 11 mai la Muzeul de Arta din Timisoara. Din interesanta prezentare a interesantei expozitii despre o arta \u00eenfloritoare \u00een anii \u201960-\u201980, arta afisului de film, astazi aproape disparuta prin standardizare comerciala: \u201eCe\u2026","rel":"","context":"\u00cen \u201eAgenda culturala\u201d","block_context":{"text":"Agenda culturala","link":"https:\/\/revistacultura.ro\/agenda\/category\/agenda-cultura\/"},"img":{"alt_text":"","src":"","width":0,"height":0},"classes":[]},{"id":21771,"url":"https:\/\/revistacultura.ro\/agenda\/2026\/03\/catch-me-if-you-can-expozitie-de-arta-stradala\/","url_meta":{"origin":19857,"position":3},"title":"Catch Me If You Can \u2013 Expozi\u021bie de art\u0103 stradal\u0103","author":"Cultura","date":"16 martie 2026","format":false,"excerpt":"\u201eCatch Me If You Can\u201d este expozi\u021bia al c\u0103rei vernisaj are loc joi, 19 martie 2026, ora 18:00, la Galeria Calea Victoriei 91-93, \u00een care se \u00eent\u00e2lnesc practici artistice provenite din zone diferite ale culturii street art: art\u0103 vizual\u0103, tatuaj \u0219i muzic\u0103 hip-hop, reunite printr-un interes comun pentru discursul social\u2026","rel":"","context":"\u00cen \u201eRecomand\u0103ri\u201d","block_context":{"text":"Recomand\u0103ri","link":"https:\/\/revistacultura.ro\/agenda\/category\/recomandarile-cultura\/"},"img":{"alt_text":"","src":"https:\/\/i0.wp.com\/revistacultura.ro\/agenda\/wp-content\/uploads\/2026\/03\/Afis_Catchmeifucan.webp?resize=350%2C200&ssl=1","width":350,"height":200,"srcset":"https:\/\/i0.wp.com\/revistacultura.ro\/agenda\/wp-content\/uploads\/2026\/03\/Afis_Catchmeifucan.webp?resize=350%2C200&ssl=1 1x, https:\/\/i0.wp.com\/revistacultura.ro\/agenda\/wp-content\/uploads\/2026\/03\/Afis_Catchmeifucan.webp?resize=525%2C300&ssl=1 1.5x, https:\/\/i0.wp.com\/revistacultura.ro\/agenda\/wp-content\/uploads\/2026\/03\/Afis_Catchmeifucan.webp?resize=700%2C400&ssl=1 2x"},"classes":[]},{"id":21215,"url":"https:\/\/revistacultura.ro\/agenda\/2025\/02\/fundatia-regala-margareta-a-romaniei-incheie-proiectul-talent-35\/","url_meta":{"origin":19857,"position":4},"title":"Funda\u021bia Regal\u0103 Margareta a Rom\u00e2niei \u00eencheie proiectul \u201dTalent 35\u201d","author":"Cultura","date":"27 februarie 2025","format":false,"excerpt":"Funda\u021bia Regal\u0103 Margareta a Rom\u00e2niei \u00eencheie cu succes proiectul \u201dTalent 35\u201d prin care a sus\u021binut \u0219i promovat 62 de arti\u0219ti emergen\u021bi \u0219i arta contemporan\u0103 Funda\u021bia Regal\u0103 Margareta a Rom\u00e2niei a implementat \u00een perioada noiembrie 2024 \u2013 februarie 2025, \u00een calitate de promotor, ini\u021biativa cultural\u0103 bilateral\u0103\u201dTalent 35 \u2013 Sus\u021binerea \u0219i promovarea\u2026","rel":"","context":"\u00cen \u201eSemnal\u201d","block_context":{"text":"Semnal","link":"https:\/\/revistacultura.ro\/agenda\/category\/semnal\/"},"img":{"alt_text":"","src":"https:\/\/i0.wp.com\/revistacultura.ro\/agenda\/wp-content\/uploads\/2025\/02\/Album-de-arta-Talent-35_foto-Anca-Arambasa.webp?resize=350%2C200&ssl=1","width":350,"height":200,"srcset":"https:\/\/i0.wp.com\/revistacultura.ro\/agenda\/wp-content\/uploads\/2025\/02\/Album-de-arta-Talent-35_foto-Anca-Arambasa.webp?resize=350%2C200&ssl=1 1x, https:\/\/i0.wp.com\/revistacultura.ro\/agenda\/wp-content\/uploads\/2025\/02\/Album-de-arta-Talent-35_foto-Anca-Arambasa.webp?resize=525%2C300&ssl=1 1.5x, https:\/\/i0.wp.com\/revistacultura.ro\/agenda\/wp-content\/uploads\/2025\/02\/Album-de-arta-Talent-35_foto-Anca-Arambasa.webp?resize=700%2C400&ssl=1 2x"},"classes":[]},{"id":21160,"url":"https:\/\/revistacultura.ro\/agenda\/2024\/12\/nou-record-al-pietei-romanesti-de-arta\/","url_meta":{"origin":19857,"position":5},"title":"Nou record al pie\u021bei rom\u00e2ne\u0219ti de art\u0103","author":"Cultura","date":"13 decembrie 2024","format":false,"excerpt":"Pia\u021ba rom\u00e2neasc\u0103 de art\u0103 a fost martora unei seri memorabile, cu multiple recorduri istorice stabilite \u00een cadrul celei mai bune licita\u021bii de iarn\u0103 din ultimii cinci ani. Astfel, joi sear\u0103, Casa de Licita\u021bii Artmark a \u00eenregistrat noul record al pie\u021bei rom\u00e2ne\u0219ti de art\u0103, prin opera \u201e\u021a\u0103r\u0103ncu\u021b\u0103 odihnindu-se\u201d (1870-1880), semnat\u0103 de\u2026","rel":"","context":"\u00cen \u201ePrimite la redac\u021bie\u201d","block_context":{"text":"Primite la redac\u021bie","link":"https:\/\/revistacultura.ro\/agenda\/category\/primite-la-redactie\/"},"img":{"alt_text":"","src":"https:\/\/i0.wp.com\/revistacultura.ro\/agenda\/wp-content\/uploads\/2024\/12\/Screenshot-2024-12-13-at-00.53.10.webp?resize=350%2C200&ssl=1","width":350,"height":200,"srcset":"https:\/\/i0.wp.com\/revistacultura.ro\/agenda\/wp-content\/uploads\/2024\/12\/Screenshot-2024-12-13-at-00.53.10.webp?resize=350%2C200&ssl=1 1x, https:\/\/i0.wp.com\/revistacultura.ro\/agenda\/wp-content\/uploads\/2024\/12\/Screenshot-2024-12-13-at-00.53.10.webp?resize=525%2C300&ssl=1 1.5x, https:\/\/i0.wp.com\/revistacultura.ro\/agenda\/wp-content\/uploads\/2024\/12\/Screenshot-2024-12-13-at-00.53.10.webp?resize=700%2C400&ssl=1 2x"},"classes":[]}],"_links":{"self":[{"href":"https:\/\/revistacultura.ro\/agenda\/wp-json\/wp\/v2\/posts\/19857","targetHints":{"allow":["GET"]}}],"collection":[{"href":"https:\/\/revistacultura.ro\/agenda\/wp-json\/wp\/v2\/posts"}],"about":[{"href":"https:\/\/revistacultura.ro\/agenda\/wp-json\/wp\/v2\/types\/post"}],"author":[{"embeddable":true,"href":"https:\/\/revistacultura.ro\/agenda\/wp-json\/wp\/v2\/users\/2"}],"replies":[{"embeddable":true,"href":"https:\/\/revistacultura.ro\/agenda\/wp-json\/wp\/v2\/comments?post=19857"}],"version-history":[{"count":1,"href":"https:\/\/revistacultura.ro\/agenda\/wp-json\/wp\/v2\/posts\/19857\/revisions"}],"predecessor-version":[{"id":19859,"href":"https:\/\/revistacultura.ro\/agenda\/wp-json\/wp\/v2\/posts\/19857\/revisions\/19859"}],"wp:featuredmedia":[{"embeddable":true,"href":"https:\/\/revistacultura.ro\/agenda\/wp-json\/wp\/v2\/media\/19858"}],"wp:attachment":[{"href":"https:\/\/revistacultura.ro\/agenda\/wp-json\/wp\/v2\/media?parent=19857"}],"wp:term":[{"taxonomy":"category","embeddable":true,"href":"https:\/\/revistacultura.ro\/agenda\/wp-json\/wp\/v2\/categories?post=19857"},{"taxonomy":"post_tag","embeddable":true,"href":"https:\/\/revistacultura.ro\/agenda\/wp-json\/wp\/v2\/tags?post=19857"}],"curies":[{"name":"wp","href":"https:\/\/api.w.org\/{rel}","templated":true}]}}