{"id":19847,"date":"2015-10-08T23:42:29","date_gmt":"2015-10-08T20:42:29","guid":{"rendered":"http:\/\/revistacultura.ro\/agenda\/?p=19847"},"modified":"2015-10-08T23:42:29","modified_gmt":"2015-10-08T20:42:29","slug":"premiera-la-teatrul-de-arta","status":"publish","type":"post","link":"https:\/\/revistacultura.ro\/agenda\/2015\/10\/premiera-la-teatrul-de-arta\/","title":{"rendered":"Premiera la Teatrul de Arta"},"content":{"rendered":"<p><a href=\"https:\/\/revistacultura.ro\/agenda\/wp-content\/uploads\/2015\/10\/X-teatru.jpg\"><img loading=\"lazy\" decoding=\"async\" data-attachment-id=\"19848\" data-permalink=\"https:\/\/revistacultura.ro\/agenda\/2015\/10\/premiera-la-teatrul-de-arta\/x-teatru\/\" data-orig-file=\"https:\/\/revistacultura.ro\/agenda\/wp-content\/uploads\/2015\/10\/X-teatru.jpg\" data-orig-size=\"600,623\" data-comments-opened=\"1\" data-image-meta=\"{&quot;aperture&quot;:&quot;0&quot;,&quot;credit&quot;:&quot;&quot;,&quot;camera&quot;:&quot;&quot;,&quot;caption&quot;:&quot;&quot;,&quot;created_timestamp&quot;:&quot;0&quot;,&quot;copyright&quot;:&quot;&quot;,&quot;focal_length&quot;:&quot;0&quot;,&quot;iso&quot;:&quot;0&quot;,&quot;shutter_speed&quot;:&quot;0&quot;,&quot;title&quot;:&quot;&quot;,&quot;orientation&quot;:&quot;0&quot;}\" data-image-title=\"X-teatru\" data-image-description=\"\" data-image-caption=\"\" data-large-file=\"https:\/\/revistacultura.ro\/agenda\/wp-content\/uploads\/2015\/10\/X-teatru.jpg\" class=\"alignleft size-medium wp-image-19848\" src=\"https:\/\/revistacultura.ro\/agenda\/wp-content\/uploads\/2015\/10\/X-teatru-289x300.jpg\" alt=\"X-teatru\" width=\"289\" height=\"300\" srcset=\"https:\/\/revistacultura.ro\/agenda\/wp-content\/uploads\/2015\/10\/X-teatru-289x300.jpg 289w, https:\/\/revistacultura.ro\/agenda\/wp-content\/uploads\/2015\/10\/X-teatru-193x200.jpg 193w, https:\/\/revistacultura.ro\/agenda\/wp-content\/uploads\/2015\/10\/X-teatru.jpg 600w\" sizes=\"auto, (max-width: 289px) 100vw, 289px\" \/><\/a>Teatrul de Arta isi asteapta publicul la cea mai recenta premiera, Omul care manca lumea, de Nis-Momme Stockmann, in regia lui Alexandru Mazgareanu. Piesa s-a numarat printre cele desemnate drept cele mai bune din Europa, in 2010, de catre European Theatre Convention. Spectacolul reinterpreteaza cotidianul absurd intr-o cheie regizorala moderna tratand cu cinism diferite aspecte ale societatii contemporane. Datorita presiunilor sociale si personale, personajul principal trece printr-un moment de criza si cauta sa isi recapete identitatea incercand sa dea un sens nou vietii sale. Doar ca in lumea meritocratiei capitularea nu este o optiunie iar cine indrazneste sa paraseasca cursa capitalismului este aruncat din sistem. Spectacolul pune in discutie probleme profund umane, conturand o relatie speciala, de ura-dragoste, intre personajul principal si tatal sau. Ce solutie va alege acesta atunci cand parintele sau devine dependent de el din cauza degradarii fizice si psihice, ajungand el insusi un copil?<\/p>\n","protected":false},"excerpt":{"rendered":"<p>Teatrul de Arta isi asteapta publicul la cea mai recenta premiera, Omul care manca lumea, de Nis-Momme Stockmann, in regia lui Alexandru Mazgareanu. Piesa s-a numarat printre cele desemnate drept cele mai bune din Europa, in 2010, de catre European Theatre Convention. Spectacolul reinterpreteaza cotidianul absurd intr-o cheie regizorala moderna tratand cu cinism diferite aspecte&hellip;&nbsp;<a href=\"https:\/\/revistacultura.ro\/agenda\/2015\/10\/premiera-la-teatrul-de-arta\/\" rel=\"bookmark\">Cite\u0219te mai mult &raquo;<span class=\"screen-reader-text\">Premiera la Teatrul de Arta<\/span><\/a><\/p>\n","protected":false},"author":2,"featured_media":0,"comment_status":"open","ping_status":"open","sticky":false,"template":"","format":"standard","meta":{"neve_meta_sidebar":"","neve_meta_container":"","neve_meta_enable_content_width":"","neve_meta_content_width":0,"neve_meta_title_alignment":"","neve_meta_author_avatar":"","neve_post_elements_order":"","neve_meta_disable_header":"","neve_meta_disable_footer":"","neve_meta_disable_title":"","jetpack_post_was_ever_published":false,"_jetpack_newsletter_access":"","_jetpack_dont_email_post_to_subs":false,"_jetpack_newsletter_tier_id":0,"_jetpack_memberships_contains_paywalled_content":false,"_jetpack_memberships_contains_paid_content":false,"footnotes":"","jetpack_publicize_message":"","jetpack_publicize_feature_enabled":true,"jetpack_social_post_already_shared":true,"jetpack_social_options":{"image_generator_settings":{"template":"highway","default_image_id":0,"font":"","enabled":false},"version":2}},"categories":[22],"tags":[],"class_list":["post-19847","post","type-post","status-publish","format-standard","hentry","category-recomandarile-cultura"],"jetpack_publicize_connections":[],"jetpack_featured_media_url":"","jetpack_sharing_enabled":true,"jetpack-related-posts":[{"id":21802,"url":"https:\/\/revistacultura.ro\/agenda\/2026\/03\/comunicatul-tntm-de-ziua-mondiala-a-teatrului\/","url_meta":{"origin":19847,"position":0},"title":"Comunicatul TNTm de Ziua Mondial\u0103 a Teatrului","author":"Cultura","date":"27 martie 2026","format":false,"excerpt":"Teatrul Na\u021bional din Timi\u0219oara se al\u0103tur\u0103 teatrelor din toat\u0103 lumea, celebr\u00e2nd, ca \u00een fiecare an, Ziua Mondial\u0103 a Teatrului. \u00cenc\u0103 din 1961, teatre, institu\u021bii teatrale, facult\u0103\u021bi de teatru, toate organiza\u021biile dedicate artei dramatice s\u0103rb\u0103toresc \u00een\u00a0 27 martie Ziua Mondial\u0103 a Teatrului. \u00cen acest context, vineri, 27 martie 2026, de la\u2026","rel":"","context":"\u00cen \u201ecomunicate\u201d","block_context":{"text":"comunicate","link":"https:\/\/revistacultura.ro\/agenda\/category\/comunicate\/"},"img":{"alt_text":"","src":"https:\/\/i0.wp.com\/revistacultura.ro\/agenda\/wp-content\/uploads\/2026\/03\/willem-dafoe.webp?resize=350%2C200&ssl=1","width":350,"height":200,"srcset":"https:\/\/i0.wp.com\/revistacultura.ro\/agenda\/wp-content\/uploads\/2026\/03\/willem-dafoe.webp?resize=350%2C200&ssl=1 1x, https:\/\/i0.wp.com\/revistacultura.ro\/agenda\/wp-content\/uploads\/2026\/03\/willem-dafoe.webp?resize=525%2C300&ssl=1 1.5x, https:\/\/i0.wp.com\/revistacultura.ro\/agenda\/wp-content\/uploads\/2026\/03\/willem-dafoe.webp?resize=700%2C400&ssl=1 2x"},"classes":[]},{"id":20942,"url":"https:\/\/revistacultura.ro\/agenda\/2022\/12\/premiera-atmosfera-la-teatrul-mihai-eminescu-din-timisoara\/","url_meta":{"origin":19847,"position":1},"title":"Premier\u0103 aTMosfera la Teatrul \u201eMihai Eminescu\u201d din Timi\u0219oara","author":"Cultura","date":"9 decembrie 2022","format":false,"excerpt":"Premier\u0103: duminic\u0103, 18 decembrie, de la ora 19, \u00een Sala 2 a Teatrului Na\u021bional \u201eMihai Eminescu\u201d din Timi\u0219oara Spectacolul trilingv duce mai departe experien\u021ba \u00eenceput\u0103 \u00een luna octombrie cu proiectul \u201eBanat in Europe\u201d, proiect care propune o c\u0103l\u0103torie teatral\u0103 \u00een ceea ce \u00eenseamn\u0103 ast\u0103zi regiunea Banatului, \u00een universalitatea sa metaforic\u0103\u2026","rel":"","context":"\u00cen \u201eAgenda culturala\u201d","block_context":{"text":"Agenda culturala","link":"https:\/\/revistacultura.ro\/agenda\/category\/agenda-cultura\/"},"img":{"alt_text":"","src":"https:\/\/i0.wp.com\/revistacultura.ro\/agenda\/wp-content\/uploads\/2022\/12\/Sala2timisoara-teatru.webp?resize=350%2C200&ssl=1","width":350,"height":200,"srcset":"https:\/\/i0.wp.com\/revistacultura.ro\/agenda\/wp-content\/uploads\/2022\/12\/Sala2timisoara-teatru.webp?resize=350%2C200&ssl=1 1x, https:\/\/i0.wp.com\/revistacultura.ro\/agenda\/wp-content\/uploads\/2022\/12\/Sala2timisoara-teatru.webp?resize=525%2C300&ssl=1 1.5x, https:\/\/i0.wp.com\/revistacultura.ro\/agenda\/wp-content\/uploads\/2022\/12\/Sala2timisoara-teatru.webp?resize=700%2C400&ssl=1 2x"},"classes":[]},{"id":18425,"url":"https:\/\/revistacultura.ro\/agenda\/2014\/03\/iov-serban-foarta-si-tnt\/","url_meta":{"origin":19847,"position":2},"title":"Iov, \u015eerban Foar\u0163\u0103 \u015fi TNT","author":"Revista","date":"27 martie 2014","format":false,"excerpt":"Teatrul Na\u0163ional Timi\u015foara preg\u0103te\u015fte spectacolul Iov, \u00een regia lui Sabin Popescu. Montarea recreeaz\u0103 cunoscuta poveste biblic\u0103, \u00een versificarea de excep\u0163ie a poetului \u015eerban Foar\u0163\u0103. Iov, iubitorul de Dumnezeu, este \u00eencercat greu pentru credin\u0163a lui. Drama sa, \u00eentreb\u0103rile paroxistice despre credin\u0163\u0103, tenta\u0163ia \u00eendoielii, atingerea celor mai profunde resorturi spirituale ale omului,\u2026","rel":"","context":"\u00cen \u201eAgenda culturala\u201d","block_context":{"text":"Agenda culturala","link":"https:\/\/revistacultura.ro\/agenda\/category\/agenda-cultura\/"},"img":{"alt_text":"","src":"","width":0,"height":0},"classes":[]},{"id":20972,"url":"https:\/\/revistacultura.ro\/agenda\/2023\/05\/s-a-deschis-vanzarea-de-bilete-la-spectacolul-cu-john-malkovich-din-iulie-la-timisoara\/","url_meta":{"origin":19847,"position":3},"title":"S-a deschis v\u00e2nzarea de bilete la spectacolul cu John Malkovich din iulie, la Timi\u0219oara","author":"Cultura","date":"22 mai 2023","format":false,"excerpt":"Printre cele mai importante evenimente din cadrul programelor Capitala Cultural\u0103, spectacolul \u201eComedia infernal\u0103\u201d va aduce pe scena TNTm unul dintre cei mai importan\u021bi \u0219i mai notorii actori ai cinematografiei mondiale. Teatrul Na\u021bional din Timi\u0219oara anun\u021b\u0103 punerea \u00een v\u00e2nzare a biletelor pentru spectacolul THE INFERNAL COMEDY de Michael Sturminger, av\u00e2ndu-l ca\u2026","rel":"","context":"\u00cen \u201eAgenda culturala\u201d","block_context":{"text":"Agenda culturala","link":"https:\/\/revistacultura.ro\/agenda\/category\/agenda-cultura\/"},"img":{"alt_text":"","src":"https:\/\/i0.wp.com\/revistacultura.ro\/agenda\/wp-content\/uploads\/2023\/05\/afis.jpg?resize=350%2C200&ssl=1","width":350,"height":200,"srcset":"https:\/\/i0.wp.com\/revistacultura.ro\/agenda\/wp-content\/uploads\/2023\/05\/afis.jpg?resize=350%2C200&ssl=1 1x, https:\/\/i0.wp.com\/revistacultura.ro\/agenda\/wp-content\/uploads\/2023\/05\/afis.jpg?resize=525%2C300&ssl=1 1.5x"},"classes":[]},{"id":18180,"url":"https:\/\/revistacultura.ro\/agenda\/2014\/03\/martiri-teatrul-national-targu-mures\/","url_meta":{"origin":19847,"position":4},"title":"Martiri, Teatrul Na\u0163ional  T\u00e2rgu-Mure\u015f","author":"Revista","date":"20 martie 2014","format":false,"excerpt":"Cea mai recent\u0103 premier\u0103 a \u201eTeatrului Na\u0163ional T\u00e2rgu-Mure\u0103\u201c este Martiri de Marius von Mayenburg, \u00een regia lui Theodor-Cristian Popescu \u015fi scenografia lui Cosmin Ardeleanu. Despre motivele care l-au f\u0103cut s\u0103 opteze pentru textul respectiv regizorul m\u0103rturise\u0103te: \u201eMarius von Mayenburg plonjeaz\u0103 din nou \u00een incandescen\u0163a min\u0163ii unui adolescent pentru care gestul\u2026","rel":"","context":"\u00cen \u201eAgenda culturala\u201d","block_context":{"text":"Agenda culturala","link":"https:\/\/revistacultura.ro\/agenda\/category\/agenda-cultura\/"},"img":{"alt_text":"","src":"","width":0,"height":0},"classes":[]},{"id":21429,"url":"https:\/\/revistacultura.ro\/agenda\/2025\/09\/teatrul-excelsior-deschide-stagiunea-2025-2026-cu-o-premiera-in-regia-irisz-kovacs\/","url_meta":{"origin":19847,"position":5},"title":"Teatrul EXCELSIOR deschide stagiunea 2025-2026 cu o premier\u0103 \u00een regia Irisz Kovacs","author":"Cultura","date":"29 septembrie 2025","format":false,"excerpt":"Teatrul EXCELSIOR, singurul teatru din Bucure\u0219ti dedicat \u00een mod special adolescen\u021bilor \u0219i tinerilor adul\u021bi, anun\u021b\u0103 prima premier\u0103 a stagiunii 2025-2026. Este vorba despre spectacolul \u201eTriste\u021be \u0219i bucurie \u00een via\u021ba girafelor\", pe un text semnat de Tiago Rodrigues, unul dintre cei mai aprecia\u021bi dramaturgi europeni contemporani. Regia este semnat\u0103 de Irisz\u2026","rel":"","context":"\u00cen \u201eSemnal\u201d","block_context":{"text":"Semnal","link":"https:\/\/revistacultura.ro\/agenda\/category\/semnal\/"},"img":{"alt_text":"","src":"https:\/\/i0.wp.com\/revistacultura.ro\/agenda\/wp-content\/uploads\/2025\/09\/foto-Tristete-si-bucurie-in-viata-girafelor.-Teatrul-EXCELSIOR-%C2%A9-Volker-Vornehm-2.webp?resize=350%2C200&ssl=1","width":350,"height":200,"srcset":"https:\/\/i0.wp.com\/revistacultura.ro\/agenda\/wp-content\/uploads\/2025\/09\/foto-Tristete-si-bucurie-in-viata-girafelor.-Teatrul-EXCELSIOR-%C2%A9-Volker-Vornehm-2.webp?resize=350%2C200&ssl=1 1x, https:\/\/i0.wp.com\/revistacultura.ro\/agenda\/wp-content\/uploads\/2025\/09\/foto-Tristete-si-bucurie-in-viata-girafelor.-Teatrul-EXCELSIOR-%C2%A9-Volker-Vornehm-2.webp?resize=525%2C300&ssl=1 1.5x, https:\/\/i0.wp.com\/revistacultura.ro\/agenda\/wp-content\/uploads\/2025\/09\/foto-Tristete-si-bucurie-in-viata-girafelor.-Teatrul-EXCELSIOR-%C2%A9-Volker-Vornehm-2.webp?resize=700%2C400&ssl=1 2x"},"classes":[]}],"_links":{"self":[{"href":"https:\/\/revistacultura.ro\/agenda\/wp-json\/wp\/v2\/posts\/19847","targetHints":{"allow":["GET"]}}],"collection":[{"href":"https:\/\/revistacultura.ro\/agenda\/wp-json\/wp\/v2\/posts"}],"about":[{"href":"https:\/\/revistacultura.ro\/agenda\/wp-json\/wp\/v2\/types\/post"}],"author":[{"embeddable":true,"href":"https:\/\/revistacultura.ro\/agenda\/wp-json\/wp\/v2\/users\/2"}],"replies":[{"embeddable":true,"href":"https:\/\/revistacultura.ro\/agenda\/wp-json\/wp\/v2\/comments?post=19847"}],"version-history":[{"count":1,"href":"https:\/\/revistacultura.ro\/agenda\/wp-json\/wp\/v2\/posts\/19847\/revisions"}],"predecessor-version":[{"id":19849,"href":"https:\/\/revistacultura.ro\/agenda\/wp-json\/wp\/v2\/posts\/19847\/revisions\/19849"}],"wp:attachment":[{"href":"https:\/\/revistacultura.ro\/agenda\/wp-json\/wp\/v2\/media?parent=19847"}],"wp:term":[{"taxonomy":"category","embeddable":true,"href":"https:\/\/revistacultura.ro\/agenda\/wp-json\/wp\/v2\/categories?post=19847"},{"taxonomy":"post_tag","embeddable":true,"href":"https:\/\/revistacultura.ro\/agenda\/wp-json\/wp\/v2\/tags?post=19847"}],"curies":[{"name":"wp","href":"https:\/\/api.w.org\/{rel}","templated":true}]}}