{"id":19844,"date":"2015-10-08T23:40:09","date_gmt":"2015-10-08T20:40:09","guid":{"rendered":"http:\/\/revistacultura.ro\/agenda\/?p=19844"},"modified":"2015-10-08T23:40:09","modified_gmt":"2015-10-08T20:40:09","slug":"intrebari-galvanizante-despre-spatii-industriale-sau-artistice","status":"publish","type":"post","link":"https:\/\/revistacultura.ro\/agenda\/2015\/10\/intrebari-galvanizante-despre-spatii-industriale-sau-artistice\/","title":{"rendered":"Intrebari galvanizante despre spatii industriale. Sau artistice"},"content":{"rendered":"<p>&nbsp;<\/p>\n<p>Vineri, 9 octombrie, la ora 11, putem afla despre industrii creative si despre experienta transformarii unor vechi spatii industriale in spatii artistice, in cadrul unei intalniri cu Evy Sorensen \u2013 director de programe al centrului USF din Bergen din Bergen (fosta fabrica de sardine convertita in arena artistica de anvergura), Cosmin \u0162apu \u2013 initiator si director al proiectului Rokolectiv festival, Rozana Mihalache si Voicu Radescu \u2013 coordonator de program \/ director al Green Hours si Teatrul Luni. Intalnirea are loc la Halele Carol, Sala Galvanizare. Cine poate participa: \u201eDaca va regasiti intr-una dintre categoriile urmatoare \u2013 industrias cultural\/ social, travailleur in campul ideilor rebele, creativ \u201ein afara cutiei\u201c, curator sau organizator de evenimente culturale \u2013 aveti un motiv special sa va intalniti cu Zeppelin si invitatii sai, sa discutam despre cum se pot face unele lucruri mai bine decat altele in cladiri care nu mai folosesc azi proprietarilor, si sa primiti noi imbolduri si pilde de indrazneala, talent si succes in antreprenoriat cultural, si alte asemenea. Voi pregatiti intrebarile arzatoare, iar noi speram sa stim raspunsul intelept. Sau il aflam impreuna.\u201c<\/p>\n","protected":false},"excerpt":{"rendered":"<p>&nbsp; Vineri, 9 octombrie, la ora 11, putem afla despre industrii creative si despre experienta transformarii unor vechi spatii industriale in spatii artistice, in cadrul unei intalniri cu Evy Sorensen \u2013 director de programe al centrului USF din Bergen din Bergen (fosta fabrica de sardine convertita in arena artistica de anvergura), Cosmin \u0162apu \u2013 initiator&hellip;&nbsp;<a href=\"https:\/\/revistacultura.ro\/agenda\/2015\/10\/intrebari-galvanizante-despre-spatii-industriale-sau-artistice\/\" rel=\"bookmark\">Cite\u0219te mai mult &raquo;<span class=\"screen-reader-text\">Intrebari galvanizante despre spatii industriale. Sau artistice<\/span><\/a><\/p>\n","protected":false},"author":2,"featured_media":19845,"comment_status":"open","ping_status":"open","sticky":false,"template":"","format":"standard","meta":{"neve_meta_sidebar":"","neve_meta_container":"","neve_meta_enable_content_width":"","neve_meta_content_width":0,"neve_meta_title_alignment":"","neve_meta_author_avatar":"","neve_post_elements_order":"","neve_meta_disable_header":"","neve_meta_disable_footer":"","neve_meta_disable_title":"","jetpack_post_was_ever_published":false,"_jetpack_newsletter_access":"","_jetpack_dont_email_post_to_subs":false,"_jetpack_newsletter_tier_id":0,"_jetpack_memberships_contains_paywalled_content":false,"_jetpack_memberships_contains_paid_content":false,"footnotes":"","jetpack_publicize_message":"","jetpack_publicize_feature_enabled":true,"jetpack_social_post_already_shared":true,"jetpack_social_options":{"image_generator_settings":{"template":"highway","default_image_id":0,"font":"","enabled":false},"version":2}},"categories":[152],"tags":[],"class_list":["post-19844","post","type-post","status-publish","format-standard","has-post-thumbnail","hentry","category-agenda-cultura"],"jetpack_publicize_connections":[],"jetpack_featured_media_url":"https:\/\/revistacultura.ro\/agenda\/wp-content\/uploads\/2015\/10\/x-spatii.jpg","jetpack_sharing_enabled":true,"jetpack-related-posts":[{"id":21715,"url":"https:\/\/revistacultura.ro\/agenda\/2026\/03\/conferinta-geografii-in-miscare-cum-se-redeseneaza-lumea-prin-reconfigurarea-scenei-artistice-globale\/","url_meta":{"origin":19844,"position":0},"title":"Conferin\u021b\u0103: Geografii \u00een mi\u0219care. Cum se redeseneaz\u0103 lumea prin reconfigurarea scenei artistice globale","author":"Cultura","date":"4 martie 2026","format":false,"excerpt":"Seria Conferin\u021bele de Joi de la Palatul Su\u021bu, coordonat\u0103 de dr. C\u0103t\u0103lin D. Constantin, continu\u0103 \u00een 2026 cu o nou\u0103 \u00eent\u00e2lnire dedicat\u0103 transform\u0103rilor majore ale scenei artistice globale. Conferin\u021ba \"Geografii \u00een mi\u0219care. Cum se redeseneaz\u0103 lumea prin reconfigurarea scenei artistice globale\", sus\u021binut\u0103 de Daniel Sur, va avea loc joi, 5\u2026","rel":"","context":"\u00cen \u201eAgenda culturala\u201d","block_context":{"text":"Agenda culturala","link":"https:\/\/revistacultura.ro\/agenda\/category\/agenda-cultura\/"},"img":{"alt_text":"","src":"https:\/\/i0.wp.com\/revistacultura.ro\/agenda\/wp-content\/uploads\/2026\/03\/afis_sur4.webp?resize=350%2C200&ssl=1","width":350,"height":200,"srcset":"https:\/\/i0.wp.com\/revistacultura.ro\/agenda\/wp-content\/uploads\/2026\/03\/afis_sur4.webp?resize=350%2C200&ssl=1 1x, https:\/\/i0.wp.com\/revistacultura.ro\/agenda\/wp-content\/uploads\/2026\/03\/afis_sur4.webp?resize=525%2C300&ssl=1 1.5x, https:\/\/i0.wp.com\/revistacultura.ro\/agenda\/wp-content\/uploads\/2026\/03\/afis_sur4.webp?resize=700%2C400&ssl=1 2x"},"classes":[]},{"id":20988,"url":"https:\/\/revistacultura.ro\/agenda\/2023\/06\/timisoara-capitala-culturala-europeana-selectii-din-programe\/","url_meta":{"origin":19844,"position":1},"title":"Timi\u0219oara, Capital\u0103 Cultural\u0103 European\u0103 &#8211; selec\u021bii din programe","author":"Cultura","date":"4 iunie 2023","format":false,"excerpt":"Cu \u00eent\u00e2rzierea datorat\u0103 pandemiei, Timi\u0219oara este \u00een acest an capital\u0103 cultural\u0103 european\u0103. Unele programe legate de acest eveniment au \u00eenceput de anul trecut. Lansarea oficial\u0103 a fost \u00een februarie 2023. Prima parte a anului a dus mari evenimente \u0219i a constituit debutul pentru majoritatea programelor \u00eenscrise \u00een calendar. \u00cen perioada\u2026","rel":"","context":"\u00cen \u201eAgenda culturala\u201d","block_context":{"text":"Agenda culturala","link":"https:\/\/revistacultura.ro\/agenda\/category\/agenda-cultura\/"},"img":{"alt_text":"","src":"https:\/\/i0.wp.com\/revistacultura.ro\/agenda\/wp-content\/uploads\/2022\/02\/Teatrul_National_Timisoara.jpg?resize=350%2C200&ssl=1","width":350,"height":200,"srcset":"https:\/\/i0.wp.com\/revistacultura.ro\/agenda\/wp-content\/uploads\/2022\/02\/Teatrul_National_Timisoara.jpg?resize=350%2C200&ssl=1 1x, https:\/\/i0.wp.com\/revistacultura.ro\/agenda\/wp-content\/uploads\/2022\/02\/Teatrul_National_Timisoara.jpg?resize=525%2C300&ssl=1 1.5x, https:\/\/i0.wp.com\/revistacultura.ro\/agenda\/wp-content\/uploads\/2022\/02\/Teatrul_National_Timisoara.jpg?resize=700%2C400&ssl=1 2x"},"classes":[]},{"id":18540,"url":"https:\/\/revistacultura.ro\/agenda\/2014\/04\/performance-art-lab\/","url_meta":{"origin":19844,"position":2},"title":"Performance, Art Lab","author":"Revista","date":"3 aprilie 2014","format":false,"excerpt":"UNATC \u015fi Atelier 35 organizeaz\u0103, \u00eentre 1 aprilie \u2013 1 iunie, Laboratorul de Performance Art adresat studen\u0163ilor Facult\u0103\u0163ilor de Teatru \u015fi Film, ca \u015fi arti\u015ftilor emergen\u0163i \u015fi studen\u0163ilor la alte facult\u0103\u0163i. Laboratorul aduce \u00eempreun\u0103 tineri creatori cu background-uri diferite \u015fi \u00eei provoac\u0103 s\u0103 \u00ee\u015fi \u00eemping\u0103 imagina\u0163ia c\u0103tre noi spa\u0163ii artistice,\u2026","rel":"","context":"\u00cen \u201eAgenda culturala\u201d","block_context":{"text":"Agenda culturala","link":"https:\/\/revistacultura.ro\/agenda\/category\/agenda-cultura\/"},"img":{"alt_text":"","src":"","width":0,"height":0},"classes":[]},{"id":20499,"url":"https:\/\/revistacultura.ro\/agenda\/2020\/02\/one-night-gallery-si-aural-eye-re-imagineaza-casa-universitarilor-intr-o-expozitie-new-media\/","url_meta":{"origin":19844,"position":3},"title":"One Night Gallery \u0219i Aural Eye re-imagineaz\u0103 Casa Universitarilor printr-o expozi\u021bie New Media","author":"redactia","date":"24 februarie 2020","format":false,"excerpt":"One Night Gallery \u0219i Aural Eye ne invit\u0103 joi, 27 februarie, la Casa Universitarilor, \u00eentr-un univers suprarealist, cu spa\u021bii augmentate, portaluri secrete \u0219i anima\u021bii 3D. Publicul va fi transpus \u00eentr-o lume colorat\u0103, abstract\u0103 \u0219i dinamic\u0103, se va plimba prin gr\u0103dina \u0219i camerele cl\u0103dirii-monument re-imaginate \u0219i se va \u00eent\u00e2lni cu personaje\u2026","rel":"","context":"\u00cen \u201eAgenda culturala\u201d","block_context":{"text":"Agenda culturala","link":"https:\/\/revistacultura.ro\/agenda\/category\/agenda-cultura\/"},"img":{"alt_text":"","src":"https:\/\/i0.wp.com\/revistacultura.ro\/agenda\/wp-content\/uploads\/2020\/02\/83659836_635852047161323_3140080113710792704_o-e1582554946695.jpg?resize=350%2C200&ssl=1","width":350,"height":200,"srcset":"https:\/\/i0.wp.com\/revistacultura.ro\/agenda\/wp-content\/uploads\/2020\/02\/83659836_635852047161323_3140080113710792704_o-e1582554946695.jpg?resize=350%2C200&ssl=1 1x, https:\/\/i0.wp.com\/revistacultura.ro\/agenda\/wp-content\/uploads\/2020\/02\/83659836_635852047161323_3140080113710792704_o-e1582554946695.jpg?resize=525%2C300&ssl=1 1.5x, https:\/\/i0.wp.com\/revistacultura.ro\/agenda\/wp-content\/uploads\/2020\/02\/83659836_635852047161323_3140080113710792704_o-e1582554946695.jpg?resize=700%2C400&ssl=1 2x, https:\/\/i0.wp.com\/revistacultura.ro\/agenda\/wp-content\/uploads\/2020\/02\/83659836_635852047161323_3140080113710792704_o-e1582554946695.jpg?resize=1050%2C600&ssl=1 3x, https:\/\/i0.wp.com\/revistacultura.ro\/agenda\/wp-content\/uploads\/2020\/02\/83659836_635852047161323_3140080113710792704_o-e1582554946695.jpg?resize=1400%2C800&ssl=1 4x"},"classes":[]},{"id":21786,"url":"https:\/\/revistacultura.ro\/agenda\/2026\/03\/expozitie-eveniment-lia-si-dan-perjovschi-la-arcub\/","url_meta":{"origin":19844,"position":4},"title":"Expozi\u021bie-eveniment: Lia \u0219i Dan Perjovschi la Arcub","author":"Cultura","date":"21 martie 2026","format":false,"excerpt":"Un perete. O linie. O \u00eentrebare. \u0218i, uneori, o \u00eentreag\u0103 lume \u00een imagini. \u00cen aceast\u0103 prim\u0103var\u0103, Lia Perjovschi \u0219i Dan Perjovschi sus\u021bin pentru prima dat\u0103 \u00een Rom\u00e2nia o ampl\u0103 expozi\u021bie retrospectiv\u0103 comun\u0103, care se va desf\u0103\u0219ura \u00eentre 3 aprilie \u2013 26 iulie 2026: \u201eDRAFT pentru o retrospectiv\u0103 comun\u0103\u201d. Dup\u0103 40\u2026","rel":"","context":"\u00cen \u201eRecomand\u0103ri\u201d","block_context":{"text":"Recomand\u0103ri","link":"https:\/\/revistacultura.ro\/agenda\/category\/recomandarile-cultura\/"},"img":{"alt_text":"","src":"https:\/\/i0.wp.com\/revistacultura.ro\/agenda\/wp-content\/uploads\/2026\/03\/expo-perjovschi-43.webp?resize=350%2C200&ssl=1","width":350,"height":200,"srcset":"https:\/\/i0.wp.com\/revistacultura.ro\/agenda\/wp-content\/uploads\/2026\/03\/expo-perjovschi-43.webp?resize=350%2C200&ssl=1 1x, https:\/\/i0.wp.com\/revistacultura.ro\/agenda\/wp-content\/uploads\/2026\/03\/expo-perjovschi-43.webp?resize=525%2C300&ssl=1 1.5x, https:\/\/i0.wp.com\/revistacultura.ro\/agenda\/wp-content\/uploads\/2026\/03\/expo-perjovschi-43.webp?resize=700%2C400&ssl=1 2x"},"classes":[]},{"id":21728,"url":"https:\/\/revistacultura.ro\/agenda\/2026\/03\/dezbatere-despre-memorie-familie-si-identitate-la-biblioteca-metropolitana-bucuresti\/","url_meta":{"origin":19844,"position":5},"title":"Dezbatere despre memorie, familie \u0219i identitate, la Biblioteca Metropolitan\u0103 Bucure\u0219ti","author":"Cultura","date":"17 martie 2026","format":false,"excerpt":"Prim\u0103ria Municipiului Bucure\u0219ti, prin Biblioteca Metropolitan\u0103 Bucure\u0219ti, invit\u0103 publicul vineri, 20 martie 2026, de la ora 17:00, la dezbaterea public\u0103 \u201ePovestea unei familii: cui apar\u021bine?\u201d, care va avea loc la Sediul Central \u201eMihail Sadoveanu\u201d al Bibliotecii Metropolitane Bucure\u0219ti (Str. Tache Ionescu nr. 4), \u00een Sala Auditorium. Evenimentul este organizat \u00een\u2026","rel":"","context":"\u00cen \u201eProiecte sus\u021binute de revista CULTURA\u201d","block_context":{"text":"Proiecte sus\u021binute de revista CULTURA","link":"https:\/\/revistacultura.ro\/agenda\/category\/parteneriate\/"},"img":{"alt_text":"","src":"https:\/\/i0.wp.com\/revistacultura.ro\/agenda\/wp-content\/uploads\/2026\/03\/corina_ozon_biblioteca.webp?resize=350%2C200&ssl=1","width":350,"height":200,"srcset":"https:\/\/i0.wp.com\/revistacultura.ro\/agenda\/wp-content\/uploads\/2026\/03\/corina_ozon_biblioteca.webp?resize=350%2C200&ssl=1 1x, https:\/\/i0.wp.com\/revistacultura.ro\/agenda\/wp-content\/uploads\/2026\/03\/corina_ozon_biblioteca.webp?resize=525%2C300&ssl=1 1.5x, https:\/\/i0.wp.com\/revistacultura.ro\/agenda\/wp-content\/uploads\/2026\/03\/corina_ozon_biblioteca.webp?resize=700%2C400&ssl=1 2x"},"classes":[]}],"_links":{"self":[{"href":"https:\/\/revistacultura.ro\/agenda\/wp-json\/wp\/v2\/posts\/19844","targetHints":{"allow":["GET"]}}],"collection":[{"href":"https:\/\/revistacultura.ro\/agenda\/wp-json\/wp\/v2\/posts"}],"about":[{"href":"https:\/\/revistacultura.ro\/agenda\/wp-json\/wp\/v2\/types\/post"}],"author":[{"embeddable":true,"href":"https:\/\/revistacultura.ro\/agenda\/wp-json\/wp\/v2\/users\/2"}],"replies":[{"embeddable":true,"href":"https:\/\/revistacultura.ro\/agenda\/wp-json\/wp\/v2\/comments?post=19844"}],"version-history":[{"count":1,"href":"https:\/\/revistacultura.ro\/agenda\/wp-json\/wp\/v2\/posts\/19844\/revisions"}],"predecessor-version":[{"id":19846,"href":"https:\/\/revistacultura.ro\/agenda\/wp-json\/wp\/v2\/posts\/19844\/revisions\/19846"}],"wp:featuredmedia":[{"embeddable":true,"href":"https:\/\/revistacultura.ro\/agenda\/wp-json\/wp\/v2\/media\/19845"}],"wp:attachment":[{"href":"https:\/\/revistacultura.ro\/agenda\/wp-json\/wp\/v2\/media?parent=19844"}],"wp:term":[{"taxonomy":"category","embeddable":true,"href":"https:\/\/revistacultura.ro\/agenda\/wp-json\/wp\/v2\/categories?post=19844"},{"taxonomy":"post_tag","embeddable":true,"href":"https:\/\/revistacultura.ro\/agenda\/wp-json\/wp\/v2\/tags?post=19844"}],"curies":[{"name":"wp","href":"https:\/\/api.w.org\/{rel}","templated":true}]}}