{"id":19841,"date":"2015-10-08T23:39:05","date_gmt":"2015-10-08T20:39:05","guid":{"rendered":"http:\/\/revistacultura.ro\/agenda\/?p=19841"},"modified":"2015-10-08T23:39:05","modified_gmt":"2015-10-08T20:39:05","slug":"arad-premiat-la-indian-cine-film-festival","status":"publish","type":"post","link":"https:\/\/revistacultura.ro\/agenda\/2015\/10\/arad-premiat-la-indian-cine-film-festival\/","title":{"rendered":"ARAD, premiat  la Indian Cine Film Festival"},"content":{"rendered":"<p>Scurtmetrajul documentar \u201eARAD. Jurnalul meu virtual\u201c, in regia lui Carmen Lidia Vidu, a debutat cu un premiu la festivalurile internationale: Premiul Special al Juriului la Indian Cine Film Festival 2015. \u201ePrimul festival si primul premiu international pentru scurtmetrajul dedicat parintilor mei si orasului Arad\u201c, spune regizoarea Carmen Lidia Vidu. Scurtmetrajul, care face parte din seria de evenimente ce promoveaza candidatura municipiului Arad la titlul de Capitala Europeana a Culturii 2021, prezinta povestea unei zile din viata orasului vazut prin ochii regizoarei care a copilarit in Arad. Carmen Lidia Vidu, al carei film de debut, \u201eO scurta istorie Astra Film\u201c, a castigat Premiului Gopo pentru cel mai bun scurtmetraj documentar in 2015, a primit si Titlul de Excelenta in Arta dramatica, decernat de Primaria Municipiului Arad. Carmen Lidia Vidu (35 de ani), o voce unica in teatrul romanesc, primul regizor de la noi care a combinat cu succes videoproiectiile si mijloacele specifice filmului cu prezenta live a actorilor, a devenit cunoscuta prin spectacolele sale experimentale prezentate pe cele mai importante scene din Romania. \u201eFac parte dintr-o generatie construita pe ideea de a reusi, a deveni cel mai bun: a trebuit sa particip la concursuri de inot, sa fiu campioana nationala, sa particip la olimpiade nationale. Cand am absolvit teatrul, a trebuit sa revolutionez, sa fiu un geniu al teatrului. Daca nu am reusit, m-am ratat\u201c, se confeseaza regizoarea.<\/p>\n","protected":false},"excerpt":{"rendered":"<p>Scurtmetrajul documentar \u201eARAD. Jurnalul meu virtual\u201c, in regia lui Carmen Lidia Vidu, a debutat cu un premiu la festivalurile internationale: Premiul Special al Juriului la Indian Cine Film Festival 2015. \u201ePrimul festival si primul premiu international pentru scurtmetrajul dedicat parintilor mei si orasului Arad\u201c, spune regizoarea Carmen Lidia Vidu. Scurtmetrajul, care face parte din seria&hellip;&nbsp;<a href=\"https:\/\/revistacultura.ro\/agenda\/2015\/10\/arad-premiat-la-indian-cine-film-festival\/\" rel=\"bookmark\">Cite\u0219te mai mult &raquo;<span class=\"screen-reader-text\">ARAD, premiat  la Indian Cine Film Festival<\/span><\/a><\/p>\n","protected":false},"author":2,"featured_media":19842,"comment_status":"open","ping_status":"open","sticky":false,"template":"","format":"standard","meta":{"neve_meta_sidebar":"","neve_meta_container":"","neve_meta_enable_content_width":"","neve_meta_content_width":0,"neve_meta_title_alignment":"","neve_meta_author_avatar":"","neve_post_elements_order":"","neve_meta_disable_header":"","neve_meta_disable_footer":"","neve_meta_disable_title":"","jetpack_post_was_ever_published":false,"_jetpack_newsletter_access":"","_jetpack_dont_email_post_to_subs":false,"_jetpack_newsletter_tier_id":0,"_jetpack_memberships_contains_paywalled_content":false,"_jetpack_memberships_contains_paid_content":false,"footnotes":"","jetpack_publicize_message":"","jetpack_publicize_feature_enabled":true,"jetpack_social_post_already_shared":true,"jetpack_social_options":{"image_generator_settings":{"template":"highway","default_image_id":0,"font":"","enabled":false},"version":2}},"categories":[22],"tags":[],"class_list":["post-19841","post","type-post","status-publish","format-standard","has-post-thumbnail","hentry","category-recomandarile-cultura"],"jetpack_publicize_connections":[],"jetpack_featured_media_url":"https:\/\/revistacultura.ro\/agenda\/wp-content\/uploads\/2015\/10\/x-film.jpg","jetpack_sharing_enabled":true,"jetpack-related-posts":[{"id":19792,"url":"https:\/\/revistacultura.ro\/agenda\/2015\/06\/o-poveste-feminina\/","url_meta":{"origin":19841,"position":0},"title":"O poveste feminin\u0103","author":"Revista","date":"17 iunie 2015","format":false,"excerpt":"\u00a0 Cunoscut\u0103 ca regizoare de teatru multimedia, Carmen Lidia Vidu preg\u0103te\u015fte o nou\u0103 premier\u0103 la Odeon. Din 19 iunie, Teatrul Odeon \u015fi Asocia\u0163ia Rom\u00e2n\u0103 pentru Promovarea Artelor Spectacolului prezint\u0103 primul spectacol din cadrul proiectului Surorile Heddei, curatoriat de Cristina Modreanu \u015fi sus\u0163inut de Ibsen Scholarship. Eu. O cas\u0103 de p\u0103pu\u015fi,\u2026","rel":"","context":"\u00cen \u201eAgenda culturala\u201d","block_context":{"text":"Agenda culturala","link":"https:\/\/revistacultura.ro\/agenda\/category\/agenda-cultura\/"},"img":{"alt_text":"","src":"https:\/\/i0.wp.com\/revistacultura.ro\/agenda\/wp-content\/uploads\/2015\/06\/spectacol.jpg?resize=350%2C200&ssl=1","width":350,"height":200},"classes":[]},{"id":19178,"url":"https:\/\/revistacultura.ro\/agenda\/2014\/06\/maria-tanase-multimedia\/","url_meta":{"origin":19841,"position":1},"title":"Maria T\u0103nase, multimedia","author":"Revista","date":"20 iunie 2014","format":false,"excerpt":"\u00a0 Regizoarea Carmen Lidia Vidu, primul \u015fi cel mai spectaculos artist de teatru multimedia din Rom\u00e2nia, revine \u00een aten\u0163ia publicului bucure\u015ftean cu ultima premier\u0103 de la Godot Cafe Teatru, C\u00e2ntec de leag\u0103n. O poveste despre Maria Tanase. Cunoscut\u0103 din numeroase mont\u0103ri ca O sta\u0163ie, Privighetoarea \u015fi trandafirul, Micul prin\u0163, Carmen\u2026","rel":"","context":"\u00cen \u201eAgenda culturala\u201d","block_context":{"text":"Agenda culturala","link":"https:\/\/revistacultura.ro\/agenda\/category\/agenda-cultura\/"},"img":{"alt_text":"","src":"https:\/\/i0.wp.com\/revistacultura.ro\/agenda\/wp-content\/uploads\/2014\/06\/Maria-Tanase.jpg?resize=350%2C200&ssl=1","width":350,"height":200,"srcset":"https:\/\/i0.wp.com\/revistacultura.ro\/agenda\/wp-content\/uploads\/2014\/06\/Maria-Tanase.jpg?resize=350%2C200&ssl=1 1x, https:\/\/i0.wp.com\/revistacultura.ro\/agenda\/wp-content\/uploads\/2014\/06\/Maria-Tanase.jpg?resize=525%2C300&ssl=1 1.5x, https:\/\/i0.wp.com\/revistacultura.ro\/agenda\/wp-content\/uploads\/2014\/06\/Maria-Tanase.jpg?resize=700%2C400&ssl=1 2x"},"classes":[]},{"id":18999,"url":"https:\/\/revistacultura.ro\/agenda\/2014\/05\/trei-concerte-speciale-la-sala-radio\/","url_meta":{"origin":19841,"position":2},"title":"Trei concerte speciale la Sala Radio","author":"Revista","date":"30 mai 2014","format":false,"excerpt":"Pentru iubitorii muzicii, luna mai este dedicat\u0103 crea\u0163iilor recente. S\u0103pt\u0103m\u00e2na Interna\u0163ional\u0103 a Muzicii Noi a ajuns la cea de-a dou\u00e3zeci si patra edi\u0163ie! P\u00e2n\u0103 pe 30 mai, compozi\u0163ii contemporane, concepute \u00een mare parte din 1950 p\u00e2n\u0103 \u00een prezent (cu accent pe crea\u0163iile din ultimii dou\u0103zeci de ani), lucr\u0103ri marcate de\u2026","rel":"","context":"\u00cen \u201eAgenda culturala\u201d","block_context":{"text":"Agenda culturala","link":"https:\/\/revistacultura.ro\/agenda\/category\/agenda-cultura\/"},"img":{"alt_text":"","src":"","width":0,"height":0},"classes":[]},{"id":19542,"url":"https:\/\/revistacultura.ro\/agenda\/2014\/11\/19542\/","url_meta":{"origin":19841,"position":3},"title":"Bucure\u015ftiul redevine Capitala Teatrului de Anima\u0163ie","author":"Revista","date":"13 noiembrie 2014","format":false,"excerpt":"\u00a0 \u00a0 \u00centre 13 \u015fi 23 noiembrie se desf\u0103\u015foar\u0103 edi\u0163ia a zecea a Festivalului Interna\u0163ional al Teatrului de Anima\u0163ie \u201cSpectacole de colec\u0163ie\u201c. Festivalul aliniaz\u0103 peste 60 de evenimente, trupe \u015fi profesioni\u015fti din 8 \u0163\u0103ri invitate (Austria, Belgia, China, Croa\u0163ia, Grecia, Fran\u0163a, Italia, Spania) \u015fi 14 teatre \u015fi proiecte independente rom\u00e2ne\u015fti\u2026","rel":"","context":"\u00cen \u201eAgenda culturala\u201d","block_context":{"text":"Agenda culturala","link":"https:\/\/revistacultura.ro\/agenda\/category\/agenda-cultura\/"},"img":{"alt_text":"","src":"","width":0,"height":0},"classes":[]},{"id":21834,"url":"https:\/\/revistacultura.ro\/agenda\/2026\/04\/documentarul-ultima-transhumanta-proiectii-si-qa\/","url_meta":{"origin":19841,"position":4},"title":"Documentarul \u201eUltima transhuman\u021b\u0103\u201d &#8211; proiec\u021bii \u0219i Q&amp;A","author":"Cultura","date":"10 aprilie 2026","format":false,"excerpt":"Regizorul Drago\u0219 Lumpan anun\u021b\u0103 finalizarea proiectului cinematografic \u201eUltima transhuman\u021b\u0103\u201d dup\u0103 un proces de documentare \u0219i realizare care a durat 20 de ani. Filmul va avea proiec\u021bii speciale la sf\u00e2r\u0219it de aprilie \u00een mai multe cinematografe din \u021bar\u0103. Bucure\u0219ti, Cinema Union: 23 aprilie, ora 20 Bucure\u0219ti, Cinema Apollo111: 24 aprilie, ora\u2026","rel":"","context":"\u00cen \u201eFilme noi\u201d","block_context":{"text":"Filme noi","link":"https:\/\/revistacultura.ro\/agenda\/category\/filme-noi\/"},"img":{"alt_text":"","src":"https:\/\/i0.wp.com\/revistacultura.ro\/agenda\/wp-content\/uploads\/2026\/04\/ultima_transhumanta_afis.webp?resize=350%2C200&ssl=1","width":350,"height":200,"srcset":"https:\/\/i0.wp.com\/revistacultura.ro\/agenda\/wp-content\/uploads\/2026\/04\/ultima_transhumanta_afis.webp?resize=350%2C200&ssl=1 1x, https:\/\/i0.wp.com\/revistacultura.ro\/agenda\/wp-content\/uploads\/2026\/04\/ultima_transhumanta_afis.webp?resize=525%2C300&ssl=1 1.5x, https:\/\/i0.wp.com\/revistacultura.ro\/agenda\/wp-content\/uploads\/2026\/04\/ultima_transhumanta_afis.webp?resize=700%2C400&ssl=1 2x"},"classes":[]},{"id":20812,"url":"https:\/\/revistacultura.ro\/agenda\/2021\/11\/orasul-de-sub-macarele-ajunge-pe-simeze\/","url_meta":{"origin":19841,"position":5},"title":"Ora\u0219ul de sub macarele ajunge pe simeze","author":"Cultura","date":"3 noiembrie 2021","format":false,"excerpt":"De o sut\u0103 de ani sub macarale, plin de praf cu granula\u021bii nocive, Bucure\u0219tiul este \/ poate fi v\u0103zut ca o oper\u0103 de art\u0103 el \u00eensu\u0219i, \u00een care peisajul este arhitectural, este uman, este ideologic, este (uneori \u0219i pe alocuri) estetic \u2013 f\u0103r\u0103 a se reduce la acestea. Ivan Gallery\u2026","rel":"","context":"\u00cen \u201eAgenda culturala\u201d","block_context":{"text":"Agenda culturala","link":"https:\/\/revistacultura.ro\/agenda\/category\/agenda-cultura\/"},"img":{"alt_text":"","src":"https:\/\/i0.wp.com\/revistacultura.ro\/agenda\/wp-content\/uploads\/2021\/11\/ivan-b.png?resize=350%2C200&ssl=1","width":350,"height":200,"srcset":"https:\/\/i0.wp.com\/revistacultura.ro\/agenda\/wp-content\/uploads\/2021\/11\/ivan-b.png?resize=350%2C200&ssl=1 1x, https:\/\/i0.wp.com\/revistacultura.ro\/agenda\/wp-content\/uploads\/2021\/11\/ivan-b.png?resize=525%2C300&ssl=1 1.5x, https:\/\/i0.wp.com\/revistacultura.ro\/agenda\/wp-content\/uploads\/2021\/11\/ivan-b.png?resize=700%2C400&ssl=1 2x, https:\/\/i0.wp.com\/revistacultura.ro\/agenda\/wp-content\/uploads\/2021\/11\/ivan-b.png?resize=1050%2C600&ssl=1 3x"},"classes":[]}],"_links":{"self":[{"href":"https:\/\/revistacultura.ro\/agenda\/wp-json\/wp\/v2\/posts\/19841","targetHints":{"allow":["GET"]}}],"collection":[{"href":"https:\/\/revistacultura.ro\/agenda\/wp-json\/wp\/v2\/posts"}],"about":[{"href":"https:\/\/revistacultura.ro\/agenda\/wp-json\/wp\/v2\/types\/post"}],"author":[{"embeddable":true,"href":"https:\/\/revistacultura.ro\/agenda\/wp-json\/wp\/v2\/users\/2"}],"replies":[{"embeddable":true,"href":"https:\/\/revistacultura.ro\/agenda\/wp-json\/wp\/v2\/comments?post=19841"}],"version-history":[{"count":1,"href":"https:\/\/revistacultura.ro\/agenda\/wp-json\/wp\/v2\/posts\/19841\/revisions"}],"predecessor-version":[{"id":19843,"href":"https:\/\/revistacultura.ro\/agenda\/wp-json\/wp\/v2\/posts\/19841\/revisions\/19843"}],"wp:featuredmedia":[{"embeddable":true,"href":"https:\/\/revistacultura.ro\/agenda\/wp-json\/wp\/v2\/media\/19842"}],"wp:attachment":[{"href":"https:\/\/revistacultura.ro\/agenda\/wp-json\/wp\/v2\/media?parent=19841"}],"wp:term":[{"taxonomy":"category","embeddable":true,"href":"https:\/\/revistacultura.ro\/agenda\/wp-json\/wp\/v2\/categories?post=19841"},{"taxonomy":"post_tag","embeddable":true,"href":"https:\/\/revistacultura.ro\/agenda\/wp-json\/wp\/v2\/tags?post=19841"}],"curies":[{"name":"wp","href":"https:\/\/api.w.org\/{rel}","templated":true}]}}