{"id":19550,"date":"2014-11-13T14:29:59","date_gmt":"2014-11-13T12:29:59","guid":{"rendered":"http:\/\/revistacultura.ro\/agenda\/?p=19550"},"modified":"2014-11-13T14:30:50","modified_gmt":"2014-11-13T12:30:50","slug":"jonathan-israel-o-revolutie-a-mintii","status":"publish","type":"post","link":"https:\/\/revistacultura.ro\/agenda\/2014\/11\/jonathan-israel-o-revolutie-a-mintii\/","title":{"rendered":"Jonathan Israel, O revolu\u0163ie a min\u0163ii"},"content":{"rendered":"<p>&nbsp;<\/p>\n<p>&nbsp;<\/p>\n<p>Specialist \u00een istoria modernit\u00e3\u0163ii socio-politice, nume contemporan de referin\u0163\u00e3 \u00een exegeza iluminismului \u2013 v. trilogia Radical Enlightenment. Philosophy and the Making of Modernity, 1650-1750 (2001), Enlightenment Contested: Philosophy, Modernity, and the Emancipation of Man, 1670-1752 (2006), Democratic Enlightenment. Philosophy, Revolution, and Human Rights, 1750-1790 (2011) \u2013, Jonathan Israel apare pentru prima oar\u00e3 \u00een rom\u00e2ne\u015fte cu aceast\u00e3 colec\u0163ie de studii din 2010, care poate func\u0163iona ca sintez\u00e3 sau ca introducere \u00een iluminism, dar, \u00een acela\u015fi timp, \u015fi \u00een \u201emetoda\u201c lui Israel de a aborda complexul fenomen, respectiv cu ad\u00e2nci repercusiuni \u00een modul s\u00e3u de a judeca prezentul. E vizibil, prin urmare, aici ata\u015famentul lui Israel pentru o perspectiv\u00e3 \u201eidealist\u00e3\u201c asupra Luminilor (o revolu\u0163ie a ideilor sau a \u201emin\u0163ii\u201c preced\u00e3 revolu\u0163ia politic\u00e3, formele premerg fondul etc.) \u015fi lupta sa pentru conservarea acestor valori \u00een societatea contemporan\u00e3 turmentat\u00e3 de falsa ra\u0163ionalitate a corectitudinii politice \u015fi a multiculturalismului, care pretind a oferi umanit\u00e3\u0163ii repere comparabile cu acele valori numite de unii europocentriste, iar de al\u0163ii, universale.<\/p>\n<p>&nbsp;<\/p>\n<p><strong>Jonathan <em>Israel,<\/em> O revolu\u0163ie a min\u0163ii. Iluminismul radical \u015fi originile intelectuale ale democra\u0163iei moderne,<\/strong> traducere \u015fi cuv\u00e2nt \u00eenainte de Veronica Laz\u00e3r, Editura Tact, Cluj-Napoca, 2013<\/p>\n<p>&nbsp;<\/p>\n<p>&nbsp;<\/p>\n","protected":false},"excerpt":{"rendered":"<p>&nbsp; &nbsp; Specialist \u00een istoria modernit\u00e3\u0163ii socio-politice, nume contemporan de referin\u0163\u00e3 \u00een exegeza iluminismului \u2013 v. trilogia Radical Enlightenment. Philosophy and the Making of Modernity, 1650-1750 (2001), Enlightenment Contested: Philosophy, Modernity, and the Emancipation of Man, 1670-1752 (2006), Democratic Enlightenment. Philosophy, Revolution, and Human Rights, 1750-1790 (2011) \u2013, Jonathan Israel apare pentru prima oar\u00e3 \u00een&hellip;&nbsp;<a href=\"https:\/\/revistacultura.ro\/agenda\/2014\/11\/jonathan-israel-o-revolutie-a-mintii\/\" rel=\"bookmark\">Cite\u0219te mai mult &raquo;<span class=\"screen-reader-text\">Jonathan Israel, O revolu\u0163ie a min\u0163ii<\/span><\/a><\/p>\n","protected":false},"author":2,"featured_media":19551,"comment_status":"open","ping_status":"open","sticky":false,"template":"","format":"standard","meta":{"neve_meta_sidebar":"","neve_meta_container":"","neve_meta_enable_content_width":"","neve_meta_content_width":0,"neve_meta_title_alignment":"","neve_meta_author_avatar":"","neve_post_elements_order":"","neve_meta_disable_header":"","neve_meta_disable_footer":"","neve_meta_disable_title":"","jetpack_post_was_ever_published":false,"_jetpack_newsletter_access":"","_jetpack_dont_email_post_to_subs":false,"_jetpack_newsletter_tier_id":0,"_jetpack_memberships_contains_paywalled_content":false,"_jetpack_memberships_contains_paid_content":false,"footnotes":"","jetpack_publicize_message":"","jetpack_publicize_feature_enabled":true,"jetpack_social_post_already_shared":true,"jetpack_social_options":{"image_generator_settings":{"template":"highway","default_image_id":0,"font":"","enabled":false},"version":2}},"categories":[15],"tags":[691,692],"class_list":["post-19550","post","type-post","status-publish","format-standard","has-post-thumbnail","hentry","category-aparitii-editoriale","tag-jonathan-israel","tag-o-revolutie-a-mintii"],"jetpack_publicize_connections":[],"jetpack_featured_media_url":"https:\/\/revistacultura.ro\/agenda\/wp-content\/uploads\/2014\/11\/revolutia-mintii.jpg","jetpack_sharing_enabled":true,"jetpack-related-posts":[{"id":19176,"url":"https:\/\/revistacultura.ro\/agenda\/2014\/06\/bogdan-cosa-o-forma-de-adapost-primara\/","url_meta":{"origin":19550,"position":0},"title":"Bogdan Co\u015fa, O form\u0103 de ad\u0103post primar\u0103","author":"Revista","date":"20 iunie 2014","format":false,"excerpt":"\u00a0 Bogdan Co\u015fa scrie o poezie non-transcendent\u0103. Nu e vorba de transcenden\u0163a goal\u0103 a modernit\u0103\u0163ii \u2013 \u00een sensul \u00een care o scen\u0103 e goal\u0103 \u2013, fiindc\u0103 la el p\u00e2n\u0103 \u015fi decorul e ras cu totul, p\u00e2n\u0103 la piatra de temelie a teatrului: \u201ecu o putere m\u0103rit\u0103 a min\u0163ii\/ s\u0103 cr\u0103p\u0103m\u2026","rel":"","context":"\u00cen \u201eAparitii editoriale\u201d","block_context":{"text":"Aparitii editoriale","link":"https:\/\/revistacultura.ro\/agenda\/category\/aparitii-editoriale\/"},"img":{"alt_text":"","src":"","width":0,"height":0},"classes":[]},{"id":18698,"url":"https:\/\/revistacultura.ro\/agenda\/2014\/04\/gunther-anders-obsolescenta-omului\/","url_meta":{"origin":19550,"position":1},"title":"G\u00fcnther Anders, Obsolescen\u0163a omului","author":"Revista","date":"10 aprilie 2014","format":false,"excerpt":"\u201ePrima revolu\u0163ie industrial\u0103 de la mijlocul secolului al XIX-lea const\u0103, \u00een opinia lui Anders, \u00een emergen\u0163a principiului tehnic dup\u0103 care se ghideaz\u0103 activitatea omului: a produce,cu ajutorul ma\u015finilor, alte ma\u015fini sau piese tehnice. A doua revolu\u0163ie industrial\u0103 se petrece atunci c\u00e2nd omul devine un simplu mijloc sau instrument \u00een producerea\u2026","rel":"","context":"\u00cen \u201eAgenda culturala\u201d","block_context":{"text":"Agenda culturala","link":"https:\/\/revistacultura.ro\/agenda\/category\/agenda-cultura\/"},"img":{"alt_text":"","src":"","width":0,"height":0},"classes":[]},{"id":18180,"url":"https:\/\/revistacultura.ro\/agenda\/2014\/03\/martiri-teatrul-national-targu-mures\/","url_meta":{"origin":19550,"position":2},"title":"Martiri, Teatrul Na\u0163ional  T\u00e2rgu-Mure\u015f","author":"Revista","date":"20 martie 2014","format":false,"excerpt":"Cea mai recent\u0103 premier\u0103 a \u201eTeatrului Na\u0163ional T\u00e2rgu-Mure\u0103\u201c este Martiri de Marius von Mayenburg, \u00een regia lui Theodor-Cristian Popescu \u015fi scenografia lui Cosmin Ardeleanu. Despre motivele care l-au f\u0103cut s\u0103 opteze pentru textul respectiv regizorul m\u0103rturise\u0103te: \u201eMarius von Mayenburg plonjeaz\u0103 din nou \u00een incandescen\u0163a min\u0163ii unui adolescent pentru care gestul\u2026","rel":"","context":"\u00cen \u201eAgenda culturala\u201d","block_context":{"text":"Agenda culturala","link":"https:\/\/revistacultura.ro\/agenda\/category\/agenda-cultura\/"},"img":{"alt_text":"","src":"","width":0,"height":0},"classes":[]},{"id":20701,"url":"https:\/\/revistacultura.ro\/agenda\/2020\/09\/teatrul-national-din-timisoara-deschide-scena-a-ut-dor\/","url_meta":{"origin":19550,"position":3},"title":"Teatrul Na\u021bional din Timi\u0219oara deschide Scena A ut DOR","author":"Cultura","date":"1 septembrie 2020","format":false,"excerpt":"Teatrul Na\u021bional din Timi\u0219oara \u00ee\u0219i \u00eent\u00e2lne\u0219te publicul din nou, fidel rostului s\u0103u fundamental: unificarea speran\u021belor societ\u0103\u021bii prin arta teatrului, \u00eentr-un spa\u021biu al dialogului, care poate fi oricare \u2013 sub cupola teatrului sau sub cerul liber. Desigur, regulile impuse de lege \u00een prevenirea \u0219i combaterea coronavirusului restric\u021bioneaz\u0103 accesul \u00een s\u0103lile de\u2026","rel":"","context":"\u00cen \u201eSemnal\u201d","block_context":{"text":"Semnal","link":"https:\/\/revistacultura.ro\/agenda\/category\/semnal\/"},"img":{"alt_text":"","src":"https:\/\/i0.wp.com\/revistacultura.ro\/agenda\/wp-content\/uploads\/2020\/09\/tnt19859164_n.jpg?resize=350%2C200&ssl=1","width":350,"height":200,"srcset":"https:\/\/i0.wp.com\/revistacultura.ro\/agenda\/wp-content\/uploads\/2020\/09\/tnt19859164_n.jpg?resize=350%2C200&ssl=1 1x, https:\/\/i0.wp.com\/revistacultura.ro\/agenda\/wp-content\/uploads\/2020\/09\/tnt19859164_n.jpg?resize=525%2C300&ssl=1 1.5x"},"classes":[]},{"id":18554,"url":"https:\/\/revistacultura.ro\/agenda\/2014\/04\/gustav-meyrink-fata-verde\/","url_meta":{"origin":19550,"position":4},"title":"Gustav Meyrink, Fa\u0163a verde","author":"Revista","date":"3 aprilie 2014","format":false,"excerpt":"\u00a0Gustav Meyrink, Fa\u0163a verde, Bucure\u015fti, Editura Nemira, 2014, 344 pagini, 30 lei \u201eDup\u0103 sf\u00e2r\u015fitul Primului R\u0103zboi Mondial, Amsterdam este El Dorado sau Mecca pentru to\u0163i cei care t\u00e2njesc dup\u0103 schimbare. Unii trec grani\u0163ele lumii concrete \u015fi caut\u0103 ini\u0163ierea interioar\u0103, \u00eentr-o lume plin\u0103 de iluzioni\u015fti \u015fi ilumina\u0163i, \u015famani africani \u015fi cabali\u015fti.\u2026","rel":"","context":"\u00cen \u201eAgenda culturala\u201d","block_context":{"text":"Agenda culturala","link":"https:\/\/revistacultura.ro\/agenda\/category\/agenda-cultura\/"},"img":{"alt_text":"","src":"","width":0,"height":0},"classes":[]},{"id":20710,"url":"https:\/\/revistacultura.ro\/agenda\/2020\/09\/teatru-la-timisoara-ce-urmeaza-in-festivalul-fest-fdr-sos-2020\/","url_meta":{"origin":19550,"position":5},"title":"Teatru la Timi\u0219oara. Ce urmeaz\u0103 \u00een festivalul FEST-FDR SOS 2020","author":"Cultura","date":"22 septembrie 2020","format":false,"excerpt":"Dup\u0103 un final de s\u0103pt\u0103m\u00e2n\u0103 \u00een care teatrele din R\u00e2mnicu V\u00e2lcea, Re\u0219i\u021ba \u0219i Odorheiu Secuiesc au desenat o hart\u0103 de cea mai bun\u0103 calitate a diversit\u0103\u021bii teatrului rom\u00e2nesc, iar luni, Marius Bodochi, al\u0103turi de\u00a0muzicienii Alexandru Anastasiu \u0219i Lucian Maxim, a readus pe scen\u0103 contempla\u021bia prin spectacolul s\u0103u\u00a0A\u0219 vrea s\u0103-\u021bi spun...,\u2026","rel":"","context":"\u00cen \u201eRecomand\u0103ri\u201d","block_context":{"text":"Recomand\u0103ri","link":"https:\/\/revistacultura.ro\/agenda\/category\/recomandarile-cultura\/"},"img":{"alt_text":"","src":"https:\/\/i0.wp.com\/revistacultura.ro\/agenda\/wp-content\/uploads\/2020\/09\/NU-SUNT-EU-foto-Oana-Monica-Nae-1.jpg?resize=350%2C200&ssl=1","width":350,"height":200,"srcset":"https:\/\/i0.wp.com\/revistacultura.ro\/agenda\/wp-content\/uploads\/2020\/09\/NU-SUNT-EU-foto-Oana-Monica-Nae-1.jpg?resize=350%2C200&ssl=1 1x, https:\/\/i0.wp.com\/revistacultura.ro\/agenda\/wp-content\/uploads\/2020\/09\/NU-SUNT-EU-foto-Oana-Monica-Nae-1.jpg?resize=525%2C300&ssl=1 1.5x, https:\/\/i0.wp.com\/revistacultura.ro\/agenda\/wp-content\/uploads\/2020\/09\/NU-SUNT-EU-foto-Oana-Monica-Nae-1.jpg?resize=700%2C400&ssl=1 2x"},"classes":[]}],"_links":{"self":[{"href":"https:\/\/revistacultura.ro\/agenda\/wp-json\/wp\/v2\/posts\/19550","targetHints":{"allow":["GET"]}}],"collection":[{"href":"https:\/\/revistacultura.ro\/agenda\/wp-json\/wp\/v2\/posts"}],"about":[{"href":"https:\/\/revistacultura.ro\/agenda\/wp-json\/wp\/v2\/types\/post"}],"author":[{"embeddable":true,"href":"https:\/\/revistacultura.ro\/agenda\/wp-json\/wp\/v2\/users\/2"}],"replies":[{"embeddable":true,"href":"https:\/\/revistacultura.ro\/agenda\/wp-json\/wp\/v2\/comments?post=19550"}],"version-history":[{"count":2,"href":"https:\/\/revistacultura.ro\/agenda\/wp-json\/wp\/v2\/posts\/19550\/revisions"}],"predecessor-version":[{"id":19553,"href":"https:\/\/revistacultura.ro\/agenda\/wp-json\/wp\/v2\/posts\/19550\/revisions\/19553"}],"wp:featuredmedia":[{"embeddable":true,"href":"https:\/\/revistacultura.ro\/agenda\/wp-json\/wp\/v2\/media\/19551"}],"wp:attachment":[{"href":"https:\/\/revistacultura.ro\/agenda\/wp-json\/wp\/v2\/media?parent=19550"}],"wp:term":[{"taxonomy":"category","embeddable":true,"href":"https:\/\/revistacultura.ro\/agenda\/wp-json\/wp\/v2\/categories?post=19550"},{"taxonomy":"post_tag","embeddable":true,"href":"https:\/\/revistacultura.ro\/agenda\/wp-json\/wp\/v2\/tags?post=19550"}],"curies":[{"name":"wp","href":"https:\/\/api.w.org\/{rel}","templated":true}]}}