{"id":19547,"date":"2014-11-13T14:26:57","date_gmt":"2014-11-13T12:26:57","guid":{"rendered":"http:\/\/revistacultura.ro\/agenda\/?p=19547"},"modified":"2014-11-13T14:30:18","modified_gmt":"2014-11-13T12:30:18","slug":"terry-eagleton-how-to-read-a-poem","status":"publish","type":"post","link":"https:\/\/revistacultura.ro\/agenda\/2014\/11\/terry-eagleton-how-to-read-a-poem\/","title":{"rendered":"Terry Eagleton, How to Read a Poem"},"content":{"rendered":"<p>&nbsp;<\/p>\n<p>&nbsp;<\/p>\n<p>\u00cen stilul lui sceptic fa\u0163\u0103 de toate ready-made-urile culturale, Terry Eagleton reu\u015fe\u015fte s\u0103 furnizeze un tratat credibil de analiz\u0103 a poeziei. \u00cen care, printre delimit\u0103ri stilistice \u015fi contextualiz\u0103ri istorice (toate, transcrise \u00eentr-un stil amuzant ce \u0163in cititorul treaz la fiecare pagin\u0103), am g\u0103sit cea mai terre-\u00e0-terre defini\u0163ie a poeziei \u2013 dup\u0103 ce toate a\u015ftept\u0103rile cu privire la definirea ei s-au spulberat: poezia este o afirma\u0163ie moral\u0103 \u00een care autorul, iar nu editorul sau procesul tip\u0103ririi, decide unde se \u00eencheie fiecare r\u00e2nd. Pornind de la aceast\u0103 prezum\u0163ie minimal\u0103, care ar fi scandalizat \u00een aceea\u015fi m\u0103sur\u0103 formali\u015fti, deconstructivi\u015fti \u015fi neoistori\u015fti, Eagleton construie\u015fte un e\u015fafodaj teoretic complex, menit s\u0103 furnizeze ABC-ul deziluzionat al genului.<\/p>\n<p>&nbsp;<\/p>\n<blockquote><p><strong>Terry Eagleton, How to Read a Poem, Wiley-Blackwell, 2006<\/strong><\/p>\n<p><strong>\u00a0<\/strong><\/p><\/blockquote>\n","protected":false},"excerpt":{"rendered":"<p>&nbsp; &nbsp; \u00cen stilul lui sceptic fa\u0163\u0103 de toate ready-made-urile culturale, Terry Eagleton reu\u015fe\u015fte s\u0103 furnizeze un tratat credibil de analiz\u0103 a poeziei. \u00cen care, printre delimit\u0103ri stilistice \u015fi contextualiz\u0103ri istorice (toate, transcrise \u00eentr-un stil amuzant ce \u0163in cititorul treaz la fiecare pagin\u0103), am g\u0103sit cea mai terre-\u00e0-terre defini\u0163ie a poeziei \u2013 dup\u0103 ce toate&hellip;&nbsp;<a href=\"https:\/\/revistacultura.ro\/agenda\/2014\/11\/terry-eagleton-how-to-read-a-poem\/\" rel=\"bookmark\">Cite\u0219te mai mult &raquo;<span class=\"screen-reader-text\">Terry Eagleton, How to Read a Poem<\/span><\/a><\/p>\n","protected":false},"author":2,"featured_media":19548,"comment_status":"open","ping_status":"open","sticky":false,"template":"","format":"standard","meta":{"neve_meta_sidebar":"","neve_meta_container":"","neve_meta_enable_content_width":"","neve_meta_content_width":0,"neve_meta_title_alignment":"","neve_meta_author_avatar":"","neve_post_elements_order":"","neve_meta_disable_header":"","neve_meta_disable_footer":"","neve_meta_disable_title":"","jetpack_post_was_ever_published":false,"_jetpack_newsletter_access":"","_jetpack_dont_email_post_to_subs":false,"_jetpack_newsletter_tier_id":0,"_jetpack_memberships_contains_paywalled_content":false,"_jetpack_memberships_contains_paid_content":false,"footnotes":"","jetpack_publicize_message":"","jetpack_publicize_feature_enabled":true,"jetpack_social_post_already_shared":true,"jetpack_social_options":{"image_generator_settings":{"template":"highway","default_image_id":0,"font":"","enabled":false},"version":2}},"categories":[15],"tags":[690,689],"class_list":["post-19547","post","type-post","status-publish","format-standard","has-post-thumbnail","hentry","category-aparitii-editoriale","tag-how-to-read-a-poem","tag-terry-eagleton"],"jetpack_publicize_connections":[],"jetpack_featured_media_url":"https:\/\/revistacultura.ro\/agenda\/wp-content\/uploads\/2014\/11\/how-to-read-a-poem-eagleton-terry-cvr.jpg","jetpack_sharing_enabled":true,"jetpack-related-posts":[{"id":18092,"url":"https:\/\/revistacultura.ro\/agenda\/2014\/03\/ziua-internationala-a-poeziei-la-mnlr\/","url_meta":{"origin":19547,"position":0},"title":"Ziua Interna\u0163ional\u0103 a Poeziei la MNLR","author":"Revista","date":"13 martie 2014","format":false,"excerpt":"Vineri 21 martie, de Ziua Interna\u0163ional\u0103 a Poeziei, \u00een Rotonda Muzeului Na\u0163ional al Literaturii Rom\u00e2ne din Capital\u0103 va avea loc un \u201eRecital cu pereche \u2013 noi \u015fi amintirea lor\u201c. La evenimentul organizat de Filiala USR Bucure\u015fti-Poezie \u00een colaborare cu MNLR vor participa 23 de poe\u0163i care vor citi, fiecare, un\u2026","rel":"","context":"\u00cen \u201eRecomand\u0103ri\u201d","block_context":{"text":"Recomand\u0103ri","link":"https:\/\/revistacultura.ro\/agenda\/category\/recomandarile-cultura\/"},"img":{"alt_text":"","src":"","width":0,"height":0},"classes":[]},{"id":19313,"url":"https:\/\/revistacultura.ro\/agenda\/2014\/08\/octavian-soviany-calcaiul-lui-magellan-2\/","url_meta":{"origin":19547,"position":1},"title":"Octavian Soviany, C\u0103lc\u00e2iul lui Magellan","author":"Revista","date":"1 august 2014","format":false,"excerpt":"\u00a0 \u201eAm venit s\u0103 vedem cum lucreaz\u0103 pustiul\u201c. Pustiul e un alt nume al timpului, c\u0103ci Soviany nu e un Magellan cu reveria geografiei care-\u015fi caut\u0103 \u00eemplinirea, ci unul al istoriei deturnate spre mitic \u015fi simbolic, chiar c\u00e2nd apuc\u0103 \u2013 sau chiar pentru a apuca \u2013 cu mai mult\u0103 for\u0163\u0103\u2026","rel":"","context":"\u00cen \u201eAparitii editoriale\u201d","block_context":{"text":"Aparitii editoriale","link":"https:\/\/revistacultura.ro\/agenda\/category\/aparitii-editoriale\/"},"img":{"alt_text":"","src":"","width":0,"height":0},"classes":[]},{"id":19023,"url":"https:\/\/revistacultura.ro\/agenda\/2014\/05\/radu-vancu-mistica-poeziei-lecturi-in-literatura-contemporana\/","url_meta":{"origin":19547,"position":2},"title":"Radu Vancu, Mistica poeziei. Lecturi \u00een literatura contemporan\u00e3","author":"Revista","date":"30 mai 2014","format":false,"excerpt":"Dincolo de faptul c\u00e3 e unul dintre cei mai fini \u015fi erudi\u0163i cititori de poezie de azi, Radu Vancu \u00ee\u015fi asum\u00e3, pe acest teritoriu, func\u0163ia unui mediator permanent. Mistica poeziei. Lecturi \u00een literatura contemporan\u00e3 d\u00e3, \u00een primul r\u00e2nd, seama de capacitatea criticului-poet de a suprima bariere: dintre concepte generale \u015fi\u2026","rel":"","context":"\u00cen \u201eAparitii editoriale\u201d","block_context":{"text":"Aparitii editoriale","link":"https:\/\/revistacultura.ro\/agenda\/category\/aparitii-editoriale\/"},"img":{"alt_text":"","src":"","width":0,"height":0},"classes":[]},{"id":18446,"url":"https:\/\/revistacultura.ro\/agenda\/2014\/03\/mircea-ivanescu-versuri\/","url_meta":{"origin":19547,"position":3},"title":"Mircea Iv\u0103nescu, Versuri","author":"Revista","date":"27 martie 2014","format":false,"excerpt":"CARTE Grafic, este cea mai frumoas\u0103 edi\u0163ie de p\u00e2n\u0103 acum a poeziilor lui Mircea Iv\u0103nescu. De asemenea, antologia a fost \u00eengrijit\u0103 de specialistul \u015fi fanul no 1 al poetului \u2013 Al Cistelecan (asta este de fapt a treia care i se datoreaz\u0103). Pe de alt\u0103 parte, dup\u0103 at\u00e2tea antologii, a\u2026","rel":"","context":"\u00cen \u201eRecomand\u0103ri\u201d","block_context":{"text":"Recomand\u0103ri","link":"https:\/\/revistacultura.ro\/agenda\/category\/recomandarile-cultura\/"},"img":{"alt_text":"","src":"","width":0,"height":0},"classes":[]},{"id":20299,"url":"https:\/\/revistacultura.ro\/agenda\/2019\/11\/inscrieri-la-concursul-national-pentru-traducerea-poeziei-romanesti\/","url_meta":{"origin":19547,"position":4},"title":"\u00censcrieri la Concursul Na\u0163ional  pentru Traducerea Poeziei Rom\u00e2ne\u015fti","author":"Cultura","date":"15 noiembrie 2019","format":false,"excerpt":"\u201eLidia Vianu Translates\u201d Edi\u0163ia a treia, noiembrie 2019 Acest concurs este deschis tuturor poe\u0163ilor care doresc s\u0103 fie tradu\u015fi \u00een limba englez\u0103 de Lidia Vianu. Poe\u0163ii c\u00e2\u015ftig\u0103tori vor fi tradu\u015fi \u015fi publica\u0163i \u00eentr-o antologie. Ne dorim poe\u0163i buni, \u015fi o antologie reprezentativ\u0103, cu care s\u0103 putem bate la u\u015fa unei\u2026","rel":"","context":"\u00cen \u201ePrimite la redac\u021bie\u201d","block_context":{"text":"Primite la redac\u021bie","link":"https:\/\/revistacultura.ro\/agenda\/category\/primite-la-redactie\/"},"img":{"alt_text":"","src":"https:\/\/i0.wp.com\/revistacultura.ro\/agenda\/wp-content\/uploads\/2019\/11\/logo-Concursul-Poetilor.png?resize=350%2C200&ssl=1","width":350,"height":200},"classes":[]},{"id":21006,"url":"https:\/\/revistacultura.ro\/agenda\/2023\/07\/cautam-poeti-foarte-buni-consacrati-sau-nu\/","url_meta":{"origin":19547,"position":5},"title":"\u201eC\u0103ut\u0103m\u00a0Poe\u0163i \u00a0FOARTE \u00a0BUNI, consacra\u0163i sau nu.\u201d","author":"Cultura","date":"26 iulie 2023","format":false,"excerpt":"Data limit\u0103 a call-ului: 1 octombrie 2023 Contemporary Literature Press, editur\u0103 digital\u0103 bilingv\u0103 rom\u00e2n\u0103\/englez\u0103, lansat\u0103 \u0219i dezvoltat\u0103 de MTTLC. Masteratul pentru Traducerea Textului Literar Contemporan, sub direc\u021bia Lidiei Vianu, a lansat un apel inedit pentru poe\u021bii care nu au publicat p\u00e2n\u0103 \u00een prezent \u00een editura CLP. Contemporary Literature Press, \u00eempreun\u0103\u2026","rel":"","context":"\u00cen \u201eSemnal\u201d","block_context":{"text":"Semnal","link":"https:\/\/revistacultura.ro\/agenda\/category\/semnal\/"},"img":{"alt_text":"","src":"https:\/\/i0.wp.com\/revistacultura.ro\/agenda\/wp-content\/uploads\/2023\/07\/apel_clp.webp?resize=350%2C200&ssl=1","width":350,"height":200,"srcset":"https:\/\/i0.wp.com\/revistacultura.ro\/agenda\/wp-content\/uploads\/2023\/07\/apel_clp.webp?resize=350%2C200&ssl=1 1x, https:\/\/i0.wp.com\/revistacultura.ro\/agenda\/wp-content\/uploads\/2023\/07\/apel_clp.webp?resize=525%2C300&ssl=1 1.5x, https:\/\/i0.wp.com\/revistacultura.ro\/agenda\/wp-content\/uploads\/2023\/07\/apel_clp.webp?resize=700%2C400&ssl=1 2x"},"classes":[]}],"_links":{"self":[{"href":"https:\/\/revistacultura.ro\/agenda\/wp-json\/wp\/v2\/posts\/19547","targetHints":{"allow":["GET"]}}],"collection":[{"href":"https:\/\/revistacultura.ro\/agenda\/wp-json\/wp\/v2\/posts"}],"about":[{"href":"https:\/\/revistacultura.ro\/agenda\/wp-json\/wp\/v2\/types\/post"}],"author":[{"embeddable":true,"href":"https:\/\/revistacultura.ro\/agenda\/wp-json\/wp\/v2\/users\/2"}],"replies":[{"embeddable":true,"href":"https:\/\/revistacultura.ro\/agenda\/wp-json\/wp\/v2\/comments?post=19547"}],"version-history":[{"count":1,"href":"https:\/\/revistacultura.ro\/agenda\/wp-json\/wp\/v2\/posts\/19547\/revisions"}],"predecessor-version":[{"id":19549,"href":"https:\/\/revistacultura.ro\/agenda\/wp-json\/wp\/v2\/posts\/19547\/revisions\/19549"}],"wp:featuredmedia":[{"embeddable":true,"href":"https:\/\/revistacultura.ro\/agenda\/wp-json\/wp\/v2\/media\/19548"}],"wp:attachment":[{"href":"https:\/\/revistacultura.ro\/agenda\/wp-json\/wp\/v2\/media?parent=19547"}],"wp:term":[{"taxonomy":"category","embeddable":true,"href":"https:\/\/revistacultura.ro\/agenda\/wp-json\/wp\/v2\/categories?post=19547"},{"taxonomy":"post_tag","embeddable":true,"href":"https:\/\/revistacultura.ro\/agenda\/wp-json\/wp\/v2\/tags?post=19547"}],"curies":[{"name":"wp","href":"https:\/\/api.w.org\/{rel}","templated":true}]}}