{"id":19545,"date":"2014-11-13T14:24:41","date_gmt":"2014-11-13T12:24:41","guid":{"rendered":"http:\/\/revistacultura.ro\/agenda\/?p=19545"},"modified":"2014-11-13T14:24:41","modified_gmt":"2014-11-13T12:24:41","slug":"artele-vizuale-si-ecologia","status":"publish","type":"post","link":"https:\/\/revistacultura.ro\/agenda\/2014\/11\/artele-vizuale-si-ecologia\/","title":{"rendered":"Artele vizuale \u015fi ecologia"},"content":{"rendered":"<p>&nbsp;<\/p>\n<p>&nbsp;<\/p>\n<p>Experimental Project a anun\u0163at lista arti\u015ftilor inclu\u015fi \u00een expozi\u0163ia principal\u0103 a IEEB6. Expozi\u0163ia abordeaz\u0103 teme ecologice \u015fi aduce \u00een prim-plan o serie de aspecte legate de mediul \u00eenconjur\u0103tor. Selec\u0163ia arti\u015ftilor a fost facut\u0103 de c\u0103tre Javier Mart\u00edn-Jim\u00e9nez, curatorul principal al IEEB6 \u015fi pre\u015fedintele asocia\u0163iei culturale Hablar en Arte: Javier Arce (Spania), Sara Bjarland (Finlanda), Pedro Luis Cembranos (Spania), Emma Crichton (Marea Britanie), Mar\u00eda Garc\u00eda-Ib\u00e1\u00f1ez (Spania), Mito Gegic (Slovenia), Jer\u00f3nimo Hagerman (Mexic), L\u00e1szl\u00f3 Hath\u00e1zi (Ungaria), Kasz\u00e1s Tam\u00e1s (Ungaria), Liudmila &amp; Nelson (Liudmila Velasco, Rusia; Nelson Ram\u00edrez, Germania), \u00c1ngel Masip (Spania), Elena Nieto L\u00f3pez (Spania), Misha de Ridder (Olanda), Bel\u00e9n Rodr\u00edguez Gonz\u00e1lez (Spania), Julia Rometti &amp; Victor Costales (Julia Rometti, Fran\u0163a; Victor Costales, Belarus), Zo\u00e9 T. Vizca\u00edno (Mexic)<\/p>\n","protected":false},"excerpt":{"rendered":"<p>&nbsp; &nbsp; Experimental Project a anun\u0163at lista arti\u015ftilor inclu\u015fi \u00een expozi\u0163ia principal\u0103 a IEEB6. Expozi\u0163ia abordeaz\u0103 teme ecologice \u015fi aduce \u00een prim-plan o serie de aspecte legate de mediul \u00eenconjur\u0103tor. Selec\u0163ia arti\u015ftilor a fost facut\u0103 de c\u0103tre Javier Mart\u00edn-Jim\u00e9nez, curatorul principal al IEEB6 \u015fi pre\u015fedintele asocia\u0163iei culturale Hablar en Arte: Javier Arce (Spania), Sara Bjarland&hellip;&nbsp;<a href=\"https:\/\/revistacultura.ro\/agenda\/2014\/11\/artele-vizuale-si-ecologia\/\" rel=\"bookmark\">Cite\u0219te mai mult &raquo;<span class=\"screen-reader-text\">Artele vizuale \u015fi ecologia<\/span><\/a><\/p>\n","protected":false},"author":2,"featured_media":0,"comment_status":"open","ping_status":"open","sticky":false,"template":"","format":"standard","meta":{"neve_meta_sidebar":"","neve_meta_container":"","neve_meta_enable_content_width":"","neve_meta_content_width":0,"neve_meta_title_alignment":"","neve_meta_author_avatar":"","neve_post_elements_order":"","neve_meta_disable_header":"","neve_meta_disable_footer":"","neve_meta_disable_title":"","jetpack_post_was_ever_published":false,"_jetpack_newsletter_access":"","_jetpack_dont_email_post_to_subs":false,"_jetpack_newsletter_tier_id":0,"_jetpack_memberships_contains_paywalled_content":false,"_jetpack_memberships_contains_paid_content":false,"footnotes":"","jetpack_publicize_message":"","jetpack_publicize_feature_enabled":true,"jetpack_social_post_already_shared":true,"jetpack_social_options":{"image_generator_settings":{"template":"highway","default_image_id":0,"font":"","enabled":false},"version":2}},"categories":[152],"tags":[],"class_list":["post-19545","post","type-post","status-publish","format-standard","hentry","category-agenda-cultura"],"jetpack_publicize_connections":[],"jetpack_featured_media_url":"","jetpack_sharing_enabled":true,"jetpack-related-posts":[{"id":21264,"url":"https:\/\/revistacultura.ro\/agenda\/2025\/07\/garden-of-hooks-dublu-vernisaj\/","url_meta":{"origin":19545,"position":0},"title":"\u201eGarden of Hooks\u201d &#8211; dublu vernisaj","author":"Cultura","date":"24 iulie 2025","format":false,"excerpt":"Galeria Jecza, al\u0103turi de Galeria Himera, prezint\u0103\u00a0Garden of Hooks, o expozi\u021bie colectiv\u0103 curatoriat\u0103 de\u00a0Norbert Filep, care reune\u0219te\u00a031 de arti\u0219ti selecta\u021bi\u00a0dintre cele\u00a0283 de aplica\u021bii primite din \u00eentreaga Europ\u0103: Rom\u00e2nia, Spania, Franta, Germania, Ungaria, Italia, Polonia, Bulgaria. Evenimentul marcheaz\u0103 cel de-al treilea Summer Show organizat \u00een parteneriat de cele dou\u0103 galerii, continu\u00e2nd\u2026","rel":"","context":"\u00cen \u201eAgenda culturala\u201d","block_context":{"text":"Agenda culturala","link":"https:\/\/revistacultura.ro\/agenda\/category\/agenda-cultura\/"},"img":{"alt_text":"","src":"https:\/\/i0.wp.com\/revistacultura.ro\/agenda\/wp-content\/uploads\/2025\/07\/1-Jecza-gallery-Timisoara-Summer-Show-2023.webp?resize=350%2C200&ssl=1","width":350,"height":200,"srcset":"https:\/\/i0.wp.com\/revistacultura.ro\/agenda\/wp-content\/uploads\/2025\/07\/1-Jecza-gallery-Timisoara-Summer-Show-2023.webp?resize=350%2C200&ssl=1 1x, https:\/\/i0.wp.com\/revistacultura.ro\/agenda\/wp-content\/uploads\/2025\/07\/1-Jecza-gallery-Timisoara-Summer-Show-2023.webp?resize=525%2C300&ssl=1 1.5x, https:\/\/i0.wp.com\/revistacultura.ro\/agenda\/wp-content\/uploads\/2025\/07\/1-Jecza-gallery-Timisoara-Summer-Show-2023.webp?resize=700%2C400&ssl=1 2x"},"classes":[]},{"id":19906,"url":"https:\/\/revistacultura.ro\/agenda\/2017\/02\/muzeul-national-cotroceni-expozitia-de-pictura-contemporana-vasile-pop-negresteanu-semne-din-lada-cu-zestre\/","url_meta":{"origin":19545,"position":1},"title":"Muzeul Na\u0163ional Cotroceni: Expozi\u0163ia de pictur\u0103 contemporan\u0103  Vasile Pop Negre\u0219teanu &#8211; &#8222;Semne din lada cu zestre&#8221;","author":"Revista","date":"8 februarie 2017","format":false,"excerpt":"\u00a0 Administra\u0163ia Preziden\u0163ial\u0103 Muzeul Na\u0163ional Cotroceni COMUNICAT DE PRES\u0102 \u00a0 Expozi\u0163ie de pictur\u0103 contemporan\u0103: Vasile Pop Negre\u0219teanu - \"Semne din lada cu zestre\" \u00a0 \u00a0 Muzeul Na\u0163ional Cotroceni organizeaz\u0103 joi, 9 februarie 2017, orele 18.00, \u00een spa\u0163iile medievale, vernisajul expozi\u0163iei de pictur\u0103 contemporan\u0103 \"Semne din lada cu zestre\" - a\u2026","rel":"","context":"\u00cen \u201eAgenda culturala\u201d","block_context":{"text":"Agenda culturala","link":"https:\/\/revistacultura.ro\/agenda\/category\/agenda-cultura\/"},"img":{"alt_text":"","src":"https:\/\/i0.wp.com\/revistacultura.ro\/agenda\/wp-content\/uploads\/2017\/02\/afis-A4.jpg?resize=350%2C200&ssl=1","width":350,"height":200,"srcset":"https:\/\/i0.wp.com\/revistacultura.ro\/agenda\/wp-content\/uploads\/2017\/02\/afis-A4.jpg?resize=350%2C200&ssl=1 1x, https:\/\/i0.wp.com\/revistacultura.ro\/agenda\/wp-content\/uploads\/2017\/02\/afis-A4.jpg?resize=525%2C300&ssl=1 1.5x, https:\/\/i0.wp.com\/revistacultura.ro\/agenda\/wp-content\/uploads\/2017\/02\/afis-A4.jpg?resize=700%2C400&ssl=1 2x, https:\/\/i0.wp.com\/revistacultura.ro\/agenda\/wp-content\/uploads\/2017\/02\/afis-A4.jpg?resize=1050%2C600&ssl=1 3x, https:\/\/i0.wp.com\/revistacultura.ro\/agenda\/wp-content\/uploads\/2017\/02\/afis-A4.jpg?resize=1400%2C800&ssl=1 4x"},"classes":[]},{"id":20228,"url":"https:\/\/revistacultura.ro\/agenda\/2019\/10\/in-perioada-17-octombrie-3-noiembrie-2019-expozitia-arhitectura-interbelica-a-bucurestiului-si-regalitatea-va-fi-deschisa-publicului-larg-la-muzeul-national-al-taranului-r\/","url_meta":{"origin":19545,"position":2},"title":"\u00cen perioada 17 octombrie \u2013 3 noiembrie 2019, expozi\u0163ia \u201eArhitectura Interbelic\u0103 a Bucure\u015ftiului \u0219i Regalitatea\u201d va fi deschis\u0103 publicului larg la Muzeul Na\u0163ional al \u0162\u0103ranului Rom\u00e2n, Sala Irina Nicolau.","author":"Cultura","date":"21 octombrie 2019","format":false,"excerpt":"\u00a0 \u00a0 \u00a0 \u00a0 \u00a0 \u00a0 \u00a0 \u201eSub Auspiciile Familiei Regale a Rom\u00e2niei\u201d, Centrul de Excelen\u021b\u0103 \u00een Arhitectur\u0103, Arte \u0219i Audiovizual, al\u0103turi de Filiala Teritorial\u0103 Bucure\u015fti a Ordinului Arhitec\u0163ilor din Rom\u00e2nia \u0219i Uniunea Arhitec\u021bilor din Rom\u00e2nia, \u00een parteneriat cu Muzeul Na\u0163ional al \u0162\u0103ranului Rom\u00e2n, are onoarea s\u0103 v\u0103 invite la\u2026","rel":"","context":"\u00cen \u201eSemnal\u201d","block_context":{"text":"Semnal","link":"https:\/\/revistacultura.ro\/agenda\/category\/semnal\/"},"img":{"alt_text":"","src":"https:\/\/i0.wp.com\/revistacultura.ro\/agenda\/wp-content\/uploads\/2019\/10\/Afis-MNTR-17-OCTOMBRIE-2019-Copy-1-1.jpg?resize=350%2C200&ssl=1","width":350,"height":200,"srcset":"https:\/\/i0.wp.com\/revistacultura.ro\/agenda\/wp-content\/uploads\/2019\/10\/Afis-MNTR-17-OCTOMBRIE-2019-Copy-1-1.jpg?resize=350%2C200&ssl=1 1x, https:\/\/i0.wp.com\/revistacultura.ro\/agenda\/wp-content\/uploads\/2019\/10\/Afis-MNTR-17-OCTOMBRIE-2019-Copy-1-1.jpg?resize=525%2C300&ssl=1 1.5x, https:\/\/i0.wp.com\/revistacultura.ro\/agenda\/wp-content\/uploads\/2019\/10\/Afis-MNTR-17-OCTOMBRIE-2019-Copy-1-1.jpg?resize=700%2C400&ssl=1 2x"},"classes":[]},{"id":19221,"url":"https:\/\/revistacultura.ro\/agenda\/2014\/07\/acapella-canta-in-granada\/","url_meta":{"origin":19545,"position":3},"title":"Acapella c\u00e2nt\u0103 \u00een Granada","author":"Revista","date":"10 iulie 2014","format":false,"excerpt":"\u00a0 \u00a0 Grupul Vocal Acapella particip\u0103, al\u0103turi de grupuri din Fran\u0163a, Finlanda \u015fi Germania, la Festivalul Interna\u0163ional de Muzic\u0103 \u015fi Dans din Granada, desf\u0103\u015furat \u00eentre 20 iunie \u015fi 15 iulie 2014. Vocea, prin muzica redat\u0103 de extraordinarul instrument uman, este principala protagonist\u0103 a edi\u0163iei 63 a Festivalului din cunoscutul ora\u015f\u2026","rel":"","context":"\u00cen \u201eAgenda culturala\u201d","block_context":{"text":"Agenda culturala","link":"https:\/\/revistacultura.ro\/agenda\/category\/agenda-cultura\/"},"img":{"alt_text":"","src":"https:\/\/i0.wp.com\/revistacultura.ro\/agenda\/wp-content\/uploads\/2014\/07\/Acapella.jpg?resize=350%2C200&ssl=1","width":350,"height":200,"srcset":"https:\/\/i0.wp.com\/revistacultura.ro\/agenda\/wp-content\/uploads\/2014\/07\/Acapella.jpg?resize=350%2C200&ssl=1 1x, https:\/\/i0.wp.com\/revistacultura.ro\/agenda\/wp-content\/uploads\/2014\/07\/Acapella.jpg?resize=525%2C300&ssl=1 1.5x"},"classes":[]},{"id":20033,"url":"https:\/\/revistacultura.ro\/agenda\/2019\/04\/europa-in-28-de-interpretari-ale-artistilor-fotografi\/","url_meta":{"origin":19545,"position":4},"title":"Europa \u00een 28 de interpret\u0103ri ale arti\u0219tilor fotografi","author":"Cultura","date":"14 aprilie 2019","format":false,"excerpt":"28 de fotografii de mari dimensiuni, c\u00e2te una pentru fiecare \u0163ar\u0103 membr\u0103 a UE. Este \u201eAnother Europe \/ O alt\u0103 Europ\u0103\u201d, expozi\u0163ia care se desf\u0103\u0219oar\u0103 Sibiu, \u00eentre 18 aprilie \u0219i 16 mai. Realizat\u0103 dup\u0103 un concept inedit, \u00een aer liber, expozi\u0163ia va putea fi vizitat\u0103, pe strada pietonal\u0103 Nicolae B\u0103lcescu.\u2026","rel":"","context":"\u00cen \u201eAgenda culturala\u201d","block_context":{"text":"Agenda culturala","link":"https:\/\/revistacultura.ro\/agenda\/category\/agenda-cultura\/"},"img":{"alt_text":"","src":"","width":0,"height":0},"classes":[]},{"id":21499,"url":"https:\/\/revistacultura.ro\/agenda\/2025\/10\/expozitia-itineranta-dincolo-de-ieri-ajunge-la-iasi\/","url_meta":{"origin":19545,"position":5},"title":"Expozi\u021bia itinerant\u0103 \u201eDincolo de ieri\u201d ajunge la Ia\u0219i","author":"Cultura","date":"24 octombrie 2025","format":false,"excerpt":"Dincolo de ieri \u2013 c\u0103l\u0103torie antropologic\u0103 \u00een Balcani pe urmele fra\u0163ilor Manakia la 1900Un proiect de antropologie vizual\u0103 de\u00a0C\u0103t\u0103lin D. Constantin Deschiderea expozi\u021biei:\u00a0s\u00e2mb\u0103t\u0103,\u00a025 octombrie 2025, ora\u00a013.00Adresa:\u00a0Galeriile \u201eDumitru I. Grum\u0103zescu\u201d, str. Alexandru L\u0103pu\u0219neanu 24, Ia\u0219i Prim\u0103ria Municipiului Ia\u0219i \u0219i Peter Pan ART au pl\u0103cerea de a anun\u021ba deschiderea expozi\u021biei\u00a0\u201eDincolo de ieri.\u2026","rel":"","context":"\u00cen \u201eProiecte sus\u021binute de revista CULTURA\u201d","block_context":{"text":"Proiecte sus\u021binute de revista CULTURA","link":"https:\/\/revistacultura.ro\/agenda\/category\/parteneriate\/"},"img":{"alt_text":"","src":"https:\/\/i0.wp.com\/revistacultura.ro\/agenda\/wp-content\/uploads\/2025\/10\/afis-Iasi.webp?resize=350%2C200&ssl=1","width":350,"height":200,"srcset":"https:\/\/i0.wp.com\/revistacultura.ro\/agenda\/wp-content\/uploads\/2025\/10\/afis-Iasi.webp?resize=350%2C200&ssl=1 1x, https:\/\/i0.wp.com\/revistacultura.ro\/agenda\/wp-content\/uploads\/2025\/10\/afis-Iasi.webp?resize=525%2C300&ssl=1 1.5x, https:\/\/i0.wp.com\/revistacultura.ro\/agenda\/wp-content\/uploads\/2025\/10\/afis-Iasi.webp?resize=700%2C400&ssl=1 2x"},"classes":[]}],"_links":{"self":[{"href":"https:\/\/revistacultura.ro\/agenda\/wp-json\/wp\/v2\/posts\/19545","targetHints":{"allow":["GET"]}}],"collection":[{"href":"https:\/\/revistacultura.ro\/agenda\/wp-json\/wp\/v2\/posts"}],"about":[{"href":"https:\/\/revistacultura.ro\/agenda\/wp-json\/wp\/v2\/types\/post"}],"author":[{"embeddable":true,"href":"https:\/\/revistacultura.ro\/agenda\/wp-json\/wp\/v2\/users\/2"}],"replies":[{"embeddable":true,"href":"https:\/\/revistacultura.ro\/agenda\/wp-json\/wp\/v2\/comments?post=19545"}],"version-history":[{"count":1,"href":"https:\/\/revistacultura.ro\/agenda\/wp-json\/wp\/v2\/posts\/19545\/revisions"}],"predecessor-version":[{"id":19546,"href":"https:\/\/revistacultura.ro\/agenda\/wp-json\/wp\/v2\/posts\/19545\/revisions\/19546"}],"wp:attachment":[{"href":"https:\/\/revistacultura.ro\/agenda\/wp-json\/wp\/v2\/media?parent=19545"}],"wp:term":[{"taxonomy":"category","embeddable":true,"href":"https:\/\/revistacultura.ro\/agenda\/wp-json\/wp\/v2\/categories?post=19545"},{"taxonomy":"post_tag","embeddable":true,"href":"https:\/\/revistacultura.ro\/agenda\/wp-json\/wp\/v2\/tags?post=19545"}],"curies":[{"name":"wp","href":"https:\/\/api.w.org\/{rel}","templated":true}]}}