{"id":19542,"date":"2014-11-13T14:23:42","date_gmt":"2014-11-13T12:23:42","guid":{"rendered":"http:\/\/revistacultura.ro\/agenda\/?p=19542"},"modified":"2014-11-13T14:23:59","modified_gmt":"2014-11-13T12:23:59","slug":"19542","status":"publish","type":"post","link":"https:\/\/revistacultura.ro\/agenda\/2014\/11\/19542\/","title":{"rendered":"Bucure\u015ftiul redevine Capitala Teatrului de Anima\u0163ie"},"content":{"rendered":"<p>&nbsp;<\/p>\n<p>&nbsp;<\/p>\n<p>\u00centre 13 \u015fi 23 noiembrie se desf\u0103\u015foar\u0103 edi\u0163ia a zecea a Festivalului Interna\u0163ional al Teatrului de Anima\u0163ie \u201cSpectacole de colec\u0163ie\u201c. Festivalul aliniaz\u0103 peste 60 de evenimente, trupe \u015fi profesioni\u015fti din 8 \u0163\u0103ri invitate (Austria, Belgia, China, Croa\u0163ia, Grecia, Fran\u0163a, Italia, Spania) \u015fi 14 teatre \u015fi proiecte independente rom\u00e2ne\u015fti (Arad, Alba Iulia, Bra\u015fov, Bucure\u015fti, Constan\u0163a, Gala\u0163i, Ia\u015fi, Ploie\u015fti) &#8211; o propunere echilibrat\u0103 de spectacole \u015fi activit\u0103\u0163i conexe (workshop-uri, conferin\u0163e, lans\u0103ri de carte) adresate at\u00e2t copiilor, c\u00e2t \u015fi adul\u0163ilor, profesioni\u015ftilor \u015fi iubitorilor de teatru vizual \u00een general. Festivalul are, ca de obicei, trei sec\u0163iuni distincte &#8211; spectacole \u015fi workshop-uri pentru copii \u015fi public t\u00e2n\u0103r, spectacole pentru adul\u0163i, respectiv un segment teoretic (conferin\u0163e, lans\u0103ri de carte, workshop-uri pentru profesioni\u015ftii din domeniul teatrului vizual \u015fi de anima\u0163ie) \u015fi atrage anual aproximativ 8500 de spectatori. Ca \u00een fiecare an, Festivalul \u00ee\u015fi deschide por\u0163ile \u015fi c\u0103tre proiecte independente, \u00een program fiind incluse patru astfel de spectacole. Spectacolele clasice, de referin\u0163\u0103, dar mai ales propunerile curajoase care, prin temele abordate \u015fi prin mijloacele de expresie utilizate, aduc teatrul de anima\u0163ie \u00een contemporaneitate, sunt tenta\u0163iile acestei edi\u0163ii.<\/p>\n","protected":false},"excerpt":{"rendered":"<p>&nbsp; &nbsp; \u00centre 13 \u015fi 23 noiembrie se desf\u0103\u015foar\u0103 edi\u0163ia a zecea a Festivalului Interna\u0163ional al Teatrului de Anima\u0163ie \u201cSpectacole de colec\u0163ie\u201c. Festivalul aliniaz\u0103 peste 60 de evenimente, trupe \u015fi profesioni\u015fti din 8 \u0163\u0103ri invitate (Austria, Belgia, China, Croa\u0163ia, Grecia, Fran\u0163a, Italia, Spania) \u015fi 14 teatre \u015fi proiecte independente rom\u00e2ne\u015fti (Arad, Alba Iulia, Bra\u015fov, Bucure\u015fti,&hellip;&nbsp;<a href=\"https:\/\/revistacultura.ro\/agenda\/2014\/11\/19542\/\" rel=\"bookmark\">Cite\u0219te mai mult &raquo;<span class=\"screen-reader-text\">Bucure\u015ftiul redevine Capitala Teatrului de Anima\u0163ie<\/span><\/a><\/p>\n","protected":false},"author":2,"featured_media":0,"comment_status":"open","ping_status":"open","sticky":false,"template":"","format":"standard","meta":{"neve_meta_sidebar":"","neve_meta_container":"","neve_meta_enable_content_width":"","neve_meta_content_width":0,"neve_meta_title_alignment":"","neve_meta_author_avatar":"","neve_post_elements_order":"","neve_meta_disable_header":"","neve_meta_disable_footer":"","neve_meta_disable_title":"","jetpack_post_was_ever_published":false,"_jetpack_newsletter_access":"","_jetpack_dont_email_post_to_subs":false,"_jetpack_newsletter_tier_id":0,"_jetpack_memberships_contains_paywalled_content":false,"_jetpack_memberships_contains_paid_content":false,"footnotes":"","jetpack_publicize_message":"","jetpack_publicize_feature_enabled":true,"jetpack_social_post_already_shared":true,"jetpack_social_options":{"image_generator_settings":{"template":"highway","default_image_id":0,"font":"","enabled":false},"version":2}},"categories":[152],"tags":[],"class_list":["post-19542","post","type-post","status-publish","format-standard","hentry","category-agenda-cultura"],"jetpack_publicize_connections":[],"jetpack_featured_media_url":"","jetpack_sharing_enabled":true,"jetpack-related-posts":[{"id":19197,"url":"https:\/\/revistacultura.ro\/agenda\/2014\/06\/iasi-capitala-teatrului-independent-si-a-artelor-performative-din-romania\/","url_meta":{"origin":19542,"position":0},"title":"Ia\u015fi, capitala teatrului independent \u015fi a artelor performative din Rom\u00e2nia","author":"Revista","date":"26 iunie 2014","format":false,"excerpt":"Festivalul PERFORM Ia\u015fi sus\u0163ine \u015fi promoveaz\u0103 mi\u015fc\u0103rile artistice independente, de la \u201emai teatru\u201c la \u201emai pu\u0163in teatru\u201c. Peste o sut\u0103 de invita\u0163i, spectacole de teatru, performance-uri, conferin\u0163e, lans\u0103ri de carte se vor reuni la Ia\u015fi \u00een s\u0103pt\u0103m\u00e2na 22-29 iunie 2014. \u00cen perioada 22-29 iunie, Festivalul de Teatru Independent \u015fi Art\u0103\u2026","rel":"","context":"\u00cen \u201eAgenda culturala\u201d","block_context":{"text":"Agenda culturala","link":"https:\/\/revistacultura.ro\/agenda\/category\/agenda-cultura\/"},"img":{"alt_text":"","src":"https:\/\/i0.wp.com\/revistacultura.ro\/agenda\/wp-content\/uploads\/2014\/06\/perform.jpg?resize=350%2C200&ssl=1","width":350,"height":200},"classes":[]},{"id":20875,"url":"https:\/\/revistacultura.ro\/agenda\/2022\/09\/bucharest-fringe-maratonul-teatrului-independent-editia-a-12-a\/","url_meta":{"origin":19542,"position":1},"title":"Bucharest Fringe \u2013 Maratonul Teatrului Independent, edi\u021bia a 12-a","author":"Cultura","date":"23 septembrie 2022","format":false,"excerpt":"23 septembrie \u2013 2 octombrie 2022 Festivalul Bucharest Fringe \u2013 Maratonul Teatrului Independent, Edi\u021bia a 12-a, se va desf\u0103\u0219ura \u00eentre 23 septembrie \u2013 2 octombrie 2022 \u00een aproape toat\u0103 re\u021beaua de teatre independente din capital\u0103, adic\u0103 la Teatrul Apropo \u0219i la teatrele partenere: Teatrul Godot, unteatru, Teatrul \u00cen Culise, Teatrul\u2026","rel":"","context":"\u00cen \u201ecomunicate\u201d","block_context":{"text":"comunicate","link":"https:\/\/revistacultura.ro\/agenda\/category\/comunicate\/"},"img":{"alt_text":"","src":"https:\/\/i0.wp.com\/revistacultura.ro\/agenda\/wp-content\/uploads\/2022\/09\/COVER_Bucharest-Fringe-12-FINAL.jpeg?resize=350%2C200&ssl=1","width":350,"height":200,"srcset":"https:\/\/i0.wp.com\/revistacultura.ro\/agenda\/wp-content\/uploads\/2022\/09\/COVER_Bucharest-Fringe-12-FINAL.jpeg?resize=350%2C200&ssl=1 1x, https:\/\/i0.wp.com\/revistacultura.ro\/agenda\/wp-content\/uploads\/2022\/09\/COVER_Bucharest-Fringe-12-FINAL.jpeg?resize=525%2C300&ssl=1 1.5x, https:\/\/i0.wp.com\/revistacultura.ro\/agenda\/wp-content\/uploads\/2022\/09\/COVER_Bucharest-Fringe-12-FINAL.jpeg?resize=700%2C400&ssl=1 2x, https:\/\/i0.wp.com\/revistacultura.ro\/agenda\/wp-content\/uploads\/2022\/09\/COVER_Bucharest-Fringe-12-FINAL.jpeg?resize=1050%2C600&ssl=1 3x"},"classes":[]},{"id":20837,"url":"https:\/\/revistacultura.ro\/agenda\/2022\/05\/navete-culturale-pentru-festivalul-shakespeare\/","url_meta":{"origin":19542,"position":2},"title":"Navete culturale pentru Festivalul Shakespeare","author":"Cultura","date":"17 mai 2022","format":false,"excerpt":"\u00cen weekend \u00eencepe la Teatrul Na\u021bional din Craiova o nou\u0103 edi\u021bie a Festivalului Shakespeare, prima dup\u0103 pandemie care se poate bucura de prezen\u021ba masiv\u0103 a publicului. Continu\u00e2nd o ini\u021biativ\u0103 din anii trecu\u021bi, Teatrul din Craiova reia navetele culturale - curse speciale de autocar - care faciliteaz\u0103 participarea la spectacole a\u2026","rel":"","context":"\u00cen \u201eSemnal\u201d","block_context":{"text":"Semnal","link":"https:\/\/revistacultura.ro\/agenda\/category\/semnal\/"},"img":{"alt_text":"","src":"https:\/\/i0.wp.com\/revistacultura.ro\/agenda\/wp-content\/uploads\/2022\/05\/banner-site.jpg?resize=350%2C200&ssl=1","width":350,"height":200,"srcset":"https:\/\/i0.wp.com\/revistacultura.ro\/agenda\/wp-content\/uploads\/2022\/05\/banner-site.jpg?resize=350%2C200&ssl=1 1x, https:\/\/i0.wp.com\/revistacultura.ro\/agenda\/wp-content\/uploads\/2022\/05\/banner-site.jpg?resize=525%2C300&ssl=1 1.5x, https:\/\/i0.wp.com\/revistacultura.ro\/agenda\/wp-content\/uploads\/2022\/05\/banner-site.jpg?resize=700%2C400&ssl=1 2x, https:\/\/i0.wp.com\/revistacultura.ro\/agenda\/wp-content\/uploads\/2022\/05\/banner-site.jpg?resize=1050%2C600&ssl=1 3x"},"classes":[]},{"id":20198,"url":"https:\/\/revistacultura.ro\/agenda\/2019\/10\/dezbateri-si-conferinte-in-cadrul-fnt-2019\/","url_meta":{"origin":19542,"position":3},"title":"Dezbateri \u0219i conferin\u021be \u00een cadrul FNT 2019","author":"redactia","date":"18 octombrie 2019","format":false,"excerpt":"18 \u2013 27 OCTOMBRIE Festivalul Na\u021bional de Teatru Pe l\u00e2ng\u0103 cele 41 de piese de teatru din selec\u021bia oficial\u0103 (cu mai multe spectacole pentru fiecare pies\u0103) \u0219i de mont\u0103rile TNB care sunt programate \u00een calendarul FNT, festivalul de teatru este gazd\u0103 pentru numeroase alte manifest\u0103ri culturale, unele dintre ele cu\u2026","rel":"","context":"\u00cen \u201eAgenda culturala\u201d","block_context":{"text":"Agenda culturala","link":"https:\/\/revistacultura.ro\/agenda\/category\/agenda-cultura\/"},"img":{"alt_text":"","src":"https:\/\/i0.wp.com\/revistacultura.ro\/agenda\/wp-content\/uploads\/2019\/10\/fnt-fb.jpg?resize=350%2C200&ssl=1","width":350,"height":200,"srcset":"https:\/\/i0.wp.com\/revistacultura.ro\/agenda\/wp-content\/uploads\/2019\/10\/fnt-fb.jpg?resize=350%2C200&ssl=1 1x, https:\/\/i0.wp.com\/revistacultura.ro\/agenda\/wp-content\/uploads\/2019\/10\/fnt-fb.jpg?resize=525%2C300&ssl=1 1.5x, https:\/\/i0.wp.com\/revistacultura.ro\/agenda\/wp-content\/uploads\/2019\/10\/fnt-fb.jpg?resize=700%2C400&ssl=1 2x, https:\/\/i0.wp.com\/revistacultura.ro\/agenda\/wp-content\/uploads\/2019\/10\/fnt-fb.jpg?resize=1050%2C600&ssl=1 3x"},"classes":[]},{"id":21667,"url":"https:\/\/revistacultura.ro\/agenda\/2026\/02\/festivalul-cartilor-deschise-2026-la-opera-comica-pentru-copii\/","url_meta":{"origin":19542,"position":4},"title":"Festivalul C\u0103r\u021bilor Deschise 2026 la Opera Comic\u0103 pentru Copii","author":"Cultura","date":"5 februarie 2026","format":false,"excerpt":"Bucure\u0219ti, 6\u201322 martie 2026 Opera Comic\u0103 pentru Copii g\u0103zduie\u0219te, pentru a patra oar\u0103, Festivalul C\u0103r\u021bilor Deschise, un eveniment cultural dedicat promov\u0103rii lecturii \u0219i creativit\u0103\u021bii \u00een r\u00e2ndul copiilor \u0219i familiilor. Desf\u0103\u0219urat pe parcursul a trei weekenduri, festivalul transform\u0103 lectura \u00eentr-o experien\u021b\u0103 interactiv\u0103, accesibil\u0103 \u0219i memorabil\u0103, prin peste 40 de evenimente \u0219i\u2026","rel":"","context":"\u00cen \u201eAgenda culturala\u201d","block_context":{"text":"Agenda culturala","link":"https:\/\/revistacultura.ro\/agenda\/category\/agenda-cultura\/"},"img":{"alt_text":"","src":"https:\/\/i0.wp.com\/revistacultura.ro\/agenda\/wp-content\/uploads\/2026\/02\/fastivalul-cartilor-deschise.webp?resize=350%2C200&ssl=1","width":350,"height":200,"srcset":"https:\/\/i0.wp.com\/revistacultura.ro\/agenda\/wp-content\/uploads\/2026\/02\/fastivalul-cartilor-deschise.webp?resize=350%2C200&ssl=1 1x, https:\/\/i0.wp.com\/revistacultura.ro\/agenda\/wp-content\/uploads\/2026\/02\/fastivalul-cartilor-deschise.webp?resize=525%2C300&ssl=1 1.5x, https:\/\/i0.wp.com\/revistacultura.ro\/agenda\/wp-content\/uploads\/2026\/02\/fastivalul-cartilor-deschise.webp?resize=700%2C400&ssl=1 2x"},"classes":[]},{"id":19527,"url":"https:\/\/revistacultura.ro\/agenda\/2014\/11\/fnti-editia-a-doua\/","url_meta":{"origin":19542,"position":5},"title":"FNTI, edi\u0163ia a doua","author":"Revista","date":"13 noiembrie 2014","format":false,"excerpt":"\u00a0 \u00a0 \u00centre 3 \u015fi 9 noiembrie 2014, Bucure\u015ftiul devine scena principal\u0103 a teatrului independent rom\u00e2nesc. Timp de o s\u0103pt\u0103m\u00e2n\u0103, edi\u0163ia a doua a Festivalului Na\u0163ional de Teatru Independent va prezenta cele mai bune produc\u0163ii independente din \u0163ar\u0103, workshop-uri inedite \u015fi conferin\u0163e. Publicul interesat de teatrul independent, de cele mai\u2026","rel":"","context":"\u00cen \u201eAgenda culturala\u201d","block_context":{"text":"Agenda culturala","link":"https:\/\/revistacultura.ro\/agenda\/category\/agenda-cultura\/"},"img":{"alt_text":"","src":"","width":0,"height":0},"classes":[]}],"_links":{"self":[{"href":"https:\/\/revistacultura.ro\/agenda\/wp-json\/wp\/v2\/posts\/19542","targetHints":{"allow":["GET"]}}],"collection":[{"href":"https:\/\/revistacultura.ro\/agenda\/wp-json\/wp\/v2\/posts"}],"about":[{"href":"https:\/\/revistacultura.ro\/agenda\/wp-json\/wp\/v2\/types\/post"}],"author":[{"embeddable":true,"href":"https:\/\/revistacultura.ro\/agenda\/wp-json\/wp\/v2\/users\/2"}],"replies":[{"embeddable":true,"href":"https:\/\/revistacultura.ro\/agenda\/wp-json\/wp\/v2\/comments?post=19542"}],"version-history":[{"count":2,"href":"https:\/\/revistacultura.ro\/agenda\/wp-json\/wp\/v2\/posts\/19542\/revisions"}],"predecessor-version":[{"id":19544,"href":"https:\/\/revistacultura.ro\/agenda\/wp-json\/wp\/v2\/posts\/19542\/revisions\/19544"}],"wp:attachment":[{"href":"https:\/\/revistacultura.ro\/agenda\/wp-json\/wp\/v2\/media?parent=19542"}],"wp:term":[{"taxonomy":"category","embeddable":true,"href":"https:\/\/revistacultura.ro\/agenda\/wp-json\/wp\/v2\/categories?post=19542"},{"taxonomy":"post_tag","embeddable":true,"href":"https:\/\/revistacultura.ro\/agenda\/wp-json\/wp\/v2\/tags?post=19542"}],"curies":[{"name":"wp","href":"https:\/\/api.w.org\/{rel}","templated":true}]}}