{"id":19539,"date":"2014-11-13T14:23:01","date_gmt":"2014-11-13T12:23:01","guid":{"rendered":"http:\/\/revistacultura.ro\/agenda\/?p=19539"},"modified":"2014-11-13T14:23:01","modified_gmt":"2014-11-13T12:23:01","slug":"premiera-la-tnb","status":"publish","type":"post","link":"https:\/\/revistacultura.ro\/agenda\/2014\/11\/premiera-la-tnb\/","title":{"rendered":"Premier\u0103 la TNB"},"content":{"rendered":"<p>&nbsp;<\/p>\n<p>Programul 9G (Noua Genera\u0163ie), ini\u0163iat de Teatrul Na\u0163ional Bucure\u015fti, continu\u0103 cu o nou\u0103 premier\u0103, Ziua \u00een care nu se cump\u0103r\u0103 nimic de Kim Atle Hansen, \u00een regia lui Horia Suru. Spectacolul urm\u0103re\u015fte povestea unor tineri care lupt\u0103 pentru o lume mai bun\u0103. Au nevoie s\u0103 fie asculta\u0163i. Actorii sunt at\u00e2t personajele, c\u00e2t \u015fi naratorii vie\u0163ii personajelor. Produc\u0163ia exploreaz\u0103 limitele \u015fi motiva\u0163iile implic\u0103rii tinerilor, v\u0103zu\u0163i \u00eentr-un univers mereu proiectat, schematizat, redus la esen\u0163\u0103, o materializare a distan\u0163ei pe care personajele par s-o simt\u0103 fa\u0163\u0103 de ac\u0163iunile lor. Acest tip de abordare duce la situa\u0163ii comice inedite. Petra (Ilinca H\u0103rnu\u0163) \u015fi Andrei (Rolando Matsangos) vor s\u0103 atrag\u0103 aten\u0163ia asupra consumerismului \u015fi a exploat\u0103rii muncitorilor din lumea a treia. Kati (Cristina G\u0103vru\u015f) \u015fi Irina (Olivia Alexandra Ni\u0163\u0103) vor s\u0103 devin\u0103 vedete c\u00e2nt\u00e2nd la un eveniment de salvare a planetei. Toma (Andrei Morariu) \u015fi Petru (Emil M\u0103nd\u0103nac) vor s\u0103 protesteze pentru a \u00eembun\u0103t\u0103\u0163i condi\u0163iile din azilul de b\u0103tr\u00e2ni \u00een care lucreaz\u0103. Ana (Simona Cuciurianu) vrea s\u0103 fie mai mult dec\u00e2t o simpl\u0103 v\u00e2nz\u0103toare \u00eentr-un magazin de haine. Drumurile lor \u00eei duc la mall. Aceast\u0103 vizit\u0103 le va schimba vie\u0163ile. Un spectacol despre tineri, despre implicarea politic\u0103 \u015fi social\u0103, despre naivitate \u015fi principii. Ce fel de consecin\u0163e ar putea avea o astfel de implicare \u015fi ce riscuri suntem dispu\u015fi s\u0103 ne asum\u0103m?<\/p>\n","protected":false},"excerpt":{"rendered":"<p>&nbsp; Programul 9G (Noua Genera\u0163ie), ini\u0163iat de Teatrul Na\u0163ional Bucure\u015fti, continu\u0103 cu o nou\u0103 premier\u0103, Ziua \u00een care nu se cump\u0103r\u0103 nimic de Kim Atle Hansen, \u00een regia lui Horia Suru. Spectacolul urm\u0103re\u015fte povestea unor tineri care lupt\u0103 pentru o lume mai bun\u0103. Au nevoie s\u0103 fie asculta\u0163i. Actorii sunt at\u00e2t personajele, c\u00e2t \u015fi naratorii&hellip;&nbsp;<a href=\"https:\/\/revistacultura.ro\/agenda\/2014\/11\/premiera-la-tnb\/\" rel=\"bookmark\">Cite\u0219te mai mult &raquo;<span class=\"screen-reader-text\">Premier\u0103 la TNB<\/span><\/a><\/p>\n","protected":false},"author":2,"featured_media":19540,"comment_status":"open","ping_status":"open","sticky":false,"template":"","format":"standard","meta":{"neve_meta_sidebar":"","neve_meta_container":"","neve_meta_enable_content_width":"","neve_meta_content_width":0,"neve_meta_title_alignment":"","neve_meta_author_avatar":"","neve_post_elements_order":"","neve_meta_disable_header":"","neve_meta_disable_footer":"","neve_meta_disable_title":"","jetpack_post_was_ever_published":false,"_jetpack_newsletter_access":"","_jetpack_dont_email_post_to_subs":false,"_jetpack_newsletter_tier_id":0,"_jetpack_memberships_contains_paywalled_content":false,"_jetpack_memberships_contains_paid_content":false,"footnotes":"","jetpack_publicize_message":"","jetpack_publicize_feature_enabled":true,"jetpack_social_post_already_shared":true,"jetpack_social_options":{"image_generator_settings":{"template":"highway","default_image_id":0,"font":"","enabled":false},"version":2}},"categories":[152],"tags":[688,687],"class_list":["post-19539","post","type-post","status-publish","format-standard","has-post-thumbnail","hentry","category-agenda-cultura","tag-programul-9g-noua-generatie","tag-teatrul-national-bucuresti"],"jetpack_publicize_connections":[],"jetpack_featured_media_url":"https:\/\/revistacultura.ro\/agenda\/wp-content\/uploads\/2014\/11\/Untitled-16.jpg","jetpack_sharing_enabled":true,"jetpack-related-posts":[{"id":19850,"url":"https:\/\/revistacultura.ro\/agenda\/2015\/10\/premiera-la-bulandra\/","url_meta":{"origin":19539,"position":0},"title":"Premiera la \u201eBulandra\u201c","author":"Revista","date":"15 octombrie 2015","format":false,"excerpt":"\u00a0 Ultima premiera de la Teatrul \u201eBulandra\u201c, care a avut loc in weekendul trecut, Marmura, de Iosif Brodski, in regia binecunoscutului Yuri Kordonsky, se anunta deosebit de promitatoare, mai ales ca din distributie fac parte marii actori Victor Rebengiuc si Marian Ralea. Decorul si costumele sunt semnate de\u00a0Nina Brumusila iar\u2026","rel":"","context":"\u00cen \u201eAgenda culturala\u201d","block_context":{"text":"Agenda culturala","link":"https:\/\/revistacultura.ro\/agenda\/category\/agenda-cultura\/"},"img":{"alt_text":"","src":"https:\/\/i0.wp.com\/revistacultura.ro\/agenda\/wp-content\/uploads\/2015\/10\/marmura.jpg?resize=350%2C200&ssl=1","width":350,"height":200,"srcset":"https:\/\/i0.wp.com\/revistacultura.ro\/agenda\/wp-content\/uploads\/2015\/10\/marmura.jpg?resize=350%2C200&ssl=1 1x, https:\/\/i0.wp.com\/revistacultura.ro\/agenda\/wp-content\/uploads\/2015\/10\/marmura.jpg?resize=525%2C300&ssl=1 1.5x"},"classes":[]},{"id":20022,"url":"https:\/\/revistacultura.ro\/agenda\/2019\/04\/teatrul-si-al-treilea-gen-un-dialog-intre-cristina-rusiecki-si-echipa-medeas-boys\/","url_meta":{"origin":19539,"position":1},"title":"Teatrul \u0219i al treilea gen. Un dialog \u00eentre Cristina Rusiecki \u0219i echipa \u201eMedea&#8217;s Boys\u201d","author":"Cultura","date":"9 aprilie 2019","format":false,"excerpt":"Conferin\u021ba \u201eTeatrul \u0219i al treilea gen\u201d, sus\u021binut\u0103 de criticul de teatru Cristina Rusiecki, regizorul Andrei M\u0103jeri \u0219i echipa spectacolului \u201eMedea's Boys\u201d, joi 11 aprilie, ora 18.30, la Muzeul Bucure\u0219ti, Palatul Su\u021bu \u00cen 2013, Forumul Interna\u021bional Intersex conchide c\u0103 oamenii ar trebui s\u0103 aib\u0103 dreptul de a\u00a0alege \u00eentre sexul feminin, masculin,\u2026","rel":"","context":"\u00cen \u201eAgenda culturala\u201d","block_context":{"text":"Agenda culturala","link":"https:\/\/revistacultura.ro\/agenda\/category\/agenda-cultura\/"},"img":{"alt_text":"","src":"https:\/\/i0.wp.com\/revistacultura.ro\/agenda\/wp-content\/uploads\/2019\/04\/Foto-conferinta-Medea.jpg?resize=350%2C200&ssl=1","width":350,"height":200,"srcset":"https:\/\/i0.wp.com\/revistacultura.ro\/agenda\/wp-content\/uploads\/2019\/04\/Foto-conferinta-Medea.jpg?resize=350%2C200&ssl=1 1x, https:\/\/i0.wp.com\/revistacultura.ro\/agenda\/wp-content\/uploads\/2019\/04\/Foto-conferinta-Medea.jpg?resize=525%2C300&ssl=1 1.5x, https:\/\/i0.wp.com\/revistacultura.ro\/agenda\/wp-content\/uploads\/2019\/04\/Foto-conferinta-Medea.jpg?resize=700%2C400&ssl=1 2x"},"classes":[]},{"id":18430,"url":"https:\/\/revistacultura.ro\/agenda\/2014\/03\/premiera-la-tandarica\/","url_meta":{"origin":19539,"position":2},"title":"Premier\u0103 la \u0162\u0103nd\u0103ric\u0103","author":"Revista","date":"27 martie 2014","format":false,"excerpt":"Teatrul \u0162\u0103nd\u0103ric\u0103 marcheaz\u0103 \u00een avans Ziua Mondial\u0103 a Teatrului de Anima\u0163ie cu noua sa premier\u0103, Croitora\u015ful cel viteaz, din colec\u0163ia de povestiri culese de Fra\u0163ii Grimm. Figura principal\u0103 este un croitor s\u0103rac, \u00eenving\u0103tor de fiecare dat\u0103 \u00een fa\u0163a peripe\u0163iilor \u00eent\u00e2lnite. Regizorul Daniel Stanciu p\u0103streaz\u0103 linia clasic\u0103 a pove\u015ftii, folosind mijloacele\u2026","rel":"","context":"\u00cen \u201eAgenda culturala\u201d","block_context":{"text":"Agenda culturala","link":"https:\/\/revistacultura.ro\/agenda\/category\/agenda-cultura\/"},"img":{"alt_text":"","src":"","width":0,"height":0},"classes":[]},{"id":19468,"url":"https:\/\/revistacultura.ro\/agenda\/2014\/10\/vis-interactiv\/","url_meta":{"origin":19539,"position":3},"title":"Vis interactiv","author":"Revista","date":"21 octombrie 2014","format":false,"excerpt":"\u00a0 Teatrul Odeon a programat pe 22 octombrie, ora 19.30, spectacolul de dans Magnetic Fields, conceput de coregraful italian Massimo Gerardi, cu Mircea Andrei Ghinea, Ioana Marchidan, Vanda {tef\u0103nescu \u015fi Judith State. Diferite personaje \u00eencearc\u0103 s\u0103-\u015fi tr\u0103iasc\u0103 propriul vis, \u00een contrast cu universul \u00eenchis al logicii umane, evoc\u00e2nd o doz\u0103\u2026","rel":"","context":"\u00cen \u201eAgenda culturala\u201d","block_context":{"text":"Agenda culturala","link":"https:\/\/revistacultura.ro\/agenda\/category\/agenda-cultura\/"},"img":{"alt_text":"","src":"https:\/\/i0.wp.com\/revistacultura.ro\/agenda\/wp-content\/uploads\/2014\/10\/magnetic.jpg?resize=350%2C200&ssl=1","width":350,"height":200,"srcset":"https:\/\/i0.wp.com\/revistacultura.ro\/agenda\/wp-content\/uploads\/2014\/10\/magnetic.jpg?resize=350%2C200&ssl=1 1x, https:\/\/i0.wp.com\/revistacultura.ro\/agenda\/wp-content\/uploads\/2014\/10\/magnetic.jpg?resize=525%2C300&ssl=1 1.5x, https:\/\/i0.wp.com\/revistacultura.ro\/agenda\/wp-content\/uploads\/2014\/10\/magnetic.jpg?resize=700%2C400&ssl=1 2x, https:\/\/i0.wp.com\/revistacultura.ro\/agenda\/wp-content\/uploads\/2014\/10\/magnetic.jpg?resize=1050%2C600&ssl=1 3x, https:\/\/i0.wp.com\/revistacultura.ro\/agenda\/wp-content\/uploads\/2014\/10\/magnetic.jpg?resize=1400%2C800&ssl=1 4x"},"classes":[]},{"id":19864,"url":"https:\/\/revistacultura.ro\/agenda\/2015\/10\/carouselul-lui-andrei-serban\/","url_meta":{"origin":19539,"position":4},"title":"Carouselul lui Andrei Serban","author":"Revista","date":"25 octombrie 2015","format":false,"excerpt":"\u00a0 Cea mai recenta premiera de la Teatrul \u201eBulandra\u201c este Carousel, adaptare de Andrei Serban si Daniela Dima dupa piesa Liliom de Ferenc Molnar si filmul cu acelasi titlu de Fritz Lang. Spectacolul \u201ear putea fi vazut ca politic incorect dintr-o perspectiva feminista, avertizeaza regizorul Andrei Serban. Cum poate Iulia\u2026","rel":"","context":"\u00cen \u201eAgenda culturala\u201d","block_context":{"text":"Agenda culturala","link":"https:\/\/revistacultura.ro\/agenda\/category\/agenda-cultura\/"},"img":{"alt_text":"","src":"https:\/\/i0.wp.com\/revistacultura.ro\/agenda\/wp-content\/uploads\/2015\/10\/Untitled-1.jpg?resize=350%2C200&ssl=1","width":350,"height":200},"classes":[]},{"id":21429,"url":"https:\/\/revistacultura.ro\/agenda\/2025\/09\/teatrul-excelsior-deschide-stagiunea-2025-2026-cu-o-premiera-in-regia-irisz-kovacs\/","url_meta":{"origin":19539,"position":5},"title":"Teatrul EXCELSIOR deschide stagiunea 2025-2026 cu o premier\u0103 \u00een regia Irisz Kovacs","author":"Cultura","date":"29 septembrie 2025","format":false,"excerpt":"Teatrul EXCELSIOR, singurul teatru din Bucure\u0219ti dedicat \u00een mod special adolescen\u021bilor \u0219i tinerilor adul\u021bi, anun\u021b\u0103 prima premier\u0103 a stagiunii 2025-2026. Este vorba despre spectacolul \u201eTriste\u021be \u0219i bucurie \u00een via\u021ba girafelor\", pe un text semnat de Tiago Rodrigues, unul dintre cei mai aprecia\u021bi dramaturgi europeni contemporani. Regia este semnat\u0103 de Irisz\u2026","rel":"","context":"\u00cen \u201eSemnal\u201d","block_context":{"text":"Semnal","link":"https:\/\/revistacultura.ro\/agenda\/category\/semnal\/"},"img":{"alt_text":"","src":"https:\/\/i0.wp.com\/revistacultura.ro\/agenda\/wp-content\/uploads\/2025\/09\/foto-Tristete-si-bucurie-in-viata-girafelor.-Teatrul-EXCELSIOR-%C2%A9-Volker-Vornehm-2.webp?resize=350%2C200&ssl=1","width":350,"height":200,"srcset":"https:\/\/i0.wp.com\/revistacultura.ro\/agenda\/wp-content\/uploads\/2025\/09\/foto-Tristete-si-bucurie-in-viata-girafelor.-Teatrul-EXCELSIOR-%C2%A9-Volker-Vornehm-2.webp?resize=350%2C200&ssl=1 1x, https:\/\/i0.wp.com\/revistacultura.ro\/agenda\/wp-content\/uploads\/2025\/09\/foto-Tristete-si-bucurie-in-viata-girafelor.-Teatrul-EXCELSIOR-%C2%A9-Volker-Vornehm-2.webp?resize=525%2C300&ssl=1 1.5x, https:\/\/i0.wp.com\/revistacultura.ro\/agenda\/wp-content\/uploads\/2025\/09\/foto-Tristete-si-bucurie-in-viata-girafelor.-Teatrul-EXCELSIOR-%C2%A9-Volker-Vornehm-2.webp?resize=700%2C400&ssl=1 2x"},"classes":[]}],"_links":{"self":[{"href":"https:\/\/revistacultura.ro\/agenda\/wp-json\/wp\/v2\/posts\/19539","targetHints":{"allow":["GET"]}}],"collection":[{"href":"https:\/\/revistacultura.ro\/agenda\/wp-json\/wp\/v2\/posts"}],"about":[{"href":"https:\/\/revistacultura.ro\/agenda\/wp-json\/wp\/v2\/types\/post"}],"author":[{"embeddable":true,"href":"https:\/\/revistacultura.ro\/agenda\/wp-json\/wp\/v2\/users\/2"}],"replies":[{"embeddable":true,"href":"https:\/\/revistacultura.ro\/agenda\/wp-json\/wp\/v2\/comments?post=19539"}],"version-history":[{"count":1,"href":"https:\/\/revistacultura.ro\/agenda\/wp-json\/wp\/v2\/posts\/19539\/revisions"}],"predecessor-version":[{"id":19541,"href":"https:\/\/revistacultura.ro\/agenda\/wp-json\/wp\/v2\/posts\/19539\/revisions\/19541"}],"wp:featuredmedia":[{"embeddable":true,"href":"https:\/\/revistacultura.ro\/agenda\/wp-json\/wp\/v2\/media\/19540"}],"wp:attachment":[{"href":"https:\/\/revistacultura.ro\/agenda\/wp-json\/wp\/v2\/media?parent=19539"}],"wp:term":[{"taxonomy":"category","embeddable":true,"href":"https:\/\/revistacultura.ro\/agenda\/wp-json\/wp\/v2\/categories?post=19539"},{"taxonomy":"post_tag","embeddable":true,"href":"https:\/\/revistacultura.ro\/agenda\/wp-json\/wp\/v2\/tags?post=19539"}],"curies":[{"name":"wp","href":"https:\/\/api.w.org\/{rel}","templated":true}]}}