{"id":19524,"date":"2014-11-13T14:11:41","date_gmt":"2014-11-13T12:11:41","guid":{"rendered":"http:\/\/revistacultura.ro\/agenda\/?p=19524"},"modified":"2014-11-13T14:11:41","modified_gmt":"2014-11-13T12:11:41","slug":"mihai-malaimare-jr-l-a-filmat-si-pe-liam-neeson","status":"publish","type":"post","link":"https:\/\/revistacultura.ro\/agenda\/2014\/11\/mihai-malaimare-jr-l-a-filmat-si-pe-liam-neeson\/","title":{"rendered":"Mihai M\u0103laimare Jr. l-a filmat (\u015fi) pe Liam Neeson"},"content":{"rendered":"<p>&nbsp;<\/p>\n<p>&nbsp;<\/p>\n<p>Director de imagine cu o carte de vizit\u00e3 impresionant\u0103 (premii interna\u0163ionale plus vedete filmate), Mihai M\u0103laimare Jr. face dintr-un thriller clasic o bijuterie vizual\u0103. E adev\u0103rat c\u0103 \u015fi scenaristul, \u015fi regizorul, \u00een persoana lui Scott Frank (care e \u015fi produc\u0103tor), nominalizat la Oscar \u2013 scenarist\/ regizor pentru The Lookout \u015fi scenarist pentru Out of Sight, Minority Report \u015fi The Wolverine \u2013 \u015ftie ce vrea. Ecranizarea sa dup\u0103 romanul poli\u0163ist al unui scriitor bine cotat \u00eentr-ale genului, Lawrence Block (tradus \u015fi la noi \u00een \u2013 \u00eentre timp \u2013 disp\u0103ruta serie Thriller &amp; mistery de la Humanitas Fiction) A Walk Among The Tombstones, ambi\u0163ioneaz\u0103 un mix de noir de art\u0103 cu incursiuni rapide \u00een infernul str\u0103zilor dosnice din New York \u015fi \u00een lumea emigran\u0163ilor dealeri de droguri fa\u0163\u0103 cu \u00eembog\u0103\u0163i\u0163ii americani din acela\u015fi comer\u0163. La mijloc se afl\u0103 Matt Scudder (Liam Neeson), fost poli\u0163ist \u00een NYPD \u015fi acum detectiv f\u0103r\u0103 licen\u0163\u0103. El accept\u0103 \u00e0 contre coeur s\u0103-i caute pe cei ce au r\u0103pit-o \u015fi apoi au ucis-o pe t\u00e2n\u0103ra so\u0163ie a traficantului de heroin\u0103 Kenny Kristo. {i scenariul meandrat \u015fi interpretarea protagonistului \u015fi, mai ales, virtu\u0163ile vizuale fac din acest film unul ie\u015fit din serie.<\/p>\n","protected":false},"excerpt":{"rendered":"<p>&nbsp; &nbsp; Director de imagine cu o carte de vizit\u00e3 impresionant\u0103 (premii interna\u0163ionale plus vedete filmate), Mihai M\u0103laimare Jr. face dintr-un thriller clasic o bijuterie vizual\u0103. E adev\u0103rat c\u0103 \u015fi scenaristul, \u015fi regizorul, \u00een persoana lui Scott Frank (care e \u015fi produc\u0103tor), nominalizat la Oscar \u2013 scenarist\/ regizor pentru The Lookout \u015fi scenarist pentru Out&hellip;&nbsp;<a href=\"https:\/\/revistacultura.ro\/agenda\/2014\/11\/mihai-malaimare-jr-l-a-filmat-si-pe-liam-neeson\/\" rel=\"bookmark\">Cite\u0219te mai mult &raquo;<span class=\"screen-reader-text\">Mihai M\u0103laimare Jr. l-a filmat (\u015fi) pe Liam Neeson<\/span><\/a><\/p>\n","protected":false},"author":2,"featured_media":19525,"comment_status":"open","ping_status":"open","sticky":false,"template":"","format":"standard","meta":{"neve_meta_sidebar":"","neve_meta_container":"","neve_meta_enable_content_width":"","neve_meta_content_width":0,"neve_meta_title_alignment":"","neve_meta_author_avatar":"","neve_post_elements_order":"","neve_meta_disable_header":"","neve_meta_disable_footer":"","neve_meta_disable_title":"","jetpack_post_was_ever_published":false,"_jetpack_newsletter_access":"","_jetpack_dont_email_post_to_subs":false,"_jetpack_newsletter_tier_id":0,"_jetpack_memberships_contains_paywalled_content":false,"_jetpack_memberships_contains_paid_content":false,"footnotes":"","jetpack_publicize_message":"","jetpack_publicize_feature_enabled":true,"jetpack_social_post_already_shared":true,"jetpack_social_options":{"image_generator_settings":{"template":"highway","default_image_id":0,"font":"","enabled":false},"version":2}},"categories":[152],"tags":[681,680],"class_list":["post-19524","post","type-post","status-publish","format-standard","has-post-thumbnail","hentry","category-agenda-cultura","tag-liam-neeson","tag-mihai-malaimare-jr"],"jetpack_publicize_connections":[],"jetpack_featured_media_url":"https:\/\/revistacultura.ro\/agenda\/wp-content\/uploads\/2014\/11\/Untitled-12.jpg","jetpack_sharing_enabled":true,"jetpack-related-posts":[{"id":19973,"url":"https:\/\/revistacultura.ro\/agenda\/2019\/02\/noii-infractori-in-regia-lui-ion-caramitru\/","url_meta":{"origin":19524,"position":0},"title":"\u201eNoii infractori\u201d, \u00een regia lui Ion Caramitru","author":"Cultura","date":"17 februarie 2019","format":false,"excerpt":"\u201dNOII INFRACTORI\u201d\u00a0de Edna Mazia, traducerea Etgard Bitel,\u00a0regia Ion Caramitru Apreciat\u0103 de renumita publica\u0163ie Haaretz Magazine ca \u201eprima doamn\u0103 a\u00a0teatrului israelian\u201d, Edna Mazia\u00a0s-a remarcat mai \u00eent\u00e2i ca scenarist,\u00a0apoi ca dramaturg \u015fi regizor de teatru, a urmat studii de filosofie \u015fi de\u00a0 teatru, iar cariera i-a fost \u00eencununat\u0103 de recunoa\u015fterea publicului \u015fi\u2026","rel":"","context":"\u00cen \u201eSemnal\u201d","block_context":{"text":"Semnal","link":"https:\/\/revistacultura.ro\/agenda\/category\/semnal\/"},"img":{"alt_text":"","src":"https:\/\/i0.wp.com\/revistacultura.ro\/agenda\/wp-content\/uploads\/2019\/02\/noii-infractori-tnb.jpg?resize=350%2C200&ssl=1","width":350,"height":200,"srcset":"https:\/\/i0.wp.com\/revistacultura.ro\/agenda\/wp-content\/uploads\/2019\/02\/noii-infractori-tnb.jpg?resize=350%2C200&ssl=1 1x, https:\/\/i0.wp.com\/revistacultura.ro\/agenda\/wp-content\/uploads\/2019\/02\/noii-infractori-tnb.jpg?resize=525%2C300&ssl=1 1.5x, https:\/\/i0.wp.com\/revistacultura.ro\/agenda\/wp-content\/uploads\/2019\/02\/noii-infractori-tnb.jpg?resize=700%2C400&ssl=1 2x"},"classes":[]},{"id":19514,"url":"https:\/\/revistacultura.ro\/agenda\/2014\/11\/atelier-de-scenaristica-cum-se-scrie-un-film\/","url_meta":{"origin":19524,"position":1},"title":"Atelier de Scenaristic\u0103 \u2013 Cum se scrie un film","author":"Revista","date":"13 noiembrie 2014","format":false,"excerpt":"\u00a0 Funda\u0163ia Calea Victoriei, 4 noiembrie \u00a0 Un alt atelier, de data aceasta de Scenaristic\u0103 se va deschide mar\u0163i, pe 4 noiembrie, pentru \u00eencep\u0103tori, la Funda\u0163ia Calea Victoriei. Printre obiectivele urm\u0103rite prin acest atelier, se pot enumera: \u00eensu\u015firea no\u0163iunilor de baz\u0103 ale scrierii narative, familiarizarea participan\u0163ilor cu instrumentarul tehnic \u015fi\u2026","rel":"","context":"\u00cen \u201eAgenda culturala\u201d","block_context":{"text":"Agenda culturala","link":"https:\/\/revistacultura.ro\/agenda\/category\/agenda-cultura\/"},"img":{"alt_text":"","src":"","width":0,"height":0},"classes":[]},{"id":20942,"url":"https:\/\/revistacultura.ro\/agenda\/2022\/12\/premiera-atmosfera-la-teatrul-mihai-eminescu-din-timisoara\/","url_meta":{"origin":19524,"position":2},"title":"Premier\u0103 aTMosfera la Teatrul \u201eMihai Eminescu\u201d din Timi\u0219oara","author":"Cultura","date":"9 decembrie 2022","format":false,"excerpt":"Premier\u0103: duminic\u0103, 18 decembrie, de la ora 19, \u00een Sala 2 a Teatrului Na\u021bional \u201eMihai Eminescu\u201d din Timi\u0219oara Spectacolul trilingv duce mai departe experien\u021ba \u00eenceput\u0103 \u00een luna octombrie cu proiectul \u201eBanat in Europe\u201d, proiect care propune o c\u0103l\u0103torie teatral\u0103 \u00een ceea ce \u00eenseamn\u0103 ast\u0103zi regiunea Banatului, \u00een universalitatea sa metaforic\u0103\u2026","rel":"","context":"\u00cen \u201eAgenda culturala\u201d","block_context":{"text":"Agenda culturala","link":"https:\/\/revistacultura.ro\/agenda\/category\/agenda-cultura\/"},"img":{"alt_text":"","src":"https:\/\/i0.wp.com\/revistacultura.ro\/agenda\/wp-content\/uploads\/2022\/12\/Sala2timisoara-teatru.webp?resize=350%2C200&ssl=1","width":350,"height":200,"srcset":"https:\/\/i0.wp.com\/revistacultura.ro\/agenda\/wp-content\/uploads\/2022\/12\/Sala2timisoara-teatru.webp?resize=350%2C200&ssl=1 1x, https:\/\/i0.wp.com\/revistacultura.ro\/agenda\/wp-content\/uploads\/2022\/12\/Sala2timisoara-teatru.webp?resize=525%2C300&ssl=1 1.5x, https:\/\/i0.wp.com\/revistacultura.ro\/agenda\/wp-content\/uploads\/2022\/12\/Sala2timisoara-teatru.webp?resize=700%2C400&ssl=1 2x"},"classes":[]},{"id":21240,"url":"https:\/\/revistacultura.ro\/agenda\/2025\/06\/premiera-la-excelsior-tomcat-un-thriller-distopic\/","url_meta":{"origin":19524,"position":3},"title":"Premier\u0103 la Excelsior: Tomcat &#8211; un thriller distopic","author":"Cultura","date":"12 iunie 2025","format":false,"excerpt":"Teatrul Excelsior din Bucure\u0219ti, dedicat adolescen\u021bilor \u0219i tinerilor adul\u021bi, anun\u021b\u0103 premiera spectacolului \"TOMCAT\" de James Rushbrooke, o produc\u021bie provocatoare care exploreaz\u0103 teme de libertate, control \u0219i curajul de a fi diferit. Premiera va avea loc \u00een 17 \u0219i 18 iunie 2025, de la ora 20:00, la Sala Studio a teatrului.\u2026","rel":"","context":"\u00cen \u201eAgenda culturala\u201d","block_context":{"text":"Agenda culturala","link":"https:\/\/revistacultura.ro\/agenda\/category\/agenda-cultura\/"},"img":{"alt_text":"","src":"https:\/\/i0.wp.com\/revistacultura.ro\/agenda\/wp-content\/uploads\/2025\/06\/TOMCAT.-Teatrul-Excelsior.-Amalia-Hesson-Mihai-Mitrea-%C2%A9-Iustin-Surpanelu.webp?resize=350%2C200&ssl=1","width":350,"height":200,"srcset":"https:\/\/i0.wp.com\/revistacultura.ro\/agenda\/wp-content\/uploads\/2025\/06\/TOMCAT.-Teatrul-Excelsior.-Amalia-Hesson-Mihai-Mitrea-%C2%A9-Iustin-Surpanelu.webp?resize=350%2C200&ssl=1 1x, https:\/\/i0.wp.com\/revistacultura.ro\/agenda\/wp-content\/uploads\/2025\/06\/TOMCAT.-Teatrul-Excelsior.-Amalia-Hesson-Mihai-Mitrea-%C2%A9-Iustin-Surpanelu.webp?resize=525%2C300&ssl=1 1.5x, https:\/\/i0.wp.com\/revistacultura.ro\/agenda\/wp-content\/uploads\/2025\/06\/TOMCAT.-Teatrul-Excelsior.-Amalia-Hesson-Mihai-Mitrea-%C2%A9-Iustin-Surpanelu.webp?resize=700%2C400&ssl=1 2x"},"classes":[]},{"id":21358,"url":"https:\/\/revistacultura.ro\/agenda\/2025\/09\/festivalul-apolodor-un-regal-al-ilustratiei-de-carte-romaneasca\/","url_meta":{"origin":19524,"position":4},"title":"Festivalul APOLODOR \u2013 un regal al ilustra\u021biei de carte rom\u00e2neasc\u0103","author":"Cultura","date":"3 septembrie 2025","format":false,"excerpt":"\u0218ase expozi\u021bii de ilustra\u021bie de carte veche sau contemporan\u0103, cu lucr\u0103ri publicate sau inedite; Crea\u021biile a zeci de arti\u0219ti plastici vor fi expuse la Boto\u0219ani \u0219i Ipote\u0219ti; La atelierele APOLODOR, copiii \u0219i tinerii vor \u00eenv\u0103\u021ba cum se creeaz\u0103 un personaj \u0219i cum se ilustreaz\u0103 o\u00a0 carte. Festivalul de Literatur\u0103 pentru\u2026","rel":"","context":"\u00cen \u201ecomunicate\u201d","block_context":{"text":"comunicate","link":"https:\/\/revistacultura.ro\/agenda\/category\/comunicate\/"},"img":{"alt_text":"","src":"https:\/\/i0.wp.com\/revistacultura.ro\/agenda\/wp-content\/uploads\/2025\/09\/afis_ilustratie.webp?resize=350%2C200&ssl=1","width":350,"height":200},"classes":[]},{"id":21167,"url":"https:\/\/revistacultura.ro\/agenda\/2024\/12\/elisabeta-bogatan-in-editie-bilingva-la-contemporary-literature-press\/","url_meta":{"origin":19524,"position":5},"title":"Elisabeta Bog\u0103\u021ban \u00een edi\u021bie bilingv\u0103 la Contemporary Literature Press","author":"Cultura","date":"16 decembrie 2024","format":false,"excerpt":"CLP a lansat pe 11 decembrie edi\u021bia bilingv\u0103 rom\u00e2n\u0103-englez\u0103 a volumului Like bullets, moments pass through you \/ Trec prin tine clipele ca ni\u0219te gloan\u021be - Poems, Literary Criticism and Interview \/ Poeme, critic\u0103 literar\u0103 \u0219i interviu, Parallel Texts, Translated into English by \/ Tradus \u00een limba englez\u0103 de Valentina\u2026","rel":"","context":"\u00cen \u201eAparitii editoriale\u201d","block_context":{"text":"Aparitii editoriale","link":"https:\/\/revistacultura.ro\/agenda\/category\/aparitii-editoriale\/"},"img":{"alt_text":"","src":"https:\/\/i0.wp.com\/revistacultura.ro\/agenda\/wp-content\/uploads\/2024\/12\/COPERTA.FINALA.E.B.webp?resize=350%2C200&ssl=1","width":350,"height":200,"srcset":"https:\/\/i0.wp.com\/revistacultura.ro\/agenda\/wp-content\/uploads\/2024\/12\/COPERTA.FINALA.E.B.webp?resize=350%2C200&ssl=1 1x, https:\/\/i0.wp.com\/revistacultura.ro\/agenda\/wp-content\/uploads\/2024\/12\/COPERTA.FINALA.E.B.webp?resize=525%2C300&ssl=1 1.5x, https:\/\/i0.wp.com\/revistacultura.ro\/agenda\/wp-content\/uploads\/2024\/12\/COPERTA.FINALA.E.B.webp?resize=700%2C400&ssl=1 2x"},"classes":[]}],"_links":{"self":[{"href":"https:\/\/revistacultura.ro\/agenda\/wp-json\/wp\/v2\/posts\/19524","targetHints":{"allow":["GET"]}}],"collection":[{"href":"https:\/\/revistacultura.ro\/agenda\/wp-json\/wp\/v2\/posts"}],"about":[{"href":"https:\/\/revistacultura.ro\/agenda\/wp-json\/wp\/v2\/types\/post"}],"author":[{"embeddable":true,"href":"https:\/\/revistacultura.ro\/agenda\/wp-json\/wp\/v2\/users\/2"}],"replies":[{"embeddable":true,"href":"https:\/\/revistacultura.ro\/agenda\/wp-json\/wp\/v2\/comments?post=19524"}],"version-history":[{"count":1,"href":"https:\/\/revistacultura.ro\/agenda\/wp-json\/wp\/v2\/posts\/19524\/revisions"}],"predecessor-version":[{"id":19526,"href":"https:\/\/revistacultura.ro\/agenda\/wp-json\/wp\/v2\/posts\/19524\/revisions\/19526"}],"wp:featuredmedia":[{"embeddable":true,"href":"https:\/\/revistacultura.ro\/agenda\/wp-json\/wp\/v2\/media\/19525"}],"wp:attachment":[{"href":"https:\/\/revistacultura.ro\/agenda\/wp-json\/wp\/v2\/media?parent=19524"}],"wp:term":[{"taxonomy":"category","embeddable":true,"href":"https:\/\/revistacultura.ro\/agenda\/wp-json\/wp\/v2\/categories?post=19524"},{"taxonomy":"post_tag","embeddable":true,"href":"https:\/\/revistacultura.ro\/agenda\/wp-json\/wp\/v2\/tags?post=19524"}],"curies":[{"name":"wp","href":"https:\/\/api.w.org\/{rel}","templated":true}]}}