{"id":19521,"date":"2014-11-13T14:10:00","date_gmt":"2014-11-13T12:10:00","guid":{"rendered":"http:\/\/revistacultura.ro\/agenda\/?p=19521"},"modified":"2014-11-13T14:10:00","modified_gmt":"2014-11-13T12:10:00","slug":"cum-ne-influenteaza-lumea","status":"publish","type":"post","link":"https:\/\/revistacultura.ro\/agenda\/2014\/11\/cum-ne-influenteaza-lumea\/","title":{"rendered":"Cum ne influen\u0163eaz\u0103 lumea?"},"content":{"rendered":"<p>&nbsp;<\/p>\n<p>&nbsp;<\/p>\n<p>Funda\u0163ia \u201eGabriela Tudor\u201d prezint\u0103 \u00een zilele de 1, 8 \u015fi 9 noiembrie la Bucure\u015fti, \u00een cadrul Festivalului E-Motional, avanpremiera spectacolului &lt;Fragil&gt; creat de coregraful Cosmin Manolescu, cu participarea dansatorilor Giselda Ranieri (Italia), Tanja Andreeva (Norvegia) \u015fi Cristian Nanculescu (Rom\u00e2nia). &lt;Fragil&gt; este o pies\u0103 eterogen\u0103 ce propune spectatorului o incursiune experien\u0163ial\u0103 \u00eentr-un univers deopotriv\u0103 real \u015fi imaginar, chestion\u00e2nd fragilitatea \u015fi vulnerabilitatea vie\u0163ii noastre cotidiene. Cine suntem, ce ne place, c\u00e2t de aten\u0163i suntem la ceilal\u0163i, la modul lor de a fi \u015fi la nevoile lor emo\u0163ionale, cum ne influen\u0163eaz\u0103 lumea \u00een care tr\u0103im? &lt;Fragil&gt;, coproduc\u0163ie interna\u0163ional\u0103 creat\u0103 \u00een cadrul proiectului E-Motional: rethinking dance, este deopotriv\u0103 un spectacol de dans, un joc performativ \u015fi o instala\u0163ie coregrafic\u0103 care lucreaz\u0103 cu multiplicitatea identit\u0103\u0163ilor noastre. Av\u00e2nd dou\u0103 p\u0103r\u0163i interconectate, poate fi vizionat \u015fi experimentat at\u00e2t \u00een spa\u0163ii neconven\u0163ionale, c\u00e2t \u015fi pe scen\u0103.<\/p>\n","protected":false},"excerpt":{"rendered":"<p>&nbsp; &nbsp; Funda\u0163ia \u201eGabriela Tudor\u201d prezint\u0103 \u00een zilele de 1, 8 \u015fi 9 noiembrie la Bucure\u015fti, \u00een cadrul Festivalului E-Motional, avanpremiera spectacolului &lt;Fragil&gt; creat de coregraful Cosmin Manolescu, cu participarea dansatorilor Giselda Ranieri (Italia), Tanja Andreeva (Norvegia) \u015fi Cristian Nanculescu (Rom\u00e2nia). &lt;Fragil&gt; este o pies\u0103 eterogen\u0103 ce propune spectatorului o incursiune experien\u0163ial\u0103 \u00eentr-un univers deopotriv\u0103&hellip;&nbsp;<a href=\"https:\/\/revistacultura.ro\/agenda\/2014\/11\/cum-ne-influenteaza-lumea\/\" rel=\"bookmark\">Cite\u0219te mai mult &raquo;<span class=\"screen-reader-text\">Cum ne influen\u0163eaz\u0103 lumea?<\/span><\/a><\/p>\n","protected":false},"author":2,"featured_media":19522,"comment_status":"open","ping_status":"open","sticky":false,"template":"","format":"standard","meta":{"neve_meta_sidebar":"","neve_meta_container":"","neve_meta_enable_content_width":"","neve_meta_content_width":0,"neve_meta_title_alignment":"","neve_meta_author_avatar":"","neve_post_elements_order":"","neve_meta_disable_header":"","neve_meta_disable_footer":"","neve_meta_disable_title":"","jetpack_post_was_ever_published":false,"_jetpack_newsletter_access":"","_jetpack_dont_email_post_to_subs":false,"_jetpack_newsletter_tier_id":0,"_jetpack_memberships_contains_paywalled_content":false,"_jetpack_memberships_contains_paid_content":false,"footnotes":"","jetpack_publicize_message":"","jetpack_publicize_feature_enabled":true,"jetpack_social_post_already_shared":true,"jetpack_social_options":{"image_generator_settings":{"template":"highway","default_image_id":0,"font":"","enabled":false},"version":2}},"categories":[152],"tags":[679,678],"class_list":["post-19521","post","type-post","status-publish","format-standard","has-post-thumbnail","hentry","category-agenda-cultura","tag-fundatia-gabriela-tudor","tag-proiectul-e-motional"],"jetpack_publicize_connections":[],"jetpack_featured_media_url":"https:\/\/revistacultura.ro\/agenda\/wp-content\/uploads\/2014\/11\/Untitled-11.jpg","jetpack_sharing_enabled":true,"jetpack-related-posts":[{"id":21799,"url":"https:\/\/revistacultura.ro\/agenda\/2026\/03\/fotografie-si-invizibil-o-incursiune-teoretica-si-vizuala-la-palatul-sutu\/","url_meta":{"origin":19521,"position":0},"title":"Fotografie \u0219i Invizibil: o incursiune teoretic\u0103 \u0219i vizual\u0103 &#8211; la Palatul Su\u021bu","author":"Cultura","date":"26 martie 2026","format":false,"excerpt":"Joi, 26 martie, ora 18.30 \"Fotografie \u0219i Invizibil: o incursiune teoretic\u0103 \u0219i vizual\u0103\", cu Vlad Eftenie. Coordonatorul Conferin\u021belor de Joi: C\u0103t\u0103lin D. Constantin Lumea dimprejur?... un aparent haos, o infinitate de planuri toxice care se bruiaz\u0103 reciproc \u0219i care ne solicit\u0103 zi de zi, care ne golesc de energie, de\u2026","rel":"","context":"\u00cen \u201eAgenda culturala\u201d","block_context":{"text":"Agenda culturala","link":"https:\/\/revistacultura.ro\/agenda\/category\/agenda-cultura\/"},"img":{"alt_text":"","src":"https:\/\/i0.wp.com\/revistacultura.ro\/agenda\/wp-content\/uploads\/2026\/03\/fotografie-sutu.webp?resize=350%2C200&ssl=1","width":350,"height":200,"srcset":"https:\/\/i0.wp.com\/revistacultura.ro\/agenda\/wp-content\/uploads\/2026\/03\/fotografie-sutu.webp?resize=350%2C200&ssl=1 1x, https:\/\/i0.wp.com\/revistacultura.ro\/agenda\/wp-content\/uploads\/2026\/03\/fotografie-sutu.webp?resize=525%2C300&ssl=1 1.5x, https:\/\/i0.wp.com\/revistacultura.ro\/agenda\/wp-content\/uploads\/2026\/03\/fotografie-sutu.webp?resize=700%2C400&ssl=1 2x"},"classes":[]},{"id":21496,"url":"https:\/\/revistacultura.ro\/agenda\/2025\/10\/astra-film-va-continua-in-online\/","url_meta":{"origin":19521,"position":1},"title":"Astra Film va continua \u00een online","author":"Cultura","date":"23 octombrie 2025","format":false,"excerpt":"Festivalul dedicat filmelor documentare, Astra Film, va continua \u00een online, \u00een perioada 26 octombrie - 9 noiembrie, cu acces VoD pentru cei care nu au reu\u0219it s\u0103 ajung\u0103 la Sibiu pe durata festivalului. Din selec\u021bia care va fi disponibil\u0103 online, pe baz\u0103 de abonament, fac parte 34 de filme, grupate\u2026","rel":"","context":"\u00cen \u201eRecomand\u0103ri\u201d","block_context":{"text":"Recomand\u0103ri","link":"https:\/\/revistacultura.ro\/agenda\/category\/recomandarile-cultura\/"},"img":{"alt_text":"","src":"https:\/\/i0.wp.com\/revistacultura.ro\/agenda\/wp-content\/uploads\/2025\/10\/astra-film-online.webp?resize=350%2C200&ssl=1","width":350,"height":200,"srcset":"https:\/\/i0.wp.com\/revistacultura.ro\/agenda\/wp-content\/uploads\/2025\/10\/astra-film-online.webp?resize=350%2C200&ssl=1 1x, https:\/\/i0.wp.com\/revistacultura.ro\/agenda\/wp-content\/uploads\/2025\/10\/astra-film-online.webp?resize=525%2C300&ssl=1 1.5x"},"classes":[]},{"id":20525,"url":"https:\/\/revistacultura.ro\/agenda\/2020\/02\/mind-universe-expozitie-de-colaje-de-cristiana-bucureci-si-andrei-stan\/","url_meta":{"origin":19521,"position":2},"title":"Mind Universe &#8211; expozi\u021bie de colaje &#8211; de Cristiana Bucureci \u0219i Andrei Stan","author":"redactia","date":"24 februarie 2020","format":false,"excerpt":"S\u00e2mb\u0103t\u0103, pe 28 februarie, \u00een spa\u021biul alternativ Vine 21, suntem invita\u021bi la expozi\u021bia de colaje \"Mind Universe\". Lucr\u0103rile create de Cristiana Bucureci \u0219i Andrei Stan aduc \u00een discu\u021bie transformarea \u0219i exprimarea ideilor ce dep\u0103\u0219esc grani\u021bele pe care mintea le poate surprinde, d\u00e2nd na\u0219tere altor universuri posibile. Mind Universe \u00ee\u0219i propune\u2026","rel":"","context":"\u00cen \u201eAgenda culturala\u201d","block_context":{"text":"Agenda culturala","link":"https:\/\/revistacultura.ro\/agenda\/category\/agenda-cultura\/"},"img":{"alt_text":"","src":"https:\/\/i0.wp.com\/revistacultura.ro\/agenda\/wp-content\/uploads\/2020\/02\/86826087_2654998061236754_6596702740225720320_o.jpg?resize=350%2C200&ssl=1","width":350,"height":200,"srcset":"https:\/\/i0.wp.com\/revistacultura.ro\/agenda\/wp-content\/uploads\/2020\/02\/86826087_2654998061236754_6596702740225720320_o.jpg?resize=350%2C200&ssl=1 1x, https:\/\/i0.wp.com\/revistacultura.ro\/agenda\/wp-content\/uploads\/2020\/02\/86826087_2654998061236754_6596702740225720320_o.jpg?resize=525%2C300&ssl=1 1.5x, https:\/\/i0.wp.com\/revistacultura.ro\/agenda\/wp-content\/uploads\/2020\/02\/86826087_2654998061236754_6596702740225720320_o.jpg?resize=700%2C400&ssl=1 2x, https:\/\/i0.wp.com\/revistacultura.ro\/agenda\/wp-content\/uploads\/2020\/02\/86826087_2654998061236754_6596702740225720320_o.jpg?resize=1050%2C600&ssl=1 3x, https:\/\/i0.wp.com\/revistacultura.ro\/agenda\/wp-content\/uploads\/2020\/02\/86826087_2654998061236754_6596702740225720320_o.jpg?resize=1400%2C800&ssl=1 4x"},"classes":[]},{"id":19170,"url":"https:\/\/revistacultura.ro\/agenda\/2014\/06\/din-tara-vlahilor\/","url_meta":{"origin":19521,"position":3},"title":"Din \u0162ara Vlahilor","author":"Revista","date":"20 iunie 2014","format":false,"excerpt":"\u00a0 Albumul Kara Eflak. De la Bucure\u015fti \u015fi p\u00e2n\u0103 la Stanbul. Muzic\u0103 din Principatele Rom\u00e2ne \u015fi Imperiul Otoman, secolele XVII-XIX al forma\u0163iei vocal-instrumentale de muzic\u0103 veche \u201eAnton Pann\u201d este rodul unei cercet\u0103ri profesioniste de peste zece ani, aduc\u00e2nd, \u00een premier\u0103 pentru ascult\u0103torii rom\u00e2ni, \u201emuzica de curte, savant\u0103\u201d a perioadei men\u0163ionate,\u2026","rel":"","context":"\u00cen \u201eAgenda culturala\u201d","block_context":{"text":"Agenda culturala","link":"https:\/\/revistacultura.ro\/agenda\/category\/agenda-cultura\/"},"img":{"alt_text":"","src":"https:\/\/i0.wp.com\/revistacultura.ro\/agenda\/wp-content\/uploads\/2014\/06\/din-tara-vlahilor.jpg?resize=350%2C200&ssl=1","width":350,"height":200},"classes":[]},{"id":21802,"url":"https:\/\/revistacultura.ro\/agenda\/2026\/03\/comunicatul-tntm-de-ziua-mondiala-a-teatrului\/","url_meta":{"origin":19521,"position":4},"title":"Comunicatul TNTm de Ziua Mondial\u0103 a Teatrului","author":"Cultura","date":"27 martie 2026","format":false,"excerpt":"Teatrul Na\u021bional din Timi\u0219oara se al\u0103tur\u0103 teatrelor din toat\u0103 lumea, celebr\u00e2nd, ca \u00een fiecare an, Ziua Mondial\u0103 a Teatrului. \u00cenc\u0103 din 1961, teatre, institu\u021bii teatrale, facult\u0103\u021bi de teatru, toate organiza\u021biile dedicate artei dramatice s\u0103rb\u0103toresc \u00een\u00a0 27 martie Ziua Mondial\u0103 a Teatrului. \u00cen acest context, vineri, 27 martie 2026, de la\u2026","rel":"","context":"\u00cen \u201ecomunicate\u201d","block_context":{"text":"comunicate","link":"https:\/\/revistacultura.ro\/agenda\/category\/comunicate\/"},"img":{"alt_text":"","src":"https:\/\/i0.wp.com\/revistacultura.ro\/agenda\/wp-content\/uploads\/2026\/03\/willem-dafoe.webp?resize=350%2C200&ssl=1","width":350,"height":200,"srcset":"https:\/\/i0.wp.com\/revistacultura.ro\/agenda\/wp-content\/uploads\/2026\/03\/willem-dafoe.webp?resize=350%2C200&ssl=1 1x, https:\/\/i0.wp.com\/revistacultura.ro\/agenda\/wp-content\/uploads\/2026\/03\/willem-dafoe.webp?resize=525%2C300&ssl=1 1.5x, https:\/\/i0.wp.com\/revistacultura.ro\/agenda\/wp-content\/uploads\/2026\/03\/willem-dafoe.webp?resize=700%2C400&ssl=1 2x"},"classes":[]},{"id":20977,"url":"https:\/\/revistacultura.ro\/agenda\/2023\/05\/spectacol-poem-la-mnlr-pe-texte-ale-poetei-angela-marinescu\/","url_meta":{"origin":19521,"position":5},"title":"Spectacol-poem la MNLR pe texte ale poetei Angela Marinescu","author":"Cultura","date":"22 mai 2023","format":false,"excerpt":"24 mai, ora 18.30 \u2013 Bucure\u0219ti, Muzeul Na\u021bional al Literaturii Rom\u00e2ne, mansard\u0103 (intrarea liber\u0103, \u00een limita locurilor disponibile). Reprezenta\u021bia de la MNLR va fi accesibilizat\u0103 pentru persoane cu deficien\u021be de auz. \u201eAcestui \u00eentuneric distrug\u0103tor\u201d este un spectacol-poemj ce \u00eembin\u0103 poezia \u0219i teatrul, pornind de la textele poetei Angela Marinescu, ap\u0103rute\u2026","rel":"","context":"\u00cen \u201eAgenda culturala\u201d","block_context":{"text":"Agenda culturala","link":"https:\/\/revistacultura.ro\/agenda\/category\/agenda-cultura\/"},"img":{"alt_text":"","src":"https:\/\/i0.wp.com\/revistacultura.ro\/agenda\/wp-content\/uploads\/2023\/05\/Acestui-intuneric-distrugator_6.webp?resize=350%2C200&ssl=1","width":350,"height":200,"srcset":"https:\/\/i0.wp.com\/revistacultura.ro\/agenda\/wp-content\/uploads\/2023\/05\/Acestui-intuneric-distrugator_6.webp?resize=350%2C200&ssl=1 1x, https:\/\/i0.wp.com\/revistacultura.ro\/agenda\/wp-content\/uploads\/2023\/05\/Acestui-intuneric-distrugator_6.webp?resize=525%2C300&ssl=1 1.5x, https:\/\/i0.wp.com\/revistacultura.ro\/agenda\/wp-content\/uploads\/2023\/05\/Acestui-intuneric-distrugator_6.webp?resize=700%2C400&ssl=1 2x"},"classes":[]}],"_links":{"self":[{"href":"https:\/\/revistacultura.ro\/agenda\/wp-json\/wp\/v2\/posts\/19521","targetHints":{"allow":["GET"]}}],"collection":[{"href":"https:\/\/revistacultura.ro\/agenda\/wp-json\/wp\/v2\/posts"}],"about":[{"href":"https:\/\/revistacultura.ro\/agenda\/wp-json\/wp\/v2\/types\/post"}],"author":[{"embeddable":true,"href":"https:\/\/revistacultura.ro\/agenda\/wp-json\/wp\/v2\/users\/2"}],"replies":[{"embeddable":true,"href":"https:\/\/revistacultura.ro\/agenda\/wp-json\/wp\/v2\/comments?post=19521"}],"version-history":[{"count":1,"href":"https:\/\/revistacultura.ro\/agenda\/wp-json\/wp\/v2\/posts\/19521\/revisions"}],"predecessor-version":[{"id":19523,"href":"https:\/\/revistacultura.ro\/agenda\/wp-json\/wp\/v2\/posts\/19521\/revisions\/19523"}],"wp:featuredmedia":[{"embeddable":true,"href":"https:\/\/revistacultura.ro\/agenda\/wp-json\/wp\/v2\/media\/19522"}],"wp:attachment":[{"href":"https:\/\/revistacultura.ro\/agenda\/wp-json\/wp\/v2\/media?parent=19521"}],"wp:term":[{"taxonomy":"category","embeddable":true,"href":"https:\/\/revistacultura.ro\/agenda\/wp-json\/wp\/v2\/categories?post=19521"},{"taxonomy":"post_tag","embeddable":true,"href":"https:\/\/revistacultura.ro\/agenda\/wp-json\/wp\/v2\/tags?post=19521"}],"curies":[{"name":"wp","href":"https:\/\/api.w.org\/{rel}","templated":true}]}}