{"id":19349,"date":"2014-08-01T14:08:35","date_gmt":"2014-08-01T11:08:35","guid":{"rendered":"http:\/\/revistacultura.ro\/agenda\/?p=19349"},"modified":"2014-08-01T14:08:35","modified_gmt":"2014-08-01T11:08:35","slug":"scene-de-proximitate","status":"publish","type":"post","link":"https:\/\/revistacultura.ro\/agenda\/2014\/08\/scene-de-proximitate\/","title":{"rendered":"Scene de proximitate"},"content":{"rendered":"<p>&nbsp;<\/p>\n<p>Tot la Godot Cafe-Teatru (care are stagiune permanent\u0103) pute\u0163i vedea\/ revedea un spectacol plin de aventul tinerimii pe un text cu via\u0163\u0103 \u015fi scene de proximitate, a\u015fa cum ne-a obi\u015fnuit deja Mimi Br\u0103nescu. Actor fiind, el \u015ftie multe despre greul replicii \u015fi despre na\u015fterea sc\u00e2nteii de teatru (aparent!) din nimic. Iubire, bravad\u0103, timiditate, jocuri ale seduc\u0163iei, cheie comic\u0103, un regizor inspirat, Radu Popescu, \u015fi patru tineri la \u00eenceput de drum \u00eentr-ale scenei, care n-au ajuns \u00eenc\u0103 s\u0103 fie decep\u0163iona\u0163i de c\u00e2te belele are, pe rom\u00e2ne\u015fte, via\u0163a de actor: Alec Sec\u0103reanu, Paul Ipate, Cristina G\u0103vru\u015f, Mihaela Alexandru. Flori, filme, fete sau b\u0103ie\u0163i e teatru viu \u015fi merit\u0103 v\u0103zut.<\/p>\n","protected":false},"excerpt":{"rendered":"<p>&nbsp; Tot la Godot Cafe-Teatru (care are stagiune permanent\u0103) pute\u0163i vedea\/ revedea un spectacol plin de aventul tinerimii pe un text cu via\u0163\u0103 \u015fi scene de proximitate, a\u015fa cum ne-a obi\u015fnuit deja Mimi Br\u0103nescu. Actor fiind, el \u015ftie multe despre greul replicii \u015fi despre na\u015fterea sc\u00e2nteii de teatru (aparent!) din nimic. Iubire, bravad\u0103, timiditate, jocuri&hellip;&nbsp;<a href=\"https:\/\/revistacultura.ro\/agenda\/2014\/08\/scene-de-proximitate\/\" rel=\"bookmark\">Cite\u0219te mai mult &raquo;<span class=\"screen-reader-text\">Scene de proximitate<\/span><\/a><\/p>\n","protected":false},"author":2,"featured_media":19350,"comment_status":"open","ping_status":"open","sticky":false,"template":"","format":"standard","meta":{"neve_meta_sidebar":"","neve_meta_container":"","neve_meta_enable_content_width":"","neve_meta_content_width":0,"neve_meta_title_alignment":"","neve_meta_author_avatar":"","neve_post_elements_order":"","neve_meta_disable_header":"","neve_meta_disable_footer":"","neve_meta_disable_title":"","_jetpack_newsletter_access":"","_jetpack_dont_email_post_to_subs":false,"_jetpack_newsletter_tier_id":0,"_jetpack_memberships_contains_paywalled_content":false,"_jetpack_feature_clip_id":0,"_jetpack_memberships_contains_paid_content":false,"footnotes":"","jetpack_publicize_message":"","jetpack_publicize_feature_enabled":true,"jetpack_social_post_already_shared":true,"jetpack_social_options":{"image_generator_settings":{"template":"highway","default_image_id":0,"font":"","enabled":false},"version":2},"jetpack_post_was_ever_published":false},"categories":[22],"tags":[586,585,584,583,34,587],"class_list":["post-19349","post","type-post","status-publish","format-standard","has-post-thumbnail","hentry","category-recomandarile-cultura","tag-fete-sau-baieti","tag-filme","tag-flori","tag-godot-cafe-teatru","tag-spectacol-2","tag-teatru-2"],"jetpack_publicize_connections":[],"jetpack_sharing_enabled":true,"jetpack-related-posts":[{"id":19768,"url":"https:\/\/revistacultura.ro\/agenda\/2015\/06\/a-batut-gongul-la-godot\/","url_meta":{"origin":19349,"position":0},"title":"A b\u0103tut gongul  la Godot","author":"Cultura","date":"17 iunie 2015","format":false,"excerpt":"\u2026\u015fi s-a dat startul celei de-a doua edi\u0163ii a festivalului de teatru destinat tinerilor actori - Hyperion iese la Godot. Luni diminea\u0163\u0103, la festivitatea de deschidere, pe scena de la Godot Caf\u00e9-Teatru a p\u0103\u015fit actri\u0163a Maia Morgenstern \u2013 decan al Facult\u0103\u0163ii de Art\u0103 Geo Saizescu, al\u0103turi de domnul Vlad Leu\u2026","rel":"","context":"\u00cen \u201eAgenda culturala\u201d","block_context":{"text":"Agenda culturala","link":"https:\/\/revistacultura.ro\/agenda\/category\/agenda-cultura\/"},"img":{"alt_text":"INVITATIE FINAL","src":"https:\/\/i0.wp.com\/revistacultura.ro\/agenda\/wp-content\/uploads\/2015\/06\/INVITATIE-FINAL-300x130.jpg?resize=350%2C200","width":350,"height":200},"classes":[]},{"id":19178,"url":"https:\/\/revistacultura.ro\/agenda\/2014\/06\/maria-tanase-multimedia\/","url_meta":{"origin":19349,"position":1},"title":"Maria T\u0103nase, multimedia","author":"Revista","date":"20 iunie 2014","format":false,"excerpt":"\u00a0 Regizoarea Carmen Lidia Vidu, primul \u015fi cel mai spectaculos artist de teatru multimedia din Rom\u00e2nia, revine \u00een aten\u0163ia publicului bucure\u015ftean cu ultima premier\u0103 de la Godot Cafe Teatru, C\u00e2ntec de leag\u0103n. O poveste despre Maria Tanase. Cunoscut\u0103 din numeroase mont\u0103ri ca O sta\u0163ie, Privighetoarea \u015fi trandafirul, Micul prin\u0163, Carmen\u2026","rel":"","context":"\u00cen \u201eAgenda culturala\u201d","block_context":{"text":"Agenda culturala","link":"https:\/\/revistacultura.ro\/agenda\/category\/agenda-cultura\/"},"img":{"alt_text":"","src":"https:\/\/i0.wp.com\/revistacultura.ro\/agenda\/wp-content\/uploads\/2014\/06\/Maria-Tanase.jpg?resize=350%2C200&ssl=1","width":350,"height":200,"srcset":"https:\/\/i0.wp.com\/revistacultura.ro\/agenda\/wp-content\/uploads\/2014\/06\/Maria-Tanase.jpg?resize=350%2C200&ssl=1 1x, https:\/\/i0.wp.com\/revistacultura.ro\/agenda\/wp-content\/uploads\/2014\/06\/Maria-Tanase.jpg?resize=525%2C300&ssl=1 1.5x, https:\/\/i0.wp.com\/revistacultura.ro\/agenda\/wp-content\/uploads\/2014\/06\/Maria-Tanase.jpg?resize=700%2C400&ssl=1 2x"},"classes":[]},{"id":21671,"url":"https:\/\/revistacultura.ro\/agenda\/2026\/02\/stagiunea-internationala-de-teatru-arcub-2026\/","url_meta":{"origin":19349,"position":2},"title":"Stagiunea Interna\u021bional\u0103 de Teatru ARCUB 2026","author":"Cultura","date":"11 februarie 2026","format":false,"excerpt":"Tema edi\u021biei 2026: Criz\u0103\/Crize Program: 7-8 martie \u0219i 24-25 aprilie ARCUB \u2013 Hanul Gabroveni Lansat\u0103 \u00een 2025, Stagiunea Interna\u021bional\u0103 de Teatru continu\u0103 direc\u021bia \u00eenceput\u0103 anul trecut, c\u00e2nd selec\u021bia a inclus spectacole prezentate la Festivalul de la Avignon, produc\u021bii ale unor mari teatre europene (Schaub\u00fchne) \u0219i produc\u021bii semnate de creatori de\u2026","rel":"","context":"\u00cen \u201eRecomand\u0103ri\u201d","block_context":{"text":"Recomand\u0103ri","link":"https:\/\/revistacultura.ro\/agenda\/category\/recomandarile-cultura\/"},"img":{"alt_text":"","src":"https:\/\/i0.wp.com\/revistacultura.ro\/agenda\/wp-content\/uploads\/2026\/02\/Gaviota_Stagiunea-Internationala-de-teatru-ARCUB-2026.webp?resize=350%2C200&ssl=1","width":350,"height":200,"srcset":"https:\/\/i0.wp.com\/revistacultura.ro\/agenda\/wp-content\/uploads\/2026\/02\/Gaviota_Stagiunea-Internationala-de-teatru-ARCUB-2026.webp?resize=350%2C200&ssl=1 1x, https:\/\/i0.wp.com\/revistacultura.ro\/agenda\/wp-content\/uploads\/2026\/02\/Gaviota_Stagiunea-Internationala-de-teatru-ARCUB-2026.webp?resize=525%2C300&ssl=1 1.5x, https:\/\/i0.wp.com\/revistacultura.ro\/agenda\/wp-content\/uploads\/2026\/02\/Gaviota_Stagiunea-Internationala-de-teatru-ARCUB-2026.webp?resize=700%2C400&ssl=1 2x"},"classes":[]},{"id":19227,"url":"https:\/\/revistacultura.ro\/agenda\/2014\/07\/bosch-pe-scena-din-iasi\/","url_meta":{"origin":19349,"position":3},"title":"Bosch pe scena din Ia\u015fi","author":"Revista","date":"10 iulie 2014","format":false,"excerpt":"Ultima premier\u0103 a stagiunii la Teatrul Na\u0163ional Ia\u015fi, sala Teatru\u0142 (Teatru la Cub), este Hieronymus, un spectacol de Nic Ularu. Piesa scris\u0103 \u015fi regizat\u0103 de Nic Ularu (scenograf, regizor \u015fi autor dramatic, profesor la Departamentul de Teatru \u015fi Dans al Universit\u0103\u0163ii din Carolina de Sud) a fost jucat\u0103 \u00een varianta\u2026","rel":"","context":"\u00cen \u201eAgenda culturala\u201d","block_context":{"text":"Agenda culturala","link":"https:\/\/revistacultura.ro\/agenda\/category\/agenda-cultura\/"},"img":{"alt_text":"","src":"https:\/\/i0.wp.com\/revistacultura.ro\/agenda\/wp-content\/uploads\/2014\/07\/Bosch.jpg?resize=350%2C200&ssl=1","width":350,"height":200,"srcset":"https:\/\/i0.wp.com\/revistacultura.ro\/agenda\/wp-content\/uploads\/2014\/07\/Bosch.jpg?resize=350%2C200&ssl=1 1x, https:\/\/i0.wp.com\/revistacultura.ro\/agenda\/wp-content\/uploads\/2014\/07\/Bosch.jpg?resize=525%2C300&ssl=1 1.5x"},"classes":[]},{"id":20710,"url":"https:\/\/revistacultura.ro\/agenda\/2020\/09\/teatru-la-timisoara-ce-urmeaza-in-festivalul-fest-fdr-sos-2020\/","url_meta":{"origin":19349,"position":4},"title":"Teatru la Timi\u0219oara. Ce urmeaz\u0103 \u00een festivalul FEST-FDR SOS 2020","author":"Cultura","date":"22 septembrie 2020","format":false,"excerpt":"Dup\u0103 un final de s\u0103pt\u0103m\u00e2n\u0103 \u00een care teatrele din R\u00e2mnicu V\u00e2lcea, Re\u0219i\u021ba \u0219i Odorheiu Secuiesc au desenat o hart\u0103 de cea mai bun\u0103 calitate a diversit\u0103\u021bii teatrului rom\u00e2nesc, iar luni, Marius Bodochi, al\u0103turi de\u00a0muzicienii Alexandru Anastasiu \u0219i Lucian Maxim, a readus pe scen\u0103 contempla\u021bia prin spectacolul s\u0103u\u00a0A\u0219 vrea s\u0103-\u021bi spun...,\u2026","rel":"","context":"\u00cen \u201eRecomand\u0103ri\u201d","block_context":{"text":"Recomand\u0103ri","link":"https:\/\/revistacultura.ro\/agenda\/category\/recomandarile-cultura\/"},"img":{"alt_text":"","src":"https:\/\/i0.wp.com\/revistacultura.ro\/agenda\/wp-content\/uploads\/2020\/09\/NU-SUNT-EU-foto-Oana-Monica-Nae-1.jpg?resize=350%2C200&ssl=1","width":350,"height":200,"srcset":"https:\/\/i0.wp.com\/revistacultura.ro\/agenda\/wp-content\/uploads\/2020\/09\/NU-SUNT-EU-foto-Oana-Monica-Nae-1.jpg?resize=350%2C200&ssl=1 1x, https:\/\/i0.wp.com\/revistacultura.ro\/agenda\/wp-content\/uploads\/2020\/09\/NU-SUNT-EU-foto-Oana-Monica-Nae-1.jpg?resize=525%2C300&ssl=1 1.5x, https:\/\/i0.wp.com\/revistacultura.ro\/agenda\/wp-content\/uploads\/2020\/09\/NU-SUNT-EU-foto-Oana-Monica-Nae-1.jpg?resize=700%2C400&ssl=1 2x"},"classes":[]},{"id":22007,"url":"https:\/\/revistacultura.ro\/agenda\/2026\/05\/un-nou-teatru-independent-se-lanseaza-cu-trolling-shakespeare\/","url_meta":{"origin":19349,"position":5},"title":"Un nou teatru independent se lanseaz\u0103 cu \u201eTrolling Shakespeare\u201d","author":"Cultura","date":"29 mai 2026","format":false,"excerpt":"Spectacolul se va juca pe 9, 10 \u0219i 30 iunie la Teatrul Amzei, de la ora 20:30. Un nou teatru independent din centrul Bucure\u0219tiului, situat pe strada Biserica Amzei, nr 21-23. Teatru la musta\u021b\u0103 Premiera na\u021bional\u0103 \u201eTrolling Shakespeare\u201d O incursiune vibrant\u0103 \u0219i neconven\u021bional\u0103 \u00een universul lui William Shakespeare prinde via\u021b\u0103\u2026","rel":"","context":"\u00cen \u201eAgenda culturala\u201d","block_context":{"text":"Agenda culturala","link":"https:\/\/revistacultura.ro\/agenda\/category\/agenda-cultura\/"},"img":{"alt_text":"","src":"https:\/\/i0.wp.com\/revistacultura.ro\/agenda\/wp-content\/uploads\/2026\/05\/troling_shakespeare.webp?resize=350%2C200&ssl=1","width":350,"height":200,"srcset":"https:\/\/i0.wp.com\/revistacultura.ro\/agenda\/wp-content\/uploads\/2026\/05\/troling_shakespeare.webp?resize=350%2C200&ssl=1 1x, https:\/\/i0.wp.com\/revistacultura.ro\/agenda\/wp-content\/uploads\/2026\/05\/troling_shakespeare.webp?resize=525%2C300&ssl=1 1.5x, https:\/\/i0.wp.com\/revistacultura.ro\/agenda\/wp-content\/uploads\/2026\/05\/troling_shakespeare.webp?resize=700%2C400&ssl=1 2x"},"classes":[]}],"jetpack_featured_media_url":"https:\/\/revistacultura.ro\/agenda\/wp-content\/uploads\/2014\/08\/flori-fete-filme-baieti.jpg","_links":{"self":[{"href":"https:\/\/revistacultura.ro\/agenda\/wp-json\/wp\/v2\/posts\/19349","targetHints":{"allow":["GET"]}}],"collection":[{"href":"https:\/\/revistacultura.ro\/agenda\/wp-json\/wp\/v2\/posts"}],"about":[{"href":"https:\/\/revistacultura.ro\/agenda\/wp-json\/wp\/v2\/types\/post"}],"author":[{"embeddable":true,"href":"https:\/\/revistacultura.ro\/agenda\/wp-json\/wp\/v2\/users\/2"}],"replies":[{"embeddable":true,"href":"https:\/\/revistacultura.ro\/agenda\/wp-json\/wp\/v2\/comments?post=19349"}],"version-history":[{"count":1,"href":"https:\/\/revistacultura.ro\/agenda\/wp-json\/wp\/v2\/posts\/19349\/revisions"}],"predecessor-version":[{"id":19351,"href":"https:\/\/revistacultura.ro\/agenda\/wp-json\/wp\/v2\/posts\/19349\/revisions\/19351"}],"wp:featuredmedia":[{"embeddable":true,"href":"https:\/\/revistacultura.ro\/agenda\/wp-json\/wp\/v2\/media\/19350"}],"wp:attachment":[{"href":"https:\/\/revistacultura.ro\/agenda\/wp-json\/wp\/v2\/media?parent=19349"}],"wp:term":[{"taxonomy":"category","embeddable":true,"href":"https:\/\/revistacultura.ro\/agenda\/wp-json\/wp\/v2\/categories?post=19349"},{"taxonomy":"post_tag","embeddable":true,"href":"https:\/\/revistacultura.ro\/agenda\/wp-json\/wp\/v2\/tags?post=19349"}],"curies":[{"name":"wp","href":"https:\/\/api.w.org\/{rel}","templated":true}]}}