{"id":19278,"date":"2014-07-24T14:37:36","date_gmt":"2014-07-24T11:37:36","guid":{"rendered":"http:\/\/revistacultura.ro\/agenda\/?p=19278"},"modified":"2014-07-24T14:37:36","modified_gmt":"2014-07-24T11:37:36","slug":"romania-in-selectia-oficiala-a-festivalului-de-la-avignon","status":"publish","type":"post","link":"https:\/\/revistacultura.ro\/agenda\/2014\/07\/romania-in-selectia-oficiala-a-festivalului-de-la-avignon\/","title":{"rendered":"Rom\u00e2nia \u00een selec\u0163ia oficial\u0103 a Festivalului de la Avignon"},"content":{"rendered":"<p>\u00cen perioada 19\u201327 iulie, Teatrul Na\u0163ional \u201eRadu Stanca\u201c Sibiu prezint\u0103, \u00een selec\u0163ia oficial\u0103 a Festivalului de la Avignon, spectacolul Solitaritate, \u00een regia Gianinei C\u0103rbunariu. Scenariul original al tinerei regizoare face o cronic\u0103 vie a Rom\u00e2niei actuale, care vorbe\u015fte despre discriminare, pierderea identit\u0103\u0163ii \u015fi dezbinarea societ\u0103\u0163ii. \u201eFiecare dintre cele cinci scene ale spectacolului este o fic\u0163iune inspirat\u0103 dintr-o realitate sau dintr-un anumit tip de discurs public prezent \u00een societatea rom\u00e2neasc\u0103 actual\u0103\u201c, m\u0103rturise\u015fte Gianina C\u0103rbunariu. Solitaritate este o coproduc\u0163ie Teatrul Na\u0163ional \u201eRadu Stanca\u201c Sibiu \u015fi Th\u00e9\u00e2tre National de la Communaut\u00e9 Fran\u00e7aise de Belgique, \u00een colaborare cu Od\u00e9on-Th\u00e9\u00e2tre de l\u2019Europe \u015fi Le Festival d\u2019Avignon 2014.<\/p>\n","protected":false},"excerpt":{"rendered":"<p>\u00cen perioada 19\u201327 iulie, Teatrul Na\u0163ional \u201eRadu Stanca\u201c Sibiu prezint\u0103, \u00een selec\u0163ia oficial\u0103 a Festivalului de la Avignon, spectacolul Solitaritate, \u00een regia Gianinei C\u0103rbunariu. Scenariul original al tinerei regizoare face o cronic\u0103 vie a Rom\u00e2niei actuale, care vorbe\u015fte despre discriminare, pierderea identit\u0103\u0163ii \u015fi dezbinarea societ\u0103\u0163ii. \u201eFiecare dintre cele cinci scene ale spectacolului este o fic\u0163iune&hellip;&nbsp;<a href=\"https:\/\/revistacultura.ro\/agenda\/2014\/07\/romania-in-selectia-oficiala-a-festivalului-de-la-avignon\/\" rel=\"bookmark\">Cite\u0219te mai mult &raquo;<span class=\"screen-reader-text\">Rom\u00e2nia \u00een selec\u0163ia oficial\u0103 a Festivalului de la Avignon<\/span><\/a><\/p>\n","protected":false},"author":2,"featured_media":19280,"comment_status":"open","ping_status":"open","sticky":false,"template":"","format":"standard","meta":{"neve_meta_sidebar":"","neve_meta_container":"","neve_meta_enable_content_width":"","neve_meta_content_width":0,"neve_meta_title_alignment":"","neve_meta_author_avatar":"","neve_post_elements_order":"","neve_meta_disable_header":"","neve_meta_disable_footer":"","neve_meta_disable_title":"","jetpack_post_was_ever_published":false,"_jetpack_newsletter_access":"","_jetpack_dont_email_post_to_subs":false,"_jetpack_newsletter_tier_id":0,"_jetpack_memberships_contains_paywalled_content":false,"_jetpack_memberships_contains_paid_content":false,"footnotes":"","jetpack_publicize_message":"","jetpack_publicize_feature_enabled":true,"jetpack_social_post_already_shared":true,"jetpack_social_options":{"image_generator_settings":{"template":"highway","default_image_id":0,"font":"","enabled":false},"version":2}},"categories":[152],"tags":[],"class_list":["post-19278","post","type-post","status-publish","format-standard","has-post-thumbnail","hentry","category-agenda-cultura"],"jetpack_publicize_connections":[],"jetpack_featured_media_url":"https:\/\/revistacultura.ro\/agenda\/wp-content\/uploads\/2014\/07\/Solitaritate_064_\u00a9_Paul_Baila1.jpg","jetpack_sharing_enabled":true,"jetpack-related-posts":[{"id":21429,"url":"https:\/\/revistacultura.ro\/agenda\/2025\/09\/teatrul-excelsior-deschide-stagiunea-2025-2026-cu-o-premiera-in-regia-irisz-kovacs\/","url_meta":{"origin":19278,"position":0},"title":"Teatrul EXCELSIOR deschide stagiunea 2025-2026 cu o premier\u0103 \u00een regia Irisz Kovacs","author":"Cultura","date":"29 septembrie 2025","format":false,"excerpt":"Teatrul EXCELSIOR, singurul teatru din Bucure\u0219ti dedicat \u00een mod special adolescen\u021bilor \u0219i tinerilor adul\u021bi, anun\u021b\u0103 prima premier\u0103 a stagiunii 2025-2026. Este vorba despre spectacolul \u201eTriste\u021be \u0219i bucurie \u00een via\u021ba girafelor\", pe un text semnat de Tiago Rodrigues, unul dintre cei mai aprecia\u021bi dramaturgi europeni contemporani. Regia este semnat\u0103 de Irisz\u2026","rel":"","context":"\u00cen \u201eSemnal\u201d","block_context":{"text":"Semnal","link":"https:\/\/revistacultura.ro\/agenda\/category\/semnal\/"},"img":{"alt_text":"","src":"https:\/\/i0.wp.com\/revistacultura.ro\/agenda\/wp-content\/uploads\/2025\/09\/foto-Tristete-si-bucurie-in-viata-girafelor.-Teatrul-EXCELSIOR-%C2%A9-Volker-Vornehm-2.webp?resize=350%2C200&ssl=1","width":350,"height":200,"srcset":"https:\/\/i0.wp.com\/revistacultura.ro\/agenda\/wp-content\/uploads\/2025\/09\/foto-Tristete-si-bucurie-in-viata-girafelor.-Teatrul-EXCELSIOR-%C2%A9-Volker-Vornehm-2.webp?resize=350%2C200&ssl=1 1x, https:\/\/i0.wp.com\/revistacultura.ro\/agenda\/wp-content\/uploads\/2025\/09\/foto-Tristete-si-bucurie-in-viata-girafelor.-Teatrul-EXCELSIOR-%C2%A9-Volker-Vornehm-2.webp?resize=525%2C300&ssl=1 1.5x, https:\/\/i0.wp.com\/revistacultura.ro\/agenda\/wp-content\/uploads\/2025\/09\/foto-Tristete-si-bucurie-in-viata-girafelor.-Teatrul-EXCELSIOR-%C2%A9-Volker-Vornehm-2.webp?resize=700%2C400&ssl=1 2x"},"classes":[]},{"id":21139,"url":"https:\/\/revistacultura.ro\/agenda\/2024\/05\/premiile-uniter-2024-castigatorii\/","url_meta":{"origin":19278,"position":1},"title":"Premiile Uniter 2024 &#8211; c\u00e2\u0219tig\u0103torii","author":"Cultura","date":"28 mai 2024","format":false,"excerpt":"Luni, 27 mai, la TNB, a avut loc Gala Premiilor UNITER 2024 Regie Premiul pentru Cea mai bun\u0103 regie (Premiul \u201eLucian Pintilie\u201d) a fost c\u00e2\u0219tigat de Andrei M\u0103jeri (foto) pentru regia spectacolului \u201eCine l-a ucis pe tata?\u201d, dramatizare de Mihaela Michailov dup\u0103 romanul omonim de \u00c9douard Louis, scenografia Adrian Balc\u0103u,\u2026","rel":"","context":"\u00cen \u201eAgenda culturala\u201d","block_context":{"text":"Agenda culturala","link":"https:\/\/revistacultura.ro\/agenda\/category\/agenda-cultura\/"},"img":{"alt_text":"","src":"https:\/\/i0.wp.com\/revistacultura.ro\/agenda\/wp-content\/uploads\/2024\/05\/649_n.webp?resize=350%2C200&ssl=1","width":350,"height":200,"srcset":"https:\/\/i0.wp.com\/revistacultura.ro\/agenda\/wp-content\/uploads\/2024\/05\/649_n.webp?resize=350%2C200&ssl=1 1x, https:\/\/i0.wp.com\/revistacultura.ro\/agenda\/wp-content\/uploads\/2024\/05\/649_n.webp?resize=525%2C300&ssl=1 1.5x, https:\/\/i0.wp.com\/revistacultura.ro\/agenda\/wp-content\/uploads\/2024\/05\/649_n.webp?resize=700%2C400&ssl=1 2x"},"classes":[]},{"id":21478,"url":"https:\/\/revistacultura.ro\/agenda\/2025\/10\/evenimentele-conexe-ale-festivalului-national-de-teatru-2025\/","url_meta":{"origin":19278,"position":2},"title":"Evenimentele conexe ale Festivalului Na\u021bional de Teatru 2025","author":"Cultura","date":"13 octombrie 2025","format":false,"excerpt":"Cea de-a 35-a edi\u021bie a Festivalului Na\u021bional de Teatru (FNT) se desf\u0103\u0219oar\u0103 \u00eentre 17 \u0219i 26 octombrie 2025, la Bucure\u0219ti, sub tema \u201eFNT 2025. Te prive\u0219te!\u201d. Organizator este Asocia\u021bia UNITER \u2013 Uniunea Teatral\u0103 din Rom\u00e2nia, cu sprijinul Ministerului Culturii, Prim\u0103riei Capitalei \u0219i ARCUB. De\u0219i biletele pentru spectacole sunt aproape epuizate,\u2026","rel":"","context":"\u00cen \u201eAgenda culturala\u201d","block_context":{"text":"Agenda culturala","link":"https:\/\/revistacultura.ro\/agenda\/category\/agenda-cultura\/"},"img":{"alt_text":"","src":"https:\/\/i0.wp.com\/revistacultura.ro\/agenda\/wp-content\/uploads\/2025\/10\/afis-fnt-35-2025.jpg?resize=350%2C200&ssl=1","width":350,"height":200,"srcset":"https:\/\/i0.wp.com\/revistacultura.ro\/agenda\/wp-content\/uploads\/2025\/10\/afis-fnt-35-2025.jpg?resize=350%2C200&ssl=1 1x, https:\/\/i0.wp.com\/revistacultura.ro\/agenda\/wp-content\/uploads\/2025\/10\/afis-fnt-35-2025.jpg?resize=525%2C300&ssl=1 1.5x, https:\/\/i0.wp.com\/revistacultura.ro\/agenda\/wp-content\/uploads\/2025\/10\/afis-fnt-35-2025.jpg?resize=700%2C400&ssl=1 2x"},"classes":[]},{"id":20093,"url":"https:\/\/revistacultura.ro\/agenda\/2019\/06\/spectacolul-ruleta-romaneasca-in-deschiderea-festivalului-international-de-teatru-de-la-sibiu-2019\/","url_meta":{"origin":19278,"position":3},"title":"Spectacolul Ruleta Rom\u00e2neasc\u0103 \u00een deschiderea Festivalului Interna\u021bional de Teatru de la Sibiu 2019","author":"Revista Cultura","date":"6 iunie 2019","format":false,"excerpt":"Cea de-a 26-a edi\u021bie a Festivalului Interna\u0163ional de Teatru de la Sibiu, \u00een colaborare cu Forumul Cultural Austriac Bucure\u015fti \u0219i Asocia\u0163ia Die2,\u00a0 prezint\u0103 un spectacol austriac inedit cu tent\u0103 autobiografic\u0103, Ruleta Rom\u00e2neasc\u0103 de \u0219i cu Mercedes Echerer. Spectacolul \u2013 o \u00eenl\u0103n\u0163uire de povestiri intime, secven\u0163e teatrale \u015fi piese muzicale \u2013\u2026","rel":"","context":"\u00cen \u201eAgenda culturala\u201d","block_context":{"text":"Agenda culturala","link":"https:\/\/revistacultura.ro\/agenda\/category\/agenda-cultura\/"},"img":{"alt_text":"","src":"https:\/\/i0.wp.com\/revistacultura.ro\/agenda\/wp-content\/uploads\/2019\/06\/Romanian-Roulette-at-FITS-2019.jpg?resize=350%2C200&ssl=1","width":350,"height":200,"srcset":"https:\/\/i0.wp.com\/revistacultura.ro\/agenda\/wp-content\/uploads\/2019\/06\/Romanian-Roulette-at-FITS-2019.jpg?resize=350%2C200&ssl=1 1x, https:\/\/i0.wp.com\/revistacultura.ro\/agenda\/wp-content\/uploads\/2019\/06\/Romanian-Roulette-at-FITS-2019.jpg?resize=525%2C300&ssl=1 1.5x"},"classes":[]},{"id":19284,"url":"https:\/\/revistacultura.ro\/agenda\/2014\/07\/solitaritate-nu-pleaca-singur\/","url_meta":{"origin":19278,"position":4},"title":"Solitaritate nu pleac\u0103 singur","author":"Revista","date":"24 iulie 2014","format":false,"excerpt":"\u00a0 Produc\u0163ia Gianinei C\u0103rbunariu, Solitaritate, va fi \u00eenso\u0163it\u0103 la Avignon de o expozi\u0163ie creat\u0103 de Dan Perjovschi, unul dintre cei mai aprecia\u0163i arti\u015fti vizuali rom\u00e2ni pe plan interna\u0163ional, ale c\u0103rui expozi\u0163ii sunt adev\u0103rate spectacole. Artistul rom\u00e2n va continua seria interven\u0163iilor de pe zidul exterior al Teatrului Na\u0163ional din Sibiu inten\u0163ion\u00e2nd\u2026","rel":"","context":"\u00cen \u201eAgenda culturala\u201d","block_context":{"text":"Agenda culturala","link":"https:\/\/revistacultura.ro\/agenda\/category\/agenda-cultura\/"},"img":{"alt_text":"","src":"https:\/\/i0.wp.com\/revistacultura.ro\/agenda\/wp-content\/uploads\/2014\/07\/Perjovschi.jpg?resize=350%2C200&ssl=1","width":350,"height":200,"srcset":"https:\/\/i0.wp.com\/revistacultura.ro\/agenda\/wp-content\/uploads\/2014\/07\/Perjovschi.jpg?resize=350%2C200&ssl=1 1x, https:\/\/i0.wp.com\/revistacultura.ro\/agenda\/wp-content\/uploads\/2014\/07\/Perjovschi.jpg?resize=525%2C300&ssl=1 1.5x"},"classes":[]},{"id":21338,"url":"https:\/\/revistacultura.ro\/agenda\/2025\/08\/expozitia-silviu-purcarete-50-de-ani-de-teatru-la-cazinoul-din-constanta\/","url_meta":{"origin":19278,"position":5},"title":"Expozi\u021bia \u201eSilviu Purc\u0103rete \u2013 50 de ani de teatru\u201d la Cazinoul din Constan\u021ba","author":"Cultura","date":"27 august 2025","format":false,"excerpt":"\u00cencep\u00e2nd cu 19 august \u0219i p\u00e2n\u0103 pe 12 septembrie 2025, Cazinoul din Constan\u021ba g\u0103zduie\u0219te expozi\u021bia de fotografie \u201eSilviu Purc\u0103rete \u2013 50 de ani de teatru\u201d, un eveniment de excep\u021bie inclus \u00een programul Stagiunii Estivale a Artelor Spectacolului (SEAS 2025). Organizat\u0103 de Teatrul de Stat Constan\u021ba, cu sprijinul Consiliului Jude\u021bean Constan\u021ba,\u2026","rel":"","context":"\u00cen \u201eSemnal\u201d","block_context":{"text":"Semnal","link":"https:\/\/revistacultura.ro\/agenda\/category\/semnal\/"},"img":{"alt_text":"","src":"https:\/\/i0.wp.com\/revistacultura.ro\/agenda\/wp-content\/uploads\/2025\/08\/SEAS_Afis-Purcarete_.webp?resize=350%2C200&ssl=1","width":350,"height":200,"srcset":"https:\/\/i0.wp.com\/revistacultura.ro\/agenda\/wp-content\/uploads\/2025\/08\/SEAS_Afis-Purcarete_.webp?resize=350%2C200&ssl=1 1x, https:\/\/i0.wp.com\/revistacultura.ro\/agenda\/wp-content\/uploads\/2025\/08\/SEAS_Afis-Purcarete_.webp?resize=525%2C300&ssl=1 1.5x, https:\/\/i0.wp.com\/revistacultura.ro\/agenda\/wp-content\/uploads\/2025\/08\/SEAS_Afis-Purcarete_.webp?resize=700%2C400&ssl=1 2x"},"classes":[]}],"_links":{"self":[{"href":"https:\/\/revistacultura.ro\/agenda\/wp-json\/wp\/v2\/posts\/19278","targetHints":{"allow":["GET"]}}],"collection":[{"href":"https:\/\/revistacultura.ro\/agenda\/wp-json\/wp\/v2\/posts"}],"about":[{"href":"https:\/\/revistacultura.ro\/agenda\/wp-json\/wp\/v2\/types\/post"}],"author":[{"embeddable":true,"href":"https:\/\/revistacultura.ro\/agenda\/wp-json\/wp\/v2\/users\/2"}],"replies":[{"embeddable":true,"href":"https:\/\/revistacultura.ro\/agenda\/wp-json\/wp\/v2\/comments?post=19278"}],"version-history":[{"count":1,"href":"https:\/\/revistacultura.ro\/agenda\/wp-json\/wp\/v2\/posts\/19278\/revisions"}],"predecessor-version":[{"id":19281,"href":"https:\/\/revistacultura.ro\/agenda\/wp-json\/wp\/v2\/posts\/19278\/revisions\/19281"}],"wp:featuredmedia":[{"embeddable":true,"href":"https:\/\/revistacultura.ro\/agenda\/wp-json\/wp\/v2\/media\/19280"}],"wp:attachment":[{"href":"https:\/\/revistacultura.ro\/agenda\/wp-json\/wp\/v2\/media?parent=19278"}],"wp:term":[{"taxonomy":"category","embeddable":true,"href":"https:\/\/revistacultura.ro\/agenda\/wp-json\/wp\/v2\/categories?post=19278"},{"taxonomy":"post_tag","embeddable":true,"href":"https:\/\/revistacultura.ro\/agenda\/wp-json\/wp\/v2\/tags?post=19278"}],"curies":[{"name":"wp","href":"https:\/\/api.w.org\/{rel}","templated":true}]}}