{"id":19272,"date":"2014-07-17T16:22:18","date_gmt":"2014-07-17T13:22:18","guid":{"rendered":"http:\/\/revistacultura.ro\/agenda\/?p=19272"},"modified":"2014-07-17T16:22:18","modified_gmt":"2014-07-17T13:22:18","slug":"arta-omenirii","status":"publish","type":"post","link":"https:\/\/revistacultura.ro\/agenda\/2014\/07\/arta-omenirii\/","title":{"rendered":"Arta omenirii"},"content":{"rendered":"<p>&nbsp;<\/p>\n<p>&nbsp;<\/p>\n<p>Cu c\u00e2teva zile \u00een urm\u0103, la Treviso, a avut loc vernisajul expozi\u0163iei Imago Mundi \u2013 L\u2019Arte dell\u2019Umanit\u00e0, care prezint\u0103 dou\u0103 mii de lucr\u0103ri de arti\u015fti contemporani din zece \u0163\u0103ri: Rom\u00e2nia, Afghanistan, Azerbaidjan, China, Cuba, Japonia, India, Islanda, Mongolia (dubl\u0103 colec\u0163ie) \u015fi Africa de Sud. Expozi\u0163ia prezint\u0103 \u00een premier\u0103 colec\u0163ia Snapshot Romania, pe care Claudio Scorretti a realizat-o \u00een calitate de curator \u00een 2013. \u00centre timp, catalogul colec\u0163iei a devenit un instrument de referin\u0163\u0103 pentru pia\u0163a de art\u0103 rom\u00e2neasc\u0103 \u00eentruc\u00e2t propune o perspectiv\u0103 panoramic\u0103 asupra artei rom\u00e2ne\u015fti contemporane \u00een, probabil, perioada cea mai creativ\u0103 a acestui spa\u0163iu cultural est european de dup\u0103 1989. \u00cen toamna acestui an, colec\u0163ia Imago Mundi va ajunge la Bucure\u015fti, unde vizitatorii vor avea ocazia s\u0103 admire, al\u0103turi de Snapshot Romania, o selec\u0163ie de alte \u015fase colec\u0163ii reprezentative de pe toate continentele.<\/p>\n","protected":false},"excerpt":{"rendered":"<p>&nbsp; &nbsp; Cu c\u00e2teva zile \u00een urm\u0103, la Treviso, a avut loc vernisajul expozi\u0163iei Imago Mundi \u2013 L\u2019Arte dell\u2019Umanit\u00e0, care prezint\u0103 dou\u0103 mii de lucr\u0103ri de arti\u015fti contemporani din zece \u0163\u0103ri: Rom\u00e2nia, Afghanistan, Azerbaidjan, China, Cuba, Japonia, India, Islanda, Mongolia (dubl\u0103 colec\u0163ie) \u015fi Africa de Sud. Expozi\u0163ia prezint\u0103 \u00een premier\u0103 colec\u0163ia Snapshot Romania, pe care&hellip;&nbsp;<a href=\"https:\/\/revistacultura.ro\/agenda\/2014\/07\/arta-omenirii\/\" rel=\"bookmark\">Cite\u0219te mai mult &raquo;<span class=\"screen-reader-text\">Arta omenirii<\/span><\/a><\/p>\n","protected":false},"author":2,"featured_media":0,"comment_status":"open","ping_status":"open","sticky":false,"template":"","format":"standard","meta":{"neve_meta_sidebar":"","neve_meta_container":"","neve_meta_enable_content_width":"","neve_meta_content_width":0,"neve_meta_title_alignment":"","neve_meta_author_avatar":"","neve_post_elements_order":"","neve_meta_disable_header":"","neve_meta_disable_footer":"","neve_meta_disable_title":"","jetpack_post_was_ever_published":false,"_jetpack_newsletter_access":"","_jetpack_dont_email_post_to_subs":false,"_jetpack_newsletter_tier_id":0,"_jetpack_memberships_contains_paywalled_content":false,"_jetpack_memberships_contains_paid_content":false,"footnotes":"","jetpack_publicize_message":"","jetpack_publicize_feature_enabled":true,"jetpack_social_post_already_shared":true,"jetpack_social_options":{"image_generator_settings":{"template":"highway","default_image_id":0,"font":"","enabled":false},"version":2}},"categories":[152],"tags":[],"class_list":["post-19272","post","type-post","status-publish","format-standard","hentry","category-agenda-cultura"],"jetpack_publicize_connections":[],"jetpack_featured_media_url":"","jetpack_sharing_enabled":true,"jetpack-related-posts":[{"id":21545,"url":"https:\/\/revistacultura.ro\/agenda\/2025\/11\/eveniment-de-exceptie-ia-lui-matisse-vine-la-bucuresti\/","url_meta":{"origin":19272,"position":0},"title":"Eveniment de excep\u021bie: Ia lui Matisse vine la Bucure\u0219ti","author":"Cultura","date":"13 noiembrie 2025","format":false,"excerpt":"21 noiembrie 2025 - 8 februarie 2026, Muzeul Na\u021bional de Art\u0103 al Rom\u00e2niei din Bucure\u0219ti Ambasada Fran\u021bei anun\u021b\u0103 c\u0103 pictura \u201eLa Blouse Roumaine\u201d, capodopera lui Henri Matisse, lucrare emblematic\u0103 din colec\u021bia permanent\u0103 a Centre Pompidou din Paris, p\u0103r\u0103se\u0219te Fran\u021ba pentru prima dat\u0103 pentru a veni \u00een Rom\u00e2nia. Lucrarea va putea\u2026","rel":"","context":"\u00cen \u201eAgenda culturala\u201d","block_context":{"text":"Agenda culturala","link":"https:\/\/revistacultura.ro\/agenda\/category\/agenda-cultura\/"},"img":{"alt_text":"","src":"https:\/\/i0.wp.com\/revistacultura.ro\/agenda\/wp-content\/uploads\/2025\/11\/ia-mattisse.webp?resize=350%2C200&ssl=1","width":350,"height":200,"srcset":"https:\/\/i0.wp.com\/revistacultura.ro\/agenda\/wp-content\/uploads\/2025\/11\/ia-mattisse.webp?resize=350%2C200&ssl=1 1x, https:\/\/i0.wp.com\/revistacultura.ro\/agenda\/wp-content\/uploads\/2025\/11\/ia-mattisse.webp?resize=525%2C300&ssl=1 1.5x, https:\/\/i0.wp.com\/revistacultura.ro\/agenda\/wp-content\/uploads\/2025\/11\/ia-mattisse.webp?resize=700%2C400&ssl=1 2x"},"classes":[]},{"id":20354,"url":"https:\/\/revistacultura.ro\/agenda\/2020\/02\/muzeul-cotroceni-expozitia-portretul-unei-tari\/","url_meta":{"origin":19272,"position":1},"title":"Muzeul Cotroceni: Expozi\u021bia \u201ePortretul unei \u021b\u0103ri\u201d","author":"Cultura","date":"6 februarie 2020","format":false,"excerpt":"Rom\u00e2nia Mare fotografiat\u0103 de Hopp\u00e9, 1923 Muzeul Na\u021bional Cotroceni \u0219i Institutul de Istoria Artei \u201eG. Oprescu\u201d organizeaz\u0103 \u00een Spa\u0163iile medievale ale muzeului, expozi\u021bia Portretul unei \u021b\u0103ri. Rom\u00e2nia Mare fotografiat\u0103 de Hopp\u00e9, 1923. Pasionat de fotografia documentar\u0103, artistul a surprins, \u00een peregrin\u0103rile sale, o mare varietate de oameni \u0219i peisaje, realiz\u00e2nd\u2026","rel":"","context":"\u00cen \u201eAgenda culturala\u201d","block_context":{"text":"Agenda culturala","link":"https:\/\/revistacultura.ro\/agenda\/category\/agenda-cultura\/"},"img":{"alt_text":"","src":"https:\/\/i0.wp.com\/revistacultura.ro\/agenda\/wp-content\/uploads\/2020\/02\/afis-muzeul-cotroceni.jpg?resize=350%2C200&ssl=1","width":350,"height":200,"srcset":"https:\/\/i0.wp.com\/revistacultura.ro\/agenda\/wp-content\/uploads\/2020\/02\/afis-muzeul-cotroceni.jpg?resize=350%2C200&ssl=1 1x, https:\/\/i0.wp.com\/revistacultura.ro\/agenda\/wp-content\/uploads\/2020\/02\/afis-muzeul-cotroceni.jpg?resize=525%2C300&ssl=1 1.5x, https:\/\/i0.wp.com\/revistacultura.ro\/agenda\/wp-content\/uploads\/2020\/02\/afis-muzeul-cotroceni.jpg?resize=700%2C400&ssl=1 2x"},"classes":[]},{"id":18780,"url":"https:\/\/revistacultura.ro\/agenda\/2014\/04\/colectia-lucian-pop-la-muzeul-de-arta-din-brasov\/","url_meta":{"origin":19272,"position":2},"title":"Colec\u0163ia Lucian Pop, la Muzeul de Art\u0103 din Bra\u015fov","author":"Revista","date":"17 aprilie 2014","format":false,"excerpt":"Regula este ca, spre deosebire de un mall, \u00eentr-un muzeu exponatele nu au pretul la vedere. Expozitia colectiei Lucian Pop la Muzeul de Arta din Brasov respecta \u00eentru totul aceasta cutuma. Dar ar fi putut fi si altfel. \u00centreaga colectie s-a constituit dupa 2010, direct \u00een salile de licitatii, iar\u2026","rel":"","context":"\u00cen \u201eRecomand\u0103ri\u201d","block_context":{"text":"Recomand\u0103ri","link":"https:\/\/revistacultura.ro\/agenda\/category\/recomandarile-cultura\/"},"img":{"alt_text":"","src":"","width":0,"height":0},"classes":[]},{"id":21689,"url":"https:\/\/revistacultura.ro\/agenda\/2026\/02\/azi-mega-expozitie-brancusi-in-21-de-tari-simultan\/","url_meta":{"origin":19272,"position":3},"title":"Mega-expozi\u021bie Br\u00e2ncu\u0219i \u00een 21 de \u021b\u0103ri simultan","author":"Cultura","date":"19 februarie 2026","format":false,"excerpt":"Proiectul \u201eBr\u00e2ncu\u0219i 150 Worldwide\u201d marcheaz\u0103 150 de ani de la na\u0219terea marelui sculptor printr-o expozi\u021bie global\u0103 de art\u0103 grafic\u0103 Un proiect cultural de anvergur\u0103 interna\u021bional\u0103, intitulat \u201eBr\u00e2ncu\u0219i 150 Worldwide\u201d, este inaugurat ast\u0103zi, 19 februarie 2026, simultan \u00een 21 de \u021b\u0103ri de pe \u0219ase continente. Evenimentul este dedicat exclusiv celebr\u0103rii a\u2026","rel":"","context":"\u00cen \u201eAgenda culturala\u201d","block_context":{"text":"Agenda culturala","link":"https:\/\/revistacultura.ro\/agenda\/category\/agenda-cultura\/"},"img":{"alt_text":"","src":"https:\/\/i0.wp.com\/revistacultura.ro\/agenda\/wp-content\/uploads\/2026\/02\/expo-brancusi-general-v3b.jpg?resize=350%2C200&ssl=1","width":350,"height":200,"srcset":"https:\/\/i0.wp.com\/revistacultura.ro\/agenda\/wp-content\/uploads\/2026\/02\/expo-brancusi-general-v3b.jpg?resize=350%2C200&ssl=1 1x, https:\/\/i0.wp.com\/revistacultura.ro\/agenda\/wp-content\/uploads\/2026\/02\/expo-brancusi-general-v3b.jpg?resize=525%2C300&ssl=1 1.5x, https:\/\/i0.wp.com\/revistacultura.ro\/agenda\/wp-content\/uploads\/2026\/02\/expo-brancusi-general-v3b.jpg?resize=700%2C400&ssl=1 2x, https:\/\/i0.wp.com\/revistacultura.ro\/agenda\/wp-content\/uploads\/2026\/02\/expo-brancusi-general-v3b.jpg?resize=1050%2C600&ssl=1 3x"},"classes":[]},{"id":20183,"url":"https:\/\/revistacultura.ro\/agenda\/2019\/09\/subreal-la-timisoara-intr-o-expozitie-retrospectiva\/","url_meta":{"origin":19272,"position":4},"title":"subREAL la Timi\u0219oara \u00eentr-o expozi\u021bie retrospectiv\u0103","author":"Cultura","date":"14 septembrie 2019","format":false,"excerpt":"https:\/\/www.youtube.com\/watch?v=MJokxY_y2GU&feature=youtu.be \u00centre 18 septembrie \u2013 25 octombrie 2019, Galeria Jecza din Timi\u0219oara a programat expozi\u021bia retrospectiv\u0103 subREAL \u2013 Serving Art Again, curator fiind Ami Barak. Grupul subREAL, compus din C\u0103lin Dan & Iosif Kiraly, a fost mai pu\u021bin prezent \u00een expozi\u021bii \u00een ultimii ani, dar includerea lucr\u0103rilor acestui grup \u00een\u2026","rel":"","context":"\u00cen \u201eRecomand\u0103ri\u201d","block_context":{"text":"Recomand\u0103ri","link":"https:\/\/revistacultura.ro\/agenda\/category\/recomandarile-cultura\/"},"img":{"alt_text":"","src":"https:\/\/i0.wp.com\/revistacultura.ro\/agenda\/wp-content\/uploads\/2019\/09\/subreal-foto.jpg?resize=350%2C200&ssl=1","width":350,"height":200,"srcset":"https:\/\/i0.wp.com\/revistacultura.ro\/agenda\/wp-content\/uploads\/2019\/09\/subreal-foto.jpg?resize=350%2C200&ssl=1 1x, https:\/\/i0.wp.com\/revistacultura.ro\/agenda\/wp-content\/uploads\/2019\/09\/subreal-foto.jpg?resize=525%2C300&ssl=1 1.5x"},"classes":[]},{"id":19537,"url":"https:\/\/revistacultura.ro\/agenda\/2014\/11\/cina-de-la-emaus-cinci-diagrame-tactile\/","url_meta":{"origin":19272,"position":5},"title":"Cina de la Emaus, cinci diagrame tactile","author":"Revista","date":"13 noiembrie 2014","format":false,"excerpt":"\u00a0 \u00a0 Muzeul Na\u0163ional de Art\u0103 al Rom\u00e2niei, Galeria DiTACTA din Zagreb, Ministerul Culturii din Republica Croa\u0163ia \u015fi Ambasada Republicii Croa\u0163ia la Bucure\u015fti organizeaz\u0103 expozi\u0163ia multisenzorial\u0103 pentru nev\u0103z\u0103tori \u015fi deficien\u0163i de vedere Experien\u0163a Caravaggio \u2013 Cina la Emaus, deschis\u0103 la Muzeul Colec\u0163iilor de Art\u0103 (Calea Victoriei nr. 111, corp A)\u2026","rel":"","context":"\u00cen \u201eAgenda culturala\u201d","block_context":{"text":"Agenda culturala","link":"https:\/\/revistacultura.ro\/agenda\/category\/agenda-cultura\/"},"img":{"alt_text":"","src":"","width":0,"height":0},"classes":[]}],"_links":{"self":[{"href":"https:\/\/revistacultura.ro\/agenda\/wp-json\/wp\/v2\/posts\/19272","targetHints":{"allow":["GET"]}}],"collection":[{"href":"https:\/\/revistacultura.ro\/agenda\/wp-json\/wp\/v2\/posts"}],"about":[{"href":"https:\/\/revistacultura.ro\/agenda\/wp-json\/wp\/v2\/types\/post"}],"author":[{"embeddable":true,"href":"https:\/\/revistacultura.ro\/agenda\/wp-json\/wp\/v2\/users\/2"}],"replies":[{"embeddable":true,"href":"https:\/\/revistacultura.ro\/agenda\/wp-json\/wp\/v2\/comments?post=19272"}],"version-history":[{"count":1,"href":"https:\/\/revistacultura.ro\/agenda\/wp-json\/wp\/v2\/posts\/19272\/revisions"}],"predecessor-version":[{"id":19273,"href":"https:\/\/revistacultura.ro\/agenda\/wp-json\/wp\/v2\/posts\/19272\/revisions\/19273"}],"wp:attachment":[{"href":"https:\/\/revistacultura.ro\/agenda\/wp-json\/wp\/v2\/media?parent=19272"}],"wp:term":[{"taxonomy":"category","embeddable":true,"href":"https:\/\/revistacultura.ro\/agenda\/wp-json\/wp\/v2\/categories?post=19272"},{"taxonomy":"post_tag","embeddable":true,"href":"https:\/\/revistacultura.ro\/agenda\/wp-json\/wp\/v2\/tags?post=19272"}],"curies":[{"name":"wp","href":"https:\/\/api.w.org\/{rel}","templated":true}]}}