{"id":19268,"date":"2014-07-17T16:20:23","date_gmt":"2014-07-17T13:20:23","guid":{"rendered":"http:\/\/revistacultura.ro\/agenda\/?p=19268"},"modified":"2014-07-17T16:20:23","modified_gmt":"2014-07-17T13:20:23","slug":"ateliere-pentru-copii-la-mtr","status":"publish","type":"post","link":"https:\/\/revistacultura.ro\/agenda\/2014\/07\/ateliere-pentru-copii-la-mtr\/","title":{"rendered":"Ateliere pentru copii la M\u0162R"},"content":{"rendered":"<p>Ateliere pentru copii la M\u0162R\u00a0\u00a0 Cum ar fi s\u0103 pict\u0103m cu flori, frunze sau cafea? Muzeul \u0162\u0103ranului organizeaz\u0103, pe 22 iulie, de la orele 10.00 \u015fi 12.00, ateliere de tip\u0103rit \u015fi imprimat pentru copii: gravur\u0103 \u00een linoleum \u015fi plastic, \u015ftampile \u015fi imprimeuri pe p\u00e2nz\u0103, desene cu mirodenii, ceai \u015fi culori din plante, imprimare cu presa manual\u0103. Pe 23 iulie, de la orele 10.00 \u015fi 12.00, copiii vor putea asista la ateliere de pictur\u0103 cu flori \u015fi mirodenii. Pe 24 iulie, de la orele 10.00 \u015fi 12.00, cei mici pot participa la ateliere de construit instrumente muzicale simple care redau sunete din natur\u0103, confec\u0163ionate din lemn, bambus, nuci \u015fi r\u0103murele: albinu\u0163a, ciripitoarea, bondarul, cioc\u0103nitoarea, v\u00e2ntul, xilofonul de \u00eenv\u00e2rtit, rain-maker \u015fi altele.<\/p>\n<p>&nbsp;<\/p>\n","protected":false},"excerpt":{"rendered":"<p>Ateliere pentru copii la M\u0162R\u00a0\u00a0 Cum ar fi s\u0103 pict\u0103m cu flori, frunze sau cafea? Muzeul \u0162\u0103ranului organizeaz\u0103, pe 22 iulie, de la orele 10.00 \u015fi 12.00, ateliere de tip\u0103rit \u015fi imprimat pentru copii: gravur\u0103 \u00een linoleum \u015fi plastic, \u015ftampile \u015fi imprimeuri pe p\u00e2nz\u0103, desene cu mirodenii, ceai \u015fi culori din plante, imprimare cu presa&hellip;&nbsp;<a href=\"https:\/\/revistacultura.ro\/agenda\/2014\/07\/ateliere-pentru-copii-la-mtr\/\" rel=\"bookmark\">Cite\u0219te mai mult &raquo;<span class=\"screen-reader-text\">Ateliere pentru copii la M\u0162R<\/span><\/a><\/p>\n","protected":false},"author":2,"featured_media":19269,"comment_status":"open","ping_status":"open","sticky":false,"template":"","format":"standard","meta":{"neve_meta_sidebar":"","neve_meta_container":"","neve_meta_enable_content_width":"","neve_meta_content_width":0,"neve_meta_title_alignment":"","neve_meta_author_avatar":"","neve_post_elements_order":"","neve_meta_disable_header":"","neve_meta_disable_footer":"","neve_meta_disable_title":"","jetpack_post_was_ever_published":false,"_jetpack_newsletter_access":"","_jetpack_dont_email_post_to_subs":false,"_jetpack_newsletter_tier_id":0,"_jetpack_memberships_contains_paywalled_content":false,"_jetpack_memberships_contains_paid_content":false,"footnotes":"","jetpack_publicize_message":"","jetpack_publicize_feature_enabled":true,"jetpack_social_post_already_shared":true,"jetpack_social_options":{"image_generator_settings":{"template":"highway","default_image_id":0,"font":"","enabled":false},"version":2}},"categories":[152],"tags":[],"class_list":["post-19268","post","type-post","status-publish","format-standard","has-post-thumbnail","hentry","category-agenda-cultura"],"jetpack_publicize_connections":[],"jetpack_featured_media_url":"https:\/\/revistacultura.ro\/agenda\/wp-content\/uploads\/2014\/07\/mtr.jpg","jetpack_sharing_enabled":true,"jetpack-related-posts":[{"id":21858,"url":"https:\/\/revistacultura.ro\/agenda\/2026\/04\/strazi-deschise-bucuresti-revine-din-25-aprilie\/","url_meta":{"origin":19268,"position":0},"title":"\u201eStr\u0103zi Deschise \u2013 Bucure\u0219ti\u201d revine, din 25 aprilie!","author":"Cultura","date":"20 aprilie 2026","format":false,"excerpt":"Traseu pietonal extins \u0219i pe Str. Ion Brezoianu. Iat\u0103 zonele unde vom petrece timpul liber \u00een weekenduri! \u00cen perioada 25 aprilie \u2013 11 octombrie, ora\u0219ul devine din nou promenad\u0103 urban\u0103. \u201eStr\u0103zi deschise - Bucure\u0219ti\u201d, cel mai amplu proiect cultural al Capitalei, organizat de Prim\u0103ria Municipiului Bucure\u0219ti, prin ARCUB, revine cu\u2026","rel":"","context":"\u00cen \u201ecomunicate\u201d","block_context":{"text":"comunicate","link":"https:\/\/revistacultura.ro\/agenda\/category\/comunicate\/"},"img":{"alt_text":"","src":"https:\/\/i0.wp.com\/revistacultura.ro\/agenda\/wp-content\/uploads\/2026\/04\/Strazi-deschise_Bucureati_Promenada_Urbana.webp?resize=350%2C200&ssl=1","width":350,"height":200,"srcset":"https:\/\/i0.wp.com\/revistacultura.ro\/agenda\/wp-content\/uploads\/2026\/04\/Strazi-deschise_Bucureati_Promenada_Urbana.webp?resize=350%2C200&ssl=1 1x, https:\/\/i0.wp.com\/revistacultura.ro\/agenda\/wp-content\/uploads\/2026\/04\/Strazi-deschise_Bucureati_Promenada_Urbana.webp?resize=525%2C300&ssl=1 1.5x, https:\/\/i0.wp.com\/revistacultura.ro\/agenda\/wp-content\/uploads\/2026\/04\/Strazi-deschise_Bucureati_Promenada_Urbana.webp?resize=700%2C400&ssl=1 2x"},"classes":[]},{"id":21667,"url":"https:\/\/revistacultura.ro\/agenda\/2026\/02\/festivalul-cartilor-deschise-2026-la-opera-comica-pentru-copii\/","url_meta":{"origin":19268,"position":1},"title":"Festivalul C\u0103r\u021bilor Deschise 2026 la Opera Comic\u0103 pentru Copii","author":"Cultura","date":"5 februarie 2026","format":false,"excerpt":"Bucure\u0219ti, 6\u201322 martie 2026 Opera Comic\u0103 pentru Copii g\u0103zduie\u0219te, pentru a patra oar\u0103, Festivalul C\u0103r\u021bilor Deschise, un eveniment cultural dedicat promov\u0103rii lecturii \u0219i creativit\u0103\u021bii \u00een r\u00e2ndul copiilor \u0219i familiilor. Desf\u0103\u0219urat pe parcursul a trei weekenduri, festivalul transform\u0103 lectura \u00eentr-o experien\u021b\u0103 interactiv\u0103, accesibil\u0103 \u0219i memorabil\u0103, prin peste 40 de evenimente \u0219i\u2026","rel":"","context":"\u00cen \u201eAgenda culturala\u201d","block_context":{"text":"Agenda culturala","link":"https:\/\/revistacultura.ro\/agenda\/category\/agenda-cultura\/"},"img":{"alt_text":"","src":"https:\/\/i0.wp.com\/revistacultura.ro\/agenda\/wp-content\/uploads\/2026\/02\/fastivalul-cartilor-deschise.webp?resize=350%2C200&ssl=1","width":350,"height":200,"srcset":"https:\/\/i0.wp.com\/revistacultura.ro\/agenda\/wp-content\/uploads\/2026\/02\/fastivalul-cartilor-deschise.webp?resize=350%2C200&ssl=1 1x, https:\/\/i0.wp.com\/revistacultura.ro\/agenda\/wp-content\/uploads\/2026\/02\/fastivalul-cartilor-deschise.webp?resize=525%2C300&ssl=1 1.5x, https:\/\/i0.wp.com\/revistacultura.ro\/agenda\/wp-content\/uploads\/2026\/02\/fastivalul-cartilor-deschise.webp?resize=700%2C400&ssl=1 2x"},"classes":[]},{"id":21556,"url":"https:\/\/revistacultura.ro\/agenda\/2025\/12\/gaudeamus-2025-3-7-decembrie\/","url_meta":{"origin":19268,"position":2},"title":"Gaudeamus 2025: 3-7 decembrie","author":"Cultura","date":"3 decembrie 2025","format":false,"excerpt":"3\u20137 decembrie 2025, Romexpo, Bucure\u0219ti - T\u00e2rgul Interna\u021bional de Carte Gaudeamus Gaudeamus 2025 \u00ee\u0219i propune s\u0103 ofere un cadru diversificat, unde c\u0103r\u021bile devin punctul de plecare pentru dialoguri culturale, \u00eent\u00e2lniri cu autori \u0219i explor\u0103ri literare. Vizitatorii vor avea ocazia s\u0103 parcurg\u0103 st\u00e2ndurile a peste 300 de edituri din \u021bar\u0103 \u0219i\u2026","rel":"","context":"\u00cen \u201eAgenda culturala\u201d","block_context":{"text":"Agenda culturala","link":"https:\/\/revistacultura.ro\/agenda\/category\/agenda-cultura\/"},"img":{"alt_text":"","src":"https:\/\/i0.wp.com\/revistacultura.ro\/agenda\/wp-content\/uploads\/2025\/11\/romexpo-pavilioane-gaudeamus.webp?resize=350%2C200&ssl=1","width":350,"height":200,"srcset":"https:\/\/i0.wp.com\/revistacultura.ro\/agenda\/wp-content\/uploads\/2025\/11\/romexpo-pavilioane-gaudeamus.webp?resize=350%2C200&ssl=1 1x, https:\/\/i0.wp.com\/revistacultura.ro\/agenda\/wp-content\/uploads\/2025\/11\/romexpo-pavilioane-gaudeamus.webp?resize=525%2C300&ssl=1 1.5x, https:\/\/i0.wp.com\/revistacultura.ro\/agenda\/wp-content\/uploads\/2025\/11\/romexpo-pavilioane-gaudeamus.webp?resize=700%2C400&ssl=1 2x, https:\/\/i0.wp.com\/revistacultura.ro\/agenda\/wp-content\/uploads\/2025\/11\/romexpo-pavilioane-gaudeamus.webp?resize=1050%2C600&ssl=1 3x"},"classes":[]},{"id":20988,"url":"https:\/\/revistacultura.ro\/agenda\/2023\/06\/timisoara-capitala-culturala-europeana-selectii-din-programe\/","url_meta":{"origin":19268,"position":3},"title":"Timi\u0219oara, Capital\u0103 Cultural\u0103 European\u0103 &#8211; selec\u021bii din programe","author":"Cultura","date":"4 iunie 2023","format":false,"excerpt":"Cu \u00eent\u00e2rzierea datorat\u0103 pandemiei, Timi\u0219oara este \u00een acest an capital\u0103 cultural\u0103 european\u0103. Unele programe legate de acest eveniment au \u00eenceput de anul trecut. Lansarea oficial\u0103 a fost \u00een februarie 2023. Prima parte a anului a dus mari evenimente \u0219i a constituit debutul pentru majoritatea programelor \u00eenscrise \u00een calendar. \u00cen perioada\u2026","rel":"","context":"\u00cen \u201eAgenda culturala\u201d","block_context":{"text":"Agenda culturala","link":"https:\/\/revistacultura.ro\/agenda\/category\/agenda-cultura\/"},"img":{"alt_text":"","src":"https:\/\/i0.wp.com\/revistacultura.ro\/agenda\/wp-content\/uploads\/2022\/02\/Teatrul_National_Timisoara.jpg?resize=350%2C200&ssl=1","width":350,"height":200,"srcset":"https:\/\/i0.wp.com\/revistacultura.ro\/agenda\/wp-content\/uploads\/2022\/02\/Teatrul_National_Timisoara.jpg?resize=350%2C200&ssl=1 1x, https:\/\/i0.wp.com\/revistacultura.ro\/agenda\/wp-content\/uploads\/2022\/02\/Teatrul_National_Timisoara.jpg?resize=525%2C300&ssl=1 1.5x, https:\/\/i0.wp.com\/revistacultura.ro\/agenda\/wp-content\/uploads\/2022\/02\/Teatrul_National_Timisoara.jpg?resize=700%2C400&ssl=1 2x"},"classes":[]},{"id":19333,"url":"https:\/\/revistacultura.ro\/agenda\/2014\/08\/arta-contemporana-pentru-copii\/","url_meta":{"origin":19268,"position":4},"title":"Art\u0103 contemporan\u0103 pentru copii","author":"Revista","date":"1 august 2014","format":false,"excerpt":"\u00a0 Zece muzee \u015fi organiza\u0163ii culturale organizeaz\u0103 \u00een vacan\u0163a de var\u0103 a copiilor \u00eentre \u015fase \u015fi zece ani ateliere de educa\u0163ie cultural\u0103 \u015fi artistic\u0103. Coordonator: Global Mindscape. Parteneri: muzeele. \u00cen fiecare miercuri, joi \u015fi vineri, de la ora 10, pre\u0163 de vreo dou\u0103 ore, Caravana Muzeelor trece pe la Casa\u2026","rel":"","context":"\u00cen \u201eAgenda culturala\u201d","block_context":{"text":"Agenda culturala","link":"https:\/\/revistacultura.ro\/agenda\/category\/agenda-cultura\/"},"img":{"alt_text":"","src":"","width":0,"height":0},"classes":[]},{"id":20686,"url":"https:\/\/revistacultura.ro\/agenda\/2020\/07\/un-proiect-cu-si-despre-copiii-ai-caror-parinti-sunt-plecati-la-munca-in-strainatate\/","url_meta":{"origin":19268,"position":5},"title":"Un proiect cu \u0219i despre copiii ai c\u0103ror p\u0103rin\u021bi sunt pleca\u021bi la munc\u0103 \u00een str\u0103in\u0103tate.","author":"Cultura","date":"28 iulie 2020","format":false,"excerpt":"\u00cempreun\u0103 cu Asocia\u021bia VAR Cultural, pe parcursul a 22 de ateliere, un grup format din copii cu v\u00e2rste cuprinse \u00eentre 10 \u0219i 12 ani al c\u0103ror mediu familial \u0219i social este vulnerabilizat de lipsa unuia dintre p\u0103rin\u021bi, a fost \u00eencurajat s\u0103-\u0219i valorifice propriile mecanisme de adaptare la noua realitate familial\u0103\u2026","rel":"","context":"\u00cen \u201eSemnal\u201d","block_context":{"text":"Semnal","link":"https:\/\/revistacultura.ro\/agenda\/category\/semnal\/"},"img":{"alt_text":"","src":"https:\/\/i0.wp.com\/revistacultura.ro\/agenda\/wp-content\/uploads\/2020\/07\/dia.jpg?resize=350%2C200&ssl=1","width":350,"height":200,"srcset":"https:\/\/i0.wp.com\/revistacultura.ro\/agenda\/wp-content\/uploads\/2020\/07\/dia.jpg?resize=350%2C200&ssl=1 1x, https:\/\/i0.wp.com\/revistacultura.ro\/agenda\/wp-content\/uploads\/2020\/07\/dia.jpg?resize=525%2C300&ssl=1 1.5x, https:\/\/i0.wp.com\/revistacultura.ro\/agenda\/wp-content\/uploads\/2020\/07\/dia.jpg?resize=700%2C400&ssl=1 2x"},"classes":[]}],"_links":{"self":[{"href":"https:\/\/revistacultura.ro\/agenda\/wp-json\/wp\/v2\/posts\/19268","targetHints":{"allow":["GET"]}}],"collection":[{"href":"https:\/\/revistacultura.ro\/agenda\/wp-json\/wp\/v2\/posts"}],"about":[{"href":"https:\/\/revistacultura.ro\/agenda\/wp-json\/wp\/v2\/types\/post"}],"author":[{"embeddable":true,"href":"https:\/\/revistacultura.ro\/agenda\/wp-json\/wp\/v2\/users\/2"}],"replies":[{"embeddable":true,"href":"https:\/\/revistacultura.ro\/agenda\/wp-json\/wp\/v2\/comments?post=19268"}],"version-history":[{"count":1,"href":"https:\/\/revistacultura.ro\/agenda\/wp-json\/wp\/v2\/posts\/19268\/revisions"}],"predecessor-version":[{"id":19270,"href":"https:\/\/revistacultura.ro\/agenda\/wp-json\/wp\/v2\/posts\/19268\/revisions\/19270"}],"wp:featuredmedia":[{"embeddable":true,"href":"https:\/\/revistacultura.ro\/agenda\/wp-json\/wp\/v2\/media\/19269"}],"wp:attachment":[{"href":"https:\/\/revistacultura.ro\/agenda\/wp-json\/wp\/v2\/media?parent=19268"}],"wp:term":[{"taxonomy":"category","embeddable":true,"href":"https:\/\/revistacultura.ro\/agenda\/wp-json\/wp\/v2\/categories?post=19268"},{"taxonomy":"post_tag","embeddable":true,"href":"https:\/\/revistacultura.ro\/agenda\/wp-json\/wp\/v2\/tags?post=19268"}],"curies":[{"name":"wp","href":"https:\/\/api.w.org\/{rel}","templated":true}]}}