{"id":19176,"date":"2014-06-20T16:13:23","date_gmt":"2014-06-20T13:13:23","guid":{"rendered":"http:\/\/revistacultura.ro\/agenda\/?p=19176"},"modified":"2014-06-20T16:13:23","modified_gmt":"2014-06-20T13:13:23","slug":"bogdan-cosa-o-forma-de-adapost-primara","status":"publish","type":"post","link":"https:\/\/revistacultura.ro\/agenda\/2014\/06\/bogdan-cosa-o-forma-de-adapost-primara\/","title":{"rendered":"Bogdan Co\u015fa, O form\u0103 de ad\u0103post primar\u0103"},"content":{"rendered":"<p>&nbsp;<\/p>\n<p>Bogdan Co\u015fa scrie o poezie non-transcendent\u0103. Nu e vorba de transcenden\u0163a goal\u0103 a modernit\u0103\u0163ii \u2013 \u00een sensul \u00een care o scen\u0103 e goal\u0103 \u2013, fiindc\u0103 la el p\u00e2n\u0103 \u015fi decorul e ras cu totul, p\u00e2n\u0103 la piatra de temelie a teatrului: \u201ecu o putere m\u0103rit\u0103 a min\u0163ii\/ s\u0103 cr\u0103p\u0103m siguran\u0163ele\u201c, c\u0103ci \u201e\u00een\u0163elegerea nu poate fi dec\u00e2t\/ adeziunea la conven\u0163ie\u201c. Nu se vede c\u0103 e un loc din care au demenajat mitul, zeitatea sau artefactele amintind de acele v\u00e2rste ale umanit\u0103\u0163ii consumate \u00een rela\u0163ia cu un plan transcendent; e un spa\u0163iu evacuat \u00een aceea\u015fi m\u0103sur\u0103 \u00een care e \u015fi o sal\u0103 de a\u015fteptare. Din acest punct de vedere, poezia lui Co\u015fa se dovede\u015fte perfect simptomatic\u0103 nu pentru poetica negativ\u0103 sau nihilist\u0103 a modernit\u0103\u0163ii, nici pentru suflul relaxat-detensionat al postmodernit\u0103\u0163ii, ci pentru o poetic\u0103 neutr\u0103 sau neutral\u0103 \u2013 o \u201eform\u0103 de ad\u0103post primar\u0103\u201c \u2013 a unei noi existen\u0163e, de dup\u0103 modernitate \u015fi de dup\u0103 celebrarea, obosit\u0103 sau euforic\u0103, a postumit\u0103\u0163ii ei. O perspectiv\u0103 neutral\u0103, un neo-imagism formalizat care folose\u015fte deduc\u0163ia pe post de v\u0103z, constatarea pe post de auz \u015fi statistica pe post de filozofie. Punctele de unde vin \u015fi spre care se \u00eendreapt\u0103 aceste deduc\u0163ii \u015fi constat\u0103ri sunt ireperabile. Vocea din poemele lui Co\u015fa (scurte, multe dintre ele, sau d\u00e2nd senza\u0163ia de enun\u0163 laconic-radical, \u00een genul: luat not\u0103 de datele problemei) \u00eentreab\u0103 \u201ece vine dup\u0103 realitate?\u201c, constat\u0103 \u201eobiecte pu\u0163ine\/ aer\/ lipsurile colaterale\u201c \u015fi denot\u0103 situarea \u201esub nivel\u201c (\u201eaici\/ sub nivel\/\/ c\u00e2nd cea\u0163a izbe\u015fte trotuarul\/ \u00een noi se transfer\u0103 nelini\u015ftea roz\u0103toarelor\u201c). E o acut\u0103 degrevare de context, o acumulare de rela\u0163ii \u015fi pozi\u0163ii vagi, de planuri \u015fterse, de blaturi pentru manipularea informului, de spoial\u0103 \u00een alb peste marile nara\u0163iuni care \u015fi-au \u00eenghi\u0163it de mult coada: \u201eam ajuns aici\/ pentru c\u0103\/ cercul\/ dup\u0103 ce devine complet\/ nu mai permite \u00eentoarceri exacte \u2013\/ doar \u00een\u0163ep\u0103tura din interior\/ mai \u015ftie punctul ini\u0163ial\/ ea singur\u0103 se poate opune\/ falsei glis\u0103ri a amintirilor\/ pe principiul rulmentului\/ care alege s\u0103 blocheze comunicarea\/\/ oamenii sunt g\u00e2ndi\u0163i dup\u0103 adev\u0103ruri tehnice\/ care nu suport\u0103 context\u201c.<\/p>\n<blockquote><p>&nbsp;<\/p>\n<p><strong>Bogdan Co\u015fa, <em>O form\u0103 de ad\u0103post primar\u0103,<\/em> Editura Cartea Rom\u00e2neasc\u0103, Bucure\u015fti, 2013<\/strong><\/p><\/blockquote>\n<p>&nbsp;<\/p>\n","protected":false},"excerpt":{"rendered":"<p>&nbsp; Bogdan Co\u015fa scrie o poezie non-transcendent\u0103. Nu e vorba de transcenden\u0163a goal\u0103 a modernit\u0103\u0163ii \u2013 \u00een sensul \u00een care o scen\u0103 e goal\u0103 \u2013, fiindc\u0103 la el p\u00e2n\u0103 \u015fi decorul e ras cu totul, p\u00e2n\u0103 la piatra de temelie a teatrului: \u201ecu o putere m\u0103rit\u0103 a min\u0163ii\/ s\u0103 cr\u0103p\u0103m siguran\u0163ele\u201c, c\u0103ci \u201e\u00een\u0163elegerea nu poate&hellip;&nbsp;<a href=\"https:\/\/revistacultura.ro\/agenda\/2014\/06\/bogdan-cosa-o-forma-de-adapost-primara\/\" rel=\"bookmark\">Cite\u0219te mai mult &raquo;<span class=\"screen-reader-text\">Bogdan Co\u015fa, O form\u0103 de ad\u0103post primar\u0103<\/span><\/a><\/p>\n","protected":false},"author":2,"featured_media":0,"comment_status":"open","ping_status":"open","sticky":false,"template":"","format":"standard","meta":{"neve_meta_sidebar":"","neve_meta_container":"","neve_meta_enable_content_width":"","neve_meta_content_width":0,"neve_meta_title_alignment":"","neve_meta_author_avatar":"","neve_post_elements_order":"","neve_meta_disable_header":"","neve_meta_disable_footer":"","neve_meta_disable_title":"","_jetpack_newsletter_access":"","_jetpack_dont_email_post_to_subs":false,"_jetpack_newsletter_tier_id":0,"_jetpack_memberships_contains_paywalled_content":false,"_jetpack_feature_clip_id":0,"_jetpack_memberships_contains_paid_content":false,"footnotes":"","jetpack_publicize_message":"","jetpack_publicize_feature_enabled":true,"jetpack_social_post_already_shared":false,"jetpack_social_options":{"image_generator_settings":{"template":"highway","default_image_id":0,"font":"","enabled":false},"version":2},"jetpack_post_was_ever_published":false},"categories":[15],"tags":[488,490,489],"class_list":["post-19176","post","type-post","status-publish","format-standard","hentry","category-aparitii-editoriale","tag-bogdan-cosa","tag-carti-recomandate","tag-o-forma-de-adapost-primara"],"jetpack_publicize_connections":[],"jetpack_sharing_enabled":true,"jetpack-related-posts":[{"id":21599,"url":"https:\/\/revistacultura.ro\/agenda\/2025\/12\/sabinne-10-meet-the-artist\/","url_meta":{"origin":19176,"position":0},"title":"Sabinne 10 Meet the Artist @ MNLR","author":"Cultura","date":"18 decembrie 2025","format":false,"excerpt":"2-19 decembrie 2025 Muzeul Na\u021bional al Literaturii Rom\u00e2ne a organizat \u00een colaborare cu artista Sabina Georgescu, \u00een data de 2 decembrie 2025, \u00een cadrul expozi\u021biei SABINNE 10, la sediul s\u0103u din str. Nicolae Cre\u021bulescu 8, evenimentul Meet the artist, dedicat celebr\u0103rii \u00eemplinirii a 10 ani de activitate a brandului SABINNE,\u2026","rel":"","context":"\u00cen \u201eProiecte sus\u021binute de revista CULTURA\u201d","block_context":{"text":"Proiecte sus\u021binute de revista CULTURA","link":"https:\/\/revistacultura.ro\/agenda\/category\/parteneriate\/"},"img":{"alt_text":"","src":"https:\/\/i0.wp.com\/revistacultura.ro\/agenda\/wp-content\/uploads\/2025\/12\/sabinne-10-mnlr.webp?resize=350%2C200&ssl=1","width":350,"height":200,"srcset":"https:\/\/i0.wp.com\/revistacultura.ro\/agenda\/wp-content\/uploads\/2025\/12\/sabinne-10-mnlr.webp?resize=350%2C200&ssl=1 1x, https:\/\/i0.wp.com\/revistacultura.ro\/agenda\/wp-content\/uploads\/2025\/12\/sabinne-10-mnlr.webp?resize=525%2C300&ssl=1 1.5x, https:\/\/i0.wp.com\/revistacultura.ro\/agenda\/wp-content\/uploads\/2025\/12\/sabinne-10-mnlr.webp?resize=700%2C400&ssl=1 2x"},"classes":[]},{"id":20952,"url":"https:\/\/revistacultura.ro\/agenda\/2022\/12\/intamplari-stranii-in-pipera-cadoul-de-craciun-al-teatrului-apropo\/","url_meta":{"origin":19176,"position":1},"title":"\u201e\u00cent\u00e2mpl\u0103ri stranii \u00een Pipera\u201d \u2013 cadoul de Cr\u0103ciun al Teatrului Apropo","author":"Cultura","date":"14 decembrie 2022","format":false,"excerpt":"15, 20, 21 \u0219i 22 decembrie Anul acesta, cu ocazia Cr\u0103ciunului, Teatrul Apropo vine cu o surpriz\u0103 pentru publicul s\u0103u, \u00een special pentru iubitorii de teatru imersiv, dar, \u00een egal\u0103 m\u0103sur\u0103, pentru oricine nu a \u00eencercat \u00eenc\u0103 \u0219i este curios \u0219i deschis s\u0103 aib\u0103 o experien\u021b\u0103 de acest tip. \u00ceNT\u00c2MPL\u0102RI\u2026","rel":"","context":"\u00cen \u201eAgenda culturala\u201d","block_context":{"text":"Agenda culturala","link":"https:\/\/revistacultura.ro\/agenda\/category\/agenda-cultura\/"},"img":{"alt_text":"","src":"https:\/\/i0.wp.com\/revistacultura.ro\/agenda\/wp-content\/uploads\/2022\/12\/fb-cover-intamplari-stranii.webp?resize=350%2C200&ssl=1","width":350,"height":200,"srcset":"https:\/\/i0.wp.com\/revistacultura.ro\/agenda\/wp-content\/uploads\/2022\/12\/fb-cover-intamplari-stranii.webp?resize=350%2C200&ssl=1 1x, https:\/\/i0.wp.com\/revistacultura.ro\/agenda\/wp-content\/uploads\/2022\/12\/fb-cover-intamplari-stranii.webp?resize=525%2C300&ssl=1 1.5x, https:\/\/i0.wp.com\/revistacultura.ro\/agenda\/wp-content\/uploads\/2022\/12\/fb-cover-intamplari-stranii.webp?resize=700%2C400&ssl=1 2x"},"classes":[]},{"id":19567,"url":"https:\/\/revistacultura.ro\/agenda\/2014\/11\/la-tiganci-din-nou-pe-scena\/","url_meta":{"origin":19176,"position":2},"title":"La \u0162ig\u0103nci din nou pe scen\u0103","author":"Revista","date":"20 noiembrie 2014","format":false,"excerpt":"\u00a0 Ultima premier\u0103 propus\u0103 de UNTEATRU, care, de patru ani, \u015fi-a delectat publicul cu spectacole valoroase, este La \u0162ig\u0103nci dup\u0103 Mircea Eliade. Produc\u0163ia este semnat\u0103 de cuplul de regizori Andrei \u015fi Andreea Grosu, iar scenografia \u00eei apar\u0163ine lui Vladimir Turturic\u0103. Pentru regizori, La \u0162ig\u0103nci \u201eeste textul care vorbe\u015fte cel mai\u2026","rel":"","context":"\u00cen \u201eAgenda culturala\u201d","block_context":{"text":"Agenda culturala","link":"https:\/\/revistacultura.ro\/agenda\/category\/agenda-cultura\/"},"img":{"alt_text":"","src":"https:\/\/i0.wp.com\/revistacultura.ro\/agenda\/wp-content\/uploads\/2014\/11\/La-Tiganci.jpg?resize=350%2C200&ssl=1","width":350,"height":200,"srcset":"https:\/\/i0.wp.com\/revistacultura.ro\/agenda\/wp-content\/uploads\/2014\/11\/La-Tiganci.jpg?resize=350%2C200&ssl=1 1x, https:\/\/i0.wp.com\/revistacultura.ro\/agenda\/wp-content\/uploads\/2014\/11\/La-Tiganci.jpg?resize=525%2C300&ssl=1 1.5x"},"classes":[]},{"id":21686,"url":"https:\/\/revistacultura.ro\/agenda\/2026\/02\/22-02-cluj-concert-film-keith-jarrett\/","url_meta":{"origin":19176,"position":3},"title":"22.02, Cluj: Concert &amp; film Keith Jarrett","author":"Cultura","date":"18 februarie 2026","format":false,"excerpt":"Concert \u0219i film - 50 de ani ai albumului K\u00d6LN CONCERT de Keith Jarrett Istoricul album de pian solo\u00a0K\u00f6ln Concert\u00a0al lui\u00a0Keith Jarrett\u00a0a fost \u00eenregistrat \u00een 24 ianuarie 1975 la Opera din\u00a0K\u00f6ln, gra\u021bie eforturilor organizatorice depuse de Vera Brandes. Aceasta avea pe atunci 18 ani \u0219i era cea mai t\u00e2n\u0103r\u0103 impresar\u0103\u2026","rel":"","context":"\u00cen \u201eAgenda culturala\u201d","block_context":{"text":"Agenda culturala","link":"https:\/\/revistacultura.ro\/agenda\/category\/agenda-cultura\/"},"img":{"alt_text":"","src":"https:\/\/i0.wp.com\/revistacultura.ro\/agenda\/wp-content\/uploads\/2026\/02\/jazz-concert.webp?resize=350%2C200&ssl=1","width":350,"height":200,"srcset":"https:\/\/i0.wp.com\/revistacultura.ro\/agenda\/wp-content\/uploads\/2026\/02\/jazz-concert.webp?resize=350%2C200&ssl=1 1x, https:\/\/i0.wp.com\/revistacultura.ro\/agenda\/wp-content\/uploads\/2026\/02\/jazz-concert.webp?resize=525%2C300&ssl=1 1.5x, https:\/\/i0.wp.com\/revistacultura.ro\/agenda\/wp-content\/uploads\/2026\/02\/jazz-concert.webp?resize=700%2C400&ssl=1 2x"},"classes":[]},{"id":19787,"url":"https:\/\/revistacultura.ro\/agenda\/2015\/06\/linia-de-productie\/","url_meta":{"origin":19176,"position":4},"title":"Linia de produc\u0163ie","author":"Revista","date":"17 iunie 2015","format":false,"excerpt":"\u00a0 A ap\u0103rut volumul Linia de produc\u0163ie. Lucr\u00e2nd cu arta \u00een care Bogdan Ghiu are \u00een vedere practicile artistice actuale, pe care le analizeaz\u0103 \u015fi le conceptualizeaz\u0103 dintr-o perspectiv\u0103 teoretic\u0103 integratoare \u201ecu totul nea\u015fteptat\u0103\u201c \u2013 cea a traducerii generalizate. \u201eBogdan Ghiu propune metafora transversal\u0103 a liniei de produc\u0163ie de-a lungul\u2026","rel":"","context":"\u00cen \u201eAparitii editoriale\u201d","block_context":{"text":"Aparitii editoriale","link":"https:\/\/revistacultura.ro\/agenda\/category\/aparitii-editoriale\/"},"img":{"alt_text":"","src":"https:\/\/i0.wp.com\/revistacultura.ro\/agenda\/wp-content\/uploads\/2015\/06\/carte.jpg?resize=350%2C200&ssl=1","width":350,"height":200},"classes":[]},{"id":21099,"url":"https:\/\/revistacultura.ro\/agenda\/2024\/04\/short-festival-de-proza-scurta-la-bucuresti-timisoara-cluj-napoca-si-iasi\/","url_meta":{"origin":19176,"position":5},"title":"SHORT. Festival de proz\u0103 scurt\u0103 la Bucure\u0219ti, Timi\u0219oara, Cluj-Napoca \u0219i Ia\u0219i","author":"Cultura","date":"10 aprilie 2024","format":false,"excerpt":"5 minute de literatur\u0103, platform\u0103 editat\u0103 de revista CULTURA, se al\u0103tur\u0103 \u0219i anul acesta ini\u021biativei SHORT. Festival de proz\u0103 scurt\u0103 la C\u0103rture\u0219ti | Bucure\u0219ti ::: 11-14 APRILIE \u00ceN BUCURE\u0218TI :::::: 11-13 APRILIE \u00ceN TIMI\u0218OARA, CLUJ-NAPOCA & IA\u0218I ::: Celebr\u0103m for\u021ba \u0219i intensitatea prozei scurte, din 11 p\u00e2n\u0103 \u00een 14 aprilie,\u2026","rel":"","context":"\u00cen \u201eProiecte sus\u021binute de revista CULTURA\u201d","block_context":{"text":"Proiecte sus\u021binute de revista CULTURA","link":"https:\/\/revistacultura.ro\/agenda\/category\/parteneriate\/"},"img":{"alt_text":"","src":"https:\/\/i0.wp.com\/revistacultura.ro\/agenda\/wp-content\/uploads\/2024\/04\/434452573_122160996218073262_969276429594726739_n.jpg?resize=350%2C200&ssl=1","width":350,"height":200,"srcset":"https:\/\/i0.wp.com\/revistacultura.ro\/agenda\/wp-content\/uploads\/2024\/04\/434452573_122160996218073262_969276429594726739_n.jpg?resize=350%2C200&ssl=1 1x, https:\/\/i0.wp.com\/revistacultura.ro\/agenda\/wp-content\/uploads\/2024\/04\/434452573_122160996218073262_969276429594726739_n.jpg?resize=525%2C300&ssl=1 1.5x, https:\/\/i0.wp.com\/revistacultura.ro\/agenda\/wp-content\/uploads\/2024\/04\/434452573_122160996218073262_969276429594726739_n.jpg?resize=700%2C400&ssl=1 2x"},"classes":[]}],"jetpack_featured_media_url":"","_links":{"self":[{"href":"https:\/\/revistacultura.ro\/agenda\/wp-json\/wp\/v2\/posts\/19176","targetHints":{"allow":["GET"]}}],"collection":[{"href":"https:\/\/revistacultura.ro\/agenda\/wp-json\/wp\/v2\/posts"}],"about":[{"href":"https:\/\/revistacultura.ro\/agenda\/wp-json\/wp\/v2\/types\/post"}],"author":[{"embeddable":true,"href":"https:\/\/revistacultura.ro\/agenda\/wp-json\/wp\/v2\/users\/2"}],"replies":[{"embeddable":true,"href":"https:\/\/revistacultura.ro\/agenda\/wp-json\/wp\/v2\/comments?post=19176"}],"version-history":[{"count":1,"href":"https:\/\/revistacultura.ro\/agenda\/wp-json\/wp\/v2\/posts\/19176\/revisions"}],"predecessor-version":[{"id":19177,"href":"https:\/\/revistacultura.ro\/agenda\/wp-json\/wp\/v2\/posts\/19176\/revisions\/19177"}],"wp:attachment":[{"href":"https:\/\/revistacultura.ro\/agenda\/wp-json\/wp\/v2\/media?parent=19176"}],"wp:term":[{"taxonomy":"category","embeddable":true,"href":"https:\/\/revistacultura.ro\/agenda\/wp-json\/wp\/v2\/categories?post=19176"},{"taxonomy":"post_tag","embeddable":true,"href":"https:\/\/revistacultura.ro\/agenda\/wp-json\/wp\/v2\/tags?post=19176"}],"curies":[{"name":"wp","href":"https:\/\/api.w.org\/{rel}","templated":true}]}}