{"id":19170,"date":"2014-06-20T16:10:22","date_gmt":"2014-06-20T13:10:22","guid":{"rendered":"http:\/\/revistacultura.ro\/agenda\/?p=19170"},"modified":"2014-06-20T16:10:22","modified_gmt":"2014-06-20T13:10:22","slug":"din-tara-vlahilor","status":"publish","type":"post","link":"https:\/\/revistacultura.ro\/agenda\/2014\/06\/din-tara-vlahilor\/","title":{"rendered":"Din \u0162ara Vlahilor"},"content":{"rendered":"<p>&nbsp;<\/p>\n<p>Albumul Kara Eflak. De la Bucure\u015fti \u015fi p\u00e2n\u0103 la Stanbul. Muzic\u0103 din Principatele Rom\u00e2ne \u015fi Imperiul Otoman, secolele XVII-XIX al forma\u0163iei vocal-instrumentale de muzic\u0103 veche \u201eAnton Pann\u201d este rodul unei cercet\u0103ri profesioniste de peste zece ani, aduc\u00e2nd, \u00een premier\u0103 pentru ascult\u0103torii rom\u00e2ni, \u201emuzica de curte, savant\u0103\u201d a perioadei men\u0163ionate, interpretat\u0103 exclusiv cu instrumente vechi realizate \u00eenainte de anul 1900. \u201eMuzica din vremea Principatelor Rom\u00e2ne se eviden\u0163iaz\u0103 printr-un sincretism sonor copiat dup\u0103 cel constantinopolitan, \u00een cadrul c\u0103ruia elemente rom\u00e2ne\u015fti se \u00eempletesc cu cele grece\u015fti, turce\u015fti \u015fi cele biserice\u015fti, deopotriv\u0103\u201d, ne spun arti\u015ftii \u00een booklet-ul albumului. Al c\u0103rui nume, Kara Eflak, \u00eensemna \u00een turc\u0103 \u00deara Vlahilor.<\/p>\n","protected":false},"excerpt":{"rendered":"<p>&nbsp; Albumul Kara Eflak. De la Bucure\u015fti \u015fi p\u00e2n\u0103 la Stanbul. Muzic\u0103 din Principatele Rom\u00e2ne \u015fi Imperiul Otoman, secolele XVII-XIX al forma\u0163iei vocal-instrumentale de muzic\u0103 veche \u201eAnton Pann\u201d este rodul unei cercet\u0103ri profesioniste de peste zece ani, aduc\u00e2nd, \u00een premier\u0103 pentru ascult\u0103torii rom\u00e2ni, \u201emuzica de curte, savant\u0103\u201d a perioadei men\u0163ionate, interpretat\u0103 exclusiv cu instrumente vechi&hellip;&nbsp;<a href=\"https:\/\/revistacultura.ro\/agenda\/2014\/06\/din-tara-vlahilor\/\" rel=\"bookmark\">Cite\u0219te mai mult &raquo;<span class=\"screen-reader-text\">Din \u0162ara Vlahilor<\/span><\/a><\/p>\n","protected":false},"author":2,"featured_media":19171,"comment_status":"open","ping_status":"open","sticky":false,"template":"","format":"standard","meta":{"neve_meta_sidebar":"","neve_meta_container":"","neve_meta_enable_content_width":"","neve_meta_content_width":0,"neve_meta_title_alignment":"","neve_meta_author_avatar":"","neve_post_elements_order":"","neve_meta_disable_header":"","neve_meta_disable_footer":"","neve_meta_disable_title":"","_jetpack_newsletter_access":"","_jetpack_dont_email_post_to_subs":false,"_jetpack_newsletter_tier_id":0,"_jetpack_memberships_contains_paywalled_content":false,"_jetpack_feature_clip_id":0,"_jetpack_memberships_contains_paid_content":false,"footnotes":"","jetpack_publicize_message":"","jetpack_publicize_feature_enabled":true,"jetpack_social_post_already_shared":false,"jetpack_social_options":{"image_generator_settings":{"template":"highway","default_image_id":0,"font":"","enabled":false},"version":2},"jetpack_post_was_ever_published":false},"categories":[152],"tags":[484],"class_list":["post-19170","post","type-post","status-publish","format-standard","has-post-thumbnail","hentry","category-agenda-cultura","tag-kara-eflak"],"jetpack_publicize_connections":[],"jetpack_sharing_enabled":true,"jetpack-related-posts":[{"id":22127,"url":"https:\/\/revistacultura.ro\/agenda\/2026\/07\/jubilee-intalniri-si-sarbatoare-la-festivalul-de-muzica-veche-de-la-miercurea-ciuc\/","url_meta":{"origin":19170,"position":0},"title":"Jubilee, \u00eent\u00e2lniri \u0219i s\u0103rb\u0103toare la Festivalul de Muzic\u0103 Veche de la Miercurea-Ciuc","author":"Cultura","date":"15 iulie 2026","format":false,"excerpt":"Dup\u0103 o s\u0103pt\u0103m\u00e2n\u0103 de c\u0103l\u0103torii muzicale, experien\u021be comunitare \u0219i \u00eent\u00e2lniri memorabile, edi\u021bia 2026 a Festivalului de Muzic\u0103 Veche de la Miercurea-Ciuc s-a \u00eencheiat duminic\u0103 seara. Desf\u0103\u0219urat sub mottoul \u201eFantasia\u201d, festivalul din acest an \u0219i-a propus s\u0103 demonstreze c\u0103 muzica veche p\u0103streaz\u0103 deopotriv\u0103 memoria trecutului \u0219i inspir\u0103 libertatea creatoare. \u00cen centrul\u2026","rel":"","context":"\u00cen \u201ecomunicate\u201d","block_context":{"text":"comunicate","link":"https:\/\/revistacultura.ro\/agenda\/category\/comunicate\/"},"img":{"alt_text":"","src":"https:\/\/i0.wp.com\/revistacultura.ro\/agenda\/wp-content\/uploads\/2026\/07\/Festivalul-de-Muzica-Veche_Szigeti-Vajk-Istvan_Codex.webp?resize=350%2C200&ssl=1","width":350,"height":200,"srcset":"https:\/\/i0.wp.com\/revistacultura.ro\/agenda\/wp-content\/uploads\/2026\/07\/Festivalul-de-Muzica-Veche_Szigeti-Vajk-Istvan_Codex.webp?resize=350%2C200&ssl=1 1x, https:\/\/i0.wp.com\/revistacultura.ro\/agenda\/wp-content\/uploads\/2026\/07\/Festivalul-de-Muzica-Veche_Szigeti-Vajk-Istvan_Codex.webp?resize=525%2C300&ssl=1 1.5x, https:\/\/i0.wp.com\/revistacultura.ro\/agenda\/wp-content\/uploads\/2026\/07\/Festivalul-de-Muzica-Veche_Szigeti-Vajk-Istvan_Codex.webp?resize=700%2C400&ssl=1 2x"},"classes":[]},{"id":20305,"url":"https:\/\/revistacultura.ro\/agenda\/2019\/11\/enescu-in-varianta-jazz-la-londra\/","url_meta":{"origin":19170,"position":1},"title":"Enescu \u00een variant\u0103 jazz, la Londra","author":"Cultura","date":"15 noiembrie 2019","format":false,"excerpt":"Alex Simu Quintet va prezenta \u201eSuita nr.1 pentru orchestr\u0103 \u00een Do major, op.9\u201d, de\u00a0 George Enescu, \u00een cadrul turneului\u00a0Alex Simu\u2019s Echoes of Enescu,\u00a0care va debuta la\u00a0Podium JIN din Nijmegen, \u00een Olanda, pe 20 noiembrie 2019 \u015fi se va \u00eencheia pe 6 decembrie 2019, la St James' Church Sussex Gardens, din\u2026","rel":"","context":"\u00cen \u201ePrimite la redac\u021bie\u201d","block_context":{"text":"Primite la redac\u021bie","link":"https:\/\/revistacultura.ro\/agenda\/category\/primite-la-redactie\/"},"img":{"alt_text":"","src":"https:\/\/i0.wp.com\/revistacultura.ro\/agenda\/wp-content\/uploads\/2019\/11\/ALEX-SIMU-cvintet.jpg?resize=350%2C200&ssl=1","width":350,"height":200,"srcset":"https:\/\/i0.wp.com\/revistacultura.ro\/agenda\/wp-content\/uploads\/2019\/11\/ALEX-SIMU-cvintet.jpg?resize=350%2C200&ssl=1 1x, https:\/\/i0.wp.com\/revistacultura.ro\/agenda\/wp-content\/uploads\/2019\/11\/ALEX-SIMU-cvintet.jpg?resize=525%2C300&ssl=1 1.5x, https:\/\/i0.wp.com\/revistacultura.ro\/agenda\/wp-content\/uploads\/2019\/11\/ALEX-SIMU-cvintet.jpg?resize=700%2C400&ssl=1 2x"},"classes":[]},{"id":22026,"url":"https:\/\/revistacultura.ro\/agenda\/2026\/06\/turneu-4elements-inovatia-in-muzica\/","url_meta":{"origin":19170,"position":2},"title":"Turneu 4ELEMENTS: inova\u021bia \u00een muzic\u0103","author":"Cultura","date":"3 iunie 2026","format":false,"excerpt":"Un turneu na\u021bional la grani\u021ba dintre tradi\u021bie, jazz \u0219i inova\u021bie tehnologic\u0103 \u00cen perioada 15 iunie \u2013 5 octombrie 2026, turneul na\u021bional 4ELEMENTS: (re)Shaping Music ajunge \u00een 10 ora\u0219e din Rom\u00e2nia, propun\u00e2nd o experien\u021b\u0103 muzical\u0103 care exploreaz\u0103 rela\u021bia dintre tradi\u021bie \u0219i tehnologie, dintre confortul familiarului \u0219i provocarea necesar\u0103 evolu\u021biei. Prima parte\u2026","rel":"","context":"\u00cen \u201ecomunicate\u201d","block_context":{"text":"comunicate","link":"https:\/\/revistacultura.ro\/agenda\/category\/comunicate\/"},"img":{"alt_text":"","src":"https:\/\/i0.wp.com\/revistacultura.ro\/agenda\/wp-content\/uploads\/2026\/06\/cover-general-facebook.webp?resize=350%2C200&ssl=1","width":350,"height":200,"srcset":"https:\/\/i0.wp.com\/revistacultura.ro\/agenda\/wp-content\/uploads\/2026\/06\/cover-general-facebook.webp?resize=350%2C200&ssl=1 1x, https:\/\/i0.wp.com\/revistacultura.ro\/agenda\/wp-content\/uploads\/2026\/06\/cover-general-facebook.webp?resize=525%2C300&ssl=1 1.5x, https:\/\/i0.wp.com\/revistacultura.ro\/agenda\/wp-content\/uploads\/2026\/06\/cover-general-facebook.webp?resize=700%2C400&ssl=1 2x"},"classes":[]},{"id":19221,"url":"https:\/\/revistacultura.ro\/agenda\/2014\/07\/acapella-canta-in-granada\/","url_meta":{"origin":19170,"position":3},"title":"Acapella c\u00e2nt\u0103 \u00een Granada","author":"Revista","date":"10 iulie 2014","format":false,"excerpt":"\u00a0 \u00a0 Grupul Vocal Acapella particip\u0103, al\u0103turi de grupuri din Fran\u0163a, Finlanda \u015fi Germania, la Festivalul Interna\u0163ional de Muzic\u0103 \u015fi Dans din Granada, desf\u0103\u015furat \u00eentre 20 iunie \u015fi 15 iulie 2014. Vocea, prin muzica redat\u0103 de extraordinarul instrument uman, este principala protagonist\u0103 a edi\u0163iei 63 a Festivalului din cunoscutul ora\u015f\u2026","rel":"","context":"\u00cen \u201eAgenda culturala\u201d","block_context":{"text":"Agenda culturala","link":"https:\/\/revistacultura.ro\/agenda\/category\/agenda-cultura\/"},"img":{"alt_text":"","src":"https:\/\/i0.wp.com\/revistacultura.ro\/agenda\/wp-content\/uploads\/2014\/07\/Acapella.jpg?resize=350%2C200&ssl=1","width":350,"height":200,"srcset":"https:\/\/i0.wp.com\/revistacultura.ro\/agenda\/wp-content\/uploads\/2014\/07\/Acapella.jpg?resize=350%2C200&ssl=1 1x, https:\/\/i0.wp.com\/revistacultura.ro\/agenda\/wp-content\/uploads\/2014\/07\/Acapella.jpg?resize=525%2C300&ssl=1 1.5x"},"classes":[]},{"id":22152,"url":"https:\/\/revistacultura.ro\/agenda\/2026\/08\/festivalul-care-a-transformat-muzica-intr-un-univers-cultural-revine-in-august\/","url_meta":{"origin":19170,"position":4},"title":"Festivalul care a transformat muzica \u00eentr-un univers cultural revine \u00een august","author":"Cultura","date":"4 august 2026","format":false,"excerpt":"7-9 august Buftea Exist\u0103 festivaluri la care mergi pentru un concert. \u0218i exist\u0103 Summer Well \u2013 locul \u00een care muzica este doar \u00eenceputul. \u00cen al doilea weekend din august (7-9 august), Domeniul \u0218tirbey Vod\u0103 din Buftea devine din nou punctul de \u00eent\u00e2lnire al celor care caut\u0103 mai mult dec\u00e2t un\u2026","rel":"","context":"\u00cen \u201eAgenda culturala\u201d","block_context":{"text":"Agenda culturala","link":"https:\/\/revistacultura.ro\/agenda\/category\/agenda-cultura\/"},"img":{"alt_text":"","src":"https:\/\/i0.wp.com\/revistacultura.ro\/agenda\/wp-content\/uploads\/2026\/08\/Summer-Well-Line-Up.webp?resize=350%2C200&ssl=1","width":350,"height":200,"srcset":"https:\/\/i0.wp.com\/revistacultura.ro\/agenda\/wp-content\/uploads\/2026\/08\/Summer-Well-Line-Up.webp?resize=350%2C200&ssl=1 1x, https:\/\/i0.wp.com\/revistacultura.ro\/agenda\/wp-content\/uploads\/2026\/08\/Summer-Well-Line-Up.webp?resize=525%2C300&ssl=1 1.5x, https:\/\/i0.wp.com\/revistacultura.ro\/agenda\/wp-content\/uploads\/2026\/08\/Summer-Well-Line-Up.webp?resize=700%2C400&ssl=1 2x"},"classes":[]},{"id":21633,"url":"https:\/\/revistacultura.ro\/agenda\/2026\/01\/in-febr-mart-seria-de-concerte-shes-in-control\/","url_meta":{"origin":19170,"position":5},"title":"\u00cen febr. &amp; mart.: seria de concerte \u201eShe\u2019s in Control\u201d","author":"Cultura","date":"23 ianuarie 2026","format":false,"excerpt":"Women in Music lanseaz\u0103 seria de concerte \u201eShe's in Control\u201d, un proiect dedicat sus\u021binerii femeilor din industria muzical\u0103 rom\u00e2neasc\u0103. Evenimentul reune\u0219te opt artiste talentate \u00een patru concerte duble g\u0103zduite de Club Control din Bucure\u0219ti, pe parcursul lunilor februarie \u0219i martie 2026. 04 februarie - ILINCA & Eligarf 18 februarie -\u2026","rel":"","context":"\u00cen \u201eSemnal\u201d","block_context":{"text":"Semnal","link":"https:\/\/revistacultura.ro\/agenda\/category\/semnal\/"},"img":{"alt_text":"","src":"https:\/\/i0.wp.com\/revistacultura.ro\/agenda\/wp-content\/uploads\/2026\/01\/she-is-in-control.webp?resize=350%2C200&ssl=1","width":350,"height":200,"srcset":"https:\/\/i0.wp.com\/revistacultura.ro\/agenda\/wp-content\/uploads\/2026\/01\/she-is-in-control.webp?resize=350%2C200&ssl=1 1x, https:\/\/i0.wp.com\/revistacultura.ro\/agenda\/wp-content\/uploads\/2026\/01\/she-is-in-control.webp?resize=525%2C300&ssl=1 1.5x, https:\/\/i0.wp.com\/revistacultura.ro\/agenda\/wp-content\/uploads\/2026\/01\/she-is-in-control.webp?resize=700%2C400&ssl=1 2x"},"classes":[]}],"jetpack_featured_media_url":"https:\/\/revistacultura.ro\/agenda\/wp-content\/uploads\/2014\/06\/din-tara-vlahilor.jpg","_links":{"self":[{"href":"https:\/\/revistacultura.ro\/agenda\/wp-json\/wp\/v2\/posts\/19170","targetHints":{"allow":["GET"]}}],"collection":[{"href":"https:\/\/revistacultura.ro\/agenda\/wp-json\/wp\/v2\/posts"}],"about":[{"href":"https:\/\/revistacultura.ro\/agenda\/wp-json\/wp\/v2\/types\/post"}],"author":[{"embeddable":true,"href":"https:\/\/revistacultura.ro\/agenda\/wp-json\/wp\/v2\/users\/2"}],"replies":[{"embeddable":true,"href":"https:\/\/revistacultura.ro\/agenda\/wp-json\/wp\/v2\/comments?post=19170"}],"version-history":[{"count":1,"href":"https:\/\/revistacultura.ro\/agenda\/wp-json\/wp\/v2\/posts\/19170\/revisions"}],"predecessor-version":[{"id":19172,"href":"https:\/\/revistacultura.ro\/agenda\/wp-json\/wp\/v2\/posts\/19170\/revisions\/19172"}],"wp:featuredmedia":[{"embeddable":true,"href":"https:\/\/revistacultura.ro\/agenda\/wp-json\/wp\/v2\/media\/19171"}],"wp:attachment":[{"href":"https:\/\/revistacultura.ro\/agenda\/wp-json\/wp\/v2\/media?parent=19170"}],"wp:term":[{"taxonomy":"category","embeddable":true,"href":"https:\/\/revistacultura.ro\/agenda\/wp-json\/wp\/v2\/categories?post=19170"},{"taxonomy":"post_tag","embeddable":true,"href":"https:\/\/revistacultura.ro\/agenda\/wp-json\/wp\/v2\/tags?post=19170"}],"curies":[{"name":"wp","href":"https:\/\/api.w.org\/{rel}","templated":true}]}}