{"id":19043,"date":"2014-06-04T18:06:28","date_gmt":"2014-06-04T15:06:28","guid":{"rendered":"http:\/\/revistacultura.ro\/agenda\/?p=19043"},"modified":"2014-06-05T09:38:49","modified_gmt":"2014-06-05T06:38:49","slug":"spectacolul-sanscrita-limba-mantrelor","status":"publish","type":"post","link":"https:\/\/revistacultura.ro\/agenda\/2014\/06\/spectacolul-sanscrita-limba-mantrelor\/","title":{"rendered":"Spectacolul \u201eSanscrita, limba mantrelor\u201d"},"content":{"rendered":"<p>Rolul terapeutic al sunetului \u00eentr-o \u00eembinare inovativ\u0103 de balet \u015fi dans clasic indian<\/p>\n<p>&nbsp;<\/p>\n<p>Trei reprezentan\u0163i ai dansului Odissi din India \u015fi trei balerini din Bucure\u015fti vor da via\u0163\u0103 unei originale crea\u0163ii artistice, care ilustreaz\u0103 prin muzic\u0103 \u015fi dans efectele binef\u0103c\u0103toare ale sunetului asupra fiin\u0163ei umane. Spectacolul Sanscrita, limba mantrelor va fi prezentat \u00een fa\u0163a publicului din Bucure\u015fti, la Teatrul \u201eOdeon\u201d, la 5 iunie, ora 19, \u015fi din Timi\u015foara, la Sala \u201eCapitol\u201d a Filarmonicii \u201eBanatul\u201d, la 8 iunie, ora 19.<\/p>\n<p>Cele cinci momente coregrafice ilustreaz\u0103 crearea universului din sunetul primordial, urmat\u0103 de \u00eemp\u0103r\u0163irea acestuia \u00een dou\u0103 energii complementare. Urmeaz\u0103 prezentarea modului \u00een care diferite sunete \u015fi cuvinte \u00een limba sanscrit\u0103 afecteaz\u0103 diverse dimensiuni ale fiin\u0163ei umane, conduc\u00e2nd la o stare de fericire \u015fi eliberare de suferin\u0163\u0103.<\/p>\n<p>Momentul introductiv al spectacolului va consta \u00eentr-o ilustrare vizual\u0103 a modului \u00een care sunetul afecteaz\u0103 materia. Va prezenta Gabriel Kelemen, doctor \u00een arte vizuale \u015fi lector la Facultatea de Arte \u015fi Design din Timi\u015foara. Filmul Geneza ofer\u0103 o perspectiv\u0103 complex\u0103 asupra studiului undelor sta\u0163ionare, ilustr\u00e2nd universalitatea principiului Sfer\u0103-Spiral\u0103, domeniu care studiaz\u0103 influen\u0163a c\u00e2mpurilor undelor acustice asupra fluidelor str\u0103b\u0103tute de unde sonore.<\/p>\n<p>Publicul din Bucure\u015fti va putea admira \u00een holul Teatrului Odeon o expozi\u0163ie de mandale \u015fi yantre, simboluri sacre realizate de Ioana Dominte, care \u015fi-a descoperit pasiunea pentru desen \u015fi pictur\u0103 \u00een urma c\u0103l\u0103toriilor \u00een \u0163\u0103ri din Pacific, Asia, America Central\u0103, Oceanul Indian, vizit\u00e2nd locuri care i-au redeschis ochii imagina\u0163iei.<\/p>\n<p>\u201eSanscrita, limba mantrelor\u201d aduce \u00eempreun\u0103 \u015ftiin\u0163a \u015fi arta, ilustr\u00e2nd prin dans, muzic\u0103, pictur\u0103 \u015fi proiec\u0163ie video puterea sunetului asupra materiei, aspectul terapeutic al limbii sanscrite, precum \u015fi frumuse\u0163ea unuia din cele mai vechi stiluri de dans din lume. \u00cen cele din urm\u0103, spectacolul simbolizeaz\u0103 confluen\u0163a dintre Occident \u015fi Orient prin dou\u0103 genuri muzicale \u015fi coregrafice des\u0103v\u00e2r\u015fite pe care cele dou\u0103 culturi le-au oferit umanit\u0103\u0163ii. Stilurile \u00eembinate se completeaz\u0103 \u015fi se pun \u00een valoare reciproc, pentru ca publicul s\u0103 tr\u0103iasc\u0103 o experien\u0163\u0103 unic\u0103.<\/p>\n","protected":false},"excerpt":{"rendered":"<p>Rolul terapeutic al sunetului \u00eentr-o \u00eembinare inovativ\u0103 de balet \u015fi dans clasic indian &nbsp; Trei reprezentan\u0163i ai dansului Odissi din India \u015fi trei balerini din Bucure\u015fti vor da via\u0163\u0103 unei originale crea\u0163ii artistice, care ilustreaz\u0103 prin muzic\u0103 \u015fi dans efectele binef\u0103c\u0103toare ale sunetului asupra fiin\u0163ei umane. Spectacolul Sanscrita, limba mantrelor va fi prezentat \u00een fa\u0163a&hellip;&nbsp;<a href=\"https:\/\/revistacultura.ro\/agenda\/2014\/06\/spectacolul-sanscrita-limba-mantrelor\/\" rel=\"bookmark\">Cite\u0219te mai mult &raquo;<span class=\"screen-reader-text\">Spectacolul \u201eSanscrita, limba mantrelor\u201d<\/span><\/a><\/p>\n","protected":false},"author":2,"featured_media":19044,"comment_status":"open","ping_status":"open","sticky":false,"template":"","format":"standard","meta":{"neve_meta_sidebar":"","neve_meta_container":"","neve_meta_enable_content_width":"","neve_meta_content_width":0,"neve_meta_title_alignment":"","neve_meta_author_avatar":"","neve_post_elements_order":"","neve_meta_disable_header":"","neve_meta_disable_footer":"","neve_meta_disable_title":"","_jetpack_newsletter_access":"","_jetpack_dont_email_post_to_subs":false,"_jetpack_newsletter_tier_id":0,"_jetpack_memberships_contains_paywalled_content":false,"_jetpack_feature_clip_id":0,"_jetpack_memberships_contains_paid_content":false,"footnotes":"","jetpack_publicize_message":"","jetpack_publicize_feature_enabled":true,"jetpack_social_post_already_shared":true,"jetpack_social_options":{"image_generator_settings":{"template":"highway","default_image_id":0,"font":"","enabled":false},"version":2},"jetpack_post_was_ever_published":false},"categories":[152],"tags":[411,412,413],"class_list":["post-19043","post","type-post","status-publish","format-standard","has-post-thumbnail","hentry","category-agenda-cultura","tag-dansul-odissi-din-india","tag-sala-capitol-a-filarmonicii-banatul","tag-teatrul-odeon-bucuresti"],"jetpack_publicize_connections":[],"jetpack_sharing_enabled":true,"jetpack-related-posts":[{"id":20178,"url":"https:\/\/revistacultura.ro\/agenda\/2019\/09\/montarea-henric-al-iv-lea-a-teatrului-maghiar-din-timisoara-va-veni-la-bucuresti\/","url_meta":{"origin":19043,"position":0},"title":"Montarea \u201eHENRIC al IV-lea\u201d a Teatrului Maghiar din Timi\u0219oara va veni la Bucure\u0219ti","author":"Revista","date":"14 septembrie 2019","format":false,"excerpt":"Cu 41 de spectacole \u00een selec\u021bia oficial\u0103, Festivalul Na\u021bional de Teatru, FNT, se constituie \u00eentr-un mare eveniment al toamnei bucure\u0219tene. Spectacole ale unor trupe de prestigiu din Rom\u00e2nia vor fi prezente \u00een luna octombrie (de pe 18 pe 27) pe scenele teatrelor bucure\u0219tene, o ocazie unic\u0103 de conectare cu spectacole\u2026","rel":"","context":"\u00cen \u201eSemnal\u201d","block_context":{"text":"Semnal","link":"https:\/\/revistacultura.ro\/agenda\/category\/semnal\/"},"img":{"alt_text":"","src":"https:\/\/i0.wp.com\/revistacultura.ro\/agenda\/wp-content\/uploads\/2019\/10\/portret-HENRIC-IV-foto-Adriana-Grand.jpg?resize=350%2C200&ssl=1","width":350,"height":200},"classes":[]},{"id":20087,"url":"https:\/\/revistacultura.ro\/agenda\/2019\/06\/misterele-bucurestiului-7-9-iunie-2019-editia-i\/","url_meta":{"origin":19043,"position":1},"title":"Misterele Bucure\u0219tiului, 7 &#8211; 9 iunie 2019, edi\u021bia I","author":"Revista Cultura","date":"4 iunie 2019","format":false,"excerpt":"\u00cen contextul sezonului Rom\u00e2nia \u02d7 Fran\u021ba 2019, \u00een perioada 7-9 iunie, se desf\u0103\u0219oar\u0103, la Bucure\u0219ti, prima edi\u021bie a festivalului Misterele Bucure\u0219tiului. Festivalul este organizat de Muzeul Na\u021bional al Literaturii Rom\u00e2ne \u00een colaborare cu lyonez\u00a0Quais du polar\/Lyon, Teatrul Dramaturgilor Rom\u00e2ni \u0219i Institutul Francez din Rom\u00e2nia. Festivalul Misterele Bucure\u0219tiului ofer\u0103 publicului o\u2026","rel":"","context":"\u00cen \u201eAgenda culturala\u201d","block_context":{"text":"Agenda culturala","link":"https:\/\/revistacultura.ro\/agenda\/category\/agenda-cultura\/"},"img":{"alt_text":"","src":"https:\/\/i0.wp.com\/revistacultura.ro\/agenda\/wp-content\/uploads\/2019\/06\/unnamed.jpg?resize=350%2C200&ssl=1","width":350,"height":200,"srcset":"https:\/\/i0.wp.com\/revistacultura.ro\/agenda\/wp-content\/uploads\/2019\/06\/unnamed.jpg?resize=350%2C200&ssl=1 1x, https:\/\/i0.wp.com\/revistacultura.ro\/agenda\/wp-content\/uploads\/2019\/06\/unnamed.jpg?resize=525%2C300&ssl=1 1.5x"},"classes":[]},{"id":20942,"url":"https:\/\/revistacultura.ro\/agenda\/2022\/12\/premiera-atmosfera-la-teatrul-mihai-eminescu-din-timisoara\/","url_meta":{"origin":19043,"position":2},"title":"Premier\u0103 aTMosfera la Teatrul \u201eMihai Eminescu\u201d din Timi\u0219oara","author":"Cultura","date":"9 decembrie 2022","format":false,"excerpt":"Premier\u0103: duminic\u0103, 18 decembrie, de la ora 19, \u00een Sala 2 a Teatrului Na\u021bional \u201eMihai Eminescu\u201d din Timi\u0219oara Spectacolul trilingv duce mai departe experien\u021ba \u00eenceput\u0103 \u00een luna octombrie cu proiectul \u201eBanat in Europe\u201d, proiect care propune o c\u0103l\u0103torie teatral\u0103 \u00een ceea ce \u00eenseamn\u0103 ast\u0103zi regiunea Banatului, \u00een universalitatea sa metaforic\u0103\u2026","rel":"","context":"\u00cen \u201eAgenda culturala\u201d","block_context":{"text":"Agenda culturala","link":"https:\/\/revistacultura.ro\/agenda\/category\/agenda-cultura\/"},"img":{"alt_text":"","src":"https:\/\/i0.wp.com\/revistacultura.ro\/agenda\/wp-content\/uploads\/2022\/12\/Sala2timisoara-teatru.webp?resize=350%2C200&ssl=1","width":350,"height":200,"srcset":"https:\/\/i0.wp.com\/revistacultura.ro\/agenda\/wp-content\/uploads\/2022\/12\/Sala2timisoara-teatru.webp?resize=350%2C200&ssl=1 1x, https:\/\/i0.wp.com\/revistacultura.ro\/agenda\/wp-content\/uploads\/2022\/12\/Sala2timisoara-teatru.webp?resize=525%2C300&ssl=1 1.5x, https:\/\/i0.wp.com\/revistacultura.ro\/agenda\/wp-content\/uploads\/2022\/12\/Sala2timisoara-teatru.webp?resize=700%2C400&ssl=1 2x"},"classes":[]},{"id":21981,"url":"https:\/\/revistacultura.ro\/agenda\/2026\/05\/gala-premiilor-uniter-editia-34\/","url_meta":{"origin":19043,"position":3},"title":"Gala Premiilor UNITER, edi\u021bia 34","author":"Cultura","date":"25 mai 2026","format":false,"excerpt":"Luni, 25 mai, ora 20:00, UNITER dezv\u0103luie edi\u021bia 34 a premiilor teatrului rom\u00e2nesc, la Teatrul Odeon, s\u0103rb\u0103toare care \u2013 pe l\u00e2ng\u0103 menirea de a recunoa\u0219te valorile din teatru \u2013 vorbe\u0219te f\u0103r\u0103 doar \u0219i poate despre fragilitatea, vulnerabilitatea culturii, dar \u0219i despre for\u021ba ei de a rezista. Nu \u00eent\u00e2mpl\u0103tor, trofeul UNITER\u2026","rel":"","context":"\u00cen \u201ecomunicate\u201d","block_context":{"text":"comunicate","link":"https:\/\/revistacultura.ro\/agenda\/category\/comunicate\/"},"img":{"alt_text":"","src":"https:\/\/i0.wp.com\/revistacultura.ro\/agenda\/wp-content\/uploads\/2026\/05\/uniter_2026.webp?resize=350%2C200&ssl=1","width":350,"height":200,"srcset":"https:\/\/i0.wp.com\/revistacultura.ro\/agenda\/wp-content\/uploads\/2026\/05\/uniter_2026.webp?resize=350%2C200&ssl=1 1x, https:\/\/i0.wp.com\/revistacultura.ro\/agenda\/wp-content\/uploads\/2026\/05\/uniter_2026.webp?resize=525%2C300&ssl=1 1.5x, https:\/\/i0.wp.com\/revistacultura.ro\/agenda\/wp-content\/uploads\/2026\/05\/uniter_2026.webp?resize=700%2C400&ssl=1 2x"},"classes":[]},{"id":20080,"url":"https:\/\/revistacultura.ro\/agenda\/2019\/05\/eveniment-unic-la-teatrul-odeon-%cb%97-ali-moini-man-anam-ke-rostam-bovad-pahlavan\/","url_meta":{"origin":19043,"position":4},"title":"Eveniment unic la Teatrul Odeon \u02d7 Ali Moini &#8211; Man anam ke rostam bovad pahlavan","author":"Revista Cultura","date":"22 mai 2019","format":false,"excerpt":"Centrul Na\u021bional al Dansului Bucure\u0219ti (CNDB) cu sprijinul Teatrului Odeon \u0219i al Institutului Francez Bucure\u0219ti \u00a0prezint\u0103 \u00een premier\u0103, \u00een Rom\u00e2nia spectacolul Man anam ke rostam bovad pahlavan de Ali Moini. Evenimentul se va desf\u0103sura vineri, 7 iunie, ora 20:30, la Teatrul Odeon, spectacolul fiind urmat de o sesiune de Q&A\u2026","rel":"","context":"\u00cen \u201eAgenda culturala\u201d","block_context":{"text":"Agenda culturala","link":"https:\/\/revistacultura.ro\/agenda\/category\/agenda-cultura\/"},"img":{"alt_text":"","src":"https:\/\/i0.wp.com\/revistacultura.ro\/agenda\/wp-content\/uploads\/2019\/05\/20-man_03.jpg?resize=350%2C200&ssl=1","width":350,"height":200,"srcset":"https:\/\/i0.wp.com\/revistacultura.ro\/agenda\/wp-content\/uploads\/2019\/05\/20-man_03.jpg?resize=350%2C200&ssl=1 1x, https:\/\/i0.wp.com\/revistacultura.ro\/agenda\/wp-content\/uploads\/2019\/05\/20-man_03.jpg?resize=525%2C300&ssl=1 1.5x"},"classes":[]},{"id":20068,"url":"https:\/\/revistacultura.ro\/agenda\/2019\/05\/programul-teszt-2019-editie-de-avarie\/","url_meta":{"origin":19043,"position":5},"title":"Programul TESZT 2019 (edi\u021bie de avarie)","author":"Revista Cultura","date":"10 mai 2019","format":false,"excerpt":"Festivalul Euroregional de Teatru Timi\u0219oara \u2013 TESZT, ajuns la a dou\u0103sprezecea edi\u021bie, \u00ee\u0219i restr\u00e2nge considerabil programul ini\u021bial \u00een urma adopt\u0103rii bugetului Teatrului Maghiar \u201eCsiky Gergely\u201d Timi\u0219oara. Pentru a p\u0103stra continuitatea \u0219i rela\u021bia cu spectatorii fideli spiritului TESZT, \u00een 20-26 mai 2019 vom organiza un TESZT cu program redus, o edi\u021bie\u2026","rel":"","context":"\u00cen \u201eAgenda culturala\u201d","block_context":{"text":"Agenda culturala","link":"https:\/\/revistacultura.ro\/agenda\/category\/agenda-cultura\/"},"img":{"alt_text":"","src":"https:\/\/i0.wp.com\/revistacultura.ro\/agenda\/wp-content\/uploads\/2019\/05\/teszt-mic.jpg?resize=350%2C200&ssl=1","width":350,"height":200,"srcset":"https:\/\/i0.wp.com\/revistacultura.ro\/agenda\/wp-content\/uploads\/2019\/05\/teszt-mic.jpg?resize=350%2C200&ssl=1 1x, https:\/\/i0.wp.com\/revistacultura.ro\/agenda\/wp-content\/uploads\/2019\/05\/teszt-mic.jpg?resize=525%2C300&ssl=1 1.5x, https:\/\/i0.wp.com\/revistacultura.ro\/agenda\/wp-content\/uploads\/2019\/05\/teszt-mic.jpg?resize=700%2C400&ssl=1 2x"},"classes":[]}],"jetpack_featured_media_url":"https:\/\/revistacultura.ro\/agenda\/wp-content\/uploads\/2014\/06\/Reela-Hota-3.jpg","_links":{"self":[{"href":"https:\/\/revistacultura.ro\/agenda\/wp-json\/wp\/v2\/posts\/19043","targetHints":{"allow":["GET"]}}],"collection":[{"href":"https:\/\/revistacultura.ro\/agenda\/wp-json\/wp\/v2\/posts"}],"about":[{"href":"https:\/\/revistacultura.ro\/agenda\/wp-json\/wp\/v2\/types\/post"}],"author":[{"embeddable":true,"href":"https:\/\/revistacultura.ro\/agenda\/wp-json\/wp\/v2\/users\/2"}],"replies":[{"embeddable":true,"href":"https:\/\/revistacultura.ro\/agenda\/wp-json\/wp\/v2\/comments?post=19043"}],"version-history":[{"count":3,"href":"https:\/\/revistacultura.ro\/agenda\/wp-json\/wp\/v2\/posts\/19043\/revisions"}],"predecessor-version":[{"id":19047,"href":"https:\/\/revistacultura.ro\/agenda\/wp-json\/wp\/v2\/posts\/19043\/revisions\/19047"}],"wp:featuredmedia":[{"embeddable":true,"href":"https:\/\/revistacultura.ro\/agenda\/wp-json\/wp\/v2\/media\/19044"}],"wp:attachment":[{"href":"https:\/\/revistacultura.ro\/agenda\/wp-json\/wp\/v2\/media?parent=19043"}],"wp:term":[{"taxonomy":"category","embeddable":true,"href":"https:\/\/revistacultura.ro\/agenda\/wp-json\/wp\/v2\/categories?post=19043"},{"taxonomy":"post_tag","embeddable":true,"href":"https:\/\/revistacultura.ro\/agenda\/wp-json\/wp\/v2\/tags?post=19043"}],"curies":[{"name":"wp","href":"https:\/\/api.w.org\/{rel}","templated":true}]}}