{"id":18674,"date":"2014-04-10T12:07:27","date_gmt":"2014-04-10T10:07:27","guid":{"rendered":"http:\/\/revistacultura.ro\/nou\/?p=18674"},"modified":"2014-04-10T12:07:27","modified_gmt":"2014-04-10T10:07:27","slug":"visul-performance-solo","status":"publish","type":"post","link":"https:\/\/revistacultura.ro\/agenda\/2014\/04\/visul-performance-solo\/","title":{"rendered":"Visul. Performance solo"},"content":{"rendered":"<p>Trei arti\u015fti speciali au adus la Bucure\u015fti S\u0103rb\u0103toarea viselor (lui) Nijinsky. O coregrafie incitant\u0103, o nou\u0103 punere \u00een scen\u0103 a S\u0103rb\u0103torii Prim\u0103verii a lui Igor Stravinski. Acest performance solo, inspirat de polonezul precursor \u015fi legend\u0103 a dansului contemporan,pleac\u0103 de la crea\u0163iile lui Waclaw Nizynski \u015fi de la m\u0103rturiile din Jurnalul scris dup\u0103 ce s-a retras din lumea spectacolului. Rite of Dreams Project\u00a0 \u00eei reune\u015fte pe Tomasz Wygoda (dansator), Anna Godowska (coregraf\u0103), Slawomir Krawczynski (scenarist, regizor, light designer). Extraordinarul dansator Tomasz Wygoda, care e \u015fi actor, pedagog \u015fi coregraf, evolueaz\u0103 \u00een spectacolele lui Krzysztof Warlikowski \u015fi semneaz\u0103, \u00een ultima vreme, coregrafia majorit\u0103\u0163ii spectacolelor de oper\u0103 de la Teatr Wielki \u2013 Opera Na\u0163ional\u0103 din Var\u015fovia.Rite of Dreams Project poate fi v\u0103zut joi, 10 aprilie, ora 19.30, la Centrul Na\u0163ional al Dansului, Sala Stere Popescu, Bd. M\u0103r\u0103\u015fe\u015fti 80-82.<\/p>\n","protected":false},"excerpt":{"rendered":"<p>Trei arti\u015fti speciali au adus la Bucure\u015fti S\u0103rb\u0103toarea viselor (lui) Nijinsky. O coregrafie incitant\u0103, o nou\u0103 punere \u00een scen\u0103 a S\u0103rb\u0103torii Prim\u0103verii a lui Igor Stravinski. Acest performance solo, inspirat de polonezul precursor \u015fi legend\u0103 a dansului contemporan,pleac\u0103 de la crea\u0163iile lui Waclaw Nizynski \u015fi de la m\u0103rturiile din Jurnalul scris dup\u0103 ce s-a retras&hellip;&nbsp;<a href=\"https:\/\/revistacultura.ro\/agenda\/2014\/04\/visul-performance-solo\/\" rel=\"bookmark\">Cite\u0219te mai mult &raquo;<span class=\"screen-reader-text\">Visul. Performance solo<\/span><\/a><\/p>\n","protected":false},"author":2,"featured_media":0,"comment_status":"open","ping_status":"open","sticky":false,"template":"","format":"standard","meta":{"neve_meta_sidebar":"","neve_meta_container":"","neve_meta_enable_content_width":"","neve_meta_content_width":0,"neve_meta_title_alignment":"","neve_meta_author_avatar":"","neve_post_elements_order":"","neve_meta_disable_header":"","neve_meta_disable_footer":"","neve_meta_disable_title":"","_jetpack_newsletter_access":"","_jetpack_dont_email_post_to_subs":false,"_jetpack_newsletter_tier_id":0,"_jetpack_memberships_contains_paywalled_content":false,"_jetpack_feature_clip_id":0,"_jetpack_memberships_contains_paid_content":false,"footnotes":"","jetpack_publicize_message":"","jetpack_publicize_feature_enabled":true,"jetpack_social_post_already_shared":true,"jetpack_social_options":{"image_generator_settings":{"template":"highway","default_image_id":0,"font":"","enabled":false},"version":2},"jetpack_post_was_ever_published":false},"categories":[152],"tags":[304,305],"class_list":["post-18674","post","type-post","status-publish","format-standard","hentry","category-agenda-cultura","tag-nijinsky","tag-sarbatoarea-viselor"],"jetpack_publicize_connections":[],"jetpack_sharing_enabled":true,"jetpack-related-posts":[{"id":19439,"url":"https:\/\/revistacultura.ro\/agenda\/2014\/10\/filmul-romanesc-in-lume\/","url_meta":{"origin":18674,"position":0},"title":"Filmul rom\u00e2nesc  \u00een lume","author":"Revista","date":"9 octombrie 2014","format":false,"excerpt":"\u00a0 \u00centre 9 \u015fi 18 octombrie, produc\u0163iile C\u00e2nd se las\u0103 seara peste Bucure\u015fti sau Metabolism, regia Corneliu Porumboiu \u015fi C\u00e2inele japonez, regia Tudor Cristian Jurgiu, particip\u0103 la Festivalul Interna\u0163ional de Film din Haifa, Israel. Proiec\u0163ia filmelor este posibil\u0103 cu sprijinul ICR Tel Aviv. \u00cen fiecare an, timp de opt zile,\u2026","rel":"","context":"\u00cen \u201eAgenda culturala\u201d","block_context":{"text":"Agenda culturala","link":"https:\/\/revistacultura.ro\/agenda\/category\/agenda-cultura\/"},"img":{"alt_text":"","src":"https:\/\/i0.wp.com\/revistacultura.ro\/agenda\/wp-content\/uploads\/2014\/10\/Cainele-Japonez.jpg?resize=350%2C200&ssl=1","width":350,"height":200,"srcset":"https:\/\/i0.wp.com\/revistacultura.ro\/agenda\/wp-content\/uploads\/2014\/10\/Cainele-Japonez.jpg?resize=350%2C200&ssl=1 1x, https:\/\/i0.wp.com\/revistacultura.ro\/agenda\/wp-content\/uploads\/2014\/10\/Cainele-Japonez.jpg?resize=525%2C300&ssl=1 1.5x, https:\/\/i0.wp.com\/revistacultura.ro\/agenda\/wp-content\/uploads\/2014\/10\/Cainele-Japonez.jpg?resize=700%2C400&ssl=1 2x"},"classes":[]},{"id":19227,"url":"https:\/\/revistacultura.ro\/agenda\/2014\/07\/bosch-pe-scena-din-iasi\/","url_meta":{"origin":18674,"position":1},"title":"Bosch pe scena din Ia\u015fi","author":"Revista","date":"10 iulie 2014","format":false,"excerpt":"Ultima premier\u0103 a stagiunii la Teatrul Na\u0163ional Ia\u015fi, sala Teatru\u0142 (Teatru la Cub), este Hieronymus, un spectacol de Nic Ularu. Piesa scris\u0103 \u015fi regizat\u0103 de Nic Ularu (scenograf, regizor \u015fi autor dramatic, profesor la Departamentul de Teatru \u015fi Dans al Universit\u0103\u0163ii din Carolina de Sud) a fost jucat\u0103 \u00een varianta\u2026","rel":"","context":"\u00cen \u201eAgenda culturala\u201d","block_context":{"text":"Agenda culturala","link":"https:\/\/revistacultura.ro\/agenda\/category\/agenda-cultura\/"},"img":{"alt_text":"","src":"https:\/\/i0.wp.com\/revistacultura.ro\/agenda\/wp-content\/uploads\/2014\/07\/Bosch.jpg?resize=350%2C200&ssl=1","width":350,"height":200,"srcset":"https:\/\/i0.wp.com\/revistacultura.ro\/agenda\/wp-content\/uploads\/2014\/07\/Bosch.jpg?resize=350%2C200&ssl=1 1x, https:\/\/i0.wp.com\/revistacultura.ro\/agenda\/wp-content\/uploads\/2014\/07\/Bosch.jpg?resize=525%2C300&ssl=1 1.5x"},"classes":[]},{"id":18682,"url":"https:\/\/revistacultura.ro\/agenda\/2014\/04\/teolografii-atelier-030202\/","url_meta":{"origin":18674,"position":2},"title":"Teolografii, Atelier 030202","author":"Revista","date":"10 aprilie 2014","format":false,"excerpt":"Atelier 030202 g\u0103zduie\u015fte, \u00een perioada 10 aprilie-6 mai, noua personal\u0103 Constantin Cioc. Un binevenit eveniment care prefa\u0163eaz\u0103 S\u0103rb\u0103toarea pascal\u0103. Teolografii. Semn\u0103turi, semne, sem\u0103n\u0103turi aduce pe simezele galeriei \u015faisprezece lucr\u0103ri \u00een tehnic\u0103 mixt\u0103, colaj \u2013 obiect. Literele CTN desprinse din prenumele artistului devin un veritabil metalimbaj vizual, c\u0103ut\u00e2nd sacrul \u015fi raport\u00e2ndu-se\u2026","rel":"","context":"\u00cen \u201eAgenda culturala\u201d","block_context":{"text":"Agenda culturala","link":"https:\/\/revistacultura.ro\/agenda\/category\/agenda-cultura\/"},"img":{"alt_text":"","src":"","width":0,"height":0},"classes":[]},{"id":22155,"url":"https:\/\/revistacultura.ro\/agenda\/2026\/08\/naum-111-la-comana-giurgiu-pe-8-a-8-a\/","url_meta":{"origin":18674,"position":3},"title":"Naum 111 la Comana (Giurgiu) pe 8 a 8-a","author":"Cultura","date":"5 august 2026","format":false,"excerpt":"S\u00e2mb\u0103t\u0103, 8 august 2026, \u00eentr-o zi sub semnul infinitului, v\u0103 invit\u0103m s\u0103-l evoc\u0103m pe Gellu Naum, cu ocazia \u00eemplinirii a 111 ani de la na\u0219tere. Pentru c\u0103 ne dorim ca Festivalul \u201eGellu Naum\u201d, ini\u021biat \u0219i coordonat de poeta Simona Popescu \u0219i sus\u021binut de Muzeul Na\u021bional al Literaturii Rom\u00e2ne, s\u0103 continue\u2026","rel":"","context":"\u00cen \u201eInvita\u021bii\u201d","block_context":{"text":"Invita\u021bii","link":"https:\/\/revistacultura.ro\/agenda\/category\/invitatii\/"},"img":{"alt_text":"","src":"https:\/\/i0.wp.com\/revistacultura.ro\/agenda\/wp-content\/uploads\/2026\/08\/Moara_de_Hartie-0135.webp?resize=350%2C200&ssl=1","width":350,"height":200,"srcset":"https:\/\/i0.wp.com\/revistacultura.ro\/agenda\/wp-content\/uploads\/2026\/08\/Moara_de_Hartie-0135.webp?resize=350%2C200&ssl=1 1x, https:\/\/i0.wp.com\/revistacultura.ro\/agenda\/wp-content\/uploads\/2026\/08\/Moara_de_Hartie-0135.webp?resize=525%2C300&ssl=1 1.5x, https:\/\/i0.wp.com\/revistacultura.ro\/agenda\/wp-content\/uploads\/2026\/08\/Moara_de_Hartie-0135.webp?resize=700%2C400&ssl=1 2x"},"classes":[]},{"id":21114,"url":"https:\/\/revistacultura.ro\/agenda\/2024\/04\/avanpremiera-centenarului-puccini\/","url_meta":{"origin":18674,"position":4},"title":"Avanpremiera Centenarului Puccini","author":"Cultura","date":"19 aprilie 2024","format":false,"excerpt":"Anul 2024 \u00eei este dedicat compozitorului italian Giacomo Puccini, de la a c\u0103rui trecere \u00een eternitate se \u00eemplinesc \u00een acest an 100 de ani. Celebrarea Centenarului Puccini \u00een Rom\u00e2nia include o serie de evenimente de \u00eenalt\u0103 \u021binut\u0103 artistic\u0103 ce vor onora a\u0219a cum se cuvine contribu\u021bia extraordinar\u0103 a compozitorului \u00een\u2026","rel":"","context":"\u00cen \u201eAgenda culturala\u201d","block_context":{"text":"Agenda culturala","link":"https:\/\/revistacultura.ro\/agenda\/category\/agenda-cultura\/"},"img":{"alt_text":"","src":"https:\/\/i0.wp.com\/revistacultura.ro\/agenda\/wp-content\/uploads\/2024\/04\/Premiera-Tosca-Cluj.webp?resize=350%2C200&ssl=1","width":350,"height":200,"srcset":"https:\/\/i0.wp.com\/revistacultura.ro\/agenda\/wp-content\/uploads\/2024\/04\/Premiera-Tosca-Cluj.webp?resize=350%2C200&ssl=1 1x, https:\/\/i0.wp.com\/revistacultura.ro\/agenda\/wp-content\/uploads\/2024\/04\/Premiera-Tosca-Cluj.webp?resize=525%2C300&ssl=1 1.5x, https:\/\/i0.wp.com\/revistacultura.ro\/agenda\/wp-content\/uploads\/2024\/04\/Premiera-Tosca-Cluj.webp?resize=700%2C400&ssl=1 2x"},"classes":[]},{"id":21686,"url":"https:\/\/revistacultura.ro\/agenda\/2026\/02\/22-02-cluj-concert-film-keith-jarrett\/","url_meta":{"origin":18674,"position":5},"title":"22.02, Cluj: Concert &amp; film Keith Jarrett","author":"Cultura","date":"18 februarie 2026","format":false,"excerpt":"Concert \u0219i film - 50 de ani ai albumului K\u00d6LN CONCERT de Keith Jarrett Istoricul album de pian solo\u00a0K\u00f6ln Concert\u00a0al lui\u00a0Keith Jarrett\u00a0a fost \u00eenregistrat \u00een 24 ianuarie 1975 la Opera din\u00a0K\u00f6ln, gra\u021bie eforturilor organizatorice depuse de Vera Brandes. Aceasta avea pe atunci 18 ani \u0219i era cea mai t\u00e2n\u0103r\u0103 impresar\u0103\u2026","rel":"","context":"\u00cen \u201eAgenda culturala\u201d","block_context":{"text":"Agenda culturala","link":"https:\/\/revistacultura.ro\/agenda\/category\/agenda-cultura\/"},"img":{"alt_text":"","src":"https:\/\/i0.wp.com\/revistacultura.ro\/agenda\/wp-content\/uploads\/2026\/02\/jazz-concert.webp?resize=350%2C200&ssl=1","width":350,"height":200,"srcset":"https:\/\/i0.wp.com\/revistacultura.ro\/agenda\/wp-content\/uploads\/2026\/02\/jazz-concert.webp?resize=350%2C200&ssl=1 1x, https:\/\/i0.wp.com\/revistacultura.ro\/agenda\/wp-content\/uploads\/2026\/02\/jazz-concert.webp?resize=525%2C300&ssl=1 1.5x, https:\/\/i0.wp.com\/revistacultura.ro\/agenda\/wp-content\/uploads\/2026\/02\/jazz-concert.webp?resize=700%2C400&ssl=1 2x"},"classes":[]}],"jetpack_featured_media_url":"","_links":{"self":[{"href":"https:\/\/revistacultura.ro\/agenda\/wp-json\/wp\/v2\/posts\/18674","targetHints":{"allow":["GET"]}}],"collection":[{"href":"https:\/\/revistacultura.ro\/agenda\/wp-json\/wp\/v2\/posts"}],"about":[{"href":"https:\/\/revistacultura.ro\/agenda\/wp-json\/wp\/v2\/types\/post"}],"author":[{"embeddable":true,"href":"https:\/\/revistacultura.ro\/agenda\/wp-json\/wp\/v2\/users\/2"}],"replies":[{"embeddable":true,"href":"https:\/\/revistacultura.ro\/agenda\/wp-json\/wp\/v2\/comments?post=18674"}],"version-history":[{"count":0,"href":"https:\/\/revistacultura.ro\/agenda\/wp-json\/wp\/v2\/posts\/18674\/revisions"}],"wp:attachment":[{"href":"https:\/\/revistacultura.ro\/agenda\/wp-json\/wp\/v2\/media?parent=18674"}],"wp:term":[{"taxonomy":"category","embeddable":true,"href":"https:\/\/revistacultura.ro\/agenda\/wp-json\/wp\/v2\/categories?post=18674"},{"taxonomy":"post_tag","embeddable":true,"href":"https:\/\/revistacultura.ro\/agenda\/wp-json\/wp\/v2\/tags?post=18674"}],"curies":[{"name":"wp","href":"https:\/\/api.w.org\/{rel}","templated":true}]}}