{"id":18668,"date":"2014-04-10T12:02:01","date_gmt":"2014-04-10T10:02:01","guid":{"rendered":"http:\/\/revistacultura.ro\/nou\/?p=18668"},"modified":"2014-04-10T12:02:01","modified_gmt":"2014-04-10T10:02:01","slug":"romeo-si-julieta-clan-destini","status":"publish","type":"post","link":"https:\/\/revistacultura.ro\/agenda\/2014\/04\/romeo-si-julieta-clan-destini\/","title":{"rendered":"Romeo \u015fi Julieta Clan\u2019 Destin(i)"},"content":{"rendered":"<p>\u00ce\u015fi primesc publicul cu f\u0103clii aprinse \u015fi covor ro\u015fu. \u00cel preg\u0103tesc, de la intrarea \u00een teatru chiar, pentru un spectacol foarte viu, ie\u015fit din tipare, ca un caleidoscop \u00een care se rotesc \u015fi se (re)combin\u0103 iubirea, moartea, libertatea, credin\u0163a, ura, prietenia, inocen\u0163a, incon\u015ftien\u0163a, surghiunul. Cu o sinceritate c\u0103reia spectatorul este invitat s\u0103-i fie partener. Pentru c\u0103, a\u015fa cum s-au obi\u015fnuit s\u0103 cread\u0103, chiar de la primele repeti\u0163ii, \u201eto\u0163i avem Mantua noastr\u0103\u201d. Sunt treizeci \u015fi trei de tineri actori \u015fi de actori \u00een devenire. S-au reunit \u00eentr-o trup\u0103 cu numele Clan\u2019 Destin . Un clan al pasiona\u0163ilor de teatru, \u00een general \u015fi de teatru shakespearian, \u00een special. \u015etiu c\u0103 \u201epo\u0163i s\u0103 fii oric\u00e2t de talentat, dac\u0103 nu te vrea spectacolul, nu urci pe scen\u0103\u201d. \u00cen tot ce fac vizeaz\u0103 performan\u0163a. Sunt siguri c\u0103 acest clan va avea destin \u00een lumea teatrului de azi. \u015ei c\u0103 montarea \u201eRomeo \u015fi Julieta\u201d work \u00een progress, cu dubl\u0103 \u015fi chiar tripl\u0103 distribu\u0163ie pentru c\u00e2teva roluri, cu, din c\u00e2nd \u00een c\u00e2nd, nou veni\u0163i \u015fi schimb\u0103ri, periodice, de costume \u015fi de decor, este o premier\u0103 \u00een Rom\u00e2nia.<br \/>\nLa \u00eenceput de carier\u0103, ca actri\u0163\u0103, regizoarea Teodora C\u00e2mpineanu a interpretat rolul Julietei, opt ani, \u00eentr-o produc\u0163ie TNB. Devenit\u0103 director de scen\u0103, a fost foarte interesat\u0103 s\u0103 lucreze cu tinerii: \u201eun veritabil master \u00eentr-ale teatrului\u201d spune ea. Tot ce construie\u015fte pentru scen\u0103 pleac\u0103 de la \u00eendemnul mentorului ei, maestrul Liviu Ciulei: \u201eFii, nu te preface c\u0103 e\u015fti!\u201d<br \/>\nCu doar dou\u0103 practicabile \u2013 \u201es\u0103 nu sufoc mesajul, c\u00e2nd vine moartea, vine simplu, f\u0103r\u0103 alai\u201d \u2013 cu elemente de costum de epoc\u0103, \u00een prima parte, \u015fi o trecere pe nesim\u0163ite spre ziua de azi, \u00een a doua parte, cu muzica extraordinar\u0103 compus\u0103\u00a0 special de Michi (\u201e\u015euie Paparude\u201d) pentru acest spectacol, \u015fi magic light design, \u201eRomeo \u015fi Julieta\u201d Clan\u2019 Destin(ilor) a impresionat, \u00een egal\u0103 m\u0103sur\u0103, publicul, \u00een aer liber, \u00eentre ziduri de fort\u0103rea\u0163\u0103 (la Cetatea Sucevei) \u015fi pe scena italian\u0103.<br \/>\nMar\u0163i, 15 aprilie, ora 19,00, Raphaela Lei (student\u0103 \u00een anul \u00eent\u00e2i la UNATC), o Juliet\u0103 care tocmai a \u00eemplinit nou\u0103sprezece ani; R\u0103zvan Amitroaei \u2013 Romeo (absolvent UNATC) \u015fi \u00eentreaga trup\u0103 Clan\u2019 Destin a\u015fteapt\u0103 spectatorii \u00een Sala \u201eRadu Beligan\u201d a Teatrului de Comedie. Covorul ro\u015fu e preg\u0103tit, se vor aprinde \u015fi f\u0103cliile&#8230;<\/p>\n","protected":false},"excerpt":{"rendered":"<p>\u00ce\u015fi primesc publicul cu f\u0103clii aprinse \u015fi covor ro\u015fu. \u00cel preg\u0103tesc, de la intrarea \u00een teatru chiar, pentru un spectacol foarte viu, ie\u015fit din tipare, ca un caleidoscop \u00een care se rotesc \u015fi se (re)combin\u0103 iubirea, moartea, libertatea, credin\u0163a, ura, prietenia, inocen\u0163a, incon\u015ftien\u0163a, surghiunul. Cu o sinceritate c\u0103reia spectatorul este invitat s\u0103-i fie partener. Pentru&hellip;&nbsp;<a href=\"https:\/\/revistacultura.ro\/agenda\/2014\/04\/romeo-si-julieta-clan-destini\/\" rel=\"bookmark\">Cite\u0219te mai mult &raquo;<span class=\"screen-reader-text\">Romeo \u015fi Julieta Clan\u2019 Destin(i)<\/span><\/a><\/p>\n","protected":false},"author":2,"featured_media":0,"comment_status":"open","ping_status":"open","sticky":false,"template":"","format":"standard","meta":{"neve_meta_sidebar":"","neve_meta_container":"","neve_meta_enable_content_width":"","neve_meta_content_width":0,"neve_meta_title_alignment":"","neve_meta_author_avatar":"","neve_post_elements_order":"","neve_meta_disable_header":"","neve_meta_disable_footer":"","neve_meta_disable_title":"","_jetpack_newsletter_access":"","_jetpack_dont_email_post_to_subs":false,"_jetpack_newsletter_tier_id":0,"_jetpack_memberships_contains_paywalled_content":false,"_jetpack_feature_clip_id":0,"_jetpack_memberships_contains_paid_content":false,"footnotes":"","jetpack_publicize_message":"","jetpack_publicize_feature_enabled":true,"jetpack_social_post_already_shared":true,"jetpack_social_options":{"image_generator_settings":{"template":"highway","default_image_id":0,"font":"","enabled":false},"version":2},"jetpack_post_was_ever_published":false},"categories":[22],"tags":[131,132,133],"class_list":["post-18668","post","type-post","status-publish","format-standard","hentry","category-recomandarile-cultura","tag-montarea-romeo-si-julieta-work-in-progress","tag-spectacol-producie-tnb","tag-trupa-clan-destin"],"jetpack_publicize_connections":[],"jetpack_sharing_enabled":true,"jetpack-related-posts":[{"id":22007,"url":"https:\/\/revistacultura.ro\/agenda\/2026\/05\/un-nou-teatru-independent-se-lanseaza-cu-trolling-shakespeare\/","url_meta":{"origin":18668,"position":0},"title":"Un nou teatru independent se lanseaz\u0103 cu \u201eTrolling Shakespeare\u201d","author":"Cultura","date":"29 mai 2026","format":false,"excerpt":"Spectacolul se va juca pe 9, 10 \u0219i 30 iunie la Teatrul Amzei, de la ora 20:30. Un nou teatru independent din centrul Bucure\u0219tiului, situat pe strada Biserica Amzei, nr 21-23. Teatru la musta\u021b\u0103 Premiera na\u021bional\u0103 \u201eTrolling Shakespeare\u201d O incursiune vibrant\u0103 \u0219i neconven\u021bional\u0103 \u00een universul lui William Shakespeare prinde via\u021b\u0103\u2026","rel":"","context":"\u00cen \u201eAgenda culturala\u201d","block_context":{"text":"Agenda culturala","link":"https:\/\/revistacultura.ro\/agenda\/category\/agenda-cultura\/"},"img":{"alt_text":"","src":"https:\/\/i0.wp.com\/revistacultura.ro\/agenda\/wp-content\/uploads\/2026\/05\/troling_shakespeare.webp?resize=350%2C200&ssl=1","width":350,"height":200,"srcset":"https:\/\/i0.wp.com\/revistacultura.ro\/agenda\/wp-content\/uploads\/2026\/05\/troling_shakespeare.webp?resize=350%2C200&ssl=1 1x, https:\/\/i0.wp.com\/revistacultura.ro\/agenda\/wp-content\/uploads\/2026\/05\/troling_shakespeare.webp?resize=525%2C300&ssl=1 1.5x, https:\/\/i0.wp.com\/revistacultura.ro\/agenda\/wp-content\/uploads\/2026\/05\/troling_shakespeare.webp?resize=700%2C400&ssl=1 2x"},"classes":[]},{"id":19768,"url":"https:\/\/revistacultura.ro\/agenda\/2015\/06\/a-batut-gongul-la-godot\/","url_meta":{"origin":18668,"position":1},"title":"A b\u0103tut gongul  la Godot","author":"Cultura","date":"17 iunie 2015","format":false,"excerpt":"\u2026\u015fi s-a dat startul celei de-a doua edi\u0163ii a festivalului de teatru destinat tinerilor actori - Hyperion iese la Godot. Luni diminea\u0163\u0103, la festivitatea de deschidere, pe scena de la Godot Caf\u00e9-Teatru a p\u0103\u015fit actri\u0163a Maia Morgenstern \u2013 decan al Facult\u0103\u0163ii de Art\u0103 Geo Saizescu, al\u0103turi de domnul Vlad Leu\u2026","rel":"","context":"\u00cen \u201eAgenda culturala\u201d","block_context":{"text":"Agenda culturala","link":"https:\/\/revistacultura.ro\/agenda\/category\/agenda-cultura\/"},"img":{"alt_text":"INVITATIE FINAL","src":"https:\/\/i0.wp.com\/revistacultura.ro\/agenda\/wp-content\/uploads\/2015\/06\/INVITATIE-FINAL-300x130.jpg?resize=350%2C200","width":350,"height":200},"classes":[]},{"id":20022,"url":"https:\/\/revistacultura.ro\/agenda\/2019\/04\/teatrul-si-al-treilea-gen-un-dialog-intre-cristina-rusiecki-si-echipa-medeas-boys\/","url_meta":{"origin":18668,"position":2},"title":"Teatrul \u0219i al treilea gen. Un dialog \u00eentre Cristina Rusiecki \u0219i echipa \u201eMedea&#8217;s Boys\u201d","author":"Cultura","date":"9 aprilie 2019","format":false,"excerpt":"Conferin\u021ba \u201eTeatrul \u0219i al treilea gen\u201d, sus\u021binut\u0103 de criticul de teatru Cristina Rusiecki, regizorul Andrei M\u0103jeri \u0219i echipa spectacolului \u201eMedea's Boys\u201d, joi 11 aprilie, ora 18.30, la Muzeul Bucure\u0219ti, Palatul Su\u021bu \u00cen 2013, Forumul Interna\u021bional Intersex conchide c\u0103 oamenii ar trebui s\u0103 aib\u0103 dreptul de a\u00a0alege \u00eentre sexul feminin, masculin,\u2026","rel":"","context":"\u00cen \u201eAgenda culturala\u201d","block_context":{"text":"Agenda culturala","link":"https:\/\/revistacultura.ro\/agenda\/category\/agenda-cultura\/"},"img":{"alt_text":"","src":"https:\/\/i0.wp.com\/revistacultura.ro\/agenda\/wp-content\/uploads\/2019\/04\/Foto-conferinta-Medea.jpg?resize=350%2C200&ssl=1","width":350,"height":200,"srcset":"https:\/\/i0.wp.com\/revistacultura.ro\/agenda\/wp-content\/uploads\/2019\/04\/Foto-conferinta-Medea.jpg?resize=350%2C200&ssl=1 1x, https:\/\/i0.wp.com\/revistacultura.ro\/agenda\/wp-content\/uploads\/2019\/04\/Foto-conferinta-Medea.jpg?resize=525%2C300&ssl=1 1.5x, https:\/\/i0.wp.com\/revistacultura.ro\/agenda\/wp-content\/uploads\/2019\/04\/Foto-conferinta-Medea.jpg?resize=700%2C400&ssl=1 2x"},"classes":[]},{"id":18572,"url":"https:\/\/revistacultura.ro\/agenda\/2014\/04\/18572\/","url_meta":{"origin":18668,"position":3},"title":"Respir\u0103 teatru, Sibiu","author":"Revista","date":"3 aprilie 2014","format":false,"excerpt":"\u00cen anul 2007, pe vremea c\u00e2nd Sibiul era Capital\u0103 Cultural\u0103 European\u0103, un grup de tineri actori propunea un alt tip de spectacol, cel \u00een spa\u0163ii neconven\u0163ionale, \u00een pie\u0163ele ora\u015fului vechi \u015fi \u00een cafenelele cele mai selecte. \u015ei iat\u0103 cum publicul \u015fi-a dezvoltat gustul pentru teatrul independent. \u00cen 2010, actorul Bogdan\u2026","rel":"","context":"\u00cen \u201eRecomand\u0103ri\u201d","block_context":{"text":"Recomand\u0103ri","link":"https:\/\/revistacultura.ro\/agenda\/category\/recomandarile-cultura\/"},"img":{"alt_text":"","src":"","width":0,"height":0},"classes":[]},{"id":21802,"url":"https:\/\/revistacultura.ro\/agenda\/2026\/03\/comunicatul-tntm-de-ziua-mondiala-a-teatrului\/","url_meta":{"origin":18668,"position":4},"title":"Comunicatul TNTm de Ziua Mondial\u0103 a Teatrului","author":"Cultura","date":"27 martie 2026","format":false,"excerpt":"Teatrul Na\u021bional din Timi\u0219oara se al\u0103tur\u0103 teatrelor din toat\u0103 lumea, celebr\u00e2nd, ca \u00een fiecare an, Ziua Mondial\u0103 a Teatrului. \u00cenc\u0103 din 1961, teatre, institu\u021bii teatrale, facult\u0103\u021bi de teatru, toate organiza\u021biile dedicate artei dramatice s\u0103rb\u0103toresc \u00een\u00a0 27 martie Ziua Mondial\u0103 a Teatrului. \u00cen acest context, vineri, 27 martie 2026, de la\u2026","rel":"","context":"\u00cen \u201ecomunicate\u201d","block_context":{"text":"comunicate","link":"https:\/\/revistacultura.ro\/agenda\/category\/comunicate\/"},"img":{"alt_text":"","src":"https:\/\/i0.wp.com\/revistacultura.ro\/agenda\/wp-content\/uploads\/2026\/03\/willem-dafoe.webp?resize=350%2C200&ssl=1","width":350,"height":200,"srcset":"https:\/\/i0.wp.com\/revistacultura.ro\/agenda\/wp-content\/uploads\/2026\/03\/willem-dafoe.webp?resize=350%2C200&ssl=1 1x, https:\/\/i0.wp.com\/revistacultura.ro\/agenda\/wp-content\/uploads\/2026\/03\/willem-dafoe.webp?resize=525%2C300&ssl=1 1.5x, https:\/\/i0.wp.com\/revistacultura.ro\/agenda\/wp-content\/uploads\/2026\/03\/willem-dafoe.webp?resize=700%2C400&ssl=1 2x"},"classes":[]},{"id":20603,"url":"https:\/\/revistacultura.ro\/agenda\/2020\/04\/julien-javions-actorul-francez-care-aduce-maison-des-acteurs-in-romania\/","url_meta":{"origin":18668,"position":5},"title":"Julien Javions &#8211; actorul francez care aduce Maison des Acteurs \u00een Rom\u00e2nia","author":"redactia","date":"1 aprilie 2020","format":false,"excerpt":"Juliens Javions este actor, regizor \u0219i fondator al programului de actorie de film, Maison des Acteurs. P\u00e2n\u0103 acum, c\u00e2teva zeci de actori rom\u00e2ni au beneficiat deja de programul de training \u0219i de materialele video rezultate din ateliere. Prin Maison des Acteurs, Julien \u00ee\u0219i propune s\u0103 schimbe regulile jocului oferind \u201cknow-how\u201d-ul\u2026","rel":"","context":"\u00cen \u201eSemnal\u201d","block_context":{"text":"Semnal","link":"https:\/\/revistacultura.ro\/agenda\/category\/semnal\/"},"img":{"alt_text":"","src":"https:\/\/i0.wp.com\/revistacultura.ro\/agenda\/wp-content\/uploads\/2020\/04\/WhatsApp-Image-2020-04-03-at-10.26.39-AM.00_00_36_17.Still012.jpg?resize=350%2C200&ssl=1","width":350,"height":200,"srcset":"https:\/\/i0.wp.com\/revistacultura.ro\/agenda\/wp-content\/uploads\/2020\/04\/WhatsApp-Image-2020-04-03-at-10.26.39-AM.00_00_36_17.Still012.jpg?resize=350%2C200&ssl=1 1x, https:\/\/i0.wp.com\/revistacultura.ro\/agenda\/wp-content\/uploads\/2020\/04\/WhatsApp-Image-2020-04-03-at-10.26.39-AM.00_00_36_17.Still012.jpg?resize=525%2C300&ssl=1 1.5x, https:\/\/i0.wp.com\/revistacultura.ro\/agenda\/wp-content\/uploads\/2020\/04\/WhatsApp-Image-2020-04-03-at-10.26.39-AM.00_00_36_17.Still012.jpg?resize=700%2C400&ssl=1 2x, https:\/\/i0.wp.com\/revistacultura.ro\/agenda\/wp-content\/uploads\/2020\/04\/WhatsApp-Image-2020-04-03-at-10.26.39-AM.00_00_36_17.Still012.jpg?resize=1050%2C600&ssl=1 3x"},"classes":[]}],"jetpack_featured_media_url":"","_links":{"self":[{"href":"https:\/\/revistacultura.ro\/agenda\/wp-json\/wp\/v2\/posts\/18668","targetHints":{"allow":["GET"]}}],"collection":[{"href":"https:\/\/revistacultura.ro\/agenda\/wp-json\/wp\/v2\/posts"}],"about":[{"href":"https:\/\/revistacultura.ro\/agenda\/wp-json\/wp\/v2\/types\/post"}],"author":[{"embeddable":true,"href":"https:\/\/revistacultura.ro\/agenda\/wp-json\/wp\/v2\/users\/2"}],"replies":[{"embeddable":true,"href":"https:\/\/revistacultura.ro\/agenda\/wp-json\/wp\/v2\/comments?post=18668"}],"version-history":[{"count":0,"href":"https:\/\/revistacultura.ro\/agenda\/wp-json\/wp\/v2\/posts\/18668\/revisions"}],"wp:attachment":[{"href":"https:\/\/revistacultura.ro\/agenda\/wp-json\/wp\/v2\/media?parent=18668"}],"wp:term":[{"taxonomy":"category","embeddable":true,"href":"https:\/\/revistacultura.ro\/agenda\/wp-json\/wp\/v2\/categories?post=18668"},{"taxonomy":"post_tag","embeddable":true,"href":"https:\/\/revistacultura.ro\/agenda\/wp-json\/wp\/v2\/tags?post=18668"}],"curies":[{"name":"wp","href":"https:\/\/api.w.org\/{rel}","templated":true}]}}