{"id":18570,"date":"2014-04-03T10:21:26","date_gmt":"2014-04-03T08:21:26","guid":{"rendered":"http:\/\/revistacultura.ro\/nou\/?p=18570"},"modified":"2014-04-03T10:21:26","modified_gmt":"2014-04-03T08:21:26","slug":"vlad-eftenie-fotografie-dincolo-de-fotografie","status":"publish","type":"post","link":"https:\/\/revistacultura.ro\/agenda\/2014\/04\/vlad-eftenie-fotografie-dincolo-de-fotografie\/","title":{"rendered":"Vlad Eftenie. Fotografie dincolo de fotografie"},"content":{"rendered":"<p>Nu sunt fotograf, spune Vlad Eftenie, lector la Universitatea de Arhitectur\u0103 \u015fi Urbanism \u201eIon Mincu\u201c. \u015ei toate fotografiile sale \u00eel contrazic. \u00cel contrazice \u015fi premiul ob\u0163inut de cur\u00e2nd la unul dintre cele mai prestigioase concursuri fotografice din lume, Sony World Photography. Au concurat peste 140 000 de fotografii, din 166 de \u0163\u0103ri, iar juriul a decis c\u0103 cea mai bun\u0103 fotografie a categoriei Low light este cea f\u0103cut\u0103 \u00een Rom\u00e2nia, de Vlad Eftenie. \u00cemp\u0103timi\u0163ii de fotografie cunosc bine acest nume. E autorul unui doctorat \u015fi al unei c\u0103r\u0163i de referin\u0163\u0103 \u00een domeniu, \u201eFotografia, instrument de studiu \u015fi cunoa\u015ftere \u00een arhitectur\u0103\u201c, precum \u015fi a numeroase articole, workshopuri \u015fi expozi\u0163ii av\u00e2nd ca tem\u0103 ora\u015ful, strada, oamenii.<\/p>\n<p>O sta\u0163ie de tramvai din Bucure\u015fti, o femeie sub o umbrel\u0103, ma\u015fini, faruri, un parapet, iarna\u00a0 anului acesta. Cotidian recent, dintr-un ora\u015f pe care-l \u015ftim cu to\u0163ii, dar nu-l privim cu to\u0163ii. Cuvintele pot descrie ce se vede \u00een fotografie, dar nu ce transmite fotografia. Personajul acela care st\u0103tea nemi\u015fcat \u00een sta\u0163ie, fulgii haotici, ma\u015finile d-abia se mi\u015fcau \u015fi mi-am spus: e o stare. Starea aceasta merit\u0103 s\u0103 r\u0103m\u00e2n\u0103 \u00eentr-o poz\u0103. \u015ei am f\u0103cut poza, poveste\u015fte acum Vlad Eftenie.<\/p>\n<p>Dar poate c\u0103 totu\u015fi are dreptate \u015fi nu e fotograf. Prive\u015fti c\u00e2teva imagini \u015fi \u00eencepi s\u0103 \u00een\u0163elegi. E fotografie dincolo de fotografie, e mult mai mult dec\u00e2t instantaneu. E poveste, e emo\u0163ie, e ceva ce nu \u00eencape \u00een cuvinte. O putere secret\u0103 a imaginii pe care nu to\u0163i cei care au o camer\u0103 \u00een m\u00e2n\u0103 i-o pot smulge timpului. Un fel subiectiv, plin de nuan\u0163e, de a privi \u015fi \u00een\u0163elege ora\u015ful \u015fi lumea. Pentru c\u0103 ora\u015ful \u015fi banalul lui cotidian, ridicat prin privire la rang de senza\u0163ie \u015fi senza\u0163ional discret, sunt tema predilect\u0103 al fotografiilor lui Vlad Eftenie. Le pute\u0163i vedea pe contul lui de Facebook, precum \u015fi la adresa http:\/\/www.veftenie.daportfolio.com, site-ul autorului. Privi\u0163i-le pe \u00eendelete, sunt o bucurie rar\u0103!<br \/>\nC\u0102t\u0102lin D. Constantin<\/p>\n","protected":false},"excerpt":{"rendered":"<p>Nu sunt fotograf, spune Vlad Eftenie, lector la Universitatea de Arhitectur\u0103 \u015fi Urbanism \u201eIon Mincu\u201c. \u015ei toate fotografiile sale \u00eel contrazic. \u00cel contrazice \u015fi premiul ob\u0163inut de cur\u00e2nd la unul dintre cele mai prestigioase concursuri fotografice din lume, Sony World Photography. Au concurat peste 140 000 de fotografii, din 166 de \u0163\u0103ri, iar juriul a&hellip;&nbsp;<a href=\"https:\/\/revistacultura.ro\/agenda\/2014\/04\/vlad-eftenie-fotografie-dincolo-de-fotografie\/\" rel=\"bookmark\">Cite\u0219te mai mult &raquo;<span class=\"screen-reader-text\">Vlad Eftenie. Fotografie dincolo de fotografie<\/span><\/a><\/p>\n","protected":false},"author":2,"featured_media":0,"comment_status":"open","ping_status":"open","sticky":false,"template":"","format":"standard","meta":{"neve_meta_sidebar":"","neve_meta_container":"","neve_meta_enable_content_width":"","neve_meta_content_width":0,"neve_meta_title_alignment":"","neve_meta_author_avatar":"","neve_post_elements_order":"","neve_meta_disable_header":"","neve_meta_disable_footer":"","neve_meta_disable_title":"","_jetpack_newsletter_access":"","_jetpack_dont_email_post_to_subs":false,"_jetpack_newsletter_tier_id":0,"_jetpack_memberships_contains_paywalled_content":false,"_jetpack_feature_clip_id":0,"_jetpack_memberships_contains_paid_content":false,"footnotes":"","jetpack_publicize_message":"","jetpack_publicize_feature_enabled":true,"jetpack_social_post_already_shared":true,"jetpack_social_options":{"image_generator_settings":{"template":"highway","default_image_id":0,"font":"","enabled":false},"version":2},"jetpack_post_was_ever_published":false},"categories":[22],"tags":[97,98],"class_list":["post-18570","post","type-post","status-publish","format-standard","hentry","category-recomandarile-cultura","tag-fotografie","tag-vlad-eftenie"],"jetpack_publicize_connections":[],"jetpack_sharing_enabled":true,"jetpack-related-posts":[{"id":19246,"url":"https:\/\/revistacultura.ro\/agenda\/2014\/07\/catre-tactil\/","url_meta":{"origin":18570,"position":0},"title":"C\u0103tre tactil","author":"Revista","date":"10 iulie 2014","format":false,"excerpt":"\u00a0 Expozi\u0163ia de fotografie De aproape de la Fabrica de Pensule din Cluj reune\u015fte doi arti\u015fti fotografi care expun \u00eempreun\u0103 \u00een premier\u0103: CASA, by Rie Kuroda, artist\u0103 din Tokyo stabilit\u0103 la Berlin, \u015fi Irina Dora (Dumitra\u015fcu) din Cluj. Tema expozi\u0163iei este forma abordat\u0103 pe dou\u0103 c\u0103i diferite: \u201earhitectura \u015fi corpul\u2026","rel":"","context":"\u00cen \u201eRecomand\u0103ri\u201d","block_context":{"text":"Recomand\u0103ri","link":"https:\/\/revistacultura.ro\/agenda\/category\/recomandarile-cultura\/"},"img":{"alt_text":"","src":"https:\/\/i0.wp.com\/revistacultura.ro\/agenda\/wp-content\/uploads\/2014\/07\/09-catre-tactil.jpg?resize=350%2C200&ssl=1","width":350,"height":200,"srcset":"https:\/\/i0.wp.com\/revistacultura.ro\/agenda\/wp-content\/uploads\/2014\/07\/09-catre-tactil.jpg?resize=350%2C200&ssl=1 1x, https:\/\/i0.wp.com\/revistacultura.ro\/agenda\/wp-content\/uploads\/2014\/07\/09-catre-tactil.jpg?resize=525%2C300&ssl=1 1.5x"},"classes":[]},{"id":20801,"url":"https:\/\/revistacultura.ro\/agenda\/2021\/10\/diploma-2021-1500-mp-de-arta-contemporana\/","url_meta":{"origin":18570,"position":1},"title":"DIPLOMA 2021. 1500 mp de art\u0103 contemporan\u0103","author":"Cultura","date":"6 octombrie 2021","format":false,"excerpt":"DIPLOMA 2021 cuprinde 92 de lucr\u0103ri din 16 specializ\u0103ri diferite \u2013 de la arhitectur\u0103, pictur\u0103 sau fotografie, la scenografie, mod\u0103 sau lucr\u0103ri de metal, sticl\u0103 \u0219i ceramic\u0103. Vizitatorii vor descoperi prin intermediul festivalului diversitatea, complexitatea \u0219i unicitatea genera\u021biei noi de arti\u0219ti rom\u00e2ni. Lucr\u0103rile pot fi admirate \u00een cele 5 puncte\u2026","rel":"","context":"\u00cen \u201ePrimite la redac\u021bie\u201d","block_context":{"text":"Primite la redac\u021bie","link":"https:\/\/revistacultura.ro\/agenda\/category\/primite-la-redactie\/"},"img":{"alt_text":"","src":"https:\/\/i0.wp.com\/revistacultura.ro\/agenda\/wp-content\/uploads\/2021\/10\/rdw_rp_diploma_2021_web_square_08.jpg?resize=350%2C200&ssl=1","width":350,"height":200,"srcset":"https:\/\/i0.wp.com\/revistacultura.ro\/agenda\/wp-content\/uploads\/2021\/10\/rdw_rp_diploma_2021_web_square_08.jpg?resize=350%2C200&ssl=1 1x, https:\/\/i0.wp.com\/revistacultura.ro\/agenda\/wp-content\/uploads\/2021\/10\/rdw_rp_diploma_2021_web_square_08.jpg?resize=525%2C300&ssl=1 1.5x"},"classes":[]},{"id":20228,"url":"https:\/\/revistacultura.ro\/agenda\/2019\/10\/in-perioada-17-octombrie-3-noiembrie-2019-expozitia-arhitectura-interbelica-a-bucurestiului-si-regalitatea-va-fi-deschisa-publicului-larg-la-muzeul-national-al-taranului-r\/","url_meta":{"origin":18570,"position":2},"title":"\u00cen perioada 17 octombrie \u2013 3 noiembrie 2019, expozi\u0163ia \u201eArhitectura Interbelic\u0103 a Bucure\u015ftiului \u0219i Regalitatea\u201d va fi deschis\u0103 publicului larg la Muzeul Na\u0163ional al \u0162\u0103ranului Rom\u00e2n, Sala Irina Nicolau.","author":"Cultura","date":"21 octombrie 2019","format":false,"excerpt":"\u00a0 \u00a0 \u00a0 \u00a0 \u00a0 \u00a0 \u00a0 \u201eSub Auspiciile Familiei Regale a Rom\u00e2niei\u201d, Centrul de Excelen\u021b\u0103 \u00een Arhitectur\u0103, Arte \u0219i Audiovizual, al\u0103turi de Filiala Teritorial\u0103 Bucure\u015fti a Ordinului Arhitec\u0163ilor din Rom\u00e2nia \u0219i Uniunea Arhitec\u021bilor din Rom\u00e2nia, \u00een parteneriat cu Muzeul Na\u0163ional al \u0162\u0103ranului Rom\u00e2n, are onoarea s\u0103 v\u0103 invite la\u2026","rel":"","context":"\u00cen \u201eSemnal\u201d","block_context":{"text":"Semnal","link":"https:\/\/revistacultura.ro\/agenda\/category\/semnal\/"},"img":{"alt_text":"","src":"https:\/\/i0.wp.com\/revistacultura.ro\/agenda\/wp-content\/uploads\/2019\/10\/Afis-MNTR-17-OCTOMBRIE-2019-Copy-1-1.jpg?resize=350%2C200&ssl=1","width":350,"height":200,"srcset":"https:\/\/i0.wp.com\/revistacultura.ro\/agenda\/wp-content\/uploads\/2019\/10\/Afis-MNTR-17-OCTOMBRIE-2019-Copy-1-1.jpg?resize=350%2C200&ssl=1 1x, https:\/\/i0.wp.com\/revistacultura.ro\/agenda\/wp-content\/uploads\/2019\/10\/Afis-MNTR-17-OCTOMBRIE-2019-Copy-1-1.jpg?resize=525%2C300&ssl=1 1.5x, https:\/\/i0.wp.com\/revistacultura.ro\/agenda\/wp-content\/uploads\/2019\/10\/Afis-MNTR-17-OCTOMBRIE-2019-Copy-1-1.jpg?resize=700%2C400&ssl=1 2x"},"classes":[]},{"id":18398,"url":"https:\/\/revistacultura.ro\/agenda\/2014\/03\/castelul-lui-vlad-tepes\/","url_meta":{"origin":18570,"position":3},"title":"Castelul Lui Vlad \u0162epe\u015f","author":"Revista","date":"27 martie 2014","format":false,"excerpt":"\u00cen Bucure\u015fti, pe strada Candiano Popescu, la num\u0103rul 6, exist\u0103 o cl\u0103dire cu alur\u0103 medieval\u0103 ce poart\u0103 numele de Castelul lui Vlad \u0162epe\u015f. E \u00eens\u0103 o construc\u0163ie mult mai recent\u0103, din perioada expozi\u0163ei din 1906, c\u00e2nd a fost g\u00e2ndit\u0103 pentru a masca un turn de ap\u0103, odat\u0103 cu amenajarea Parcului\u2026","rel":"","context":"\u00cen \u201eAgenda culturala\u201d","block_context":{"text":"Agenda culturala","link":"https:\/\/revistacultura.ro\/agenda\/category\/agenda-cultura\/"},"img":{"alt_text":"","src":"","width":0,"height":0},"classes":[]},{"id":21799,"url":"https:\/\/revistacultura.ro\/agenda\/2026\/03\/fotografie-si-invizibil-o-incursiune-teoretica-si-vizuala-la-palatul-sutu\/","url_meta":{"origin":18570,"position":4},"title":"Fotografie \u0219i Invizibil: o incursiune teoretic\u0103 \u0219i vizual\u0103 &#8211; la Palatul Su\u021bu","author":"Cultura","date":"26 martie 2026","format":false,"excerpt":"Joi, 26 martie, ora 18.30 \"Fotografie \u0219i Invizibil: o incursiune teoretic\u0103 \u0219i vizual\u0103\", cu Vlad Eftenie. Coordonatorul Conferin\u021belor de Joi: C\u0103t\u0103lin D. Constantin Lumea dimprejur?... un aparent haos, o infinitate de planuri toxice care se bruiaz\u0103 reciproc \u0219i care ne solicit\u0103 zi de zi, care ne golesc de energie, de\u2026","rel":"","context":"\u00cen \u201eAgenda culturala\u201d","block_context":{"text":"Agenda culturala","link":"https:\/\/revistacultura.ro\/agenda\/category\/agenda-cultura\/"},"img":{"alt_text":"","src":"https:\/\/i0.wp.com\/revistacultura.ro\/agenda\/wp-content\/uploads\/2026\/03\/fotografie-sutu.webp?resize=350%2C200&ssl=1","width":350,"height":200,"srcset":"https:\/\/i0.wp.com\/revistacultura.ro\/agenda\/wp-content\/uploads\/2026\/03\/fotografie-sutu.webp?resize=350%2C200&ssl=1 1x, https:\/\/i0.wp.com\/revistacultura.ro\/agenda\/wp-content\/uploads\/2026\/03\/fotografie-sutu.webp?resize=525%2C300&ssl=1 1.5x, https:\/\/i0.wp.com\/revistacultura.ro\/agenda\/wp-content\/uploads\/2026\/03\/fotografie-sutu.webp?resize=700%2C400&ssl=1 2x"},"classes":[]},{"id":18190,"url":"https:\/\/revistacultura.ro\/agenda\/2014\/03\/un-istanbul-foarte-gustos\/","url_meta":{"origin":18570,"position":5},"title":"Un Istanbul foarte gustos","author":"Revista","date":"20 martie 2014","format":false,"excerpt":"Dup\u00e3 expozi\u0162ia de fotografie despre Paris, de anul trecut, \u00een acest an Asocia\u0162ia \u201eBucure\u015ftiul meu drag\u201c\u00a0 organizeaz\u00e3, \u00eentre 11-30 martie, o expozi\u0162ie dedicat\u00e3 Istanbulului. \u201e\u00cen Istanbul ne-am sim\u0162it ca acas\u00e3, un ora\u015f interesant, prietenos \u015fi foarte gustos\u201c , motiveaz\u00e3 Mirela Momanu, coordonatorul de expozi\u0162ii al asocia\u0162iei. Expun 55 de arti\u015fti\u2026","rel":"","context":"\u00cen \u201eAgenda culturala\u201d","block_context":{"text":"Agenda culturala","link":"https:\/\/revistacultura.ro\/agenda\/category\/agenda-cultura\/"},"img":{"alt_text":"","src":"","width":0,"height":0},"classes":[]}],"jetpack_featured_media_url":"","_links":{"self":[{"href":"https:\/\/revistacultura.ro\/agenda\/wp-json\/wp\/v2\/posts\/18570","targetHints":{"allow":["GET"]}}],"collection":[{"href":"https:\/\/revistacultura.ro\/agenda\/wp-json\/wp\/v2\/posts"}],"about":[{"href":"https:\/\/revistacultura.ro\/agenda\/wp-json\/wp\/v2\/types\/post"}],"author":[{"embeddable":true,"href":"https:\/\/revistacultura.ro\/agenda\/wp-json\/wp\/v2\/users\/2"}],"replies":[{"embeddable":true,"href":"https:\/\/revistacultura.ro\/agenda\/wp-json\/wp\/v2\/comments?post=18570"}],"version-history":[{"count":0,"href":"https:\/\/revistacultura.ro\/agenda\/wp-json\/wp\/v2\/posts\/18570\/revisions"}],"wp:attachment":[{"href":"https:\/\/revistacultura.ro\/agenda\/wp-json\/wp\/v2\/media?parent=18570"}],"wp:term":[{"taxonomy":"category","embeddable":true,"href":"https:\/\/revistacultura.ro\/agenda\/wp-json\/wp\/v2\/categories?post=18570"},{"taxonomy":"post_tag","embeddable":true,"href":"https:\/\/revistacultura.ro\/agenda\/wp-json\/wp\/v2\/tags?post=18570"}],"curies":[{"name":"wp","href":"https:\/\/api.w.org\/{rel}","templated":true}]}}