{"id":18566,"date":"2014-04-03T10:16:26","date_gmt":"2014-04-03T08:16:26","guid":{"rendered":"http:\/\/revistacultura.ro\/nou\/?p=18566"},"modified":"2014-04-03T10:16:26","modified_gmt":"2014-04-03T08:16:26","slug":"opera-nationala-bucuresti-anna-karenina","status":"publish","type":"post","link":"https:\/\/revistacultura.ro\/agenda\/2014\/04\/opera-nationala-bucuresti-anna-karenina\/","title":{"rendered":"Opera Na\u0163ional\u0103 Bucure\u015fti, Anna Karenina"},"content":{"rendered":"<p>Inspirat de romanul cu acela\u015fi titlu al lui Lev Tolstoi, spectacolul Anna Karenina de la Opera Na\u0163ional\u0103 Bucure\u015fti red\u0103 prin dans destinul tragic al renumitei eroine. \u00cen regia \u015fi coregrafia lui Ioan Tugearu, spectacolul a f\u0103cut istorie \u00een repertoriul Operei Na\u0163ionale Bucure\u015fti prin montarea sa original\u0103 prezentat\u0103 \u00een premier\u0103 absolut\u0103 \u00een 1998, produc\u0163ia fiind reluat\u0103 \u00een 2009. Duminic\u0103 13 aprilie, ora 19.00, rolul titular va fi interpretat de Corina Dumitrescu, una dintre cele mai apreciate prim-soliste ale Companiei de Balet, iar C\u0103lin R\u0103dulescu va debuta \u00een rolul Alexei Vronski.<\/p>\n","protected":false},"excerpt":{"rendered":"<p>Inspirat de romanul cu acela\u015fi titlu al lui Lev Tolstoi, spectacolul Anna Karenina de la Opera Na\u0163ional\u0103 Bucure\u015fti red\u0103 prin dans destinul tragic al renumitei eroine. \u00cen regia \u015fi coregrafia lui Ioan Tugearu, spectacolul a f\u0103cut istorie \u00een repertoriul Operei Na\u0163ionale Bucure\u015fti prin montarea sa original\u0103 prezentat\u0103 \u00een premier\u0103 absolut\u0103 \u00een 1998, produc\u0163ia fiind reluat\u0103&hellip;&nbsp;<a href=\"https:\/\/revistacultura.ro\/agenda\/2014\/04\/opera-nationala-bucuresti-anna-karenina\/\" rel=\"bookmark\">Cite\u0219te mai mult &raquo;<span class=\"screen-reader-text\">Opera Na\u0163ional\u0103 Bucure\u015fti, Anna Karenina<\/span><\/a><\/p>\n","protected":false},"author":2,"featured_media":0,"comment_status":"open","ping_status":"open","sticky":false,"template":"","format":"standard","meta":{"neve_meta_sidebar":"","neve_meta_container":"","neve_meta_enable_content_width":"","neve_meta_content_width":0,"neve_meta_title_alignment":"","neve_meta_author_avatar":"","neve_post_elements_order":"","neve_meta_disable_header":"","neve_meta_disable_footer":"","neve_meta_disable_title":"","_jetpack_newsletter_access":"","_jetpack_dont_email_post_to_subs":false,"_jetpack_newsletter_tier_id":0,"_jetpack_memberships_contains_paywalled_content":false,"_jetpack_feature_clip_id":0,"_jetpack_memberships_contains_paid_content":false,"footnotes":"","jetpack_publicize_message":"","jetpack_publicize_feature_enabled":true,"jetpack_social_post_already_shared":true,"jetpack_social_options":{"image_generator_settings":{"template":"highway","default_image_id":0,"font":"","enabled":false},"version":2},"jetpack_post_was_ever_published":false},"categories":[152],"tags":[298,299],"class_list":["post-18566","post","type-post","status-publish","format-standard","hentry","category-agenda-cultura","tag-balet-anna-karenina","tag-opera-nationala-bucuresti"],"jetpack_publicize_connections":[],"jetpack_sharing_enabled":true,"jetpack-related-posts":[{"id":21226,"url":"https:\/\/revistacultura.ro\/agenda\/2025\/06\/opera-si-baletul-revin-in-programul-festivalului-enescu\/","url_meta":{"origin":18566,"position":0},"title":"Opera \u0219i baletul revin \u00een programul Festivalului Enescu","author":"Cultura","date":"3 iunie 2025","format":false,"excerpt":"Festivalul Interna\u021bional George Enescu, cea de-a XXVII-a edi\u021bie (24 august \u2013 21 septembrie 2025), se remarc\u0103 prin diversitatea \u0219i inova\u021bia spectacolelor de oper\u0103 \u0219i balet, reunite sub tema \u201eAnivers\u0103ri \/ Celebrations\u201d. Acestea vin s\u0103 completeze peisajul cultural al festivalului, al\u0103turi de concerte simfonice \u0219i camerale, oferind publicului experien\u021be artistice de\u2026","rel":"","context":"\u00cen \u201eRecomand\u0103ri\u201d","block_context":{"text":"Recomand\u0103ri","link":"https:\/\/revistacultura.ro\/agenda\/category\/recomandarile-cultura\/"},"img":{"alt_text":"","src":"https:\/\/i0.wp.com\/revistacultura.ro\/agenda\/wp-content\/uploads\/2025\/06\/oedip-festival-enescu.webp?resize=350%2C200&ssl=1","width":350,"height":200,"srcset":"https:\/\/i0.wp.com\/revistacultura.ro\/agenda\/wp-content\/uploads\/2025\/06\/oedip-festival-enescu.webp?resize=350%2C200&ssl=1 1x, https:\/\/i0.wp.com\/revistacultura.ro\/agenda\/wp-content\/uploads\/2025\/06\/oedip-festival-enescu.webp?resize=525%2C300&ssl=1 1.5x, https:\/\/i0.wp.com\/revistacultura.ro\/agenda\/wp-content\/uploads\/2025\/06\/oedip-festival-enescu.webp?resize=700%2C400&ssl=1 2x"},"classes":[]},{"id":19043,"url":"https:\/\/revistacultura.ro\/agenda\/2014\/06\/spectacolul-sanscrita-limba-mantrelor\/","url_meta":{"origin":18566,"position":1},"title":"Spectacolul \u201eSanscrita, limba mantrelor\u201d","author":"Revista","date":"4 iunie 2014","format":false,"excerpt":"Rolul terapeutic al sunetului \u00eentr-o \u00eembinare inovativ\u0103 de balet \u015fi dans clasic indian \u00a0 Trei reprezentan\u0163i ai dansului Odissi din India \u015fi trei balerini din Bucure\u015fti vor da via\u0163\u0103 unei originale crea\u0163ii artistice, care ilustreaz\u0103 prin muzic\u0103 \u015fi dans efectele binef\u0103c\u0103toare ale sunetului asupra fiin\u0163ei umane. Spectacolul Sanscrita, limba mantrelor\u2026","rel":"","context":"\u00cen \u201eAgenda culturala\u201d","block_context":{"text":"Agenda culturala","link":"https:\/\/revistacultura.ro\/agenda\/category\/agenda-cultura\/"},"img":{"alt_text":"","src":"https:\/\/i0.wp.com\/revistacultura.ro\/agenda\/wp-content\/uploads\/2014\/06\/Reela-Hota-3.jpg?resize=350%2C200&ssl=1","width":350,"height":200},"classes":[]},{"id":20303,"url":"https:\/\/revistacultura.ro\/agenda\/2019\/11\/programul-complet-al-festivalului-baletului-rusesc-de-la-bucuresti\/","url_meta":{"origin":18566,"position":2},"title":"Programul complet al Festivalului Baletului Rusesc de la Bucure\u0219ti","author":"Cultura","date":"15 noiembrie 2019","format":false,"excerpt":"Doar dou\u0103 s\u0103pt\u0103m\u00e2ni p\u00e2n\u0103 la debutul Festivalului Baletului Rusesc ce va avea loc \u00een perioada 25-27 noiembrie, la Sala Palatului din Bucure\u0219ti, un eveniment considerat de c\u0103tre speciali\u0219ti ca fiind unul de excep\u021bie pentru iubitorii de balet din Rom\u00e2nia. Programul celor 3 zile de spectacole este urm\u0103torul: Luni, 25 noiembrie-Sp\u0103rg\u0103torul\u2026","rel":"","context":"\u00cen \u201ePrimite la redac\u021bie\u201d","block_context":{"text":"Primite la redac\u021bie","link":"https:\/\/revistacultura.ro\/agenda\/category\/primite-la-redactie\/"},"img":{"alt_text":"","src":"https:\/\/i0.wp.com\/revistacultura.ro\/agenda\/wp-content\/uploads\/2019\/10\/PosterBaletRus.jpg?resize=350%2C200&ssl=1","width":350,"height":200,"srcset":"https:\/\/i0.wp.com\/revistacultura.ro\/agenda\/wp-content\/uploads\/2019\/10\/PosterBaletRus.jpg?resize=350%2C200&ssl=1 1x, https:\/\/i0.wp.com\/revistacultura.ro\/agenda\/wp-content\/uploads\/2019\/10\/PosterBaletRus.jpg?resize=525%2C300&ssl=1 1.5x, https:\/\/i0.wp.com\/revistacultura.ro\/agenda\/wp-content\/uploads\/2019\/10\/PosterBaletRus.jpg?resize=700%2C400&ssl=1 2x"},"classes":[]},{"id":21667,"url":"https:\/\/revistacultura.ro\/agenda\/2026\/02\/festivalul-cartilor-deschise-2026-la-opera-comica-pentru-copii\/","url_meta":{"origin":18566,"position":3},"title":"Festivalul C\u0103r\u021bilor Deschise 2026 la Opera Comic\u0103 pentru Copii","author":"Cultura","date":"5 februarie 2026","format":false,"excerpt":"Bucure\u0219ti, 6\u201322 martie 2026 Opera Comic\u0103 pentru Copii g\u0103zduie\u0219te, pentru a patra oar\u0103, Festivalul C\u0103r\u021bilor Deschise, un eveniment cultural dedicat promov\u0103rii lecturii \u0219i creativit\u0103\u021bii \u00een r\u00e2ndul copiilor \u0219i familiilor. Desf\u0103\u0219urat pe parcursul a trei weekenduri, festivalul transform\u0103 lectura \u00eentr-o experien\u021b\u0103 interactiv\u0103, accesibil\u0103 \u0219i memorabil\u0103, prin peste 40 de evenimente \u0219i\u2026","rel":"","context":"\u00cen \u201eAgenda culturala\u201d","block_context":{"text":"Agenda culturala","link":"https:\/\/revistacultura.ro\/agenda\/category\/agenda-cultura\/"},"img":{"alt_text":"","src":"https:\/\/i0.wp.com\/revistacultura.ro\/agenda\/wp-content\/uploads\/2026\/02\/fastivalul-cartilor-deschise.webp?resize=350%2C200&ssl=1","width":350,"height":200,"srcset":"https:\/\/i0.wp.com\/revistacultura.ro\/agenda\/wp-content\/uploads\/2026\/02\/fastivalul-cartilor-deschise.webp?resize=350%2C200&ssl=1 1x, https:\/\/i0.wp.com\/revistacultura.ro\/agenda\/wp-content\/uploads\/2026\/02\/fastivalul-cartilor-deschise.webp?resize=525%2C300&ssl=1 1.5x, https:\/\/i0.wp.com\/revistacultura.ro\/agenda\/wp-content\/uploads\/2026\/02\/fastivalul-cartilor-deschise.webp?resize=700%2C400&ssl=1 2x"},"classes":[]},{"id":21723,"url":"https:\/\/revistacultura.ro\/agenda\/2026\/03\/intalnire-cu-dramaturgul-canadian-etienne-lepage-la-uniter\/","url_meta":{"origin":18566,"position":4},"title":"\u00cent\u00e2lnire cu dramaturgul canadian \u00c9tienne Lepage la UNITER","author":"Cultura","date":"6 martie 2026","format":false,"excerpt":"Uniunea Teatral\u0103 din Rom\u00e2nia \u201eUNITER\u201d g\u0103zduie\u0219te pe 9 martie 2026, la ora 12.00, o \u00eent\u00e2lnire public\u0103 cu dramaturgul canadian \u00c9tienne Lepage, una dintre vocile relevante ale dramaturgiei contemporane francofone. Evenimentul, organizat \u00een parteneriat cu Universitatea Na\u021bional\u0103 de Art\u0103 Teatral\u0103 \u0219i Cinematografic\u0103 \u201eIon Luca Caragiale\u201d \u0219i Ambasada Canadei \u00een Rom\u00e2nia, \u00eei\u2026","rel":"","context":"\u00cen \u201ecomunicate\u201d","block_context":{"text":"comunicate","link":"https:\/\/revistacultura.ro\/agenda\/category\/comunicate\/"},"img":{"alt_text":"","src":"https:\/\/i0.wp.com\/revistacultura.ro\/agenda\/wp-content\/uploads\/2026\/03\/lepage.webp?resize=350%2C200&ssl=1","width":350,"height":200,"srcset":"https:\/\/i0.wp.com\/revistacultura.ro\/agenda\/wp-content\/uploads\/2026\/03\/lepage.webp?resize=350%2C200&ssl=1 1x, https:\/\/i0.wp.com\/revistacultura.ro\/agenda\/wp-content\/uploads\/2026\/03\/lepage.webp?resize=525%2C300&ssl=1 1.5x, https:\/\/i0.wp.com\/revistacultura.ro\/agenda\/wp-content\/uploads\/2026\/03\/lepage.webp?resize=700%2C400&ssl=1 2x"},"classes":[]},{"id":20246,"url":"https:\/\/revistacultura.ro\/agenda\/2019\/10\/ksenia-khabinets-participa-la-festivalul-baletului-rusesc-de-la-bucuresti\/","url_meta":{"origin":18566,"position":5},"title":"Ksenia Khabinets particip\u0103 la Festivalul Baletului Rusesc de la Bucure\u0219ti","author":"Cultura","date":"29 octombrie 2019","format":false,"excerpt":"Balerina Ksenia Khabinets, solist principal la The Kremlin Palace Ballet Theater din Moscova. a confirmat participarea la Festivalul de la Bucure\u0219ti, din 25-27 noiembrie, la Sala Palatului. Ksenia are 25 de ani \u0219i este solist principal al companiei de balet a Palatului Kremlin. \u00cen anul 2012 a fost admis\u0103 la\u2026","rel":"","context":"\u00cen \u201eRecomand\u0103ri\u201d","block_context":{"text":"Recomand\u0103ri","link":"https:\/\/revistacultura.ro\/agenda\/category\/recomandarile-cultura\/"},"img":{"alt_text":"","src":"https:\/\/i0.wp.com\/revistacultura.ro\/agenda\/wp-content\/uploads\/2019\/10\/IMG-20191023-WA0003.jpg?resize=350%2C200&ssl=1","width":350,"height":200,"srcset":"https:\/\/i0.wp.com\/revistacultura.ro\/agenda\/wp-content\/uploads\/2019\/10\/IMG-20191023-WA0003.jpg?resize=350%2C200&ssl=1 1x, https:\/\/i0.wp.com\/revistacultura.ro\/agenda\/wp-content\/uploads\/2019\/10\/IMG-20191023-WA0003.jpg?resize=525%2C300&ssl=1 1.5x, https:\/\/i0.wp.com\/revistacultura.ro\/agenda\/wp-content\/uploads\/2019\/10\/IMG-20191023-WA0003.jpg?resize=700%2C400&ssl=1 2x"},"classes":[]}],"jetpack_featured_media_url":"","_links":{"self":[{"href":"https:\/\/revistacultura.ro\/agenda\/wp-json\/wp\/v2\/posts\/18566","targetHints":{"allow":["GET"]}}],"collection":[{"href":"https:\/\/revistacultura.ro\/agenda\/wp-json\/wp\/v2\/posts"}],"about":[{"href":"https:\/\/revistacultura.ro\/agenda\/wp-json\/wp\/v2\/types\/post"}],"author":[{"embeddable":true,"href":"https:\/\/revistacultura.ro\/agenda\/wp-json\/wp\/v2\/users\/2"}],"replies":[{"embeddable":true,"href":"https:\/\/revistacultura.ro\/agenda\/wp-json\/wp\/v2\/comments?post=18566"}],"version-history":[{"count":0,"href":"https:\/\/revistacultura.ro\/agenda\/wp-json\/wp\/v2\/posts\/18566\/revisions"}],"wp:attachment":[{"href":"https:\/\/revistacultura.ro\/agenda\/wp-json\/wp\/v2\/media?parent=18566"}],"wp:term":[{"taxonomy":"category","embeddable":true,"href":"https:\/\/revistacultura.ro\/agenda\/wp-json\/wp\/v2\/categories?post=18566"},{"taxonomy":"post_tag","embeddable":true,"href":"https:\/\/revistacultura.ro\/agenda\/wp-json\/wp\/v2\/tags?post=18566"}],"curies":[{"name":"wp","href":"https:\/\/api.w.org\/{rel}","templated":true}]}}