{"id":18554,"date":"2014-04-03T10:03:25","date_gmt":"2014-04-03T08:03:25","guid":{"rendered":"http:\/\/revistacultura.ro\/nou\/?p=18554"},"modified":"2014-04-03T10:03:25","modified_gmt":"2014-04-03T08:03:25","slug":"gustav-meyrink-fata-verde","status":"publish","type":"post","link":"https:\/\/revistacultura.ro\/agenda\/2014\/04\/gustav-meyrink-fata-verde\/","title":{"rendered":"Gustav Meyrink, Fa\u0163a verde"},"content":{"rendered":"<blockquote><p>\u00a0<strong>Gustav Meyrink, <em>Fa\u0163a verde<\/em>, Bucure\u015fti, Editura Nemira, 2014, 344 pagini, 30 lei<\/strong><\/p><\/blockquote>\n<p>\u201eDup\u0103 sf\u00e2r\u015fitul Primului R\u0103zboi Mondial, Amsterdam este El Dorado sau Mecca pentru to\u0163i cei care t\u00e2njesc dup\u0103 schimbare. Unii trec grani\u0163ele lumii concrete \u015fi caut\u0103 ini\u0163ierea interioar\u0103, \u00eentr-o lume plin\u0103 de iluzioni\u015fti \u015fi ilumina\u0163i, \u015famani africani \u015fi cabali\u015fti. Romanul lui Gustav Meyrink exploreaz\u0103 \u0163inuturile nev\u0103zute ale min\u0163ii omene\u015fti, pornind de la o intrig\u0103 inedit\u0103. Scris\u0103 la un an dup\u0103 apari\u0163ia celebrului Golem, Fa\u0163a verde confirm\u0103 o voce singular\u0103 a literaturii europene din secolul XX de redescoperit \u00een mileniul III.\u201c<\/p>\n","protected":false},"excerpt":{"rendered":"<p>\u00a0Gustav Meyrink, Fa\u0163a verde, Bucure\u015fti, Editura Nemira, 2014, 344 pagini, 30 lei \u201eDup\u0103 sf\u00e2r\u015fitul Primului R\u0103zboi Mondial, Amsterdam este El Dorado sau Mecca pentru to\u0163i cei care t\u00e2njesc dup\u0103 schimbare. Unii trec grani\u0163ele lumii concrete \u015fi caut\u0103 ini\u0163ierea interioar\u0103, \u00eentr-o lume plin\u0103 de iluzioni\u015fti \u015fi ilumina\u0163i, \u015famani africani \u015fi cabali\u015fti. Romanul lui Gustav Meyrink exploreaz\u0103&hellip;&nbsp;<a href=\"https:\/\/revistacultura.ro\/agenda\/2014\/04\/gustav-meyrink-fata-verde\/\" rel=\"bookmark\">Cite\u0219te mai mult &raquo;<span class=\"screen-reader-text\">Gustav Meyrink, Fa\u0163a verde<\/span><\/a><\/p>\n","protected":false},"author":2,"featured_media":0,"comment_status":"open","ping_status":"open","sticky":false,"template":"","format":"standard","meta":{"neve_meta_sidebar":"","neve_meta_container":"","neve_meta_enable_content_width":"","neve_meta_content_width":0,"neve_meta_title_alignment":"","neve_meta_author_avatar":"","neve_post_elements_order":"","neve_meta_disable_header":"","neve_meta_disable_footer":"","neve_meta_disable_title":"","_jetpack_newsletter_access":"","_jetpack_dont_email_post_to_subs":false,"_jetpack_newsletter_tier_id":0,"_jetpack_memberships_contains_paywalled_content":false,"_jetpack_feature_clip_id":0,"_jetpack_memberships_contains_paid_content":false,"footnotes":"","jetpack_publicize_message":"","jetpack_publicize_feature_enabled":true,"jetpack_social_post_already_shared":true,"jetpack_social_options":{"image_generator_settings":{"template":"highway","default_image_id":0,"font":"","enabled":false},"version":2},"jetpack_post_was_ever_published":false},"categories":[152],"tags":[285,286],"class_list":["post-18554","post","type-post","status-publish","format-standard","hentry","category-agenda-cultura","tag-fata-verde","tag-gustav-meyrink"],"jetpack_publicize_connections":[],"jetpack_sharing_enabled":true,"jetpack-related-posts":[{"id":18996,"url":"https:\/\/revistacultura.ro\/agenda\/2014\/05\/osono-in-lume\/","url_meta":{"origin":18554,"position":0},"title":"Oson\u00f3 \u00een lume","author":"Revista","date":"30 mai 2014","format":false,"excerpt":"Dup\u0103 nenum\u0103rate turnee prin lume, trupa Oson\u00f3 din Sf\u00e2ntu Gheorghe a ajuns cu spectacolul Chipul din oglinda apei, \u00een regia lui Fazakas Misi, la Festivalul Interna\u0163ional de Teatru din Oujda, Maroc. Succesul avut aici a antrenat o nou\u0103 invita\u0163ie pentru un turneu african, \u00een Maroc, Algeria \u015fi Tunisia. Dup\u0103 reprezenta\u0163ie,\u2026","rel":"","context":"\u00cen \u201eAgenda culturala\u201d","block_context":{"text":"Agenda culturala","link":"https:\/\/revistacultura.ro\/agenda\/category\/agenda-cultura\/"},"img":{"alt_text":"","src":"https:\/\/i0.wp.com\/revistacultura.ro\/agenda\/wp-content\/uploads\/2014\/05\/117-142.jpg?resize=350%2C200&ssl=1","width":350,"height":200,"srcset":"https:\/\/i0.wp.com\/revistacultura.ro\/agenda\/wp-content\/uploads\/2014\/05\/117-142.jpg?resize=350%2C200&ssl=1 1x, https:\/\/i0.wp.com\/revistacultura.ro\/agenda\/wp-content\/uploads\/2014\/05\/117-142.jpg?resize=525%2C300&ssl=1 1.5x"},"classes":[]},{"id":19589,"url":"https:\/\/revistacultura.ro\/agenda\/2014\/11\/povestea-timpului-furat\/","url_meta":{"origin":18554,"position":1},"title":"Povestea timpului furat","author":"Revista","date":"27 noiembrie 2014","format":false,"excerpt":"\u00a0 Teatrul Excelsior \u00ee\u015fi bucur\u0103 spectatorii cu o nou\u0103 premier\u0103, MOMO sau Strania poveste despre ho\u0163ii de timp \u015fi copilul care le-a \u00eenapoiat oamenilor timpul furat, dup\u0103 Michael Ende. Produc\u0163ia face parte din programul UnCLASIC, ce \u00ee\u015fi propune apropierea tinerilor de marea literatur\u0103, fiind dedicat\u0103 preadolescen\u0163ilor \u015fi adolescen\u0163ilor. Dup\u0103 ce\u2026","rel":"","context":"\u00cen \u201eAgenda culturala\u201d","block_context":{"text":"Agenda culturala","link":"https:\/\/revistacultura.ro\/agenda\/category\/agenda-cultura\/"},"img":{"alt_text":"","src":"https:\/\/i0.wp.com\/revistacultura.ro\/agenda\/wp-content\/uploads\/2014\/11\/Untitled-17.jpg?resize=350%2C200&ssl=1","width":350,"height":200,"srcset":"https:\/\/i0.wp.com\/revistacultura.ro\/agenda\/wp-content\/uploads\/2014\/11\/Untitled-17.jpg?resize=350%2C200&ssl=1 1x, https:\/\/i0.wp.com\/revistacultura.ro\/agenda\/wp-content\/uploads\/2014\/11\/Untitled-17.jpg?resize=525%2C300&ssl=1 1.5x"},"classes":[]},{"id":18823,"url":"https:\/\/revistacultura.ro\/agenda\/2014\/04\/kurt-vonnegut-tabachera-din-bagombo\/","url_meta":{"origin":18554,"position":2},"title":"Kurt Vonnegut, Tabachera din Bagombo","author":"Revista","date":"17 aprilie 2014","format":false,"excerpt":"\u201eTabachera din Bagombo reuneste povestirile favorite ale lui Kurt Vonnegut din anii de dupa razboi, publicate \u00een periodice, care \u00eei dezvaluie inconfundabila voce \u00eentunecata, subversiva. Uneori extravagante, alteori absurde, de cele mai multe ori amuzante, tandre chiar si atunci c\u00e2nd sunt triste, povestirile din volumul de fata vorbesc despre momente\u2026","rel":"","context":"\u00cen \u201eAgenda culturala\u201d","block_context":{"text":"Agenda culturala","link":"https:\/\/revistacultura.ro\/agenda\/category\/agenda-cultura\/"},"img":{"alt_text":"","src":"","width":0,"height":0},"classes":[]},{"id":18227,"url":"https:\/\/revistacultura.ro\/agenda\/2014\/03\/asul-de-pica-stefan-augustin-doinas\/","url_meta":{"origin":18554,"position":3},"title":"Asul de pic\u0103: \u015etefan Augustin Doina\u015f","author":"Revista","date":"20 martie 2014","format":false,"excerpt":"Dincolo de impresionanta munc\u0103 de documentare, Asul de pic\u0103 are meritul de a valorifica Dosarele de Securitate ale lui \u015etefan Augustin Doina\u0103, privite drept material documentar demn de luat \u00een seam\u0103 \u00een interpretare. Printr-o dezinvoltur\u0103 hermeneutic\u0103 vizibil\u0103 din cronici, Neagoe pune fa\u0163\u0103 \u00een fa\u0163\u0103 notele informative ale lui Doina\u0103 cu\u2026","rel":"","context":"\u00cen \u201eRecomand\u0103ri\u201d","block_context":{"text":"Recomand\u0103ri","link":"https:\/\/revistacultura.ro\/agenda\/category\/recomandarile-cultura\/"},"img":{"alt_text":"","src":"","width":0,"height":0},"classes":[]},{"id":20099,"url":"https:\/\/revistacultura.ro\/agenda\/2019\/07\/dezacord-violenta-unui-tata-de-celine-raphael\/","url_meta":{"origin":18554,"position":4},"title":"Dezacord \u2013 Violen\u021ba unui tat\u0103 de C\u00e9line Rapha\u00ebl","author":"Revista Cultura","date":"2 iulie 2019","format":false,"excerpt":"Dezacord \u2013 Violen\u021ba unui tat\u0103 face parte din colec\u021bia \u201eRezilien\u021b\u0103 \u0219i speran\u021b\u0103\u201c, volum ap\u0103rut la editura Spandugino. Dezacord este un roman complex \u0219i captivant, o m\u0103rturie a copil\u0103riei pierdute, a sacrificiilor \u00een numele unui vis impus de c\u0103tre un tat\u0103 abuziv \u0219i perfec\u021bionist. Autoarea romanului, C\u00e9line Rapha\u00ebl, este protagonista central\u0103,\u2026","rel":"","context":"\u00cen \u201eAgenda culturala\u201d","block_context":{"text":"Agenda culturala","link":"https:\/\/revistacultura.ro\/agenda\/category\/agenda-cultura\/"},"img":{"alt_text":"","src":"","width":0,"height":0},"classes":[]},{"id":19704,"url":"https:\/\/revistacultura.ro\/agenda\/2015\/02\/cronologia-vietii-literare-romanesti-perioada-postcomunista\/","url_meta":{"origin":18554,"position":5},"title":"Cronologia vie\u0163ii literare rom\u00e2ne\u015fti. Perioada postcomunist\u0103","author":"Revista","date":"12 februarie 2015","format":false,"excerpt":"\u00a0 \u201ePublic\u0103m acum cele dint\u00e2i volume dintr-o Cronologie a vie\u0163ii literare \u00een postcomunism (1990-2000); consemn\u0103m, pentru \u00eenceput, pe \u00eentinderea a cca. 1.700 de pagini, evenimente, dezbateri, lu\u0103ri de pozi\u0163ie, anchete, polemici caracteristice pentru climatul intelectual din intervalul 1990-1992. Primii trei ani ai tranzi\u0163iei rom\u00e2ne\u015fti postcomuniste \u2013 corespunz\u0103tori, nu \u00eent\u00e2mpl\u0103tor, primului\u2026","rel":"","context":"\u00cen \u201eAparitii editoriale\u201d","block_context":{"text":"Aparitii editoriale","link":"https:\/\/revistacultura.ro\/agenda\/category\/aparitii-editoriale\/"},"img":{"alt_text":"","src":"https:\/\/i0.wp.com\/revistacultura.ro\/agenda\/wp-content\/uploads\/2015\/02\/Untitled-110.jpg?resize=350%2C200&ssl=1","width":350,"height":200},"classes":[]}],"jetpack_featured_media_url":"","_links":{"self":[{"href":"https:\/\/revistacultura.ro\/agenda\/wp-json\/wp\/v2\/posts\/18554","targetHints":{"allow":["GET"]}}],"collection":[{"href":"https:\/\/revistacultura.ro\/agenda\/wp-json\/wp\/v2\/posts"}],"about":[{"href":"https:\/\/revistacultura.ro\/agenda\/wp-json\/wp\/v2\/types\/post"}],"author":[{"embeddable":true,"href":"https:\/\/revistacultura.ro\/agenda\/wp-json\/wp\/v2\/users\/2"}],"replies":[{"embeddable":true,"href":"https:\/\/revistacultura.ro\/agenda\/wp-json\/wp\/v2\/comments?post=18554"}],"version-history":[{"count":0,"href":"https:\/\/revistacultura.ro\/agenda\/wp-json\/wp\/v2\/posts\/18554\/revisions"}],"wp:attachment":[{"href":"https:\/\/revistacultura.ro\/agenda\/wp-json\/wp\/v2\/media?parent=18554"}],"wp:term":[{"taxonomy":"category","embeddable":true,"href":"https:\/\/revistacultura.ro\/agenda\/wp-json\/wp\/v2\/categories?post=18554"},{"taxonomy":"post_tag","embeddable":true,"href":"https:\/\/revistacultura.ro\/agenda\/wp-json\/wp\/v2\/tags?post=18554"}],"curies":[{"name":"wp","href":"https:\/\/api.w.org\/{rel}","templated":true}]}}