{"id":18550,"date":"2014-04-03T10:01:07","date_gmt":"2014-04-03T08:01:07","guid":{"rendered":"http:\/\/revistacultura.ro\/nou\/?p=18550"},"modified":"2014-04-03T10:01:07","modified_gmt":"2014-04-03T08:01:07","slug":"gabriel-h-decuble-tu-n-ai-trait-nimic","status":"publish","type":"post","link":"https:\/\/revistacultura.ro\/agenda\/2014\/04\/gabriel-h-decuble-tu-n-ai-trait-nimic\/","title":{"rendered":"Gabriel H. Decuble, Tu n-ai tr\u0103it nimic,"},"content":{"rendered":"<blockquote><p><strong>Gabriel H. Decuble, Tu n-ai tr\u0103it nimic, Bucure\u015fti, Editura Cartea Rom\u00e2neasc\u0103, 2014, 240 pagini, 25 lei<\/strong><\/p><\/blockquote>\n<p>\u201eSperan\u0163\u0103 \u015fi suferin\u0163\u0103, candoare \u015fi suspiciune, umor \u015fi dezn\u0103dejde, narcoze \u015fi lacrimi sunt ingredientele \u2013 universale \u2013 cu care se scrie aceast\u0103 poveste de dragoste at\u00e2t de specific\u0103 totu\u015fi societ\u0103\u0163ii rom\u00e2ne\u015fti. Fiind oglinda unei genera\u0163ii, a celei foarte tinere, romanul Tu n-ai tr\u0103it nimic \u00eenregistreaz\u0103 \u00een tu\u015fe alerte, dar foarte precise \u2013 expresie a ritmurilor existen\u0163iale care ne guverneaz\u0103 via\u0163a \u2013 zbuciumul unui suflet \u00eenc\u0103 imaculat, prins \u00een mecanismul implacabil al maculei.\u201c WWW.CARTEAROMANEASCA.RO<\/p>\n","protected":false},"excerpt":{"rendered":"<p>Gabriel H. Decuble, Tu n-ai tr\u0103it nimic, Bucure\u015fti, Editura Cartea Rom\u00e2neasc\u0103, 2014, 240 pagini, 25 lei \u201eSperan\u0163\u0103 \u015fi suferin\u0163\u0103, candoare \u015fi suspiciune, umor \u015fi dezn\u0103dejde, narcoze \u015fi lacrimi sunt ingredientele \u2013 universale \u2013 cu care se scrie aceast\u0103 poveste de dragoste at\u00e2t de specific\u0103 totu\u015fi societ\u0103\u0163ii rom\u00e2ne\u015fti. Fiind oglinda unei genera\u0163ii, a celei foarte tinere,&hellip;&nbsp;<a href=\"https:\/\/revistacultura.ro\/agenda\/2014\/04\/gabriel-h-decuble-tu-n-ai-trait-nimic\/\" rel=\"bookmark\">Cite\u0219te mai mult &raquo;<span class=\"screen-reader-text\">Gabriel H. Decuble, Tu n-ai tr\u0103it nimic,<\/span><\/a><\/p>\n","protected":false},"author":2,"featured_media":0,"comment_status":"open","ping_status":"open","sticky":false,"template":"","format":"standard","meta":{"neve_meta_sidebar":"","neve_meta_container":"","neve_meta_enable_content_width":"","neve_meta_content_width":0,"neve_meta_title_alignment":"","neve_meta_author_avatar":"","neve_post_elements_order":"","neve_meta_disable_header":"","neve_meta_disable_footer":"","neve_meta_disable_title":"","_jetpack_newsletter_access":"","_jetpack_dont_email_post_to_subs":false,"_jetpack_newsletter_tier_id":0,"_jetpack_memberships_contains_paywalled_content":false,"_jetpack_feature_clip_id":0,"_jetpack_memberships_contains_paid_content":false,"footnotes":"","jetpack_publicize_message":"","jetpack_publicize_feature_enabled":true,"jetpack_social_post_already_shared":true,"jetpack_social_options":{"image_generator_settings":{"template":"highway","default_image_id":0,"font":"","enabled":false},"version":2},"jetpack_post_was_ever_published":false},"categories":[152],"tags":[188,280,281],"class_list":["post-18550","post","type-post","status-publish","format-standard","hentry","category-agenda-cultura","tag-editura-cartea-romaneasca","tag-gabriel-h-decuble","tag-tu-n-ai-trait-nimic"],"jetpack_publicize_connections":[],"jetpack_sharing_enabled":true,"jetpack-related-posts":[{"id":19317,"url":"https:\/\/revistacultura.ro\/agenda\/2014\/08\/ioan-stanomir-camera-obscura-vis-imaginatie-si-banda-desenata-2\/","url_meta":{"origin":18550,"position":0},"title":"Ioan Stanomir, Camera obscur\u0103. Vis, imagina\u0163ie \u015fi band\u0103 desenat\u0103","author":"Revista","date":"1 august 2014","format":false,"excerpt":"\u00a0 Am citit cartea cu a\u015ftept\u0103ri care s-au desumflat repede. Stanomir atac\u0103 un subiect palpitant \u2013 benzile desenate ale lui Herg\u00e9, Hugo Pratt \u015f.a. \u2013, dar \u00eel mozole\u015fte cam ca Ionel Teodoreanu \u00een zilele lui proaste, ancor\u00e2nd \u00een metafore \u015fi asocieri hazardate care \u0163in loc de bibliografie \u015fi de nara\u0163iune.\u2026","rel":"","context":"\u00cen \u201eAparitii editoriale\u201d","block_context":{"text":"Aparitii editoriale","link":"https:\/\/revistacultura.ro\/agenda\/category\/aparitii-editoriale\/"},"img":{"alt_text":"","src":"","width":0,"height":0},"classes":[]},{"id":20316,"url":"https:\/\/revistacultura.ro\/agenda\/2019\/11\/editura-cartea-romaneasca-programul-lansarilor-de-carte-la-gaudeamus-2019\/","url_meta":{"origin":18550,"position":1},"title":"Editura Cartea Rom\u00e2neasc\u0103. Programul lans\u0103rilor de carte la Gaudeamus 2019","author":"Cultura","date":"21 noiembrie 2019","format":false,"excerpt":"VINERI, 22.11.2019 Liviu Rebreanu, P\u0103durea sp\u00e2nzura\u021bilor, Colec\u021bia CARTEA ROM\u00c2NEASC\u0102 100, ora 13, la standul editurii INVITA\u021aI: Mihai Zamfir, Mihok Tamas Constantin \u021aoiu, C\u0103derea \u00een lume, Colec\u021bia CARTEA ROM\u00c2NEASC\u0102 100, ora 14, la standul editurii INVITA\u021aI: R\u0103zvan Voncu, C\u0103lin Vlasie Marin Sorescu, Teatru, Colec\u021bia CARTEA ROM\u00c2NEASC\u0102 100, ora 15, la standul\u2026","rel":"","context":"\u00cen \u201eAparitii editoriale\u201d","block_context":{"text":"Aparitii editoriale","link":"https:\/\/revistacultura.ro\/agenda\/category\/aparitii-editoriale\/"},"img":{"alt_text":"","src":"https:\/\/i0.wp.com\/revistacultura.ro\/agenda\/wp-content\/uploads\/2019\/11\/afis-gaudeamus.jpg?resize=350%2C200&ssl=1","width":350,"height":200,"srcset":"https:\/\/i0.wp.com\/revistacultura.ro\/agenda\/wp-content\/uploads\/2019\/11\/afis-gaudeamus.jpg?resize=350%2C200&ssl=1 1x, https:\/\/i0.wp.com\/revistacultura.ro\/agenda\/wp-content\/uploads\/2019\/11\/afis-gaudeamus.jpg?resize=525%2C300&ssl=1 1.5x, https:\/\/i0.wp.com\/revistacultura.ro\/agenda\/wp-content\/uploads\/2019\/11\/afis-gaudeamus.jpg?resize=700%2C400&ssl=1 2x"},"classes":[]},{"id":20243,"url":"https:\/\/revistacultura.ro\/agenda\/2019\/10\/mircea-martin-invitat-la-conferintele-idei-in-agora\/","url_meta":{"origin":18550,"position":2},"title":"Video: Mircea Martin invitat la conferin\u021bele Idei \u00een Agora","author":"Cultura","date":"29 octombrie 2019","format":false,"excerpt":"UPDATE: \u00cenregistrarea video a conferin\u021bei \u00a0 Vezi \u0219i: articole de Mircea Martin \u00een revista CULTURA Mircea Martin va sus\u021bine conferin\u021ba cu tema \u201eSitua\u021bia studiilor literare\u201d mar\u021bi, 29 oct., ora 18.00, la Muzeul Municipiului Bucure\u0219ti - Casa Cesianu (pe Calea Victoriei la 151). Intrarea este liber\u0103. Conferin\u021ba poate fi urm\u0103rit\u0103 \u0219i\u2026","rel":"","context":"\u00cen \u201eSemnal\u201d","block_context":{"text":"Semnal","link":"https:\/\/revistacultura.ro\/agenda\/category\/semnal\/"},"img":{"alt_text":"","src":"https:\/\/i0.wp.com\/revistacultura.ro\/agenda\/wp-content\/uploads\/2019\/10\/Afis-Agora-29-oct.jpg?resize=350%2C200&ssl=1","width":350,"height":200,"srcset":"https:\/\/i0.wp.com\/revistacultura.ro\/agenda\/wp-content\/uploads\/2019\/10\/Afis-Agora-29-oct.jpg?resize=350%2C200&ssl=1 1x, https:\/\/i0.wp.com\/revistacultura.ro\/agenda\/wp-content\/uploads\/2019\/10\/Afis-Agora-29-oct.jpg?resize=525%2C300&ssl=1 1.5x, https:\/\/i0.wp.com\/revistacultura.ro\/agenda\/wp-content\/uploads\/2019\/10\/Afis-Agora-29-oct.jpg?resize=700%2C400&ssl=1 2x"},"classes":[]},{"id":19797,"url":"https:\/\/revistacultura.ro\/agenda\/2015\/07\/dmitri-miticov-dmitri-genul-cinic\/","url_meta":{"origin":18550,"position":3},"title":"Dmitri Miticov, Dmitri: genul cinic","author":"Revista","date":"18 iulie 2015","format":false,"excerpt":"\u00a0 Cu Efectul de pelicula si Numele meu e Dmitri (2010) sau cu Dmitri: uite viata (2012), Dmitri Miticov se detasa cu greu de stilul biografist-minimalist patentat de Sociu-Khasis. Odata cu Dmitri: genul cinic, volumul cel mai recent, t\u00e2narul poet ridica dintr-odata stacheta: aparent disparate, notatiile cotidiene se organizeaza de\u2026","rel":"","context":"\u00cen \u201eAparitii editoriale\u201d","block_context":{"text":"Aparitii editoriale","link":"https:\/\/revistacultura.ro\/agenda\/category\/aparitii-editoriale\/"},"img":{"alt_text":"","src":"https:\/\/i0.wp.com\/revistacultura.ro\/agenda\/wp-content\/uploads\/2015\/07\/carte1.jpg?resize=350%2C200&ssl=1","width":350,"height":200,"srcset":"https:\/\/i0.wp.com\/revistacultura.ro\/agenda\/wp-content\/uploads\/2015\/07\/carte1.jpg?resize=350%2C200&ssl=1 1x, https:\/\/i0.wp.com\/revistacultura.ro\/agenda\/wp-content\/uploads\/2015\/07\/carte1.jpg?resize=525%2C300&ssl=1 1.5x"},"classes":[]},{"id":18932,"url":"https:\/\/revistacultura.ro\/agenda\/2014\/05\/liliana-corobca-cenzura-literaturii-in-regimul-comunist-din-romania\/","url_meta":{"origin":18550,"position":4},"title":"Liliana Corobca, Cenzura literaturii \u00een regimul comunist din Rom\u00e2nia","author":"Cultura","date":"21 mai 2014","format":false,"excerpt":"Liliana Corobca, Controlul c\u0103r\u0163ii. Cenzura literaturii \u00een regimul comunist din Rom\u00e2nia, Editura Cartea Rom\u00e2neasc\u0103, Bucure\u015fti, 2014 Multe studii despre cultura \u00een comunism din ultima vreme au eludat tocmai problema cea mai spinoas\u0103 a institu\u0163iei c\u0103r\u0163ii, cenzura. Printr-o cercetare extrem de minu\u0163ioas\u0103, posibil\u0103 datorit\u0103 desecretiz\u0103rii fondurilor Direc\u0163iei Generale a Presei \u015fi\u2026","rel":"","context":"\u00cen \u201eRecomand\u0103ri\u201d","block_context":{"text":"Recomand\u0103ri","link":"https:\/\/revistacultura.ro\/agenda\/category\/recomandarile-cultura\/"},"img":{"alt_text":"","src":"","width":0,"height":0},"classes":[]},{"id":18898,"url":"https:\/\/revistacultura.ro\/agenda\/2014\/05\/o-nimigean-nanabozo\/","url_meta":{"origin":18550,"position":5},"title":"O. Nimigean, nanabozo","author":"Cultura","date":"21 mai 2014","format":false,"excerpt":"O. Nimigean, nanabozo, cu patru ecouri grafice de Alina S\u0103ruleanu, Editura Cartea Rom\u00e2neasc\u0103, Bucure\u015fti, 2014, 112 pagini, 20 lei \u201eDupromanul Rdcina de bucsau, care l-a consacrat ca prozator, O. Nimigean revine, la superlativ, cu un nou volum, de aceast datde poezie, consolid\u00e2ndu-\u015fi statutul de autor imprevizibil \u015fi inclasabil, \u00een continu\u2026","rel":"","context":"\u00cen \u201eAparitii editoriale\u201d","block_context":{"text":"Aparitii editoriale","link":"https:\/\/revistacultura.ro\/agenda\/category\/aparitii-editoriale\/"},"img":{"alt_text":"","src":"","width":0,"height":0},"classes":[]}],"jetpack_featured_media_url":"","_links":{"self":[{"href":"https:\/\/revistacultura.ro\/agenda\/wp-json\/wp\/v2\/posts\/18550","targetHints":{"allow":["GET"]}}],"collection":[{"href":"https:\/\/revistacultura.ro\/agenda\/wp-json\/wp\/v2\/posts"}],"about":[{"href":"https:\/\/revistacultura.ro\/agenda\/wp-json\/wp\/v2\/types\/post"}],"author":[{"embeddable":true,"href":"https:\/\/revistacultura.ro\/agenda\/wp-json\/wp\/v2\/users\/2"}],"replies":[{"embeddable":true,"href":"https:\/\/revistacultura.ro\/agenda\/wp-json\/wp\/v2\/comments?post=18550"}],"version-history":[{"count":0,"href":"https:\/\/revistacultura.ro\/agenda\/wp-json\/wp\/v2\/posts\/18550\/revisions"}],"wp:attachment":[{"href":"https:\/\/revistacultura.ro\/agenda\/wp-json\/wp\/v2\/media?parent=18550"}],"wp:term":[{"taxonomy":"category","embeddable":true,"href":"https:\/\/revistacultura.ro\/agenda\/wp-json\/wp\/v2\/categories?post=18550"},{"taxonomy":"post_tag","embeddable":true,"href":"https:\/\/revistacultura.ro\/agenda\/wp-json\/wp\/v2\/tags?post=18550"}],"curies":[{"name":"wp","href":"https:\/\/api.w.org\/{rel}","templated":true}]}}