{"id":18425,"date":"2014-03-27T12:02:31","date_gmt":"2014-03-27T10:02:31","guid":{"rendered":"http:\/\/revistacultura.ro\/nou\/?p=18425"},"modified":"2014-03-27T12:02:31","modified_gmt":"2014-03-27T10:02:31","slug":"iov-serban-foarta-si-tnt","status":"publish","type":"post","link":"https:\/\/revistacultura.ro\/agenda\/2014\/03\/iov-serban-foarta-si-tnt\/","title":{"rendered":"Iov, \u015eerban Foar\u0163\u0103 \u015fi TNT"},"content":{"rendered":"<p>Teatrul Na\u0163ional Timi\u015foara preg\u0103te\u015fte spectacolul Iov, \u00een regia lui Sabin Popescu. Montarea recreeaz\u0103 cunoscuta poveste biblic\u0103, \u00een versificarea de excep\u0163ie a poetului \u015eerban Foar\u0163\u0103. Iov, iubitorul de Dumnezeu, este \u00eencercat greu pentru credin\u0163a lui. Drama sa, \u00eentreb\u0103rile paroxistice despre credin\u0163\u0103, tenta\u0163ia \u00eendoielii, atingerea celor mai profunde resorturi spirituale ale omului, se proiecteaz\u0103 \u00eentr-un univers ce sugereaz\u0103 lumea rural\u0103 a primilor coloni\u015fti germani din Banat. Ilustra\u0163ia muzical\u0103 \u015fi interpretarea la org\u0103 \u00eei apar\u0163in lui Walter Kindl. Premiera va avea loc s\u00e2mb\u0103t\u0103, 12 aprilie, de la ora 20, \u00een Domul Romano-Catolic din Pia\u0163a Unirii.<\/p>\n","protected":false},"excerpt":{"rendered":"<p>Teatrul Na\u0163ional Timi\u015foara preg\u0103te\u015fte spectacolul Iov, \u00een regia lui Sabin Popescu. Montarea recreeaz\u0103 cunoscuta poveste biblic\u0103, \u00een versificarea de excep\u0163ie a poetului \u015eerban Foar\u0163\u0103. Iov, iubitorul de Dumnezeu, este \u00eencercat greu pentru credin\u0163a lui. Drama sa, \u00eentreb\u0103rile paroxistice despre credin\u0163\u0103, tenta\u0163ia \u00eendoielii, atingerea celor mai profunde resorturi spirituale ale omului, se proiecteaz\u0103 \u00eentr-un univers ce&hellip;&nbsp;<a href=\"https:\/\/revistacultura.ro\/agenda\/2014\/03\/iov-serban-foarta-si-tnt\/\" rel=\"bookmark\">Cite\u0219te mai mult &raquo;<span class=\"screen-reader-text\">Iov, \u015eerban Foar\u0163\u0103 \u015fi TNT<\/span><\/a><\/p>\n","protected":false},"author":2,"featured_media":0,"comment_status":"open","ping_status":"open","sticky":false,"template":"","format":"standard","meta":{"neve_meta_sidebar":"","neve_meta_container":"","neve_meta_enable_content_width":"","neve_meta_content_width":0,"neve_meta_title_alignment":"","neve_meta_author_avatar":"","neve_post_elements_order":"","neve_meta_disable_header":"","neve_meta_disable_footer":"","neve_meta_disable_title":"","_jetpack_newsletter_access":"","_jetpack_dont_email_post_to_subs":false,"_jetpack_newsletter_tier_id":0,"_jetpack_memberships_contains_paywalled_content":false,"_jetpack_feature_clip_id":0,"_jetpack_memberships_contains_paid_content":false,"footnotes":"","jetpack_publicize_message":"","jetpack_publicize_feature_enabled":true,"jetpack_social_post_already_shared":true,"jetpack_social_options":{"image_generator_settings":{"template":"highway","default_image_id":0,"font":"","enabled":false},"version":2},"jetpack_post_was_ever_published":false},"categories":[152],"tags":[254,255,256],"class_list":["post-18425","post","type-post","status-publish","format-standard","hentry","category-agenda-cultura","tag-iov","tag-serban-foarta","tag-teatrul-national-timisoara"],"jetpack_publicize_connections":[],"jetpack_sharing_enabled":true,"jetpack-related-posts":[{"id":20995,"url":"https:\/\/revistacultura.ro\/agenda\/2023\/06\/vara-evenimentelor-la-teatrul-national-din-timisoara-hamlet-a-girls-story-si-the-infernal-comedy-com-edie-infernala-cu-john-malkovich\/","url_meta":{"origin":18425,"position":0},"title":"Vara evenimentelor la Teatrul Na\u021bional din Timi\u0219oara","author":"Cultura","date":"23 iunie 2023","format":false,"excerpt":"HAMLET, A GIRLS STORY \u0219i THE INFERNAL COMEDY \/ COMEDIE INFERNAL\u0102 cu John Malkovich Vara evenimentelor la Teatrul Na\u021bional din Timi\u0219oara continu\u0103 \u00een luna iulie cu trei evenimente de excep\u021bie. Astfel, Teatrul Na\u021bional din Timi\u0219oara prezint\u0103 \u00een prima zi a lunii iulie, unul dintre spectacolele sale emblematice: HAMLET, \u00een traducerea\u2026","rel":"","context":"\u00cen \u201eSemnal\u201d","block_context":{"text":"Semnal","link":"https:\/\/revistacultura.ro\/agenda\/category\/semnal\/"},"img":{"alt_text":"","src":"https:\/\/i0.wp.com\/revistacultura.ro\/agenda\/wp-content\/uploads\/2023\/06\/a-girls-story2_Foto-Gianmarco-Bresadola7-scaled.jpg?resize=350%2C200&ssl=1","width":350,"height":200,"srcset":"https:\/\/i0.wp.com\/revistacultura.ro\/agenda\/wp-content\/uploads\/2023\/06\/a-girls-story2_Foto-Gianmarco-Bresadola7-scaled.jpg?resize=350%2C200&ssl=1 1x, https:\/\/i0.wp.com\/revistacultura.ro\/agenda\/wp-content\/uploads\/2023\/06\/a-girls-story2_Foto-Gianmarco-Bresadola7-scaled.jpg?resize=525%2C300&ssl=1 1.5x, https:\/\/i0.wp.com\/revistacultura.ro\/agenda\/wp-content\/uploads\/2023\/06\/a-girls-story2_Foto-Gianmarco-Bresadola7-scaled.jpg?resize=700%2C400&ssl=1 2x, https:\/\/i0.wp.com\/revistacultura.ro\/agenda\/wp-content\/uploads\/2023\/06\/a-girls-story2_Foto-Gianmarco-Bresadola7-scaled.jpg?resize=1050%2C600&ssl=1 3x, https:\/\/i0.wp.com\/revistacultura.ro\/agenda\/wp-content\/uploads\/2023\/06\/a-girls-story2_Foto-Gianmarco-Bresadola7-scaled.jpg?resize=1400%2C800&ssl=1 4x"},"classes":[]},{"id":21139,"url":"https:\/\/revistacultura.ro\/agenda\/2024\/05\/premiile-uniter-2024-castigatorii\/","url_meta":{"origin":18425,"position":1},"title":"Premiile Uniter 2024 &#8211; c\u00e2\u0219tig\u0103torii","author":"Cultura","date":"28 mai 2024","format":false,"excerpt":"Luni, 27 mai, la TNB, a avut loc Gala Premiilor UNITER 2024 Regie Premiul pentru Cea mai bun\u0103 regie (Premiul \u201eLucian Pintilie\u201d) a fost c\u00e2\u0219tigat de Andrei M\u0103jeri (foto) pentru regia spectacolului \u201eCine l-a ucis pe tata?\u201d, dramatizare de Mihaela Michailov dup\u0103 romanul omonim de \u00c9douard Louis, scenografia Adrian Balc\u0103u,\u2026","rel":"","context":"\u00cen \u201eAgenda culturala\u201d","block_context":{"text":"Agenda culturala","link":"https:\/\/revistacultura.ro\/agenda\/category\/agenda-cultura\/"},"img":{"alt_text":"","src":"https:\/\/i0.wp.com\/revistacultura.ro\/agenda\/wp-content\/uploads\/2024\/05\/649_n.webp?resize=350%2C200&ssl=1","width":350,"height":200,"srcset":"https:\/\/i0.wp.com\/revistacultura.ro\/agenda\/wp-content\/uploads\/2024\/05\/649_n.webp?resize=350%2C200&ssl=1 1x, https:\/\/i0.wp.com\/revistacultura.ro\/agenda\/wp-content\/uploads\/2024\/05\/649_n.webp?resize=525%2C300&ssl=1 1.5x, https:\/\/i0.wp.com\/revistacultura.ro\/agenda\/wp-content\/uploads\/2024\/05\/649_n.webp?resize=700%2C400&ssl=1 2x"},"classes":[]},{"id":19864,"url":"https:\/\/revistacultura.ro\/agenda\/2015\/10\/carouselul-lui-andrei-serban\/","url_meta":{"origin":18425,"position":2},"title":"Carouselul lui Andrei Serban","author":"Revista","date":"25 octombrie 2015","format":false,"excerpt":"\u00a0 Cea mai recenta premiera de la Teatrul \u201eBulandra\u201c este Carousel, adaptare de Andrei Serban si Daniela Dima dupa piesa Liliom de Ferenc Molnar si filmul cu acelasi titlu de Fritz Lang. Spectacolul \u201ear putea fi vazut ca politic incorect dintr-o perspectiva feminista, avertizeaza regizorul Andrei Serban. Cum poate Iulia\u2026","rel":"","context":"\u00cen \u201eAgenda culturala\u201d","block_context":{"text":"Agenda culturala","link":"https:\/\/revistacultura.ro\/agenda\/category\/agenda-cultura\/"},"img":{"alt_text":"","src":"https:\/\/i0.wp.com\/revistacultura.ro\/agenda\/wp-content\/uploads\/2015\/10\/Untitled-1.jpg?resize=350%2C200&ssl=1","width":350,"height":200},"classes":[]},{"id":20942,"url":"https:\/\/revistacultura.ro\/agenda\/2022\/12\/premiera-atmosfera-la-teatrul-mihai-eminescu-din-timisoara\/","url_meta":{"origin":18425,"position":3},"title":"Premier\u0103 aTMosfera la Teatrul \u201eMihai Eminescu\u201d din Timi\u0219oara","author":"Cultura","date":"9 decembrie 2022","format":false,"excerpt":"Premier\u0103: duminic\u0103, 18 decembrie, de la ora 19, \u00een Sala 2 a Teatrului Na\u021bional \u201eMihai Eminescu\u201d din Timi\u0219oara Spectacolul trilingv duce mai departe experien\u021ba \u00eenceput\u0103 \u00een luna octombrie cu proiectul \u201eBanat in Europe\u201d, proiect care propune o c\u0103l\u0103torie teatral\u0103 \u00een ceea ce \u00eenseamn\u0103 ast\u0103zi regiunea Banatului, \u00een universalitatea sa metaforic\u0103\u2026","rel":"","context":"\u00cen \u201eAgenda culturala\u201d","block_context":{"text":"Agenda culturala","link":"https:\/\/revistacultura.ro\/agenda\/category\/agenda-cultura\/"},"img":{"alt_text":"","src":"https:\/\/i0.wp.com\/revistacultura.ro\/agenda\/wp-content\/uploads\/2022\/12\/Sala2timisoara-teatru.webp?resize=350%2C200&ssl=1","width":350,"height":200,"srcset":"https:\/\/i0.wp.com\/revistacultura.ro\/agenda\/wp-content\/uploads\/2022\/12\/Sala2timisoara-teatru.webp?resize=350%2C200&ssl=1 1x, https:\/\/i0.wp.com\/revistacultura.ro\/agenda\/wp-content\/uploads\/2022\/12\/Sala2timisoara-teatru.webp?resize=525%2C300&ssl=1 1.5x, https:\/\/i0.wp.com\/revistacultura.ro\/agenda\/wp-content\/uploads\/2022\/12\/Sala2timisoara-teatru.webp?resize=700%2C400&ssl=1 2x"},"classes":[]},{"id":20701,"url":"https:\/\/revistacultura.ro\/agenda\/2020\/09\/teatrul-national-din-timisoara-deschide-scena-a-ut-dor\/","url_meta":{"origin":18425,"position":4},"title":"Teatrul Na\u021bional din Timi\u0219oara deschide Scena A ut DOR","author":"Cultura","date":"1 septembrie 2020","format":false,"excerpt":"Teatrul Na\u021bional din Timi\u0219oara \u00ee\u0219i \u00eent\u00e2lne\u0219te publicul din nou, fidel rostului s\u0103u fundamental: unificarea speran\u021belor societ\u0103\u021bii prin arta teatrului, \u00eentr-un spa\u021biu al dialogului, care poate fi oricare \u2013 sub cupola teatrului sau sub cerul liber. Desigur, regulile impuse de lege \u00een prevenirea \u0219i combaterea coronavirusului restric\u021bioneaz\u0103 accesul \u00een s\u0103lile de\u2026","rel":"","context":"\u00cen \u201eSemnal\u201d","block_context":{"text":"Semnal","link":"https:\/\/revistacultura.ro\/agenda\/category\/semnal\/"},"img":{"alt_text":"","src":"https:\/\/i0.wp.com\/revistacultura.ro\/agenda\/wp-content\/uploads\/2020\/09\/tnt19859164_n.jpg?resize=350%2C200&ssl=1","width":350,"height":200,"srcset":"https:\/\/i0.wp.com\/revistacultura.ro\/agenda\/wp-content\/uploads\/2020\/09\/tnt19859164_n.jpg?resize=350%2C200&ssl=1 1x, https:\/\/i0.wp.com\/revistacultura.ro\/agenda\/wp-content\/uploads\/2020\/09\/tnt19859164_n.jpg?resize=525%2C300&ssl=1 1.5x"},"classes":[]},{"id":21596,"url":"https:\/\/revistacultura.ro\/agenda\/2025\/12\/scriitoarea-ultima-premiera-din-an-la-tntm\/","url_meta":{"origin":18425,"position":5},"title":"\u201eScriitoarea\u201d, ultima premier\u0103 din an la TNTm","author":"Cultura","date":"16 decembrie 2025","format":false,"excerpt":"28 decembrie 2025 Premier\u0103 teatral\u0103 la Timi\u0219oara: \u201eScriitoarea\" de Ella Hickson Teatrul Na\u021bional din Timi\u0219oara prezint\u0103 duminic\u0103, 28 decembrie 2025, de la ora 19:00, premiera spectacolului \u201eScriitoarea\" dup\u0103 textul scriitoarei britanice Ella Hickson. Evenimentul va avea loc la Atelierele Fabrica de decoruri \u0219i marcheaz\u0103 \u00eencheierea anului teatral. Spectacolul este o\u2026","rel":"","context":"\u00cen \u201ePrimite la redac\u021bie\u201d","block_context":{"text":"Primite la redac\u021bie","link":"https:\/\/revistacultura.ro\/agenda\/category\/primite-la-redactie\/"},"img":{"alt_text":"","src":"https:\/\/i0.wp.com\/revistacultura.ro\/agenda\/wp-content\/uploads\/2025\/12\/scriitoarea.webp?resize=350%2C200&ssl=1","width":350,"height":200,"srcset":"https:\/\/i0.wp.com\/revistacultura.ro\/agenda\/wp-content\/uploads\/2025\/12\/scriitoarea.webp?resize=350%2C200&ssl=1 1x, https:\/\/i0.wp.com\/revistacultura.ro\/agenda\/wp-content\/uploads\/2025\/12\/scriitoarea.webp?resize=525%2C300&ssl=1 1.5x, https:\/\/i0.wp.com\/revistacultura.ro\/agenda\/wp-content\/uploads\/2025\/12\/scriitoarea.webp?resize=700%2C400&ssl=1 2x"},"classes":[]}],"jetpack_featured_media_url":"","_links":{"self":[{"href":"https:\/\/revistacultura.ro\/agenda\/wp-json\/wp\/v2\/posts\/18425","targetHints":{"allow":["GET"]}}],"collection":[{"href":"https:\/\/revistacultura.ro\/agenda\/wp-json\/wp\/v2\/posts"}],"about":[{"href":"https:\/\/revistacultura.ro\/agenda\/wp-json\/wp\/v2\/types\/post"}],"author":[{"embeddable":true,"href":"https:\/\/revistacultura.ro\/agenda\/wp-json\/wp\/v2\/users\/2"}],"replies":[{"embeddable":true,"href":"https:\/\/revistacultura.ro\/agenda\/wp-json\/wp\/v2\/comments?post=18425"}],"version-history":[{"count":0,"href":"https:\/\/revistacultura.ro\/agenda\/wp-json\/wp\/v2\/posts\/18425\/revisions"}],"wp:attachment":[{"href":"https:\/\/revistacultura.ro\/agenda\/wp-json\/wp\/v2\/media?parent=18425"}],"wp:term":[{"taxonomy":"category","embeddable":true,"href":"https:\/\/revistacultura.ro\/agenda\/wp-json\/wp\/v2\/categories?post=18425"},{"taxonomy":"post_tag","embeddable":true,"href":"https:\/\/revistacultura.ro\/agenda\/wp-json\/wp\/v2\/tags?post=18425"}],"curies":[{"name":"wp","href":"https:\/\/api.w.org\/{rel}","templated":true}]}}