{"id":18421,"date":"2014-03-27T11:57:05","date_gmt":"2014-03-27T09:57:05","guid":{"rendered":"http:\/\/revistacultura.ro\/nou\/?p=18421"},"modified":"2014-03-27T11:57:05","modified_gmt":"2014-03-27T09:57:05","slug":"rinocer-in-galerie-418-contemporary-art-gallery","status":"publish","type":"post","link":"https:\/\/revistacultura.ro\/agenda\/2014\/03\/rinocer-in-galerie-418-contemporary-art-gallery\/","title":{"rendered":"Rinocer \u00een galerie, 418 Contemporary Art Gallery"},"content":{"rendered":"<p>La 418 Contemporary Art Gallery (Intrarea Arma\u015fului nr. 12, Bucure\u015fti) s-a deschis noua personal\u0103 a lui Cristian R\u0103du\u0163\u0103, Unatended Ceremony. Artistul este unul dintre numele de referin\u0163\u0103 ale noului val, foarte activ \u00een ultimul deceniu, cu lucr\u0103ri care se \u00eenscriu \u00eentre ,,activism \u015fi poezie\u201c. Ritualuri stranii, alternan\u0163e de volume din piatr\u0103 \u015fi ghips, dimensiuni \u00een\u015fel\u0103toare ale obiectelor configureaz\u0103 un univers vizual original. Cele mai recente lucr\u0103ri combin\u0103 materialele rezistente \u2013 ciment, r\u0103\u015fin\u0103, os \u2013 \u015fi materiale fragile \u2013 scobitori, crengi \u2013 \u00eentr-o instala\u0163ie ampl\u0103, \u00een care armonia formei e poten\u0163at\u0103 de dubletul duritate\/ perisabilitate. \u00centre animalele exotice devenite prezen\u0163e obsesive \u00een opera artistului figureaz\u0103, de nou\u0103 ani \u00eencoace, rinocerul, veritabil personaj \u00een acest bestiar postistoric. Expozi\u0163ia e deschis\u0103 p\u00e2n\u0103 \u00een 30 aprilie.<\/p>\n","protected":false},"excerpt":{"rendered":"<p>La 418 Contemporary Art Gallery (Intrarea Arma\u015fului nr. 12, Bucure\u015fti) s-a deschis noua personal\u0103 a lui Cristian R\u0103du\u0163\u0103, Unatended Ceremony. Artistul este unul dintre numele de referin\u0163\u0103 ale noului val, foarte activ \u00een ultimul deceniu, cu lucr\u0103ri care se \u00eenscriu \u00eentre ,,activism \u015fi poezie\u201c. Ritualuri stranii, alternan\u0163e de volume din piatr\u0103 \u015fi ghips, dimensiuni \u00een\u015fel\u0103toare&hellip;&nbsp;<a href=\"https:\/\/revistacultura.ro\/agenda\/2014\/03\/rinocer-in-galerie-418-contemporary-art-gallery\/\" rel=\"bookmark\">Cite\u0219te mai mult &raquo;<span class=\"screen-reader-text\">Rinocer \u00een galerie, 418 Contemporary Art Gallery<\/span><\/a><\/p>\n","protected":false},"author":2,"featured_media":0,"comment_status":"open","ping_status":"open","sticky":false,"template":"","format":"standard","meta":{"neve_meta_sidebar":"","neve_meta_container":"","neve_meta_enable_content_width":"","neve_meta_content_width":0,"neve_meta_title_alignment":"","neve_meta_author_avatar":"","neve_post_elements_order":"","neve_meta_disable_header":"","neve_meta_disable_footer":"","neve_meta_disable_title":"","_jetpack_newsletter_access":"","_jetpack_dont_email_post_to_subs":false,"_jetpack_newsletter_tier_id":0,"_jetpack_memberships_contains_paywalled_content":false,"_jetpack_feature_clip_id":0,"_jetpack_memberships_contains_paid_content":false,"footnotes":"","jetpack_publicize_message":"","jetpack_publicize_feature_enabled":true,"jetpack_social_post_already_shared":true,"jetpack_social_options":{"image_generator_settings":{"template":"highway","default_image_id":0,"font":"","enabled":false},"version":2},"jetpack_post_was_ever_published":false},"categories":[152],"tags":[250,251],"class_list":["post-18421","post","type-post","status-publish","format-standard","hentry","category-agenda-cultura","tag-418-contemporary-art-gallery","tag-rinocer-in-galerie"],"jetpack_publicize_connections":[],"jetpack_sharing_enabled":true,"jetpack-related-posts":[{"id":22035,"url":"https:\/\/revistacultura.ro\/agenda\/2026\/06\/bucurestiul-capitala-mondiala-a-muzicii-contemporane\/","url_meta":{"origin":18421,"position":0},"title":"Bucure\u0219tiul, capitala mondial\u0103 a muzicii contemporane","author":"Cultura","date":"4 iunie 2026","format":false,"excerpt":"ISCM World New Music Days 2026 \u2013 \u201eColumna Infinit\u0103\u201d s-a \u00eencheiat dup\u0103 nou\u0103 zile de excelen\u021b\u0103 artistic\u0103 \u0219i dialog interna\u021bional 23 de concerte, 98 de lucr\u0103ri interpretate, sute de arti\u0219ti pe scen\u0103 \u0219i zeci de compozitori din \u00eentreaga lume au transformat Bucure\u0219tiul, timp de nou\u0103 zile, \u00eentr-un veritabil centru mondial\u2026","rel":"","context":"\u00cen \u201ecomunicate\u201d","block_context":{"text":"comunicate","link":"https:\/\/revistacultura.ro\/agenda\/category\/comunicate\/"},"img":{"alt_text":"","src":"https:\/\/i0.wp.com\/revistacultura.ro\/agenda\/wp-content\/uploads\/2026\/06\/World-New-Music-Days-2026.-foto-4.webp?resize=350%2C200&ssl=1","width":350,"height":200,"srcset":"https:\/\/i0.wp.com\/revistacultura.ro\/agenda\/wp-content\/uploads\/2026\/06\/World-New-Music-Days-2026.-foto-4.webp?resize=350%2C200&ssl=1 1x, https:\/\/i0.wp.com\/revistacultura.ro\/agenda\/wp-content\/uploads\/2026\/06\/World-New-Music-Days-2026.-foto-4.webp?resize=525%2C300&ssl=1 1.5x, https:\/\/i0.wp.com\/revistacultura.ro\/agenda\/wp-content\/uploads\/2026\/06\/World-New-Music-Days-2026.-foto-4.webp?resize=700%2C400&ssl=1 2x"},"classes":[]},{"id":20742,"url":"https:\/\/revistacultura.ro\/agenda\/2021\/01\/expozitie-mecena-art-am-vrut-sa-daramam-mitul-care-spune-ca-doar-daca-ai-10-la-scoala-poti-sa-ai-succes-in-viata\/","url_meta":{"origin":18421,"position":1},"title":"Expozi\u021bie Mecena Art. \u201eAm vrut s\u0103 d\u0103r\u00e2m\u0103m mitul care spune c\u0103 doar dac\u0103 ai 10 la \u0219coal\u0103 po\u021bi s\u0103 ai succes \u00een via\u021b\u0103\u201d","author":"Cultura","date":"13 ianuarie 2021","format":false,"excerpt":"Tinerii creativi se revolt\u0103 cu un scop comun la expozi\u021bia capsul\u0103 \u201ee f\u0103r\u0103 10\u201d Bucure\u0219ti, 2021. \u00centre 14 \u0219i 21 ianuarie are loc la MECENA.ART \u2013 Not your usual gallery expozi\u021bia capsul\u0103 \u201ee f\u0103r\u0103 10\u201d, dedicat\u0103 concursului pentru tineri cu acela\u0219i nume care a avut loc \u00een iunie \u2013 august\u2026","rel":"","context":"\u00cen \u201eAgenda culturala\u201d","block_context":{"text":"Agenda culturala","link":"https:\/\/revistacultura.ro\/agenda\/category\/agenda-cultura\/"},"img":{"alt_text":"","src":"https:\/\/i0.wp.com\/revistacultura.ro\/agenda\/wp-content\/uploads\/2021\/01\/E-fara-10_cover.jpg?resize=350%2C200&ssl=1","width":350,"height":200,"srcset":"https:\/\/i0.wp.com\/revistacultura.ro\/agenda\/wp-content\/uploads\/2021\/01\/E-fara-10_cover.jpg?resize=350%2C200&ssl=1 1x, https:\/\/i0.wp.com\/revistacultura.ro\/agenda\/wp-content\/uploads\/2021\/01\/E-fara-10_cover.jpg?resize=525%2C300&ssl=1 1.5x, https:\/\/i0.wp.com\/revistacultura.ro\/agenda\/wp-content\/uploads\/2021\/01\/E-fara-10_cover.jpg?resize=700%2C400&ssl=1 2x"},"classes":[]},{"id":19295,"url":"https:\/\/revistacultura.ro\/agenda\/2014\/07\/trecutul-pe-viu\/","url_meta":{"origin":18421,"position":2},"title":"Trecutul pe viu","author":"Revista","date":"24 iulie 2014","format":false,"excerpt":"\u00a0 \u00a0 Dou\u00e3zeci \u015fi trei de arti\u015fti semneaz\u0103 lucr\u0103ri expuse p\u00e2n\u0103 la 10 august sub genericul Europe. South East \u2013 Recorded Memories, la Muzeul Na\u0163ional de Art\u0103 Contemporan\u0103 din Bucure\u015fti. Proiectul este realizat de Goethe-Institut \u00een colaborare cu Museum f\u00fcr Photographie Braunschweig \u015fi este curatoriat de Constanze Wicke, cu sprijinul\u2026","rel":"","context":"\u00cen \u201eAgenda culturala\u201d","block_context":{"text":"Agenda culturala","link":"https:\/\/revistacultura.ro\/agenda\/category\/agenda-cultura\/"},"img":{"alt_text":"","src":"https:\/\/i0.wp.com\/revistacultura.ro\/agenda\/wp-content\/uploads\/2014\/07\/trecutul-pe-viu.jpg?resize=350%2C200&ssl=1","width":350,"height":200,"srcset":"https:\/\/i0.wp.com\/revistacultura.ro\/agenda\/wp-content\/uploads\/2014\/07\/trecutul-pe-viu.jpg?resize=350%2C200&ssl=1 1x, https:\/\/i0.wp.com\/revistacultura.ro\/agenda\/wp-content\/uploads\/2014\/07\/trecutul-pe-viu.jpg?resize=525%2C300&ssl=1 1.5x"},"classes":[]},{"id":21704,"url":"https:\/\/revistacultura.ro\/agenda\/2026\/02\/identitati-2026-debutul-artistic-al-noii-generatii-de-bursieri-ai-programului-tinere-talente\/","url_meta":{"origin":18421,"position":3},"title":"Identit\u0103\u021bi 2026: debutul artistic al noii genera\u021bii de bursieri ai programului Tinere Talente","author":"Cultura","date":"27 februarie 2026","format":false,"excerpt":"36 de tineri arti\u0219ti vizuali \u0219i muzicieni, sus\u021binu\u021bi de c\u0103tre Funda\u021bia Regal\u0103 Margareta a Rom\u00e2niei, se prezint\u0103 publicului pe 2 martie, la Elite Art Gallery, Bucure\u0219ti 26 februarie 2026\u00a0\u00a0\u00a0\u00a0\u00a0 Funda\u021bia Regal\u0103 Margareta a Rom\u00e2niei anun\u021b\u0103 Identit\u0103\u021bi, evenimentul care marcheaz\u0103 debutul public al genera\u021biei 2026 a programului na\u021bional Tinere Talente: 36\u2026","rel":"","context":"\u00cen \u201eProiecte sus\u021binute de revista CULTURA\u201d","block_context":{"text":"Proiecte sus\u021binute de revista CULTURA","link":"https:\/\/revistacultura.ro\/agenda\/category\/parteneriate\/"},"img":{"alt_text":"","src":"https:\/\/i0.wp.com\/revistacultura.ro\/agenda\/wp-content\/uploads\/2026\/02\/Vizual-Identitati-2026.webp?resize=350%2C200&ssl=1","width":350,"height":200,"srcset":"https:\/\/i0.wp.com\/revistacultura.ro\/agenda\/wp-content\/uploads\/2026\/02\/Vizual-Identitati-2026.webp?resize=350%2C200&ssl=1 1x, https:\/\/i0.wp.com\/revistacultura.ro\/agenda\/wp-content\/uploads\/2026\/02\/Vizual-Identitati-2026.webp?resize=525%2C300&ssl=1 1.5x, https:\/\/i0.wp.com\/revistacultura.ro\/agenda\/wp-content\/uploads\/2026\/02\/Vizual-Identitati-2026.webp?resize=700%2C400&ssl=1 2x"},"classes":[]},{"id":18432,"url":"https:\/\/revistacultura.ro\/agenda\/2014\/03\/mihai-zgondoiu-la-five-plus-art-gallery-viena\/","url_meta":{"origin":18421,"position":4},"title":"Mihai Zgondoiu la Five Plus Art Gallery, Viena","author":"Revista","date":"27 martie 2014","format":false,"excerpt":"Mihai Zgondoiu, The artist\u2019s golden hand, Five Plus Art Gallery, Viena O m\u00e2n\u0103 rupt\u0103, fixat\u0103 \u00een gips. \u00cen locul clasicelor zm\u00e2ng\u0103leli ale prietenilor pe ghipsul accidentatului, Mihai Zgondoiu, un t\u00e2n\u0103r artist activ \u015fi vizibil, \u015fi-a transformat, aidoma lui Pene\u015f Curcanu, accidentul \u201e\u00een renume\u201c, \u00eenvelindu-\u015fi ghipsul cu foi\u0163\u0103 de aur \u015fi\u2026","rel":"","context":"\u00cen \u201eAgenda culturala\u201d","block_context":{"text":"Agenda culturala","link":"https:\/\/revistacultura.ro\/agenda\/category\/agenda-cultura\/"},"img":{"alt_text":"","src":"","width":0,"height":0},"classes":[]},{"id":21950,"url":"https:\/\/revistacultura.ro\/agenda\/2026\/05\/clova-miniature-art-fair-small-scale-serious-art\/","url_meta":{"origin":18421,"position":5},"title":"CLOVA Miniature Art Fair | Small scale. Serious art.","author":"Cultura","date":"19 mai 2026","format":false,"excerpt":"\u00centre 29 \u0219i 31 mai 2026, Bucure\u0219tiul g\u0103zduie\u0219te prima edi\u021bie CLOVA Miniature Art Fair, un nou format expozi\u021bional dedicat artei contemporane, care propune o abordare inovatoare a modului \u00een care arta este expus\u0103, colec\u021bionat\u0103 \u0219i integrat\u0103 \u00een via\u021ba de zi cu zi. Desf\u0103\u0219urat \u00een Cl\u0103direa Union, situat\u0103 pe Strada Academiei\u2026","rel":"","context":"\u00cen \u201eProiecte sus\u021binute de revista CULTURA\u201d","block_context":{"text":"Proiecte sus\u021binute de revista CULTURA","link":"https:\/\/revistacultura.ro\/agenda\/category\/parteneriate\/"},"img":{"alt_text":"","src":"https:\/\/i0.wp.com\/revistacultura.ro\/agenda\/wp-content\/uploads\/2026\/05\/CLOVA-MINIATURE-ART-FAIR.webp?resize=350%2C200&ssl=1","width":350,"height":200,"srcset":"https:\/\/i0.wp.com\/revistacultura.ro\/agenda\/wp-content\/uploads\/2026\/05\/CLOVA-MINIATURE-ART-FAIR.webp?resize=350%2C200&ssl=1 1x, https:\/\/i0.wp.com\/revistacultura.ro\/agenda\/wp-content\/uploads\/2026\/05\/CLOVA-MINIATURE-ART-FAIR.webp?resize=525%2C300&ssl=1 1.5x, https:\/\/i0.wp.com\/revistacultura.ro\/agenda\/wp-content\/uploads\/2026\/05\/CLOVA-MINIATURE-ART-FAIR.webp?resize=700%2C400&ssl=1 2x"},"classes":[]}],"jetpack_featured_media_url":"","_links":{"self":[{"href":"https:\/\/revistacultura.ro\/agenda\/wp-json\/wp\/v2\/posts\/18421","targetHints":{"allow":["GET"]}}],"collection":[{"href":"https:\/\/revistacultura.ro\/agenda\/wp-json\/wp\/v2\/posts"}],"about":[{"href":"https:\/\/revistacultura.ro\/agenda\/wp-json\/wp\/v2\/types\/post"}],"author":[{"embeddable":true,"href":"https:\/\/revistacultura.ro\/agenda\/wp-json\/wp\/v2\/users\/2"}],"replies":[{"embeddable":true,"href":"https:\/\/revistacultura.ro\/agenda\/wp-json\/wp\/v2\/comments?post=18421"}],"version-history":[{"count":0,"href":"https:\/\/revistacultura.ro\/agenda\/wp-json\/wp\/v2\/posts\/18421\/revisions"}],"wp:attachment":[{"href":"https:\/\/revistacultura.ro\/agenda\/wp-json\/wp\/v2\/media?parent=18421"}],"wp:term":[{"taxonomy":"category","embeddable":true,"href":"https:\/\/revistacultura.ro\/agenda\/wp-json\/wp\/v2\/categories?post=18421"},{"taxonomy":"post_tag","embeddable":true,"href":"https:\/\/revistacultura.ro\/agenda\/wp-json\/wp\/v2\/tags?post=18421"}],"curies":[{"name":"wp","href":"https:\/\/api.w.org\/{rel}","templated":true}]}}