{"id":18409,"date":"2014-03-27T11:27:38","date_gmt":"2014-03-27T09:27:38","guid":{"rendered":"http:\/\/revistacultura.ro\/nou\/?p=18409"},"modified":"2014-03-27T11:27:38","modified_gmt":"2014-03-27T09:27:38","slug":"jacques-derrida-fiara-si-suveranul","status":"publish","type":"post","link":"https:\/\/revistacultura.ro\/agenda\/2014\/03\/jacques-derrida-fiara-si-suveranul\/","title":{"rendered":"Jacques Derrida, Fiara \u015fi suveranul"},"content":{"rendered":"<blockquote><p><strong>Jacques Derrida, <em>Fiara \u015fi suveranul. Volumul I (Seminar 2001-2002)<\/em>, traducere de Bogdan Ghiu, Cluj-Napoca, Editura Tact, 2013, 526 pagini, 67 lei<\/strong><\/p><\/blockquote>\n<p>&nbsp;<\/p>\n<p>\u201eFiara \u015fi suveranul, ultimul dintre seminariile \u0163inute de Jacques Derrida la \u00c9cole des Hautes \u00c9tudes en Sciences Sociales din Paris, din toamna anului 2001 p\u00e2n\u0103 \u00een prim\u0103vara anului 2003, este o scriere \u00een acela\u015fi timp experimental\u0103, dar re\u0163inut\u0103, care nu for\u0163eaz\u0103, care este interesat\u0103 de pedagogic, de a pune la dispozi\u0163ie toate elementele \u015fi de a nu avansa, dec\u00e2t cu mare pruden\u0163\u0103 \u015fi rigoare, \u00een chip infinit responsabil, ipoteze.\u201c EDITURA.IMAGINETACT.RO<\/p>\n","protected":false},"excerpt":{"rendered":"<p>Jacques Derrida, Fiara \u015fi suveranul. Volumul I (Seminar 2001-2002), traducere de Bogdan Ghiu, Cluj-Napoca, Editura Tact, 2013, 526 pagini, 67 lei &nbsp; \u201eFiara \u015fi suveranul, ultimul dintre seminariile \u0163inute de Jacques Derrida la \u00c9cole des Hautes \u00c9tudes en Sciences Sociales din Paris, din toamna anului 2001 p\u00e2n\u0103 \u00een prim\u0103vara anului 2003, este o scriere \u00een&hellip;&nbsp;<a href=\"https:\/\/revistacultura.ro\/agenda\/2014\/03\/jacques-derrida-fiara-si-suveranul\/\" rel=\"bookmark\">Cite\u0219te mai mult &raquo;<span class=\"screen-reader-text\">Jacques Derrida, Fiara \u015fi suveranul<\/span><\/a><\/p>\n","protected":false},"author":2,"featured_media":0,"comment_status":"open","ping_status":"open","sticky":false,"template":"","format":"standard","meta":{"neve_meta_sidebar":"","neve_meta_container":"","neve_meta_enable_content_width":"","neve_meta_content_width":0,"neve_meta_title_alignment":"","neve_meta_author_avatar":"","neve_post_elements_order":"","neve_meta_disable_header":"","neve_meta_disable_footer":"","neve_meta_disable_title":"","_jetpack_newsletter_access":"","_jetpack_dont_email_post_to_subs":false,"_jetpack_newsletter_tier_id":0,"_jetpack_memberships_contains_paywalled_content":false,"_jetpack_feature_clip_id":0,"_jetpack_memberships_contains_paid_content":false,"footnotes":"","jetpack_publicize_message":"","jetpack_publicize_feature_enabled":true,"jetpack_social_post_already_shared":true,"jetpack_social_options":{"image_generator_settings":{"template":"highway","default_image_id":0,"font":"","enabled":false},"version":2},"jetpack_post_was_ever_published":false},"categories":[152],"tags":[242,243],"class_list":["post-18409","post","type-post","status-publish","format-standard","hentry","category-agenda-cultura","tag-fiara-si-suveranul","tag-jacques-derrida"],"jetpack_publicize_connections":[],"jetpack_sharing_enabled":true,"jetpack-related-posts":[{"id":21389,"url":"https:\/\/revistacultura.ro\/agenda\/2025\/09\/expo-out-of-sight-out-of-mind\/","url_meta":{"origin":18409,"position":0},"title":"Expo: \u201eOut of Sight, Out of Mind\u201d","author":"Cultura","date":"9 septembrie 2025","format":false,"excerpt":"Centrul de Cultur\u0103 \u201ePalatele Br\u00e2ncovene\u0219ti\u201d Mogo\u0219oaia organizeaz\u0103 \u00een galeria \u201eCuhnia\u201d, \u00een perioada 11-28 septembrie expozi\u021bia de grup Out of Sight, Out of Mind, ce reune\u0219te trei artiste cu un parcurs deja articulat \u00een expozi\u021bii de grup na\u021bionale \u0219i interna\u021bionale: Raluca Dr\u0103ghici, S\u00e2nziana Georgescu \u0219i Irina C\u00eempeanu \u0218tefureac. \u00cen prezent masterande\u2026","rel":"","context":"\u00cen \u201eAgenda culturala\u201d","block_context":{"text":"Agenda culturala","link":"https:\/\/revistacultura.ro\/agenda\/category\/agenda-cultura\/"},"img":{"alt_text":"","src":"https:\/\/i0.wp.com\/revistacultura.ro\/agenda\/wp-content\/uploads\/2025\/09\/out-of-mind-mogosoaia.webp?resize=350%2C200&ssl=1","width":350,"height":200,"srcset":"https:\/\/i0.wp.com\/revistacultura.ro\/agenda\/wp-content\/uploads\/2025\/09\/out-of-mind-mogosoaia.webp?resize=350%2C200&ssl=1 1x, https:\/\/i0.wp.com\/revistacultura.ro\/agenda\/wp-content\/uploads\/2025\/09\/out-of-mind-mogosoaia.webp?resize=525%2C300&ssl=1 1.5x, https:\/\/i0.wp.com\/revistacultura.ro\/agenda\/wp-content\/uploads\/2025\/09\/out-of-mind-mogosoaia.webp?resize=700%2C400&ssl=1 2x"},"classes":[]},{"id":22165,"url":"https:\/\/revistacultura.ro\/agenda\/2026\/08\/timisoara-concurs-de-arta-la-mall\/","url_meta":{"origin":18409,"position":1},"title":"Timi\u0219oara: concurs de art\u0103 la mall","author":"Cultura","date":"15 august 2026","format":false,"excerpt":"Premiul Peter Jecza pentru SCULPTURA ANULUI \u2013 edi\u021bia a 3-a \u00een valoare de 8.000 euro \u2013 PUBLICUL DECIDE Fiecare ora\u0219 \u00ee\u0219i spune povestea, iar printre ele exist\u0103 ora\u0219e care aleg s\u0103 vorbeasc\u0103 prin art\u0103. La Timi\u0219oara, SCULPTURA nu este doar un obiect a\u0219ezat \u00eentr-o pia\u021b\u0103 sau \u00eentr-un parc, ci o\u2026","rel":"","context":"\u00cen \u201ecomunicate\u201d","block_context":{"text":"comunicate","link":"https:\/\/revistacultura.ro\/agenda\/category\/comunicate\/"},"img":{"alt_text":"","src":"https:\/\/i0.wp.com\/revistacultura.ro\/agenda\/wp-content\/uploads\/2026\/08\/sculptura-anului.webp?resize=350%2C200&ssl=1","width":350,"height":200,"srcset":"https:\/\/i0.wp.com\/revistacultura.ro\/agenda\/wp-content\/uploads\/2026\/08\/sculptura-anului.webp?resize=350%2C200&ssl=1 1x, https:\/\/i0.wp.com\/revistacultura.ro\/agenda\/wp-content\/uploads\/2026\/08\/sculptura-anului.webp?resize=525%2C300&ssl=1 1.5x, https:\/\/i0.wp.com\/revistacultura.ro\/agenda\/wp-content\/uploads\/2026\/08\/sculptura-anului.webp?resize=700%2C400&ssl=1 2x, https:\/\/i0.wp.com\/revistacultura.ro\/agenda\/wp-content\/uploads\/2026\/08\/sculptura-anului.webp?resize=1050%2C600&ssl=1 3x"},"classes":[]},{"id":18448,"url":"https:\/\/revistacultura.ro\/agenda\/2014\/03\/without-face-danaart-gallery\/","url_meta":{"origin":18409,"position":2},"title":"Without face, DanaArt Gallery,","author":"Revista","date":"27 martie 2014","format":false,"excerpt":"FOTOGRAFIE DanaArt Gallery, Teatrul Odeon \"Without face\", o expozi\u0163ie de fotografie semnat\u0103 Drago\u015f M\u0103l\u0103escu. Lucr\u0103ri conceptuale, metafor\u0103 \u015fi accente dark. Cel mai adesea, M\u0103l\u0103escu alege s\u0103 fac\u0103 o fotografie care nu este nici instantaneu, nici document, ci este inten\u0163ie. Un mise en sc\u00e8ne. Ceea ce nu e u\u015for, pentru c\u0103\u2026","rel":"","context":"\u00cen \u201eRecomand\u0103ri\u201d","block_context":{"text":"Recomand\u0103ri","link":"https:\/\/revistacultura.ro\/agenda\/category\/recomandarile-cultura\/"},"img":{"alt_text":"","src":"","width":0,"height":0},"classes":[]},{"id":19328,"url":"https:\/\/revistacultura.ro\/agenda\/2014\/08\/dirty-nils-din-norvegia\/","url_meta":{"origin":18409,"position":3},"title":"Dirty Nils din Norvegia","author":"Revista","date":"1 august 2014","format":false,"excerpt":"\u00a0 Dup\u0103 ce a fost foarte bine primit la c\u00e2teva festivaluri interna\u0163ionale de gen, dar \u015fi la Tribeca, la Berlinal\u0103 \u015fi la Tiff, al \u015faptelea film al regizorului norvegian Hans Petter Moland a ajuns \u015fi la Bucure\u015fti. \u00cen ordinea dispari\u0163iei\/ Kraftidioten este un amestec inspirat de policier \u015fi de comedie\u2026","rel":"","context":"\u00cen \u201eFilme noi\u201d","block_context":{"text":"Filme noi","link":"https:\/\/revistacultura.ro\/agenda\/category\/filme-noi\/"},"img":{"alt_text":"","src":"https:\/\/i0.wp.com\/revistacultura.ro\/agenda\/wp-content\/uploads\/2014\/08\/In-ordinea-disparitiei.jpg?resize=350%2C200&ssl=1","width":350,"height":200},"classes":[]},{"id":20733,"url":"https:\/\/revistacultura.ro\/agenda\/2021\/01\/tn-timisoara-in-2021\/","url_meta":{"origin":18409,"position":4},"title":"TN Timi\u0219oara \u00een 2021","author":"Cultura","date":"4 ianuarie 2021","format":false,"excerpt":"\u00cencredere \u0219i speran\u021b\u0103 pentru viitorul Teatrului Na\u021bional din Timi\u0219oara \u0219i al publicului s\u0103u. Este mesajul pentru anul 2021 al Na\u021bionalului timi\u0219orean, acest teatru mereu prezent, mereu activ, mereu rezonant fa\u021b\u0103 de spectatorii s\u0103i \u0219i fa\u021b\u0103 de comunitate, pe tot parcursul acestui an at\u00e2t de plin de nea\u0219teptat. \u00cempreun\u0103 cu Teatrul\u2026","rel":"","context":"\u00cen \u201ecomunicate\u201d","block_context":{"text":"comunicate","link":"https:\/\/revistacultura.ro\/agenda\/category\/comunicate\/"},"img":{"alt_text":"","src":"","width":0,"height":0},"classes":[]},{"id":18570,"url":"https:\/\/revistacultura.ro\/agenda\/2014\/04\/vlad-eftenie-fotografie-dincolo-de-fotografie\/","url_meta":{"origin":18409,"position":5},"title":"Vlad Eftenie. Fotografie dincolo de fotografie","author":"Revista","date":"3 aprilie 2014","format":false,"excerpt":"Nu sunt fotograf, spune Vlad Eftenie, lector la Universitatea de Arhitectur\u0103 \u015fi Urbanism \u201eIon Mincu\u201c. \u015ei toate fotografiile sale \u00eel contrazic. \u00cel contrazice \u015fi premiul ob\u0163inut de cur\u00e2nd la unul dintre cele mai prestigioase concursuri fotografice din lume, Sony World Photography. Au concurat peste 140 000 de fotografii, din 166\u2026","rel":"","context":"\u00cen \u201eRecomand\u0103ri\u201d","block_context":{"text":"Recomand\u0103ri","link":"https:\/\/revistacultura.ro\/agenda\/category\/recomandarile-cultura\/"},"img":{"alt_text":"","src":"","width":0,"height":0},"classes":[]}],"jetpack_featured_media_url":"","_links":{"self":[{"href":"https:\/\/revistacultura.ro\/agenda\/wp-json\/wp\/v2\/posts\/18409","targetHints":{"allow":["GET"]}}],"collection":[{"href":"https:\/\/revistacultura.ro\/agenda\/wp-json\/wp\/v2\/posts"}],"about":[{"href":"https:\/\/revistacultura.ro\/agenda\/wp-json\/wp\/v2\/types\/post"}],"author":[{"embeddable":true,"href":"https:\/\/revistacultura.ro\/agenda\/wp-json\/wp\/v2\/users\/2"}],"replies":[{"embeddable":true,"href":"https:\/\/revistacultura.ro\/agenda\/wp-json\/wp\/v2\/comments?post=18409"}],"version-history":[{"count":0,"href":"https:\/\/revistacultura.ro\/agenda\/wp-json\/wp\/v2\/posts\/18409\/revisions"}],"wp:attachment":[{"href":"https:\/\/revistacultura.ro\/agenda\/wp-json\/wp\/v2\/media?parent=18409"}],"wp:term":[{"taxonomy":"category","embeddable":true,"href":"https:\/\/revistacultura.ro\/agenda\/wp-json\/wp\/v2\/categories?post=18409"},{"taxonomy":"post_tag","embeddable":true,"href":"https:\/\/revistacultura.ro\/agenda\/wp-json\/wp\/v2\/tags?post=18409"}],"curies":[{"name":"wp","href":"https:\/\/api.w.org\/{rel}","templated":true}]}}