{"id":18223,"date":"2014-03-20T12:55:19","date_gmt":"2014-03-20T10:55:19","guid":{"rendered":"http:\/\/revistacultura.ro\/nou\/?p=18223"},"modified":"2014-03-20T12:55:19","modified_gmt":"2014-03-20T10:55:19","slug":"maria-tanase-album-inedit","status":"publish","type":"post","link":"https:\/\/revistacultura.ro\/agenda\/2014\/03\/maria-tanase-album-inedit\/","title":{"rendered":"Maria T\u0103nase, album inedit"},"content":{"rendered":"<p>La 20 februarie 1938 vocea Mariei T\u0103nase r\u0103suna pentru prima dat\u0103, \u201epe viu\u201c, la Radio Rom\u00e2nia, \u00eentr-un program de c\u00e2ntece rom\u00e2ne\u0103ti, \u00een emisiunea Ora satului. Un succes! Tot \u00een februarie, dar \u00een 2014, Editura Casa Radio \u00eei lanseaz\u0103 albumul C\u00e2ntece populare 1953-1961, cu 40 de interpret\u0103ri istorice din Arhivele Radio Rom\u00e2nia. Pe l\u00e2ng\u0103 piese celebre: Ciuleandra, Bun \u00eei vinul ghiurghiuliu, Cine iube\u0103te \u015fi las\u0103, Ho-la-ho, apar piese inedite ca Mo\u0163ule cu \u0163undr\u0103 neagr\u0103 sau Petite feuille que l\u2019automne dore, precum \u015fi o convorbire cu Maria T\u0103nase, realizat\u0103 \u00een anul 1960. Albumul este prefa\u0163at de Maria Balaba\u0103, originala muzician\u0103 \u015fi jurnalist\u0103 a postului Radio Rom\u00e2nia Cultural. Detalii la www.edituracasaradio.ro.<\/p>\n","protected":false},"excerpt":{"rendered":"<p>La 20 februarie 1938 vocea Mariei T\u0103nase r\u0103suna pentru prima dat\u0103, \u201epe viu\u201c, la Radio Rom\u00e2nia, \u00eentr-un program de c\u00e2ntece rom\u00e2ne\u0103ti, \u00een emisiunea Ora satului. Un succes! Tot \u00een februarie, dar \u00een 2014, Editura Casa Radio \u00eei lanseaz\u0103 albumul C\u00e2ntece populare 1953-1961, cu 40 de interpret\u0103ri istorice din Arhivele Radio Rom\u00e2nia. Pe l\u00e2ng\u0103 piese celebre:&hellip;&nbsp;<a href=\"https:\/\/revistacultura.ro\/agenda\/2014\/03\/maria-tanase-album-inedit\/\" rel=\"bookmark\">Cite\u0219te mai mult &raquo;<span class=\"screen-reader-text\">Maria T\u0103nase, album inedit<\/span><\/a><\/p>\n","protected":false},"author":2,"featured_media":0,"comment_status":"open","ping_status":"open","sticky":false,"template":"","format":"standard","meta":{"neve_meta_sidebar":"","neve_meta_container":"","neve_meta_enable_content_width":"","neve_meta_content_width":0,"neve_meta_title_alignment":"","neve_meta_author_avatar":"","neve_post_elements_order":"","neve_meta_disable_header":"","neve_meta_disable_footer":"","neve_meta_disable_title":"","_jetpack_newsletter_access":"","_jetpack_dont_email_post_to_subs":false,"_jetpack_newsletter_tier_id":0,"_jetpack_memberships_contains_paywalled_content":false,"_jetpack_feature_clip_id":0,"_jetpack_memberships_contains_paid_content":false,"footnotes":"","jetpack_publicize_message":"","jetpack_publicize_feature_enabled":true,"jetpack_social_post_already_shared":true,"jetpack_social_options":{"image_generator_settings":{"template":"highway","default_image_id":0,"font":"","enabled":false},"version":2},"jetpack_post_was_ever_published":false},"categories":[22],"tags":[57,58],"class_list":["post-18223","post","type-post","status-publish","format-standard","hentry","category-recomandarile-cultura","tag-cd-maria-tanase","tag-editura-casa-radio"],"jetpack_publicize_connections":[],"jetpack_sharing_enabled":true,"jetpack-related-posts":[{"id":19178,"url":"https:\/\/revistacultura.ro\/agenda\/2014\/06\/maria-tanase-multimedia\/","url_meta":{"origin":18223,"position":0},"title":"Maria T\u0103nase, multimedia","author":"Revista","date":"20 iunie 2014","format":false,"excerpt":"\u00a0 Regizoarea Carmen Lidia Vidu, primul \u015fi cel mai spectaculos artist de teatru multimedia din Rom\u00e2nia, revine \u00een aten\u0163ia publicului bucure\u015ftean cu ultima premier\u0103 de la Godot Cafe Teatru, C\u00e2ntec de leag\u0103n. O poveste despre Maria Tanase. Cunoscut\u0103 din numeroase mont\u0103ri ca O sta\u0163ie, Privighetoarea \u015fi trandafirul, Micul prin\u0163, Carmen\u2026","rel":"","context":"\u00cen \u201eAgenda culturala\u201d","block_context":{"text":"Agenda culturala","link":"https:\/\/revistacultura.ro\/agenda\/category\/agenda-cultura\/"},"img":{"alt_text":"","src":"https:\/\/i0.wp.com\/revistacultura.ro\/agenda\/wp-content\/uploads\/2014\/06\/Maria-Tanase.jpg?resize=350%2C200&ssl=1","width":350,"height":200,"srcset":"https:\/\/i0.wp.com\/revistacultura.ro\/agenda\/wp-content\/uploads\/2014\/06\/Maria-Tanase.jpg?resize=350%2C200&ssl=1 1x, https:\/\/i0.wp.com\/revistacultura.ro\/agenda\/wp-content\/uploads\/2014\/06\/Maria-Tanase.jpg?resize=525%2C300&ssl=1 1.5x, https:\/\/i0.wp.com\/revistacultura.ro\/agenda\/wp-content\/uploads\/2014\/06\/Maria-Tanase.jpg?resize=700%2C400&ssl=1 2x"},"classes":[]},{"id":19806,"url":"https:\/\/revistacultura.ro\/agenda\/2015\/07\/tugulea-un-erou-printre-supereroi\/","url_meta":{"origin":18223,"position":1},"title":"Tugulea, un erou printre supereroi","author":"Revista","date":"18 iulie 2015","format":false,"excerpt":"\u00a0 \u201eSuperman, Batman, Spiderman: toti au in comun nu doar eroismul, ci si faptul ca figurile lor au devenit celebre datorita unor artisti talentati. De ce nu am avea si eroi autohtoni printre ei?\u201c Avem! Editura Casa Radio l-a lansat. Tugulea, este un roman grafic de Alexandru Ciubotariu dupa o\u2026","rel":"","context":"\u00cen \u201eAgenda culturala\u201d","block_context":{"text":"Agenda culturala","link":"https:\/\/revistacultura.ro\/agenda\/category\/agenda-cultura\/"},"img":{"alt_text":"","src":"https:\/\/i0.wp.com\/revistacultura.ro\/agenda\/wp-content\/uploads\/2015\/07\/tugulea.jpg?resize=350%2C200&ssl=1","width":350,"height":200},"classes":[]},{"id":21576,"url":"https:\/\/revistacultura.ro\/agenda\/2025\/12\/invitatie-online-primul-album-de-spoken-word-jazz-din-romania-now-to-now\/","url_meta":{"origin":18223,"position":2},"title":"Invita\u021bie online: primul album de spoken-word jazz din Rom\u00e2nia, NOW to NOW","author":"Cultura","date":"8 decembrie 2025","format":false,"excerpt":"Artista A-C Leonte a lansat un nou album intitulat \"NOW to NOW\", pe 5 decembrie. Proiectul este primul album de spoken-word jazz din Rom\u00e2nia, combin\u00e2nd elemente de jazz contemporan, spoken word \u0219i muzic\u0103 electronic\u0103. Albumul reune\u0219te 10 muzicieni din Rom\u00e2nia \u0219i din str\u0103in\u0103tate. Conceptul este bazat pe idei din tradi\u021bii\u2026","rel":"","context":"\u00cen \u201eInvita\u021bii\u201d","block_context":{"text":"Invita\u021bii","link":"https:\/\/revistacultura.ro\/agenda\/category\/invitatii\/"},"img":{"alt_text":"","src":"https:\/\/i0.wp.com\/revistacultura.ro\/agenda\/wp-content\/uploads\/2025\/12\/Album_NOW_NOW_Leonte.webp?resize=350%2C200&ssl=1","width":350,"height":200,"srcset":"https:\/\/i0.wp.com\/revistacultura.ro\/agenda\/wp-content\/uploads\/2025\/12\/Album_NOW_NOW_Leonte.webp?resize=350%2C200&ssl=1 1x, https:\/\/i0.wp.com\/revistacultura.ro\/agenda\/wp-content\/uploads\/2025\/12\/Album_NOW_NOW_Leonte.webp?resize=525%2C300&ssl=1 1.5x, https:\/\/i0.wp.com\/revistacultura.ro\/agenda\/wp-content\/uploads\/2025\/12\/Album_NOW_NOW_Leonte.webp?resize=700%2C400&ssl=1 2x"},"classes":[]},{"id":20525,"url":"https:\/\/revistacultura.ro\/agenda\/2020\/02\/mind-universe-expozitie-de-colaje-de-cristiana-bucureci-si-andrei-stan\/","url_meta":{"origin":18223,"position":3},"title":"Mind Universe &#8211; expozi\u021bie de colaje &#8211; de Cristiana Bucureci \u0219i Andrei Stan","author":"redactia","date":"24 februarie 2020","format":false,"excerpt":"S\u00e2mb\u0103t\u0103, pe 28 februarie, \u00een spa\u021biul alternativ Vine 21, suntem invita\u021bi la expozi\u021bia de colaje \"Mind Universe\". Lucr\u0103rile create de Cristiana Bucureci \u0219i Andrei Stan aduc \u00een discu\u021bie transformarea \u0219i exprimarea ideilor ce dep\u0103\u0219esc grani\u021bele pe care mintea le poate surprinde, d\u00e2nd na\u0219tere altor universuri posibile. Mind Universe \u00ee\u0219i propune\u2026","rel":"","context":"\u00cen \u201eAgenda culturala\u201d","block_context":{"text":"Agenda culturala","link":"https:\/\/revistacultura.ro\/agenda\/category\/agenda-cultura\/"},"img":{"alt_text":"","src":"https:\/\/i0.wp.com\/revistacultura.ro\/agenda\/wp-content\/uploads\/2020\/02\/86826087_2654998061236754_6596702740225720320_o.jpg?resize=350%2C200&ssl=1","width":350,"height":200,"srcset":"https:\/\/i0.wp.com\/revistacultura.ro\/agenda\/wp-content\/uploads\/2020\/02\/86826087_2654998061236754_6596702740225720320_o.jpg?resize=350%2C200&ssl=1 1x, https:\/\/i0.wp.com\/revistacultura.ro\/agenda\/wp-content\/uploads\/2020\/02\/86826087_2654998061236754_6596702740225720320_o.jpg?resize=525%2C300&ssl=1 1.5x, https:\/\/i0.wp.com\/revistacultura.ro\/agenda\/wp-content\/uploads\/2020\/02\/86826087_2654998061236754_6596702740225720320_o.jpg?resize=700%2C400&ssl=1 2x, https:\/\/i0.wp.com\/revistacultura.ro\/agenda\/wp-content\/uploads\/2020\/02\/86826087_2654998061236754_6596702740225720320_o.jpg?resize=1050%2C600&ssl=1 3x, https:\/\/i0.wp.com\/revistacultura.ro\/agenda\/wp-content\/uploads\/2020\/02\/86826087_2654998061236754_6596702740225720320_o.jpg?resize=1400%2C800&ssl=1 4x"},"classes":[]},{"id":21222,"url":"https:\/\/revistacultura.ro\/agenda\/2025\/03\/invitatie-idei-in-agora-alegeri-neterminate-cine-cum-si-de-ce-a-votat-pe-24-noiembrie-2024\/","url_meta":{"origin":18223,"position":4},"title":"INVITATIE &#8211; Idei \u00een Agora: \u201eAlegeri neterminate. Cine, cum \u0219i de ce a votat pe 24 noiembrie 2024\u201d","author":"Cultura","date":"8 martie 2025","format":false,"excerpt":"Muzeul Municipiului Bucure\u0219ti v\u0103 invit\u0103 la Idei \u00een Agora mar\u021bi, 11 martie 2025, ora 18.00, la Casa Filipescu-Cesianu (Calea Victoriei 151), cu tema \u201e Alegeri neterminate. Cine, cum \u0219i de ce a votat pe 24 noiembrie 2024\u201d. C\u0103t\u0103lin Augustin Stoica \u00een dialog cu Sorin Antohi. Intrarea este liber\u0103 \u00een limita\u2026","rel":"","context":"\u00cen \u201eRecomand\u0103ri\u201d","block_context":{"text":"Recomand\u0103ri","link":"https:\/\/revistacultura.ro\/agenda\/category\/recomandarile-cultura\/"},"img":{"alt_text":"","src":"https:\/\/i0.wp.com\/revistacultura.ro\/agenda\/wp-content\/uploads\/2025\/03\/Afis-Idei-in-Agora-11-martie-2025.webp?resize=350%2C200&ssl=1","width":350,"height":200,"srcset":"https:\/\/i0.wp.com\/revistacultura.ro\/agenda\/wp-content\/uploads\/2025\/03\/Afis-Idei-in-Agora-11-martie-2025.webp?resize=350%2C200&ssl=1 1x, https:\/\/i0.wp.com\/revistacultura.ro\/agenda\/wp-content\/uploads\/2025\/03\/Afis-Idei-in-Agora-11-martie-2025.webp?resize=525%2C300&ssl=1 1.5x, https:\/\/i0.wp.com\/revistacultura.ro\/agenda\/wp-content\/uploads\/2025\/03\/Afis-Idei-in-Agora-11-martie-2025.webp?resize=700%2C400&ssl=1 2x"},"classes":[]},{"id":20949,"url":"https:\/\/revistacultura.ro\/agenda\/2022\/12\/craiova-prima-editie-a-galei-comunitatii-culturale\/","url_meta":{"origin":18223,"position":5},"title":"Craiova: Prima edi\u021bie a Galei Comunit\u0103\u021bii Culturale","author":"Cultura","date":"14 decembrie 2022","format":false,"excerpt":"Na\u021bionalul craiovean ini\u021biaz\u0103 GALA COMUNIT\u0102\u021aII CULTURALE \u00cen ciuda pandemiei ce a supus la t\u0103cere \u00eentreaga lume, Na\u021bionalul craiovean a reu\u0219it s\u0103 construiasc\u0103 o multitudine de proiecte relevante pentru comunitatea local\u0103, pentru breasla teatral\u0103, pentru arti\u0219ti. Ultimii trei ani au pozi\u021bionat Teatrul Na\u021bional \u201eMarin Sorescu\u201d din Craiova drept ini\u021biator al unor\u2026","rel":"","context":"\u00cen \u201eAgenda culturala\u201d","block_context":{"text":"Agenda culturala","link":"https:\/\/revistacultura.ro\/agenda\/category\/agenda-cultura\/"},"img":{"alt_text":"","src":"https:\/\/i0.wp.com\/revistacultura.ro\/agenda\/wp-content\/uploads\/2022\/12\/Gala-comunitatii-culturale-Craiova-2022.webp?resize=350%2C200&ssl=1","width":350,"height":200,"srcset":"https:\/\/i0.wp.com\/revistacultura.ro\/agenda\/wp-content\/uploads\/2022\/12\/Gala-comunitatii-culturale-Craiova-2022.webp?resize=350%2C200&ssl=1 1x, https:\/\/i0.wp.com\/revistacultura.ro\/agenda\/wp-content\/uploads\/2022\/12\/Gala-comunitatii-culturale-Craiova-2022.webp?resize=525%2C300&ssl=1 1.5x, https:\/\/i0.wp.com\/revistacultura.ro\/agenda\/wp-content\/uploads\/2022\/12\/Gala-comunitatii-culturale-Craiova-2022.webp?resize=700%2C400&ssl=1 2x"},"classes":[]}],"jetpack_featured_media_url":"","_links":{"self":[{"href":"https:\/\/revistacultura.ro\/agenda\/wp-json\/wp\/v2\/posts\/18223","targetHints":{"allow":["GET"]}}],"collection":[{"href":"https:\/\/revistacultura.ro\/agenda\/wp-json\/wp\/v2\/posts"}],"about":[{"href":"https:\/\/revistacultura.ro\/agenda\/wp-json\/wp\/v2\/types\/post"}],"author":[{"embeddable":true,"href":"https:\/\/revistacultura.ro\/agenda\/wp-json\/wp\/v2\/users\/2"}],"replies":[{"embeddable":true,"href":"https:\/\/revistacultura.ro\/agenda\/wp-json\/wp\/v2\/comments?post=18223"}],"version-history":[{"count":0,"href":"https:\/\/revistacultura.ro\/agenda\/wp-json\/wp\/v2\/posts\/18223\/revisions"}],"wp:attachment":[{"href":"https:\/\/revistacultura.ro\/agenda\/wp-json\/wp\/v2\/media?parent=18223"}],"wp:term":[{"taxonomy":"category","embeddable":true,"href":"https:\/\/revistacultura.ro\/agenda\/wp-json\/wp\/v2\/categories?post=18223"},{"taxonomy":"post_tag","embeddable":true,"href":"https:\/\/revistacultura.ro\/agenda\/wp-json\/wp\/v2\/tags?post=18223"}],"curies":[{"name":"wp","href":"https:\/\/api.w.org\/{rel}","templated":true}]}}