{"id":18221,"date":"2014-03-20T12:54:11","date_gmt":"2014-03-20T10:54:11","guid":{"rendered":"http:\/\/revistacultura.ro\/nou\/?p=18221"},"modified":"2014-03-20T12:54:11","modified_gmt":"2014-03-20T10:54:11","slug":"nicolae-coande-persona","status":"publish","type":"post","link":"https:\/\/revistacultura.ro\/agenda\/2014\/03\/nicolae-coande-persona\/","title":{"rendered":"Nicolae Coande, Persona"},"content":{"rendered":"<p>Un fundal bine ales din volume anterioare pune \u00een lumin\u0103 un careu de inedite: poeme lungi, narative, de surs\u0103 autobiografic\u0103, \u00een care criticismul lui Coande, exersat sistematic asupra condi\u0163iei umane, balcanice \u015fi oltene\u0103ti, coboar\u0103 p\u00e2n\u0103 la B\u0103rba\u0163ii din literatura familiei noastre. Ezitarea tat\u0103lui \u00eentr-o \u00eemprejurare anume nu e cru\u0163at\u0103: \u201ecred c\u0103 mul\u0163i ta\u0163i ar fi vrut\/ atunci s\u0103 aib\u0103 pistol. Tat\u0103l meu a avut. (\u2026) Tat\u0103lui meu\/ i-ar fi trecut atunci prin cap s\u0103-i treac\u0103 prin cap\/ lui Ceau\u0103escu un glon\u0163\/ \u00eens\u0103 nu a avut curaj. M\u00e2na lui era mai lent\u0103 ca g\u00e2ndul \u2013\/ \u00een general m\u00e2na unui g\u00e2nditor trebuie s\u0103 fie prudent\u0103\u201c.<\/p>\n<p>&nbsp;<\/p>\n<blockquote><p><strong>Nicolae Coande, <em>Persona \u2013 antologie de versuri<\/em>, postfa\u0163\u0103 de Mircea A. Diaconu, Editura M\u0103iastra, T\u00e2rgu-Jiu, 2013<\/strong><\/p><\/blockquote>\n","protected":false},"excerpt":{"rendered":"<p>Un fundal bine ales din volume anterioare pune \u00een lumin\u0103 un careu de inedite: poeme lungi, narative, de surs\u0103 autobiografic\u0103, \u00een care criticismul lui Coande, exersat sistematic asupra condi\u0163iei umane, balcanice \u015fi oltene\u0103ti, coboar\u0103 p\u00e2n\u0103 la B\u0103rba\u0163ii din literatura familiei noastre. Ezitarea tat\u0103lui \u00eentr-o \u00eemprejurare anume nu e cru\u0163at\u0103: \u201ecred c\u0103 mul\u0163i ta\u0163i ar fi&hellip;&nbsp;<a href=\"https:\/\/revistacultura.ro\/agenda\/2014\/03\/nicolae-coande-persona\/\" rel=\"bookmark\">Cite\u0219te mai mult &raquo;<span class=\"screen-reader-text\">Nicolae Coande, Persona<\/span><\/a><\/p>\n","protected":false},"author":2,"featured_media":0,"comment_status":"open","ping_status":"open","sticky":false,"template":"","format":"standard","meta":{"neve_meta_sidebar":"","neve_meta_container":"","neve_meta_enable_content_width":"","neve_meta_content_width":0,"neve_meta_title_alignment":"","neve_meta_author_avatar":"","neve_post_elements_order":"","neve_meta_disable_header":"","neve_meta_disable_footer":"","neve_meta_disable_title":"","_jetpack_newsletter_access":"","_jetpack_dont_email_post_to_subs":false,"_jetpack_newsletter_tier_id":0,"_jetpack_memberships_contains_paywalled_content":false,"_jetpack_feature_clip_id":0,"_jetpack_memberships_contains_paid_content":false,"footnotes":"","jetpack_publicize_message":"","jetpack_publicize_feature_enabled":true,"jetpack_social_post_already_shared":true,"jetpack_social_options":{"image_generator_settings":{"template":"highway","default_image_id":0,"font":"","enabled":false},"version":2},"jetpack_post_was_ever_published":false},"categories":[22],"tags":[55,56],"class_list":["post-18221","post","type-post","status-publish","format-standard","hentry","category-recomandarile-cultura","tag-nicolae-coande","tag-persona-antologie-de-versuri"],"jetpack_publicize_connections":[],"jetpack_sharing_enabled":true,"jetpack-related-posts":[{"id":21876,"url":"https:\/\/revistacultura.ro\/agenda\/2026\/04\/dolj-festivalul-de-poezie-si-dramaturgie-patrel-berceanu\/","url_meta":{"origin":18221,"position":0},"title":"Dolj: Festivalul de Poezie \u0219i Dramaturgie \u201ePatrel Berceanu\u201d","author":"Cultura","date":"30 aprilie 2026","format":false,"excerpt":"5-8 mai 2026 Edi\u021bia a VII-a Craiova-B\u0103ile\u0219ti Cea de-a VII-a edi\u021bie a Festivalului de Poezie \u0219i Dramaturgie \u201ePatrel Berceanu\u201d va avea loc \u00een 5, respectiv 8 mai 2026, \u00een Craiova \u0219i B\u0103ile\u0219ti, ora\u0219ul de ba\u0219tin\u0103 al scriitorului. Organizatorii acestei edi\u021bii \u2013 Filiala Craiova a Uniunii Scriitorilor din Rom\u00e2nia, respectiv Consiliul\u2026","rel":"","context":"\u00cen \u201ecomunicate\u201d","block_context":{"text":"comunicate","link":"https:\/\/revistacultura.ro\/agenda\/category\/comunicate\/"},"img":{"alt_text":"","src":"https:\/\/i0.wp.com\/revistacultura.ro\/agenda\/wp-content\/uploads\/2026\/04\/afis_bailesti.webp?resize=350%2C200&ssl=1","width":350,"height":200,"srcset":"https:\/\/i0.wp.com\/revistacultura.ro\/agenda\/wp-content\/uploads\/2026\/04\/afis_bailesti.webp?resize=350%2C200&ssl=1 1x, https:\/\/i0.wp.com\/revistacultura.ro\/agenda\/wp-content\/uploads\/2026\/04\/afis_bailesti.webp?resize=525%2C300&ssl=1 1.5x, https:\/\/i0.wp.com\/revistacultura.ro\/agenda\/wp-content\/uploads\/2026\/04\/afis_bailesti.webp?resize=700%2C400&ssl=1 2x"},"classes":[]},{"id":21970,"url":"https:\/\/revistacultura.ro\/agenda\/2026\/05\/premiile-festivalului-de-poezie-si-dramaturgie-de-la-craiova\/","url_meta":{"origin":18221,"position":1},"title":"Premiile Festivalului de Poezie \u0219i Dramaturgie de la Craiova","author":"Cultura","date":"25 mai 2026","format":false,"excerpt":"Festivalul de Poezie \u0219i Dramaturgie \u201ePatrel Berceanu\u201d\u00a0- Craiova-B\u0103ile\u0219ti 5-8 mai 2026 Cea de-a VII-a edi\u021bie a Festivalului de Poezie \u0219i Dramaturgie \u201ePatrel Berceanu\u201d s-a desf\u0103\u0219urat pe 5 \u0219i 8 mai, la Craiova \u0219i B\u0103ile\u0219ti, locul de na\u0219tere al scriitorului. Organizatori, Filiala Craiova a Uniunii Scriitorilor din Rom\u00e2nia, respectiv, Prim\u0103ria \u0219i\u2026","rel":"","context":"\u00cen \u201ecomunicate\u201d","block_context":{"text":"comunicate","link":"https:\/\/revistacultura.ro\/agenda\/category\/comunicate\/"},"img":{"alt_text":"","src":"https:\/\/i0.wp.com\/revistacultura.ro\/agenda\/wp-content\/uploads\/2026\/05\/festival-craiova.webp?resize=350%2C200&ssl=1","width":350,"height":200,"srcset":"https:\/\/i0.wp.com\/revistacultura.ro\/agenda\/wp-content\/uploads\/2026\/05\/festival-craiova.webp?resize=350%2C200&ssl=1 1x, https:\/\/i0.wp.com\/revistacultura.ro\/agenda\/wp-content\/uploads\/2026\/05\/festival-craiova.webp?resize=525%2C300&ssl=1 1.5x, https:\/\/i0.wp.com\/revistacultura.ro\/agenda\/wp-content\/uploads\/2026\/05\/festival-craiova.webp?resize=700%2C400&ssl=1 2x"},"classes":[]},{"id":21506,"url":"https:\/\/revistacultura.ro\/agenda\/2025\/10\/panorama-teatrului-national-marin-sorescu-craiova-2000-2025\/","url_meta":{"origin":18221,"position":2},"title":"\u201ePanorama Teatrului Na\u021bional Marin Sorescu, Craiova\u201d 2000-2025","author":"Cultura","date":"27 octombrie 2025","format":false,"excerpt":"Dup\u0103 apari\u021bia \u00een anul 2020 a volumului \u201eOglinda timpului \u2013 o istorie contemporan\u0103 a TNC \u00een interviuri\u201d (autor, Nicolae Coande), a sosit momentul unei lucr\u0103ri de sintez\u0103 propus\u0103 de acela\u0219i autor: \u201ePanorama Teatrului Na\u021bional Marin Sorescu, Craiova\u201d 2000-2025, Editura Autograf MJM, 2025. Volumul reprezint\u0103 o sintez\u0103 a celor petrecute \u00een\u2026","rel":"","context":"\u00cen \u201eSemnal\u201d","block_context":{"text":"Semnal","link":"https:\/\/revistacultura.ro\/agenda\/category\/semnal\/"},"img":{"alt_text":"","src":"https:\/\/i0.wp.com\/revistacultura.ro\/agenda\/wp-content\/uploads\/2025\/10\/panorama_nicolae_coande.webp?resize=350%2C200&ssl=1","width":350,"height":200,"srcset":"https:\/\/i0.wp.com\/revistacultura.ro\/agenda\/wp-content\/uploads\/2025\/10\/panorama_nicolae_coande.webp?resize=350%2C200&ssl=1 1x, https:\/\/i0.wp.com\/revistacultura.ro\/agenda\/wp-content\/uploads\/2025\/10\/panorama_nicolae_coande.webp?resize=525%2C300&ssl=1 1.5x, https:\/\/i0.wp.com\/revistacultura.ro\/agenda\/wp-content\/uploads\/2025\/10\/panorama_nicolae_coande.webp?resize=700%2C400&ssl=1 2x"},"classes":[]},{"id":21361,"url":"https:\/\/revistacultura.ro\/agenda\/2025\/09\/finisaj-vara-si-fum-la-artoteca-bucuresti\/","url_meta":{"origin":18221,"position":3},"title":"Finisaj \u201eVar\u0103 \u0219i fum\u201d la Artoteca Bucure\u0219ti","author":"Cultura","date":"4 septembrie 2025","format":false,"excerpt":"La mijlocul lunii august, Galeria Artotecii Bibliotecii Metropolitane Bucure\u0219ti a g\u0103zduit vernisajul expozi\u021biei \u201eVar\u0103 \u0219i fum\u201d, semnat\u0103 de artista plastic\u0103 Cristina Bacicu Botez. Evenimentul, deschis publicului p\u00e2n\u0103 pe 5 septembrie 2025, face parte din programul \u201eSimezele bibliotecii\u201d, un proiect dedicat promov\u0103rii artei vizuale contemporane. N\u0103scut\u0103 la Cluj \u00een 1951 \u0219i\u2026","rel":"","context":"\u00cen \u201eRecomand\u0103ri\u201d","block_context":{"text":"Recomand\u0103ri","link":"https:\/\/revistacultura.ro\/agenda\/category\/recomandarile-cultura\/"},"img":{"alt_text":"","src":"https:\/\/i0.wp.com\/revistacultura.ro\/agenda\/wp-content\/uploads\/2025\/09\/expoA-artoteca.webp?resize=350%2C200&ssl=1","width":350,"height":200,"srcset":"https:\/\/i0.wp.com\/revistacultura.ro\/agenda\/wp-content\/uploads\/2025\/09\/expoA-artoteca.webp?resize=350%2C200&ssl=1 1x, https:\/\/i0.wp.com\/revistacultura.ro\/agenda\/wp-content\/uploads\/2025\/09\/expoA-artoteca.webp?resize=525%2C300&ssl=1 1.5x, https:\/\/i0.wp.com\/revistacultura.ro\/agenda\/wp-content\/uploads\/2025\/09\/expoA-artoteca.webp?resize=700%2C400&ssl=1 2x, https:\/\/i0.wp.com\/revistacultura.ro\/agenda\/wp-content\/uploads\/2025\/09\/expoA-artoteca.webp?resize=1050%2C600&ssl=1 3x, https:\/\/i0.wp.com\/revistacultura.ro\/agenda\/wp-content\/uploads\/2025\/09\/expoA-artoteca.webp?resize=1400%2C800&ssl=1 4x"},"classes":[]},{"id":21127,"url":"https:\/\/revistacultura.ro\/agenda\/2024\/05\/bookfest-lansarea-antologiei-bilingve-atins-de-inger\/","url_meta":{"origin":18221,"position":4},"title":"Bookfest: Lansarea antologiei bilingve \u201eAtins de \u00eenger\u201d","author":"Cultura","date":"27 mai 2024","format":false,"excerpt":"\u00centre lans\u0103rile ce vor avea loc la Bookfest este a\u0219teptat\u0103 \u0219i antologia bilingv\u0103, \u00een rom\u00e2n\u0103 \u0219i englez\u0103, \u201eAtins de \u00eenger\u201d. Volumul include autori la debut \u0219i autori care nu au mai publicat la Contemporary Literature Press. Selec\u021bia \u0219i traducerea textelor apar\u021bine Lidiei Vianu, cunoscut\u0103 pentru dedicarea sa fa\u021b\u0103 de promovarea\u2026","rel":"","context":"\u00cen \u201eAparitii editoriale\u201d","block_context":{"text":"Aparitii editoriale","link":"https:\/\/revistacultura.ro\/agenda\/category\/aparitii-editoriale\/"},"img":{"alt_text":"","src":"https:\/\/i0.wp.com\/revistacultura.ro\/agenda\/wp-content\/uploads\/2024\/05\/542_n.webp?resize=350%2C200&ssl=1","width":350,"height":200,"srcset":"https:\/\/i0.wp.com\/revistacultura.ro\/agenda\/wp-content\/uploads\/2024\/05\/542_n.webp?resize=350%2C200&ssl=1 1x, https:\/\/i0.wp.com\/revistacultura.ro\/agenda\/wp-content\/uploads\/2024\/05\/542_n.webp?resize=525%2C300&ssl=1 1.5x, https:\/\/i0.wp.com\/revistacultura.ro\/agenda\/wp-content\/uploads\/2024\/05\/542_n.webp?resize=700%2C400&ssl=1 2x, https:\/\/i0.wp.com\/revistacultura.ro\/agenda\/wp-content\/uploads\/2024\/05\/542_n.webp?resize=1050%2C600&ssl=1 3x, https:\/\/i0.wp.com\/revistacultura.ro\/agenda\/wp-content\/uploads\/2024\/05\/542_n.webp?resize=1400%2C800&ssl=1 4x"},"classes":[]},{"id":21846,"url":"https:\/\/revistacultura.ro\/agenda\/2026\/04\/vernisaj-auto-portret-de-nicolae-comanescu\/","url_meta":{"origin":18221,"position":5},"title":"Vernisaj \u201eAuto &#8211; Portret\u201d de Nicolae Com\u0103nescu","author":"Cultura","date":"16 aprilie 2026","format":false,"excerpt":"Vernisaj: S\u00e2mb\u0103t\u0103 18 Aprilie ora 18:00\u00a0 Calea Doroban\u021bi 39 Casa Maria Lahovary Durat\u01ce expozi\u021bie: 18 Aprilie 2026 - 25 Mai 2026 Curator: Charles Moore\u00a0 Asistent curator: Elena Est\u00a0 A \u00eenceput ca performance, s-a transformat \u00eentr-o arhiv\u0103, continu\u0103 cu o expozi\u021bie, \u00eencepem cu un vernisaj. Nu le-am spus portrete, nu era\u2026","rel":"","context":"\u00cen \u201eRecomand\u0103ri\u201d","block_context":{"text":"Recomand\u0103ri","link":"https:\/\/revistacultura.ro\/agenda\/category\/recomandarile-cultura\/"},"img":{"alt_text":"","src":"https:\/\/i0.wp.com\/revistacultura.ro\/agenda\/wp-content\/uploads\/2026\/04\/auto-portret-comanescu.webp?resize=350%2C200&ssl=1","width":350,"height":200,"srcset":"https:\/\/i0.wp.com\/revistacultura.ro\/agenda\/wp-content\/uploads\/2026\/04\/auto-portret-comanescu.webp?resize=350%2C200&ssl=1 1x, https:\/\/i0.wp.com\/revistacultura.ro\/agenda\/wp-content\/uploads\/2026\/04\/auto-portret-comanescu.webp?resize=525%2C300&ssl=1 1.5x, https:\/\/i0.wp.com\/revistacultura.ro\/agenda\/wp-content\/uploads\/2026\/04\/auto-portret-comanescu.webp?resize=700%2C400&ssl=1 2x"},"classes":[]}],"jetpack_featured_media_url":"","_links":{"self":[{"href":"https:\/\/revistacultura.ro\/agenda\/wp-json\/wp\/v2\/posts\/18221","targetHints":{"allow":["GET"]}}],"collection":[{"href":"https:\/\/revistacultura.ro\/agenda\/wp-json\/wp\/v2\/posts"}],"about":[{"href":"https:\/\/revistacultura.ro\/agenda\/wp-json\/wp\/v2\/types\/post"}],"author":[{"embeddable":true,"href":"https:\/\/revistacultura.ro\/agenda\/wp-json\/wp\/v2\/users\/2"}],"replies":[{"embeddable":true,"href":"https:\/\/revistacultura.ro\/agenda\/wp-json\/wp\/v2\/comments?post=18221"}],"version-history":[{"count":0,"href":"https:\/\/revistacultura.ro\/agenda\/wp-json\/wp\/v2\/posts\/18221\/revisions"}],"wp:attachment":[{"href":"https:\/\/revistacultura.ro\/agenda\/wp-json\/wp\/v2\/media?parent=18221"}],"wp:term":[{"taxonomy":"category","embeddable":true,"href":"https:\/\/revistacultura.ro\/agenda\/wp-json\/wp\/v2\/categories?post=18221"},{"taxonomy":"post_tag","embeddable":true,"href":"https:\/\/revistacultura.ro\/agenda\/wp-json\/wp\/v2\/tags?post=18221"}],"curies":[{"name":"wp","href":"https:\/\/api.w.org\/{rel}","templated":true}]}}